{"id":10256,"date":"2024-08-22T04:48:52","date_gmt":"2024-08-22T04:48:52","guid":{"rendered":"https:\/\/sindromecharge.es\/index.php\/2024\/08\/22\/cuerpo-escombro-no-hace-gracia\/"},"modified":"2024-08-22T04:48:52","modified_gmt":"2024-08-22T04:48:52","slug":"cuerpo-escombro-no-hace-gracia","status":"publish","type":"post","link":"https:\/\/sindromecharge.es\/index.php\/2024\/08\/22\/cuerpo-escombro-no-hace-gracia\/","title":{"rendered":"&#8216;Cuerpo escombro&#8217; no hace gracia"},"content":{"rendered":"<p>Leemos en Discapacidad la siguiente noticia que os reproducimos de forma \u00edntegra: <\/p>\n<div>\n<p>La pel\u00edcula \u00ab<i>Cuerpo Escombro<\/i>\u00bb ha generado una considerable controversia en el \u00e1mbito de la <a href=\"https:\/\/www.20minutos.es\/minuteca\/discapacidad\/\" title=\"Discapacidad\" target=\"_blank\" rel=\"noopener\">discapacidad<\/a>, y no sin raz\u00f3n. Si bien se presenta como una obra que pretende reflejar la lucha y las dificultades de las personas con discapacidad, el resultado final <b>dista mucho de ser un aporte significativo a la inclusi\u00f3n social<\/b>. En su lugar, la pel\u00edcula corre el riesgo de perpetuar estereotipos da\u00f1inos y banalizar una causa por la que miles de personas luchan diariamente.<\/p>\n<p>Desde el inicio, el t\u00edtulo mismo de la pel\u00edcula, \u00abCuerpo Escombro\u00bb, despierta inquietudes y<b> a m\u00ed particularmente rechazo<\/b>. Utilizar un t\u00e9rmino tan peyorativo para referirse a una persona con discapacidad ya es problem\u00e1tico, pero m\u00e1s alarmante es el subtexto que sugiere: la <b>equiparaci\u00f3n de una persona con discapacidad a un objeto desechable<\/b>. Este tipo de lenguaje no solo es ofensivo, sino que tambi\u00e9n contribuye a deshumanizar a un colectivo que ya enfrenta m\u00faltiples barreras en su vida cotidiana. La modificaci\u00f3n constitucional reciente del art\u00edculo 49 de la palabra &#8216;disminuido&#8217; por &#8216;persona con discapacidad&#8217; es un ejemplo de la importancia vital del cambio en el lenguaje utilizado hacia el colectivo de la discapacidad.<\/p>\n<h1>La pel\u00edcula corre el riesgo de perpetuar estereotipos da\u00f1inos y banalizar una causa por la que miles de personas luchan diariamente<\/h1>\n<p>El argumento central de la pel\u00edcula, que gira en torno a un hombre que finge tener una discapacidad para conseguir un empleo en Espa\u00f1a, plantea una premisa extremadamente peligrosa.<b> Tener una discapacidad no es ninguna ventaja<\/b> a la hora de encontrar empleo, al rev\u00e9s, muchas personas lo ocultan por miedo al rechazo, al estigma y a la marginaci\u00f3n. <b>Solamente 1 de cada 4 personas con discapacidad trabajan en Espa\u00f1a<\/b>, la brecha con las personas sin discapacidad es de 40 puntos porcentuales. As\u00ed, estos datos nos muestran que no es un &#8216;chollo&#8217; tener discapacidad para conseguir un trabajo.<\/p>\n<p>Este enfoque refuerza la<b> percepci\u00f3n err\u00f3nea de que las personas con discapacidad son sujetos pasivos<\/b> que, en lugar de luchar por un lugar justo en la sociedad, buscan aprovecharse de su situaci\u00f3n para obtener ventajas. Este tipo de narrativa perpet\u00faa mitos da\u00f1inos y minimiza las aut\u00e9nticas luchas por la inclusi\u00f3n y el reconocimiento de derechos.<\/p>\n<p>El cine tiene el poder de moldear percepciones y crear conciencia. Los actores son personas p\u00fablicas y referentes para gran parte de la Sociedad y usar durante una hora y 30 minutos un lenguaje inadecuado, <b>supone un retroceso en la educaci\u00f3n socia<\/b>l que llevamos trabajando desde las entidades sociales.<\/p>\n<p>Sin embargo, \u00abCuerpo Escombro\u00bb falla estrepitosamente en esta tarea. En lugar de ofrecer una representaci\u00f3n honesta y emp\u00e1tica de las personas con discapacidad, la pel\u00edcula opta por un <b>enfoque sensacionalista<\/b> que trivializa los desaf\u00edos reales que enfrentan. No solo se olvida de dar voz a las personas con discapacidad, sino que tambi\u00e9n refuerza estigmas que la sociedad lleva d\u00e9cadas tratando de erradicar.<\/p>\n<p>Es necesario preguntarse: \u00bfqu\u00e9 contribuci\u00f3n real hace esta pel\u00edcula a la <b>visibilizaci\u00f3n de los problemas<\/b> que afectan a las personas con <a href=\"https:\/\/www.20minutos.es\/minuteca\/discapacidad\/\" title=\"Discapacidad\" target=\"_blank\" rel=\"noopener\">discapacidad<\/a>? La respuesta, lamentablemente, es que \u00abCuerpo Escombro\u00bb no aporta nada positivo. Lejos de ser un veh\u00edculo para el cambio o la reflexi\u00f3n, se convierte en un obst\u00e1culo m\u00e1s en el camino hacia una sociedad verdaderamente inclusiva.<\/p>\n<h1>La pel\u00edcula opta por un enfoque sensacionalista que trivializa los desaf\u00edos reales que enfrentan las personas con discapacidad<\/h1>\n<p>Porque<b> la <a href=\"https:\/\/www.20minutos.es\/minuteca\/inclusion\/\" title=\"Inclusi\u00f3n\" target=\"_blank\" rel=\"noopener\">inclusi\u00f3n<\/a> no es un eslogan vac\u00edo<\/b> ni una excusa argumental; es un derecho que debe ser defendido y promovido con rigor y compromiso.<\/p>\n<p>\u00abCuerpo Escombro\u00bb no solo falla en su intento de representar a las personas con discapacidad, sino que, al hacerlo<b> de manera superficial y estereotipada<\/b>, contribuye a un retroceso en la lucha por la inclusi\u00f3n. Este tipo de cine no ayuda a las personas con discapacidad, sino que <b>refuerza las barreras que dificultan su plena integraci\u00f3n en la sociedad<\/b>. Es urgente que los creadores de contenido tomen conciencia de su responsabilidad y se esfuercen por ofrecer representaciones que reflejen la realidad con respeto y dignidad.<\/p>\n<p><b>&#8216;Cuerpo Escombro&#8217; no hace gracia.<\/b><\/p>\n<\/div>\n<p>Fuente: Discapacidad https:\/\/www.20minutos.es\/noticia\/5598095\/0\/cuerpo-escombro-no-hace-gracia\/<\/p>\n","protected":false},"excerpt":{"rendered":"<p>La pel\u00edcula \u00abCuerpo Escombro\u00bb ha generado una considerable controversia en el \u00e1mbito de la discapacidad, y no sin raz\u00f3n. Si bien se presenta como una obra&#8230;<\/p>\n","protected":false},"author":1,"featured_media":0,"comment_status":"closed","ping_status":"closed","sticky":false,"template":"","format":"standard","meta":{"footnotes":""},"categories":[8],"tags":[],"class_list":["post-10256","post","type-post","status-publish","format-standard","hentry","category-noticias"],"yoast_head":"<!-- This site is optimized with the Yoast SEO plugin v27.5 - https:\/\/yoast.com\/product\/yoast-seo-wordpress\/ -->\n<title>&#039;Cuerpo escombro&#039; no hace gracia - Asociaci\u00f3n Espa\u00f1ola S\u00edndrome de Charge<\/title>\n<meta name=\"robots\" content=\"index, follow, max-snippet:-1, max-image-preview:large, max-video-preview:-1\" \/>\n<link rel=\"canonical\" href=\"https:\/\/sindromecharge.es\/index.php\/2024\/08\/22\/cuerpo-escombro-no-hace-gracia\/\" \/>\n<meta property=\"og:locale\" content=\"es_ES\" \/>\n<meta property=\"og:type\" content=\"article\" \/>\n<meta property=\"og:title\" content=\"&#039;Cuerpo escombro&#039; no hace gracia - Asociaci\u00f3n Espa\u00f1ola S\u00edndrome de Charge\" \/>\n<meta property=\"og:description\" content=\"La pel\u00edcula \u00abCuerpo Escombro\u00bb ha generado una considerable controversia en el \u00e1mbito de la discapacidad, y no sin raz\u00f3n. Si bien se presenta como una obra&#8230;\" \/>\n<meta property=\"og:url\" content=\"https:\/\/sindromecharge.es\/index.php\/2024\/08\/22\/cuerpo-escombro-no-hace-gracia\/\" \/>\n<meta property=\"og:site_name\" content=\"Asociaci\u00f3n Espa\u00f1ola S\u00edndrome de Charge\" \/>\n<meta property=\"article:publisher\" content=\"https:\/\/www.facebook.com\/asociacionsindromecharge\" \/>\n<meta property=\"article:published_time\" content=\"2024-08-22T04:48:52+00:00\" \/>\n<meta property=\"og:image\" content=\"https:\/\/sindromecharge.es\/wp-content\/uploads\/2013\/09\/logodecharge300x98.png\" \/>\n\t<meta property=\"og:image:width\" content=\"300\" \/>\n\t<meta property=\"og:image:height\" content=\"98\" \/>\n\t<meta property=\"og:image:type\" content=\"image\/png\" \/>\n<meta name=\"author\" content=\"Charge\" \/>\n<meta name=\"twitter:card\" content=\"summary_large_image\" \/>\n<meta name=\"twitter:creator\" content=\"@sindromecharge\" \/>\n<meta name=\"twitter:site\" content=\"@sindromecharge\" \/>\n<meta name=\"twitter:label1\" content=\"Escrito por\" \/>\n\t<meta name=\"twitter:data1\" content=\"Charge\" \/>\n\t<meta name=\"twitter:label2\" content=\"Tiempo de lectura\" \/>\n\t<meta name=\"twitter:data2\" content=\"4 minutos\" \/>\n<script type=\"application\/ld+json\" class=\"yoast-schema-graph\">{\"@context\":\"https:\\\/\\\/schema.org\",\"@graph\":[{\"@type\":\"Article\",\"@id\":\"https:\\\/\\\/sindromecharge.es\\\/index.php\\\/2024\\\/08\\\/22\\\/cuerpo-escombro-no-hace-gracia\\\/#article\",\"isPartOf\":{\"@id\":\"https:\\\/\\\/sindromecharge.es\\\/index.php\\\/2024\\\/08\\\/22\\\/cuerpo-escombro-no-hace-gracia\\\/\"},\"author\":{\"name\":\"Charge\",\"@id\":\"https:\\\/\\\/sindromecharge.es\\\/#\\\/schema\\\/person\\\/39a60ebe0a2b4d5a11179701e336b039\"},\"headline\":\"&#8216;Cuerpo escombro&#8217; no hace gracia\",\"datePublished\":\"2024-08-22T04:48:52+00:00\",\"mainEntityOfPage\":{\"@id\":\"https:\\\/\\\/sindromecharge.es\\\/index.php\\\/2024\\\/08\\\/22\\\/cuerpo-escombro-no-hace-gracia\\\/\"},\"wordCount\":733,\"articleSection\":[\"noticias\"],\"inLanguage\":\"es\"},{\"@type\":\"WebPage\",\"@id\":\"https:\\\/\\\/sindromecharge.es\\\/index.php\\\/2024\\\/08\\\/22\\\/cuerpo-escombro-no-hace-gracia\\\/\",\"url\":\"https:\\\/\\\/sindromecharge.es\\\/index.php\\\/2024\\\/08\\\/22\\\/cuerpo-escombro-no-hace-gracia\\\/\",\"name\":\"'Cuerpo escombro' no hace gracia - Asociaci\u00f3n Espa\u00f1ola S\u00edndrome de Charge\",\"isPartOf\":{\"@id\":\"https:\\\/\\\/sindromecharge.es\\\/#website\"},\"datePublished\":\"2024-08-22T04:48:52+00:00\",\"author\":{\"@id\":\"https:\\\/\\\/sindromecharge.es\\\/#\\\/schema\\\/person\\\/39a60ebe0a2b4d5a11179701e336b039\"},\"breadcrumb\":{\"@id\":\"https:\\\/\\\/sindromecharge.es\\\/index.php\\\/2024\\\/08\\\/22\\\/cuerpo-escombro-no-hace-gracia\\\/#breadcrumb\"},\"inLanguage\":\"es\",\"potentialAction\":[{\"@type\":\"ReadAction\",\"target\":[\"https:\\\/\\\/sindromecharge.es\\\/index.php\\\/2024\\\/08\\\/22\\\/cuerpo-escombro-no-hace-gracia\\\/\"]}]},{\"@type\":\"BreadcrumbList\",\"@id\":\"https:\\\/\\\/sindromecharge.es\\\/index.php\\\/2024\\\/08\\\/22\\\/cuerpo-escombro-no-hace-gracia\\\/#breadcrumb\",\"itemListElement\":[{\"@type\":\"ListItem\",\"position\":1,\"name\":\"Portada\",\"item\":\"https:\\\/\\\/sindromecharge.es\\\/\"},{\"@type\":\"ListItem\",\"position\":2,\"name\":\"&#8216;Cuerpo escombro&#8217; no hace gracia\"}]},{\"@type\":\"WebSite\",\"@id\":\"https:\\\/\\\/sindromecharge.es\\\/#website\",\"url\":\"https:\\\/\\\/sindromecharge.es\\\/\",\"name\":\"Asociaci\u00f3n Espa\u00f1ola S\u00edndrome de Charge\",\"description\":\"\",\"potentialAction\":[{\"@type\":\"SearchAction\",\"target\":{\"@type\":\"EntryPoint\",\"urlTemplate\":\"https:\\\/\\\/sindromecharge.es\\\/?s={search_term_string}\"},\"query-input\":{\"@type\":\"PropertyValueSpecification\",\"valueRequired\":true,\"valueName\":\"search_term_string\"}}],\"inLanguage\":\"es\"},{\"@type\":\"Person\",\"@id\":\"https:\\\/\\\/sindromecharge.es\\\/#\\\/schema\\\/person\\\/39a60ebe0a2b4d5a11179701e336b039\",\"name\":\"Charge\",\"image\":{\"@type\":\"ImageObject\",\"inLanguage\":\"es\",\"@id\":\"https:\\\/\\\/secure.gravatar.com\\\/avatar\\\/c3b46e32a0fc3b093a0873fb767bf3293de856293065e84ef06b7ec7a8acfb98?s=96&d=identicon&r=x\",\"url\":\"https:\\\/\\\/secure.gravatar.com\\\/avatar\\\/c3b46e32a0fc3b093a0873fb767bf3293de856293065e84ef06b7ec7a8acfb98?s=96&d=identicon&r=x\",\"contentUrl\":\"https:\\\/\\\/secure.gravatar.com\\\/avatar\\\/c3b46e32a0fc3b093a0873fb767bf3293de856293065e84ef06b7ec7a8acfb98?s=96&d=identicon&r=x\",\"caption\":\"Charge\"},\"url\":\"https:\\\/\\\/sindromecharge.es\\\/index.php\\\/author\\\/admin\\\/\"}]}<\/script>\n<!-- \/ Yoast SEO plugin. -->","yoast_head_json":{"title":"'Cuerpo escombro' no hace gracia - Asociaci\u00f3n Espa\u00f1ola S\u00edndrome de Charge","robots":{"index":"index","follow":"follow","max-snippet":"max-snippet:-1","max-image-preview":"max-image-preview:large","max-video-preview":"max-video-preview:-1"},"canonical":"https:\/\/sindromecharge.es\/index.php\/2024\/08\/22\/cuerpo-escombro-no-hace-gracia\/","og_locale":"es_ES","og_type":"article","og_title":"'Cuerpo escombro' no hace gracia - Asociaci\u00f3n Espa\u00f1ola S\u00edndrome de Charge","og_description":"La pel\u00edcula \u00abCuerpo Escombro\u00bb ha generado una considerable controversia en el \u00e1mbito de la discapacidad, y no sin raz\u00f3n. Si bien se presenta como una obra&#8230;","og_url":"https:\/\/sindromecharge.es\/index.php\/2024\/08\/22\/cuerpo-escombro-no-hace-gracia\/","og_site_name":"Asociaci\u00f3n Espa\u00f1ola S\u00edndrome de Charge","article_publisher":"https:\/\/www.facebook.com\/asociacionsindromecharge","article_published_time":"2024-08-22T04:48:52+00:00","og_image":[{"width":300,"height":98,"url":"https:\/\/sindromecharge.es\/wp-content\/uploads\/2013\/09\/logodecharge300x98.png","type":"image\/png"}],"author":"Charge","twitter_card":"summary_large_image","twitter_creator":"@sindromecharge","twitter_site":"@sindromecharge","twitter_misc":{"Escrito por":"Charge","Tiempo de lectura":"4 minutos"},"schema":{"@context":"https:\/\/schema.org","@graph":[{"@type":"Article","@id":"https:\/\/sindromecharge.es\/index.php\/2024\/08\/22\/cuerpo-escombro-no-hace-gracia\/#article","isPartOf":{"@id":"https:\/\/sindromecharge.es\/index.php\/2024\/08\/22\/cuerpo-escombro-no-hace-gracia\/"},"author":{"name":"Charge","@id":"https:\/\/sindromecharge.es\/#\/schema\/person\/39a60ebe0a2b4d5a11179701e336b039"},"headline":"&#8216;Cuerpo escombro&#8217; no hace gracia","datePublished":"2024-08-22T04:48:52+00:00","mainEntityOfPage":{"@id":"https:\/\/sindromecharge.es\/index.php\/2024\/08\/22\/cuerpo-escombro-no-hace-gracia\/"},"wordCount":733,"articleSection":["noticias"],"inLanguage":"es"},{"@type":"WebPage","@id":"https:\/\/sindromecharge.es\/index.php\/2024\/08\/22\/cuerpo-escombro-no-hace-gracia\/","url":"https:\/\/sindromecharge.es\/index.php\/2024\/08\/22\/cuerpo-escombro-no-hace-gracia\/","name":"'Cuerpo escombro' no hace gracia - Asociaci\u00f3n Espa\u00f1ola S\u00edndrome de Charge","isPartOf":{"@id":"https:\/\/sindromecharge.es\/#website"},"datePublished":"2024-08-22T04:48:52+00:00","author":{"@id":"https:\/\/sindromecharge.es\/#\/schema\/person\/39a60ebe0a2b4d5a11179701e336b039"},"breadcrumb":{"@id":"https:\/\/sindromecharge.es\/index.php\/2024\/08\/22\/cuerpo-escombro-no-hace-gracia\/#breadcrumb"},"inLanguage":"es","potentialAction":[{"@type":"ReadAction","target":["https:\/\/sindromecharge.es\/index.php\/2024\/08\/22\/cuerpo-escombro-no-hace-gracia\/"]}]},{"@type":"BreadcrumbList","@id":"https:\/\/sindromecharge.es\/index.php\/2024\/08\/22\/cuerpo-escombro-no-hace-gracia\/#breadcrumb","itemListElement":[{"@type":"ListItem","position":1,"name":"Portada","item":"https:\/\/sindromecharge.es\/"},{"@type":"ListItem","position":2,"name":"&#8216;Cuerpo escombro&#8217; no hace gracia"}]},{"@type":"WebSite","@id":"https:\/\/sindromecharge.es\/#website","url":"https:\/\/sindromecharge.es\/","name":"Asociaci\u00f3n Espa\u00f1ola S\u00edndrome de Charge","description":"","potentialAction":[{"@type":"SearchAction","target":{"@type":"EntryPoint","urlTemplate":"https:\/\/sindromecharge.es\/?s={search_term_string}"},"query-input":{"@type":"PropertyValueSpecification","valueRequired":true,"valueName":"search_term_string"}}],"inLanguage":"es"},{"@type":"Person","@id":"https:\/\/sindromecharge.es\/#\/schema\/person\/39a60ebe0a2b4d5a11179701e336b039","name":"Charge","image":{"@type":"ImageObject","inLanguage":"es","@id":"https:\/\/secure.gravatar.com\/avatar\/c3b46e32a0fc3b093a0873fb767bf3293de856293065e84ef06b7ec7a8acfb98?s=96&d=identicon&r=x","url":"https:\/\/secure.gravatar.com\/avatar\/c3b46e32a0fc3b093a0873fb767bf3293de856293065e84ef06b7ec7a8acfb98?s=96&d=identicon&r=x","contentUrl":"https:\/\/secure.gravatar.com\/avatar\/c3b46e32a0fc3b093a0873fb767bf3293de856293065e84ef06b7ec7a8acfb98?s=96&d=identicon&r=x","caption":"Charge"},"url":"https:\/\/sindromecharge.es\/index.php\/author\/admin\/"}]}},"_links":{"self":[{"href":"https:\/\/sindromecharge.es\/index.php\/wp-json\/wp\/v2\/posts\/10256","targetHints":{"allow":["GET"]}}],"collection":[{"href":"https:\/\/sindromecharge.es\/index.php\/wp-json\/wp\/v2\/posts"}],"about":[{"href":"https:\/\/sindromecharge.es\/index.php\/wp-json\/wp\/v2\/types\/post"}],"author":[{"embeddable":true,"href":"https:\/\/sindromecharge.es\/index.php\/wp-json\/wp\/v2\/users\/1"}],"replies":[{"embeddable":true,"href":"https:\/\/sindromecharge.es\/index.php\/wp-json\/wp\/v2\/comments?post=10256"}],"version-history":[{"count":0,"href":"https:\/\/sindromecharge.es\/index.php\/wp-json\/wp\/v2\/posts\/10256\/revisions"}],"wp:attachment":[{"href":"https:\/\/sindromecharge.es\/index.php\/wp-json\/wp\/v2\/media?parent=10256"}],"wp:term":[{"taxonomy":"category","embeddable":true,"href":"https:\/\/sindromecharge.es\/index.php\/wp-json\/wp\/v2\/categories?post=10256"},{"taxonomy":"post_tag","embeddable":true,"href":"https:\/\/sindromecharge.es\/index.php\/wp-json\/wp\/v2\/tags?post=10256"}],"curies":[{"name":"wp","href":"https:\/\/api.w.org\/{rel}","templated":true}]}}