{"id":10255,"date":"2024-08-21T06:47:39","date_gmt":"2024-08-21T06:47:39","guid":{"rendered":"https:\/\/sindromecharge.es\/index.php\/2024\/08\/21\/salud-mental-espana-rechaza-las-informaciones-estigmatizantes-sensacionalistas-crimen-mocejon\/"},"modified":"2024-08-21T06:47:39","modified_gmt":"2024-08-21T06:47:39","slug":"salud-mental-espana-rechaza-las-informaciones-estigmatizantes-sensacionalistas-crimen-mocejon","status":"publish","type":"post","link":"https:\/\/sindromecharge.es\/index.php\/2024\/08\/21\/salud-mental-espana-rechaza-las-informaciones-estigmatizantes-sensacionalistas-crimen-mocejon\/","title":{"rendered":"El Gobierno, Salud Mental Espa\u00f1a y Plena inclusi\u00f3n piden no vincular trastorno mental o discapacidad intelectual con violencia"},"content":{"rendered":"<p>Leemos en Discapacidad la siguiente noticia que os reproducimos de forma \u00edntegra: <\/p>\n<div>\n<p>La<b> Confederaci\u00f3n Salud Mental Espa\u00f1a <\/b>rechaz\u00f3 ayer, en declaraciones a Servimedia, \u00ablas informaciones estigmatizantes y sensacionalistas\u00bb sobre el crimen del ni\u00f1o de once a\u00f1os en Mocej\u00f3n, a cuya familia mostr\u00f3 sus condolencias y su acompa\u00f1amiento en el dolor.<\/p>\n<p>\u00abLos medios de comunicaci\u00f3n tienen la capacidad de reforzar prejuicios y estereotipos, pero, de la misma manera,<b> pueden contribuir a eliminarlos<\/b>. El <b>estigma y autoestigma<\/b> que estos contenidos producen en la sociedad y personas diagnosticadas con estos problemas de salud producen un da\u00f1o dif\u00edcilmente reparable\u00bb, declar\u00f3 un portavoz.<\/p>\n<p>La entidad pidi\u00f3 \u00ab<b>cautela y respeto\u00bb al proceso de investigaci\u00f3n<\/b> y a la privacidad para respetar \u00abla ley de protecci\u00f3n de datos,<b> sin que se difundan datos personales, imagen y diagn\u00f3stico<\/b> de la <a href=\"https:\/\/www.20minutos.es\/salud\/minuteca\/salud-mental\/\" title=\"Salud mental\" target=\"_blank\" rel=\"noopener\">salud mental <\/a>de la personas\u00bb.<\/p>\n<p>Por \u00faltimo, la Confederaci\u00f3n Salud Mental Espa\u00f1a <b>reivindic\u00f3 la implementaci\u00f3n de un modelo de atenci\u00f3n comunitaria<\/b> que cubra las necesidades reales de las personas y est\u00e9 centrado en ellas, ya que \u00abuna de cada cuatro personas, seg\u00fan la Organizaci\u00f3n Mundial de la Salud (<a href=\"https:\/\/www.20minutos.es\/minuteca\/oms\/\" title=\"OMS\" target=\"_blank\" rel=\"noopener\">OMS<\/a>), tiene o tendr\u00e1 un problema de salud mental a lo largo de su vida\u00bb.<\/p>\n<p>La comisionada de Salud Mental del Ministerio de Sanidad, Bel\u00e9n Gonz\u00e1lez, pidi\u00f3 \u00ab<b>no vincular violencia con trastorno mental<\/b>, <a href=\"https:\/\/www.20minutos.es\/minuteca\/discapacidad\/\" title=\"Discapacidad\" target=\"_blank\" rel=\"noopener\">discapacidad<\/a> o cualquier trastorno perif\u00e9rico\u00bb tras el crimen de Mocej\u00f3n (Toledo) cometido presuntamente por un joven de 20 a\u00f1os.<\/p>\n<p>\u00abEl trastorno mental reproduce un <b>estigma de relaci\u00f3n entre violencia y diagn\u00f3stico<\/b> de cualquier problema de salud mental que provoca una falsa creencia muy arraigada en la sociedad, contra la que tenemos que luchar, que impide que estas personas puedan integrarse de forma plena\u00bb, afirm\u00f3 Gonz\u00e1lez en una entrevista a Servimedia.<\/p>\n<p>Para Gonz\u00e1lez, ese estigma social desencadena \u00ab<b>rechazo ante ellos y propio<\/b>\u00ab, pues \u00abquienes tienen problemas de salud mental piensan que pueden tener problemas m\u00e1s fuertes que el resto\u00bb y, adem\u00e1s, \u00abreciben un entorno m\u00e1s violento\u00bb que la media de la poblaci\u00f3n.<\/p>\n<p>\u00abLos problemas de salud mental no hacen que las personas sean m\u00e1s violentas\u00bb, continu\u00f3, aunque matiz\u00f3 que \u00abpueden cometer actos\u00bb como ocurre con el conjunto de la poblaci\u00f3n.<\/p>\n<h1>Los problemas de salud mental no hacen que las personas sean m\u00e1s violentas<\/h1>\n<p>Seg\u00fan la comisionada las personas con estos problemas tienen un mayor <b>sufrimiento por \u00absentirse excluidas<\/b> y por las consecuencias de las <b>violencias contra ellos<\/b>\u00ab.<\/p>\n<p>No obstante, remarc\u00f3 que \u00ablas personas con trastorno de salud mental grave<b> deber\u00edan estar atendidas<\/b>\u00bb y que existe un mecanismo que hace que tengan un mayor respaldo que el conjunto de la poblaci\u00f3n, pues \u00abel Sistema Sanitario prioriza a las personas con un problema m\u00e1s grave de salud mental\u00bb.<\/p>\n<p>Pero lament\u00f3 que \u00abel <b>desbordamiento de la red de salud mental <\/b>conlleva que algunos casos tambi\u00e9n con trastorno grave tengan una atenci\u00f3n que no es \u00f3ptima. Es ah\u00ed donde tenemos que mejorar. Son las que m\u00e1s lo necesitan y menos lo reclaman por su estado de vulnerabilidad, como estamos viendo ahora de estigma\u00bb.<\/p>\n<p>Seg\u00fan, Gonz\u00e1lez ha observado que la sociedad tiene un<b> \u00abdesconocimiento por capas\u00bb de los problemas de salud mental.<\/b> Expuso que aunque los ciudadanos empiezan a \u00abnombrar\u00bb m\u00e1s cuestiones como la ansiedad y depresi\u00f3n que \u00abidentifican y reconocen en s\u00ed mismos o en los dem\u00e1s\u00bb, en <b>trastornos como la esquizofrenia, bipolar, de la conducta o alimentarios \u00abrecae un mayor estigma <\/b>y son los m\u00e1s discriminados en todos estos sucesos, y sobre ellos cae la mayor violencia\u00bb.<\/p>\n<p>Por ello, la responsable del Comisionado pidi\u00f3 a los medios de comunicaci\u00f3n que hagan pedagog\u00eda contra el estigma en casos como el de Mocej\u00f3n: <b>\u00abNo colocando en el centro de este problema\u00bb la salud mental<\/b>, \u00ab<b>no identificando a la persona con su diagn\u00f3stico<\/b>\u00bb o subrayando que \u00abun trastorno mental grave no implica una actitud violenta ni una conducta peligrosa\u00bb. \u00abEs una oportunidad para hacerlo bien o hacerlo mal\u00bb, insisti\u00f3.<\/p>\n<p>Asimismo, la comisionada se refiri\u00f3 a la situaci\u00f3n de <b>las personas con problemas de salud mental que acaban en prisi\u00f3n<\/b>. \u00abNo es un lugar de recuperaci\u00f3n. Tendr\u00edamos que tener mejores sistemas que no pasen por la retenci\u00f3n de esas personas\u00bb, por lo que pidi\u00f3 poner \u00abel foco en la recuperaci\u00f3n y vincularse a otras personas\u00bb. \u00abLa intervenci\u00f3n sobre personas que tiene problemas no deber\u00eda ser en reclusi\u00f3n\u00bb, concluy\u00f3.<\/p>\n<p>Tambi\u00e9n ha querido pronunciarse sobre este asunto la<b> Plena Inclusi\u00f3n Espa\u00f1a<\/b>, el movimiento asociativo que lucha en Espa\u00f1a por los derechos de las personas con <a href=\"https:\/\/www.20minutos.es\/minuteca\/discapacidad-intelectual\/\" title=\"Discapacidad intelectual\">discapacidad intelectual<\/a> y del desarrollo. <\/p>\n<h1>En ning\u00fan caso, la discapacidad intelectual debe vincularse a comportamientos violentos o criminales<\/h1>\n<p>Desde esta organizaci\u00f3n, ante a las informaciones que se est\u00e1n publicando en medios y en redes sociales vinculando la <a href=\"https:\/\/www.20minutos.es\/minuteca\/discapacidad-intelectual\/\" title=\"Discapacidad intelectual\" target=\"_blank\" rel=\"noopener\">discapacidad intelectual<\/a> con el asesinato de Mocej\u00f3n, adem\u00e1s de enviar sus \u00abm\u00e1s sinceras condolencias a la familia, vecinos y amigos de Mateo\u00bb, quieren recordar que, en ning\u00fan caso, la discapacidad intelectual, como \u00abuna condici\u00f3n propia de la diversidad humana, debe <b>vincularse a comportamientos  violentos o criminales<\/b>\u00ab. <\/p>\n<p>Tambi\u00e9n recuerdan que <b>la discapacidad intelectual no es una enfermedad<\/b> y que enfermedad mental y discapacidad intelectual, que a menudo suelen confundirse, &#8216;son cosas diferentes&#8217;. <\/p>\n<\/div>\n<p>Fuente: Discapacidad https:\/\/www.20minutos.es\/noticia\/5598034\/0\/salud-mental-espana-rechaza-las-informaciones-estigmatizantes-sensacionalistas-crimen-mocejon\/<\/p>\n","protected":false},"excerpt":{"rendered":"<p>Rechazan \u00ablas informaciones estigmatizantes y sensacionalistas\u00bb respecto al crimen de Mocej\u00f3n.<\/p>\n","protected":false},"author":1,"featured_media":0,"comment_status":"closed","ping_status":"closed","sticky":false,"template":"","format":"standard","meta":{"footnotes":""},"categories":[8],"tags":[],"class_list":["post-10255","post","type-post","status-publish","format-standard","hentry","category-noticias"],"yoast_head":"<!-- This site is optimized with the Yoast SEO plugin v27.5 - https:\/\/yoast.com\/product\/yoast-seo-wordpress\/ -->\n<title>El Gobierno, Salud Mental Espa\u00f1a y Plena inclusi\u00f3n piden no vincular trastorno mental o discapacidad intelectual con violencia - Asociaci\u00f3n Espa\u00f1ola S\u00edndrome de Charge<\/title>\n<meta name=\"robots\" content=\"index, follow, max-snippet:-1, max-image-preview:large, max-video-preview:-1\" \/>\n<link rel=\"canonical\" href=\"https:\/\/sindromecharge.es\/index.php\/2024\/08\/21\/salud-mental-espana-rechaza-las-informaciones-estigmatizantes-sensacionalistas-crimen-mocejon\/\" \/>\n<meta property=\"og:locale\" content=\"es_ES\" \/>\n<meta property=\"og:type\" content=\"article\" \/>\n<meta property=\"og:title\" content=\"El Gobierno, Salud Mental Espa\u00f1a y Plena inclusi\u00f3n piden no vincular trastorno mental o discapacidad intelectual con violencia - Asociaci\u00f3n Espa\u00f1ola S\u00edndrome de Charge\" \/>\n<meta property=\"og:description\" content=\"Rechazan \u00ablas informaciones estigmatizantes y sensacionalistas\u00bb respecto al crimen de Mocej\u00f3n.\" \/>\n<meta property=\"og:url\" content=\"https:\/\/sindromecharge.es\/index.php\/2024\/08\/21\/salud-mental-espana-rechaza-las-informaciones-estigmatizantes-sensacionalistas-crimen-mocejon\/\" \/>\n<meta property=\"og:site_name\" content=\"Asociaci\u00f3n Espa\u00f1ola S\u00edndrome de Charge\" \/>\n<meta property=\"article:publisher\" content=\"https:\/\/www.facebook.com\/asociacionsindromecharge\" \/>\n<meta property=\"article:published_time\" content=\"2024-08-21T06:47:39+00:00\" \/>\n<meta property=\"og:image\" content=\"https:\/\/sindromecharge.es\/wp-content\/uploads\/2013\/09\/logodecharge300x98.png\" \/>\n\t<meta property=\"og:image:width\" content=\"300\" \/>\n\t<meta property=\"og:image:height\" content=\"98\" \/>\n\t<meta property=\"og:image:type\" content=\"image\/png\" \/>\n<meta name=\"author\" content=\"Charge\" \/>\n<meta name=\"twitter:card\" content=\"summary_large_image\" \/>\n<meta name=\"twitter:creator\" content=\"@sindromecharge\" \/>\n<meta name=\"twitter:site\" content=\"@sindromecharge\" \/>\n<meta name=\"twitter:label1\" content=\"Escrito por\" \/>\n\t<meta name=\"twitter:data1\" content=\"Charge\" \/>\n\t<meta name=\"twitter:label2\" content=\"Tiempo de lectura\" \/>\n\t<meta name=\"twitter:data2\" content=\"5 minutos\" \/>\n<script type=\"application\/ld+json\" class=\"yoast-schema-graph\">{\"@context\":\"https:\\\/\\\/schema.org\",\"@graph\":[{\"@type\":\"Article\",\"@id\":\"https:\\\/\\\/sindromecharge.es\\\/index.php\\\/2024\\\/08\\\/21\\\/salud-mental-espana-rechaza-las-informaciones-estigmatizantes-sensacionalistas-crimen-mocejon\\\/#article\",\"isPartOf\":{\"@id\":\"https:\\\/\\\/sindromecharge.es\\\/index.php\\\/2024\\\/08\\\/21\\\/salud-mental-espana-rechaza-las-informaciones-estigmatizantes-sensacionalistas-crimen-mocejon\\\/\"},\"author\":{\"name\":\"Charge\",\"@id\":\"https:\\\/\\\/sindromecharge.es\\\/#\\\/schema\\\/person\\\/39a60ebe0a2b4d5a11179701e336b039\"},\"headline\":\"El Gobierno, Salud Mental Espa\u00f1a y Plena inclusi\u00f3n piden no vincular trastorno mental o discapacidad intelectual con violencia\",\"datePublished\":\"2024-08-21T06:47:39+00:00\",\"mainEntityOfPage\":{\"@id\":\"https:\\\/\\\/sindromecharge.es\\\/index.php\\\/2024\\\/08\\\/21\\\/salud-mental-espana-rechaza-las-informaciones-estigmatizantes-sensacionalistas-crimen-mocejon\\\/\"},\"wordCount\":935,\"articleSection\":[\"noticias\"],\"inLanguage\":\"es\"},{\"@type\":\"WebPage\",\"@id\":\"https:\\\/\\\/sindromecharge.es\\\/index.php\\\/2024\\\/08\\\/21\\\/salud-mental-espana-rechaza-las-informaciones-estigmatizantes-sensacionalistas-crimen-mocejon\\\/\",\"url\":\"https:\\\/\\\/sindromecharge.es\\\/index.php\\\/2024\\\/08\\\/21\\\/salud-mental-espana-rechaza-las-informaciones-estigmatizantes-sensacionalistas-crimen-mocejon\\\/\",\"name\":\"El Gobierno, Salud Mental Espa\u00f1a y Plena inclusi\u00f3n piden no vincular trastorno mental o discapacidad intelectual con violencia - Asociaci\u00f3n Espa\u00f1ola S\u00edndrome de Charge\",\"isPartOf\":{\"@id\":\"https:\\\/\\\/sindromecharge.es\\\/#website\"},\"datePublished\":\"2024-08-21T06:47:39+00:00\",\"author\":{\"@id\":\"https:\\\/\\\/sindromecharge.es\\\/#\\\/schema\\\/person\\\/39a60ebe0a2b4d5a11179701e336b039\"},\"breadcrumb\":{\"@id\":\"https:\\\/\\\/sindromecharge.es\\\/index.php\\\/2024\\\/08\\\/21\\\/salud-mental-espana-rechaza-las-informaciones-estigmatizantes-sensacionalistas-crimen-mocejon\\\/#breadcrumb\"},\"inLanguage\":\"es\",\"potentialAction\":[{\"@type\":\"ReadAction\",\"target\":[\"https:\\\/\\\/sindromecharge.es\\\/index.php\\\/2024\\\/08\\\/21\\\/salud-mental-espana-rechaza-las-informaciones-estigmatizantes-sensacionalistas-crimen-mocejon\\\/\"]}]},{\"@type\":\"BreadcrumbList\",\"@id\":\"https:\\\/\\\/sindromecharge.es\\\/index.php\\\/2024\\\/08\\\/21\\\/salud-mental-espana-rechaza-las-informaciones-estigmatizantes-sensacionalistas-crimen-mocejon\\\/#breadcrumb\",\"itemListElement\":[{\"@type\":\"ListItem\",\"position\":1,\"name\":\"Portada\",\"item\":\"https:\\\/\\\/sindromecharge.es\\\/\"},{\"@type\":\"ListItem\",\"position\":2,\"name\":\"El Gobierno, Salud Mental Espa\u00f1a y Plena inclusi\u00f3n piden no vincular trastorno mental o discapacidad intelectual con violencia\"}]},{\"@type\":\"WebSite\",\"@id\":\"https:\\\/\\\/sindromecharge.es\\\/#website\",\"url\":\"https:\\\/\\\/sindromecharge.es\\\/\",\"name\":\"Asociaci\u00f3n Espa\u00f1ola S\u00edndrome de Charge\",\"description\":\"\",\"potentialAction\":[{\"@type\":\"SearchAction\",\"target\":{\"@type\":\"EntryPoint\",\"urlTemplate\":\"https:\\\/\\\/sindromecharge.es\\\/?s={search_term_string}\"},\"query-input\":{\"@type\":\"PropertyValueSpecification\",\"valueRequired\":true,\"valueName\":\"search_term_string\"}}],\"inLanguage\":\"es\"},{\"@type\":\"Person\",\"@id\":\"https:\\\/\\\/sindromecharge.es\\\/#\\\/schema\\\/person\\\/39a60ebe0a2b4d5a11179701e336b039\",\"name\":\"Charge\",\"image\":{\"@type\":\"ImageObject\",\"inLanguage\":\"es\",\"@id\":\"https:\\\/\\\/secure.gravatar.com\\\/avatar\\\/c3b46e32a0fc3b093a0873fb767bf3293de856293065e84ef06b7ec7a8acfb98?s=96&d=identicon&r=x\",\"url\":\"https:\\\/\\\/secure.gravatar.com\\\/avatar\\\/c3b46e32a0fc3b093a0873fb767bf3293de856293065e84ef06b7ec7a8acfb98?s=96&d=identicon&r=x\",\"contentUrl\":\"https:\\\/\\\/secure.gravatar.com\\\/avatar\\\/c3b46e32a0fc3b093a0873fb767bf3293de856293065e84ef06b7ec7a8acfb98?s=96&d=identicon&r=x\",\"caption\":\"Charge\"},\"url\":\"https:\\\/\\\/sindromecharge.es\\\/index.php\\\/author\\\/admin\\\/\"}]}<\/script>\n<!-- \/ Yoast SEO plugin. -->","yoast_head_json":{"title":"El Gobierno, Salud Mental Espa\u00f1a y Plena inclusi\u00f3n piden no vincular trastorno mental o discapacidad intelectual con violencia - Asociaci\u00f3n Espa\u00f1ola S\u00edndrome de Charge","robots":{"index":"index","follow":"follow","max-snippet":"max-snippet:-1","max-image-preview":"max-image-preview:large","max-video-preview":"max-video-preview:-1"},"canonical":"https:\/\/sindromecharge.es\/index.php\/2024\/08\/21\/salud-mental-espana-rechaza-las-informaciones-estigmatizantes-sensacionalistas-crimen-mocejon\/","og_locale":"es_ES","og_type":"article","og_title":"El Gobierno, Salud Mental Espa\u00f1a y Plena inclusi\u00f3n piden no vincular trastorno mental o discapacidad intelectual con violencia - Asociaci\u00f3n Espa\u00f1ola S\u00edndrome de Charge","og_description":"Rechazan \u00ablas informaciones estigmatizantes y sensacionalistas\u00bb respecto al crimen de Mocej\u00f3n.","og_url":"https:\/\/sindromecharge.es\/index.php\/2024\/08\/21\/salud-mental-espana-rechaza-las-informaciones-estigmatizantes-sensacionalistas-crimen-mocejon\/","og_site_name":"Asociaci\u00f3n Espa\u00f1ola S\u00edndrome de Charge","article_publisher":"https:\/\/www.facebook.com\/asociacionsindromecharge","article_published_time":"2024-08-21T06:47:39+00:00","og_image":[{"width":300,"height":98,"url":"https:\/\/sindromecharge.es\/wp-content\/uploads\/2013\/09\/logodecharge300x98.png","type":"image\/png"}],"author":"Charge","twitter_card":"summary_large_image","twitter_creator":"@sindromecharge","twitter_site":"@sindromecharge","twitter_misc":{"Escrito por":"Charge","Tiempo de lectura":"5 minutos"},"schema":{"@context":"https:\/\/schema.org","@graph":[{"@type":"Article","@id":"https:\/\/sindromecharge.es\/index.php\/2024\/08\/21\/salud-mental-espana-rechaza-las-informaciones-estigmatizantes-sensacionalistas-crimen-mocejon\/#article","isPartOf":{"@id":"https:\/\/sindromecharge.es\/index.php\/2024\/08\/21\/salud-mental-espana-rechaza-las-informaciones-estigmatizantes-sensacionalistas-crimen-mocejon\/"},"author":{"name":"Charge","@id":"https:\/\/sindromecharge.es\/#\/schema\/person\/39a60ebe0a2b4d5a11179701e336b039"},"headline":"El Gobierno, Salud Mental Espa\u00f1a y Plena inclusi\u00f3n piden no vincular trastorno mental o discapacidad intelectual con violencia","datePublished":"2024-08-21T06:47:39+00:00","mainEntityOfPage":{"@id":"https:\/\/sindromecharge.es\/index.php\/2024\/08\/21\/salud-mental-espana-rechaza-las-informaciones-estigmatizantes-sensacionalistas-crimen-mocejon\/"},"wordCount":935,"articleSection":["noticias"],"inLanguage":"es"},{"@type":"WebPage","@id":"https:\/\/sindromecharge.es\/index.php\/2024\/08\/21\/salud-mental-espana-rechaza-las-informaciones-estigmatizantes-sensacionalistas-crimen-mocejon\/","url":"https:\/\/sindromecharge.es\/index.php\/2024\/08\/21\/salud-mental-espana-rechaza-las-informaciones-estigmatizantes-sensacionalistas-crimen-mocejon\/","name":"El Gobierno, Salud Mental Espa\u00f1a y Plena inclusi\u00f3n piden no vincular trastorno mental o discapacidad intelectual con violencia - Asociaci\u00f3n Espa\u00f1ola S\u00edndrome de Charge","isPartOf":{"@id":"https:\/\/sindromecharge.es\/#website"},"datePublished":"2024-08-21T06:47:39+00:00","author":{"@id":"https:\/\/sindromecharge.es\/#\/schema\/person\/39a60ebe0a2b4d5a11179701e336b039"},"breadcrumb":{"@id":"https:\/\/sindromecharge.es\/index.php\/2024\/08\/21\/salud-mental-espana-rechaza-las-informaciones-estigmatizantes-sensacionalistas-crimen-mocejon\/#breadcrumb"},"inLanguage":"es","potentialAction":[{"@type":"ReadAction","target":["https:\/\/sindromecharge.es\/index.php\/2024\/08\/21\/salud-mental-espana-rechaza-las-informaciones-estigmatizantes-sensacionalistas-crimen-mocejon\/"]}]},{"@type":"BreadcrumbList","@id":"https:\/\/sindromecharge.es\/index.php\/2024\/08\/21\/salud-mental-espana-rechaza-las-informaciones-estigmatizantes-sensacionalistas-crimen-mocejon\/#breadcrumb","itemListElement":[{"@type":"ListItem","position":1,"name":"Portada","item":"https:\/\/sindromecharge.es\/"},{"@type":"ListItem","position":2,"name":"El Gobierno, Salud Mental Espa\u00f1a y Plena inclusi\u00f3n piden no vincular trastorno mental o discapacidad intelectual con violencia"}]},{"@type":"WebSite","@id":"https:\/\/sindromecharge.es\/#website","url":"https:\/\/sindromecharge.es\/","name":"Asociaci\u00f3n Espa\u00f1ola S\u00edndrome de Charge","description":"","potentialAction":[{"@type":"SearchAction","target":{"@type":"EntryPoint","urlTemplate":"https:\/\/sindromecharge.es\/?s={search_term_string}"},"query-input":{"@type":"PropertyValueSpecification","valueRequired":true,"valueName":"search_term_string"}}],"inLanguage":"es"},{"@type":"Person","@id":"https:\/\/sindromecharge.es\/#\/schema\/person\/39a60ebe0a2b4d5a11179701e336b039","name":"Charge","image":{"@type":"ImageObject","inLanguage":"es","@id":"https:\/\/secure.gravatar.com\/avatar\/c3b46e32a0fc3b093a0873fb767bf3293de856293065e84ef06b7ec7a8acfb98?s=96&d=identicon&r=x","url":"https:\/\/secure.gravatar.com\/avatar\/c3b46e32a0fc3b093a0873fb767bf3293de856293065e84ef06b7ec7a8acfb98?s=96&d=identicon&r=x","contentUrl":"https:\/\/secure.gravatar.com\/avatar\/c3b46e32a0fc3b093a0873fb767bf3293de856293065e84ef06b7ec7a8acfb98?s=96&d=identicon&r=x","caption":"Charge"},"url":"https:\/\/sindromecharge.es\/index.php\/author\/admin\/"}]}},"_links":{"self":[{"href":"https:\/\/sindromecharge.es\/index.php\/wp-json\/wp\/v2\/posts\/10255","targetHints":{"allow":["GET"]}}],"collection":[{"href":"https:\/\/sindromecharge.es\/index.php\/wp-json\/wp\/v2\/posts"}],"about":[{"href":"https:\/\/sindromecharge.es\/index.php\/wp-json\/wp\/v2\/types\/post"}],"author":[{"embeddable":true,"href":"https:\/\/sindromecharge.es\/index.php\/wp-json\/wp\/v2\/users\/1"}],"replies":[{"embeddable":true,"href":"https:\/\/sindromecharge.es\/index.php\/wp-json\/wp\/v2\/comments?post=10255"}],"version-history":[{"count":0,"href":"https:\/\/sindromecharge.es\/index.php\/wp-json\/wp\/v2\/posts\/10255\/revisions"}],"wp:attachment":[{"href":"https:\/\/sindromecharge.es\/index.php\/wp-json\/wp\/v2\/media?parent=10255"}],"wp:term":[{"taxonomy":"category","embeddable":true,"href":"https:\/\/sindromecharge.es\/index.php\/wp-json\/wp\/v2\/categories?post=10255"},{"taxonomy":"post_tag","embeddable":true,"href":"https:\/\/sindromecharge.es\/index.php\/wp-json\/wp\/v2\/tags?post=10255"}],"curies":[{"name":"wp","href":"https:\/\/api.w.org\/{rel}","templated":true}]}}