{"id":10254,"date":"2024-08-21T05:44:56","date_gmt":"2024-08-21T05:44:56","guid":{"rendered":"https:\/\/sindromecharge.es\/index.php\/2024\/08\/21\/jose-pedro-gonzalez-con-discapacidad-visual-los-viajes-yo-percibo-entorno-ambiente-ruido-olor\/"},"modified":"2024-08-21T05:44:56","modified_gmt":"2024-08-21T05:44:56","slug":"jose-pedro-gonzalez-con-discapacidad-visual-los-viajes-yo-percibo-entorno-ambiente-ruido-olor","status":"publish","type":"post","link":"https:\/\/sindromecharge.es\/index.php\/2024\/08\/21\/jose-pedro-gonzalez-con-discapacidad-visual-los-viajes-yo-percibo-entorno-ambiente-ruido-olor\/","title":{"rendered":"Jos\u00e9 Pedro Gonz\u00e1lez, con discapacidad visual: \u00abEn los viajes percibo el ambiente, el ruido, el olor\u2026\u00bb"},"content":{"rendered":"<p>Leemos en Discapacidad la siguiente noticia que os reproducimos de forma \u00edntegra: <\/p>\n<div>\n<p>A <b>Jos\u00e9 Pedro Gonz\u00e1lez <\/b>y a su mujer les encanta viajar, algo que hacen desde hace a\u00f1os, y su ceguera ni les ha impedido hacerlo ni disfrutarlo. De hecho, cuando charlamos con \u00e9l estaban de vacaciones en Cantabria y poco tiempo antes hab\u00edan estado en Praga y en Viena, \u00abmi caso es como el de muchos ciegos, no es ning\u00fan caso especial, porque yo tengo una mujer que ve y a los dos nos gusta viajar. As\u00ed que yo, estando con ella<b>, no suelo tener problemas<\/b>, pero siempre hay que organizar cosas, o cosas que tenemos que hacer de otra manera\u00bb, cuenta Jos\u00e9 Pedro.<\/p>\n<p>Evidentemente, hay cosas para las que necesita ayuda, por eso su mujer es la encargada de conducir y le hace de gu\u00eda, \u00ab<b>la mayor\u00eda de las personas ciegas viajan con familiares y personas que ven<\/b>. Aunque sean ciegos y vivan solos, les gusta viajar con amigos porque a poca gente le gusta viajar sola, pero no tiene por qu\u00e9 ser siempre as\u00ed\u00bb, asegura, \u00abhay muchas personas ciegas que viajan con otros amigos con <b>discapacidad visual<\/b> o incluso algunos que lo hacen solos. Depende de muchas cosas, claro, de su car\u00e1cter y sus circunstancias personales o incluso de si tienen un resto visual, que puede ser muy aprovechable\u00bb, explica Jos\u00e9 Pedro.<\/p>\n<p>En general, \u00e9l considera que <b>una persona ciega no necesita grandes adaptaciones para viajar<\/b>, especialmente si viaja acompa\u00f1ada, pero reconoce que hay cosas que pueden parecer simples, pero que a \u00e9l, personalmente, le ayudan mucho, \u00abse trata de que unas vacaciones o un viaje no se conviertan en una carrera de obst\u00e1culos. En el hotel, para empezar y si vamos solos, <b>nos tienen que acompa\u00f1ar a la habitaci\u00f3n<\/b>, no basta con que te digan que est\u00e1 en la tercera planta a la izquierda. Despu\u00e9s, algunas habitaciones tienen el n\u00famero en relieve, pero muchas no\u2026 Lo que hago yo, una vez que s\u00e9 cu\u00e1l es mi habitaci\u00f3n, <b>pongo alguna marquita<\/b>, como una goma de pelo, para asegurarme, la pr\u00f3xima vez que entre, de que esa es mi habitaci\u00f3n\u00bb.<\/p>\n<p>Otra odisea, seg\u00fan cuenta, es<b> saber c\u00f3mo tienes que meter la tarjeta para abrir la habitaci\u00f3n<\/b>, \u00abalgunas tienen una \u2018muesquita\u2019 o tienen en braille en n\u00famero de habitaci\u00f3n, y t\u00fa ya sabes por d\u00f3nde es, pero si no, tienes que buscarte la vida\u00bb, se queja.<\/p>\n<p>Tambi\u00e9n considera que es imprescindible que, la primera vez, <b>te acompa\u00f1en dentro de la habitaci\u00f3n y te expliquen <\/b>cosas en las que te puedes confundir, como \u00abel bote de jab\u00f3n con la crema hidratante. Es cierto, que nosotros, una vez dentro de la habitaci\u00f3n, la exploramos, pero hay cosas que nos las tienen que decir primero\u00bb.<\/p>\n<h1>Una vez dentro de la habitaci\u00f3n, nosotros la exploramos, pero hay cosas que nos las tienen que decir primero<\/h1>\n<p><b>En el bufet, es lo mismo, \u00abtiene que acompa\u00f1arte alguien<\/b> de la sala para saber qu\u00e9 hay, no vas a ir metiendo el dedo en la comida para ver qu\u00e9 es\u00bb, dice riendo.<\/p>\n<p>Para moverte por la ciudad, \u00e9l recomienda moverse en taxi, aunque reconoce que tambi\u00e9n es \u00ablo m\u00e1s caro\u00bb, y si quieres apuntarte a una excursi\u00f3n o visita, que sea guiada e \u00abir siempre del brazo de alguien\u00bb. <\/p>\n<p>En la <a href=\"https:\/\/www.20minutos.es\/minuteca\/once\/\" title=\"ONCE\" target=\"_blank\" rel=\"noopener\">ONCE<\/a>, cuenta, \u00ab<b>organizan viajes para grupos de personas ciegas<\/b> en los que ellos ponen los gu\u00edas necesarios\u00bb, y cada vez hay m\u00e1s agencias que ofrecen estos servicios, \u00aborganizan salidas para peque\u00f1os grupos de personas ciegas y te ponen a alguien que te eche una mano, te lleva, te trae, te hace el check-in\u2026 pero eso <b>hay que pagarlo<\/b>. Es otra opci\u00f3n, y muy buena, porque cualquier chorrada para una persona ciega en una ciudad desconocida puede <b>convertirse en una barrera que te impida disfrutar<\/b>, que se supone que tiene que ser el objetivo de un viaje o de unas vacaciones\u00bb, advierte.<\/p>\n<h2>Disfrutar de nuevos olores, ambientes, texturas\u2026<\/h2>\n<p>Aunque cada vez hay menos gente que se lo pregunta, todav\u00eda hay personas que piensan que, por ser ciego, no puedes disfrutar del turismo y para Jos\u00e9 Pedro, que es un gran amante de los viajes, no puede ser una percepci\u00f3n m\u00e1s err\u00f3nea, \u00abahora, por ejemplo, acabamos de venir de Praga y Viena y me han encantado las dos. <b>En una ciudad o lugar nuevo percibes el ambiente, el ruido de la ciudad, el olor\u2026 <\/b>Son entornos muy distintos a lo que hay en mi d\u00eda a d\u00eda, escuchas idiomas distintos\u2026 porque no todas las calles suenan igual, ni en tu ciudad ni en cualquier otra que visites de vacaciones. Y el resto de cosas, te las cuentan las personas con las que viajas, como nos ocurre con otras muchas cosas, no hay que hacer un drama por eso. Como cuando haces una visita guiada, y otras las cosas que te cuentan en tu d\u00eda a d\u00eda, pues te las crees. Yo me f\u00edo, no me queda otra\u00bb, dice riendo.<\/p>\n<p>Jos\u00e9 Pedro asegura, adem\u00e1s, que la <a href=\"https:\/\/www.20minutos.es\/minuteca\/accesibilidad\/\" title=\"Accesibilidad\" target=\"_blank\" rel=\"noopener\">accesibilidad<\/a> ha mejorado mucho en los \u00faltimos a\u00f1os, y eso hace que las personas con <a href=\"https:\/\/www.20minutos.es\/minuteca\/discapacidad\/\" title=\"Discapacidad\" target=\"_blank\" rel=\"noopener\">discapacidad<\/a> en general y con discapacidad visual en particular,  puedan disfrutar m\u00e1s de los viajes, \u00abaunque, como todo, depende de d\u00f3nde est\u00e9s,<b> hay mucha m\u00e1s sensibilidad que hace unos a\u00f1os, se ha avanzado mucho<\/b>. Ahora ya hay una serie de servicios institucionalizados que ayudan mucho, porque para nosotros estaciones y aeropuertos, sobre todo, son entornos muy hostiles, y m\u00e1s ahora, que todo lo cuentan en las pantallas y casi nada en voz\u00bb.<\/p>\n<h1>Para las personas ciegas, las estaciones y aeropuertos son entornos muy hostiles, y m\u00e1s ahora, que todo lo cuentan en las pantallas y casi nada en voz<\/h1>\n<p>Aun as\u00ed, reconoce que es consciente de que no todo se puede adaptar, \u00aby yo lo entiendo, as\u00ed que tambi\u00e9n<b> tenemos que ser nosotros los que nos adaptemos a los entornos<\/b> a los que llegamos. Por supuesto, tenemos que pedir que haya<b> una serie de servicios<\/b>, pero nosotros tambi\u00e9n tenemos que esforzarnos y<b> decir, con naturalidad, lo que necesitamos <\/b>y c\u00f3mo queremos que te traten\u00bb. <\/p>\n<p>Cosas que s\u00ed le gustar\u00eda encontrarse siempre a la hora de viajar, por todo lo que les facilitan, son, por ejemplo, \u00abque en los sitios existan personas que te puedan atender y ense\u00f1ar, que est\u00e9n preparadas para atenderte, acompa\u00f1arte a la habitaci\u00f3n, ense\u00f1arte un poco las cosas\u2026 poder <b>tener una persona de referencia a la que acudir<\/b> y que sepa c\u00f3mo te tiene que tratar\u00bb. <\/p>\n<p>\u00c9l, por su parte, seguir\u00e1 viajando siempre que pueda, \u00abeste verano, ya no tenemos m\u00e1s presupuesto, pero <b>siempre tenemos alg\u00fan viaje en la cabeza<\/b>, porque a los dos nos encanta, y a m\u00ed mujer no le importa conducir, que tambi\u00e9n es importante\u00bb. <\/p>\n<\/div>\n<p>Fuente: Discapacidad https:\/\/www.20minutos.es\/noticia\/5535223\/0\/jose-pedro-gonzalez-con-discapacidad-visual-los-viajes-yo-percibo-entorno-ambiente-ruido-olor\/<\/p>\n","protected":false},"excerpt":{"rendered":"<p>A Jos\u00e9 Pedro Gonz\u00e1lez, como a muchas personas ciegas, le encanta viajar, y lo hace a menudo junto a su mujer.<\/p>\n","protected":false},"author":1,"featured_media":0,"comment_status":"closed","ping_status":"closed","sticky":false,"template":"","format":"standard","meta":{"footnotes":""},"categories":[8],"tags":[],"class_list":["post-10254","post","type-post","status-publish","format-standard","hentry","category-noticias"],"yoast_head":"<!-- This site is optimized with the Yoast SEO plugin v27.5 - https:\/\/yoast.com\/product\/yoast-seo-wordpress\/ -->\n<title>Jos\u00e9 Pedro Gonz\u00e1lez, con discapacidad visual: &quot;En los viajes percibo el ambiente, el ruido, el olor\u2026&quot; - Asociaci\u00f3n Espa\u00f1ola S\u00edndrome de Charge<\/title>\n<meta name=\"robots\" content=\"index, follow, max-snippet:-1, max-image-preview:large, max-video-preview:-1\" \/>\n<link rel=\"canonical\" href=\"https:\/\/sindromecharge.es\/index.php\/2024\/08\/21\/jose-pedro-gonzalez-con-discapacidad-visual-los-viajes-yo-percibo-entorno-ambiente-ruido-olor\/\" \/>\n<meta property=\"og:locale\" content=\"es_ES\" \/>\n<meta property=\"og:type\" content=\"article\" \/>\n<meta property=\"og:title\" content=\"Jos\u00e9 Pedro Gonz\u00e1lez, con discapacidad visual: &quot;En los viajes percibo el ambiente, el ruido, el olor\u2026&quot; - Asociaci\u00f3n Espa\u00f1ola S\u00edndrome de Charge\" \/>\n<meta property=\"og:description\" content=\"A Jos\u00e9 Pedro Gonz\u00e1lez, como a muchas personas ciegas, le encanta viajar, y lo hace a menudo junto a su mujer.\" \/>\n<meta property=\"og:url\" content=\"https:\/\/sindromecharge.es\/index.php\/2024\/08\/21\/jose-pedro-gonzalez-con-discapacidad-visual-los-viajes-yo-percibo-entorno-ambiente-ruido-olor\/\" \/>\n<meta property=\"og:site_name\" content=\"Asociaci\u00f3n Espa\u00f1ola S\u00edndrome de Charge\" \/>\n<meta property=\"article:publisher\" content=\"https:\/\/www.facebook.com\/asociacionsindromecharge\" \/>\n<meta property=\"article:published_time\" content=\"2024-08-21T05:44:56+00:00\" \/>\n<meta property=\"og:image\" content=\"https:\/\/sindromecharge.es\/wp-content\/uploads\/2013\/09\/logodecharge300x98.png\" \/>\n\t<meta property=\"og:image:width\" content=\"300\" \/>\n\t<meta property=\"og:image:height\" content=\"98\" \/>\n\t<meta property=\"og:image:type\" content=\"image\/png\" \/>\n<meta name=\"author\" content=\"Charge\" \/>\n<meta name=\"twitter:card\" content=\"summary_large_image\" \/>\n<meta name=\"twitter:creator\" content=\"@sindromecharge\" \/>\n<meta name=\"twitter:site\" content=\"@sindromecharge\" \/>\n<meta name=\"twitter:label1\" content=\"Escrito por\" \/>\n\t<meta name=\"twitter:data1\" content=\"Charge\" \/>\n\t<meta name=\"twitter:label2\" content=\"Tiempo de lectura\" \/>\n\t<meta name=\"twitter:data2\" content=\"6 minutos\" \/>\n<script type=\"application\/ld+json\" class=\"yoast-schema-graph\">{\"@context\":\"https:\\\/\\\/schema.org\",\"@graph\":[{\"@type\":\"Article\",\"@id\":\"https:\\\/\\\/sindromecharge.es\\\/index.php\\\/2024\\\/08\\\/21\\\/jose-pedro-gonzalez-con-discapacidad-visual-los-viajes-yo-percibo-entorno-ambiente-ruido-olor\\\/#article\",\"isPartOf\":{\"@id\":\"https:\\\/\\\/sindromecharge.es\\\/index.php\\\/2024\\\/08\\\/21\\\/jose-pedro-gonzalez-con-discapacidad-visual-los-viajes-yo-percibo-entorno-ambiente-ruido-olor\\\/\"},\"author\":{\"name\":\"Charge\",\"@id\":\"https:\\\/\\\/sindromecharge.es\\\/#\\\/schema\\\/person\\\/39a60ebe0a2b4d5a11179701e336b039\"},\"headline\":\"Jos\u00e9 Pedro Gonz\u00e1lez, con discapacidad visual: \u00abEn los viajes percibo el ambiente, el ruido, el olor\u2026\u00bb\",\"datePublished\":\"2024-08-21T05:44:56+00:00\",\"mainEntityOfPage\":{\"@id\":\"https:\\\/\\\/sindromecharge.es\\\/index.php\\\/2024\\\/08\\\/21\\\/jose-pedro-gonzalez-con-discapacidad-visual-los-viajes-yo-percibo-entorno-ambiente-ruido-olor\\\/\"},\"wordCount\":1207,\"articleSection\":[\"noticias\"],\"inLanguage\":\"es\"},{\"@type\":\"WebPage\",\"@id\":\"https:\\\/\\\/sindromecharge.es\\\/index.php\\\/2024\\\/08\\\/21\\\/jose-pedro-gonzalez-con-discapacidad-visual-los-viajes-yo-percibo-entorno-ambiente-ruido-olor\\\/\",\"url\":\"https:\\\/\\\/sindromecharge.es\\\/index.php\\\/2024\\\/08\\\/21\\\/jose-pedro-gonzalez-con-discapacidad-visual-los-viajes-yo-percibo-entorno-ambiente-ruido-olor\\\/\",\"name\":\"Jos\u00e9 Pedro Gonz\u00e1lez, con discapacidad visual: \\\"En los viajes percibo el ambiente, el ruido, el olor\u2026\\\" - Asociaci\u00f3n Espa\u00f1ola S\u00edndrome de Charge\",\"isPartOf\":{\"@id\":\"https:\\\/\\\/sindromecharge.es\\\/#website\"},\"datePublished\":\"2024-08-21T05:44:56+00:00\",\"author\":{\"@id\":\"https:\\\/\\\/sindromecharge.es\\\/#\\\/schema\\\/person\\\/39a60ebe0a2b4d5a11179701e336b039\"},\"breadcrumb\":{\"@id\":\"https:\\\/\\\/sindromecharge.es\\\/index.php\\\/2024\\\/08\\\/21\\\/jose-pedro-gonzalez-con-discapacidad-visual-los-viajes-yo-percibo-entorno-ambiente-ruido-olor\\\/#breadcrumb\"},\"inLanguage\":\"es\",\"potentialAction\":[{\"@type\":\"ReadAction\",\"target\":[\"https:\\\/\\\/sindromecharge.es\\\/index.php\\\/2024\\\/08\\\/21\\\/jose-pedro-gonzalez-con-discapacidad-visual-los-viajes-yo-percibo-entorno-ambiente-ruido-olor\\\/\"]}]},{\"@type\":\"BreadcrumbList\",\"@id\":\"https:\\\/\\\/sindromecharge.es\\\/index.php\\\/2024\\\/08\\\/21\\\/jose-pedro-gonzalez-con-discapacidad-visual-los-viajes-yo-percibo-entorno-ambiente-ruido-olor\\\/#breadcrumb\",\"itemListElement\":[{\"@type\":\"ListItem\",\"position\":1,\"name\":\"Portada\",\"item\":\"https:\\\/\\\/sindromecharge.es\\\/\"},{\"@type\":\"ListItem\",\"position\":2,\"name\":\"Jos\u00e9 Pedro Gonz\u00e1lez, con discapacidad visual: &#8220;En los viajes percibo el ambiente, el ruido, el olor\u2026&#8221;\"}]},{\"@type\":\"WebSite\",\"@id\":\"https:\\\/\\\/sindromecharge.es\\\/#website\",\"url\":\"https:\\\/\\\/sindromecharge.es\\\/\",\"name\":\"Asociaci\u00f3n Espa\u00f1ola S\u00edndrome de Charge\",\"description\":\"\",\"potentialAction\":[{\"@type\":\"SearchAction\",\"target\":{\"@type\":\"EntryPoint\",\"urlTemplate\":\"https:\\\/\\\/sindromecharge.es\\\/?s={search_term_string}\"},\"query-input\":{\"@type\":\"PropertyValueSpecification\",\"valueRequired\":true,\"valueName\":\"search_term_string\"}}],\"inLanguage\":\"es\"},{\"@type\":\"Person\",\"@id\":\"https:\\\/\\\/sindromecharge.es\\\/#\\\/schema\\\/person\\\/39a60ebe0a2b4d5a11179701e336b039\",\"name\":\"Charge\",\"image\":{\"@type\":\"ImageObject\",\"inLanguage\":\"es\",\"@id\":\"https:\\\/\\\/secure.gravatar.com\\\/avatar\\\/c3b46e32a0fc3b093a0873fb767bf3293de856293065e84ef06b7ec7a8acfb98?s=96&d=identicon&r=x\",\"url\":\"https:\\\/\\\/secure.gravatar.com\\\/avatar\\\/c3b46e32a0fc3b093a0873fb767bf3293de856293065e84ef06b7ec7a8acfb98?s=96&d=identicon&r=x\",\"contentUrl\":\"https:\\\/\\\/secure.gravatar.com\\\/avatar\\\/c3b46e32a0fc3b093a0873fb767bf3293de856293065e84ef06b7ec7a8acfb98?s=96&d=identicon&r=x\",\"caption\":\"Charge\"},\"url\":\"https:\\\/\\\/sindromecharge.es\\\/index.php\\\/author\\\/admin\\\/\"}]}<\/script>\n<!-- \/ Yoast SEO plugin. -->","yoast_head_json":{"title":"Jos\u00e9 Pedro Gonz\u00e1lez, con discapacidad visual: \"En los viajes percibo el ambiente, el ruido, el olor\u2026\" - Asociaci\u00f3n Espa\u00f1ola S\u00edndrome de Charge","robots":{"index":"index","follow":"follow","max-snippet":"max-snippet:-1","max-image-preview":"max-image-preview:large","max-video-preview":"max-video-preview:-1"},"canonical":"https:\/\/sindromecharge.es\/index.php\/2024\/08\/21\/jose-pedro-gonzalez-con-discapacidad-visual-los-viajes-yo-percibo-entorno-ambiente-ruido-olor\/","og_locale":"es_ES","og_type":"article","og_title":"Jos\u00e9 Pedro Gonz\u00e1lez, con discapacidad visual: \"En los viajes percibo el ambiente, el ruido, el olor\u2026\" - Asociaci\u00f3n Espa\u00f1ola S\u00edndrome de Charge","og_description":"A Jos\u00e9 Pedro Gonz\u00e1lez, como a muchas personas ciegas, le encanta viajar, y lo hace a menudo junto a su mujer.","og_url":"https:\/\/sindromecharge.es\/index.php\/2024\/08\/21\/jose-pedro-gonzalez-con-discapacidad-visual-los-viajes-yo-percibo-entorno-ambiente-ruido-olor\/","og_site_name":"Asociaci\u00f3n Espa\u00f1ola S\u00edndrome de Charge","article_publisher":"https:\/\/www.facebook.com\/asociacionsindromecharge","article_published_time":"2024-08-21T05:44:56+00:00","og_image":[{"width":300,"height":98,"url":"https:\/\/sindromecharge.es\/wp-content\/uploads\/2013\/09\/logodecharge300x98.png","type":"image\/png"}],"author":"Charge","twitter_card":"summary_large_image","twitter_creator":"@sindromecharge","twitter_site":"@sindromecharge","twitter_misc":{"Escrito por":"Charge","Tiempo de lectura":"6 minutos"},"schema":{"@context":"https:\/\/schema.org","@graph":[{"@type":"Article","@id":"https:\/\/sindromecharge.es\/index.php\/2024\/08\/21\/jose-pedro-gonzalez-con-discapacidad-visual-los-viajes-yo-percibo-entorno-ambiente-ruido-olor\/#article","isPartOf":{"@id":"https:\/\/sindromecharge.es\/index.php\/2024\/08\/21\/jose-pedro-gonzalez-con-discapacidad-visual-los-viajes-yo-percibo-entorno-ambiente-ruido-olor\/"},"author":{"name":"Charge","@id":"https:\/\/sindromecharge.es\/#\/schema\/person\/39a60ebe0a2b4d5a11179701e336b039"},"headline":"Jos\u00e9 Pedro Gonz\u00e1lez, con discapacidad visual: \u00abEn los viajes percibo el ambiente, el ruido, el olor\u2026\u00bb","datePublished":"2024-08-21T05:44:56+00:00","mainEntityOfPage":{"@id":"https:\/\/sindromecharge.es\/index.php\/2024\/08\/21\/jose-pedro-gonzalez-con-discapacidad-visual-los-viajes-yo-percibo-entorno-ambiente-ruido-olor\/"},"wordCount":1207,"articleSection":["noticias"],"inLanguage":"es"},{"@type":"WebPage","@id":"https:\/\/sindromecharge.es\/index.php\/2024\/08\/21\/jose-pedro-gonzalez-con-discapacidad-visual-los-viajes-yo-percibo-entorno-ambiente-ruido-olor\/","url":"https:\/\/sindromecharge.es\/index.php\/2024\/08\/21\/jose-pedro-gonzalez-con-discapacidad-visual-los-viajes-yo-percibo-entorno-ambiente-ruido-olor\/","name":"Jos\u00e9 Pedro Gonz\u00e1lez, con discapacidad visual: \"En los viajes percibo el ambiente, el ruido, el olor\u2026\" - Asociaci\u00f3n Espa\u00f1ola S\u00edndrome de Charge","isPartOf":{"@id":"https:\/\/sindromecharge.es\/#website"},"datePublished":"2024-08-21T05:44:56+00:00","author":{"@id":"https:\/\/sindromecharge.es\/#\/schema\/person\/39a60ebe0a2b4d5a11179701e336b039"},"breadcrumb":{"@id":"https:\/\/sindromecharge.es\/index.php\/2024\/08\/21\/jose-pedro-gonzalez-con-discapacidad-visual-los-viajes-yo-percibo-entorno-ambiente-ruido-olor\/#breadcrumb"},"inLanguage":"es","potentialAction":[{"@type":"ReadAction","target":["https:\/\/sindromecharge.es\/index.php\/2024\/08\/21\/jose-pedro-gonzalez-con-discapacidad-visual-los-viajes-yo-percibo-entorno-ambiente-ruido-olor\/"]}]},{"@type":"BreadcrumbList","@id":"https:\/\/sindromecharge.es\/index.php\/2024\/08\/21\/jose-pedro-gonzalez-con-discapacidad-visual-los-viajes-yo-percibo-entorno-ambiente-ruido-olor\/#breadcrumb","itemListElement":[{"@type":"ListItem","position":1,"name":"Portada","item":"https:\/\/sindromecharge.es\/"},{"@type":"ListItem","position":2,"name":"Jos\u00e9 Pedro Gonz\u00e1lez, con discapacidad visual: &#8220;En los viajes percibo el ambiente, el ruido, el olor\u2026&#8221;"}]},{"@type":"WebSite","@id":"https:\/\/sindromecharge.es\/#website","url":"https:\/\/sindromecharge.es\/","name":"Asociaci\u00f3n Espa\u00f1ola S\u00edndrome de Charge","description":"","potentialAction":[{"@type":"SearchAction","target":{"@type":"EntryPoint","urlTemplate":"https:\/\/sindromecharge.es\/?s={search_term_string}"},"query-input":{"@type":"PropertyValueSpecification","valueRequired":true,"valueName":"search_term_string"}}],"inLanguage":"es"},{"@type":"Person","@id":"https:\/\/sindromecharge.es\/#\/schema\/person\/39a60ebe0a2b4d5a11179701e336b039","name":"Charge","image":{"@type":"ImageObject","inLanguage":"es","@id":"https:\/\/secure.gravatar.com\/avatar\/c3b46e32a0fc3b093a0873fb767bf3293de856293065e84ef06b7ec7a8acfb98?s=96&d=identicon&r=x","url":"https:\/\/secure.gravatar.com\/avatar\/c3b46e32a0fc3b093a0873fb767bf3293de856293065e84ef06b7ec7a8acfb98?s=96&d=identicon&r=x","contentUrl":"https:\/\/secure.gravatar.com\/avatar\/c3b46e32a0fc3b093a0873fb767bf3293de856293065e84ef06b7ec7a8acfb98?s=96&d=identicon&r=x","caption":"Charge"},"url":"https:\/\/sindromecharge.es\/index.php\/author\/admin\/"}]}},"_links":{"self":[{"href":"https:\/\/sindromecharge.es\/index.php\/wp-json\/wp\/v2\/posts\/10254","targetHints":{"allow":["GET"]}}],"collection":[{"href":"https:\/\/sindromecharge.es\/index.php\/wp-json\/wp\/v2\/posts"}],"about":[{"href":"https:\/\/sindromecharge.es\/index.php\/wp-json\/wp\/v2\/types\/post"}],"author":[{"embeddable":true,"href":"https:\/\/sindromecharge.es\/index.php\/wp-json\/wp\/v2\/users\/1"}],"replies":[{"embeddable":true,"href":"https:\/\/sindromecharge.es\/index.php\/wp-json\/wp\/v2\/comments?post=10254"}],"version-history":[{"count":0,"href":"https:\/\/sindromecharge.es\/index.php\/wp-json\/wp\/v2\/posts\/10254\/revisions"}],"wp:attachment":[{"href":"https:\/\/sindromecharge.es\/index.php\/wp-json\/wp\/v2\/media?parent=10254"}],"wp:term":[{"taxonomy":"category","embeddable":true,"href":"https:\/\/sindromecharge.es\/index.php\/wp-json\/wp\/v2\/categories?post=10254"},{"taxonomy":"post_tag","embeddable":true,"href":"https:\/\/sindromecharge.es\/index.php\/wp-json\/wp\/v2\/tags?post=10254"}],"curies":[{"name":"wp","href":"https:\/\/api.w.org\/{rel}","templated":true}]}}