{"id":10252,"date":"2024-08-21T05:43:40","date_gmt":"2024-08-21T05:43:40","guid":{"rendered":"https:\/\/sindromecharge.es\/index.php\/2024\/08\/21\/iniciativa-rock-par-busca-personas-con-discapacidad-para-formar-un-grupo-musical\/"},"modified":"2024-08-21T05:43:40","modified_gmt":"2024-08-21T05:43:40","slug":"iniciativa-rock-par-busca-personas-con-discapacidad-para-formar-un-grupo-musical","status":"publish","type":"post","link":"https:\/\/sindromecharge.es\/index.php\/2024\/08\/21\/iniciativa-rock-par-busca-personas-con-discapacidad-para-formar-un-grupo-musical\/","title":{"rendered":"&#8216;Rock A La Par&#8217;, la iniciativa que busca a personas con discapacidad para formar un grupo musical"},"content":{"rendered":"<p>Leemos en Discapacidad la siguiente noticia que os reproducimos de forma \u00edntegra: <\/p>\n<div>\n<p>\u2018<b>Rock A La Par\u2019 <\/b>es una iniciativa de la Comunidad de Madrid dirigida a personas mayores de edad con <a href=\"https:\/\/www.20minutos.es\/minuteca\/discapacidad-intelectual\/\" title=\"Discapacidad intelectual\" target=\"_blank\" rel=\"noopener\">discapacidad intelectual<\/a> que busca, principalmente, guitarristas, cantantes, bajistas, teclistas y bater\u00edas para formar una banda de m\u00fasica con la que<b> mostrar su talento<\/b> y \u201cavanzar en su plena<b> inclusi\u00f3n profesional <\/b>en este \u00e1mbito cultural\u201d.<\/p>\n<p>Seg\u00fan inform\u00f3 este martes el Gobierno auton\u00f3mico, los interesados, que deben ser residentes de la Comunidad de Madrid, podr\u00e1n<b> enviar su candidatura antes del 10 de septiembre<\/b> a trav\u00e9s de la web <a href=\"https:\/\/rockalapar.com\/\" target=\"_blank\" rel=\"nofollow noopener\">rockalapar.com<\/a>, junto con un v\u00eddeo en el que demuestran su habilidades.<\/p>\n<p>El Ejecutivo madrile\u00f1o colabora con este proyecto desarrollado por la <b>Fundaci\u00f3n A la par <\/b>con los m\u00fasicos David Summers, de Hombres G, y Pedro Andrea.<\/p>\n<p>El \u2018casting\u2019 lo llevar\u00e1n a cabo especialistas del \u00e1rea psicosocial de la entidad, que de la mano de Pedro Andrea estudiar\u00e1n los perfiles recibidos. La siguiente fase, en oto\u00f1o, ser\u00e1 la de las audiciones presenciales. Una vez seleccionados los integrantes del grupo, la nueva banda comenzar\u00e1 los ensayos.<\/p>\n<p>Las metas del proyecto son la organizaci\u00f3n de conciertos e, incluso, la <b>grabaci\u00f3n de un disco<\/b> con los que demostrar a la sociedad de lo que son capaces las personas con discapacidad intelectual y servir de ejemplo e inspiraci\u00f3n para el desarrollo de otras en una situaci\u00f3n similar. Durante todo el proceso, contar\u00e1n con el apoyo de profesionales de A La Par, tanto a nivel musical como psicosocial, asegur\u00f3 el Ejecutivo regional.<\/p>\n<\/div>\n<p>Fuente: Discapacidad https:\/\/www.20minutos.es\/noticia\/5598032\/0\/iniciativa-rock-par-busca-personas-con-discapacidad-para-formar-un-grupo-musical\/<\/p>\n","protected":false},"excerpt":{"rendered":"<p>El proyecto, llevado a cabo entre la Fundaci\u00f3n A la par y la Comunidad de Madrid, busca avanzar en la inclusi\u00f3n profesional de las personas con discapacidad intelectual en este \u00e1mbito cultural.<\/p>\n","protected":false},"author":1,"featured_media":0,"comment_status":"closed","ping_status":"closed","sticky":false,"template":"","format":"standard","meta":{"footnotes":""},"categories":[8],"tags":[],"class_list":["post-10252","post","type-post","status-publish","format-standard","hentry","category-noticias"],"yoast_head":"<!-- This site is optimized with the Yoast SEO plugin v27.4 - https:\/\/yoast.com\/product\/yoast-seo-wordpress\/ -->\n<title>&#039;Rock A La Par&#039;, la iniciativa que busca a personas con discapacidad para formar un grupo musical - Asociaci\u00f3n Espa\u00f1ola S\u00edndrome de Charge<\/title>\n<meta name=\"robots\" content=\"index, follow, max-snippet:-1, max-image-preview:large, max-video-preview:-1\" \/>\n<link rel=\"canonical\" href=\"https:\/\/sindromecharge.es\/index.php\/2024\/08\/21\/iniciativa-rock-par-busca-personas-con-discapacidad-para-formar-un-grupo-musical\/\" \/>\n<meta property=\"og:locale\" content=\"es_ES\" \/>\n<meta property=\"og:type\" content=\"article\" \/>\n<meta property=\"og:title\" content=\"&#039;Rock A La Par&#039;, la iniciativa que busca a personas con discapacidad para formar un grupo musical - Asociaci\u00f3n Espa\u00f1ola S\u00edndrome de Charge\" \/>\n<meta property=\"og:description\" content=\"El proyecto, llevado a cabo entre la Fundaci\u00f3n A la par y la Comunidad de Madrid, busca avanzar en la inclusi\u00f3n profesional de las personas con discapacidad intelectual en este \u00e1mbito cultural.\" \/>\n<meta property=\"og:url\" content=\"https:\/\/sindromecharge.es\/index.php\/2024\/08\/21\/iniciativa-rock-par-busca-personas-con-discapacidad-para-formar-un-grupo-musical\/\" \/>\n<meta property=\"og:site_name\" content=\"Asociaci\u00f3n Espa\u00f1ola S\u00edndrome de Charge\" \/>\n<meta property=\"article:publisher\" content=\"https:\/\/www.facebook.com\/asociacionsindromecharge\" \/>\n<meta property=\"article:published_time\" content=\"2024-08-21T05:43:40+00:00\" \/>\n<meta property=\"og:image\" content=\"https:\/\/sindromecharge.es\/wp-content\/uploads\/2013\/09\/logodecharge300x98.png\" \/>\n\t<meta property=\"og:image:width\" content=\"300\" \/>\n\t<meta property=\"og:image:height\" content=\"98\" \/>\n\t<meta property=\"og:image:type\" content=\"image\/png\" \/>\n<meta name=\"author\" content=\"Charge\" \/>\n<meta name=\"twitter:card\" content=\"summary_large_image\" \/>\n<meta name=\"twitter:creator\" content=\"@sindromecharge\" \/>\n<meta name=\"twitter:site\" content=\"@sindromecharge\" \/>\n<meta name=\"twitter:label1\" content=\"Escrito por\" \/>\n\t<meta name=\"twitter:data1\" content=\"Charge\" \/>\n\t<meta name=\"twitter:label2\" content=\"Tiempo de lectura\" \/>\n\t<meta name=\"twitter:data2\" content=\"1 minuto\" \/>\n<script type=\"application\/ld+json\" class=\"yoast-schema-graph\">{\"@context\":\"https:\\\/\\\/schema.org\",\"@graph\":[{\"@type\":\"Article\",\"@id\":\"https:\\\/\\\/sindromecharge.es\\\/index.php\\\/2024\\\/08\\\/21\\\/iniciativa-rock-par-busca-personas-con-discapacidad-para-formar-un-grupo-musical\\\/#article\",\"isPartOf\":{\"@id\":\"https:\\\/\\\/sindromecharge.es\\\/index.php\\\/2024\\\/08\\\/21\\\/iniciativa-rock-par-busca-personas-con-discapacidad-para-formar-un-grupo-musical\\\/\"},\"author\":{\"name\":\"Charge\",\"@id\":\"https:\\\/\\\/sindromecharge.es\\\/#\\\/schema\\\/person\\\/39a60ebe0a2b4d5a11179701e336b039\"},\"headline\":\"&#8216;Rock A La Par&#8217;, la iniciativa que busca a personas con discapacidad para formar un grupo musical\",\"datePublished\":\"2024-08-21T05:43:40+00:00\",\"mainEntityOfPage\":{\"@id\":\"https:\\\/\\\/sindromecharge.es\\\/index.php\\\/2024\\\/08\\\/21\\\/iniciativa-rock-par-busca-personas-con-discapacidad-para-formar-un-grupo-musical\\\/\"},\"wordCount\":297,\"articleSection\":[\"noticias\"],\"inLanguage\":\"es\"},{\"@type\":\"WebPage\",\"@id\":\"https:\\\/\\\/sindromecharge.es\\\/index.php\\\/2024\\\/08\\\/21\\\/iniciativa-rock-par-busca-personas-con-discapacidad-para-formar-un-grupo-musical\\\/\",\"url\":\"https:\\\/\\\/sindromecharge.es\\\/index.php\\\/2024\\\/08\\\/21\\\/iniciativa-rock-par-busca-personas-con-discapacidad-para-formar-un-grupo-musical\\\/\",\"name\":\"'Rock A La Par', la iniciativa que busca a personas con discapacidad para formar un grupo musical - Asociaci\u00f3n Espa\u00f1ola S\u00edndrome de Charge\",\"isPartOf\":{\"@id\":\"https:\\\/\\\/sindromecharge.es\\\/#website\"},\"datePublished\":\"2024-08-21T05:43:40+00:00\",\"author\":{\"@id\":\"https:\\\/\\\/sindromecharge.es\\\/#\\\/schema\\\/person\\\/39a60ebe0a2b4d5a11179701e336b039\"},\"breadcrumb\":{\"@id\":\"https:\\\/\\\/sindromecharge.es\\\/index.php\\\/2024\\\/08\\\/21\\\/iniciativa-rock-par-busca-personas-con-discapacidad-para-formar-un-grupo-musical\\\/#breadcrumb\"},\"inLanguage\":\"es\",\"potentialAction\":[{\"@type\":\"ReadAction\",\"target\":[\"https:\\\/\\\/sindromecharge.es\\\/index.php\\\/2024\\\/08\\\/21\\\/iniciativa-rock-par-busca-personas-con-discapacidad-para-formar-un-grupo-musical\\\/\"]}]},{\"@type\":\"BreadcrumbList\",\"@id\":\"https:\\\/\\\/sindromecharge.es\\\/index.php\\\/2024\\\/08\\\/21\\\/iniciativa-rock-par-busca-personas-con-discapacidad-para-formar-un-grupo-musical\\\/#breadcrumb\",\"itemListElement\":[{\"@type\":\"ListItem\",\"position\":1,\"name\":\"Portada\",\"item\":\"https:\\\/\\\/sindromecharge.es\\\/\"},{\"@type\":\"ListItem\",\"position\":2,\"name\":\"&#8216;Rock A La Par&#8217;, la iniciativa que busca a personas con discapacidad para formar un grupo musical\"}]},{\"@type\":\"WebSite\",\"@id\":\"https:\\\/\\\/sindromecharge.es\\\/#website\",\"url\":\"https:\\\/\\\/sindromecharge.es\\\/\",\"name\":\"Asociaci\u00f3n Espa\u00f1ola S\u00edndrome de Charge\",\"description\":\"\",\"potentialAction\":[{\"@type\":\"SearchAction\",\"target\":{\"@type\":\"EntryPoint\",\"urlTemplate\":\"https:\\\/\\\/sindromecharge.es\\\/?s={search_term_string}\"},\"query-input\":{\"@type\":\"PropertyValueSpecification\",\"valueRequired\":true,\"valueName\":\"search_term_string\"}}],\"inLanguage\":\"es\"},{\"@type\":\"Person\",\"@id\":\"https:\\\/\\\/sindromecharge.es\\\/#\\\/schema\\\/person\\\/39a60ebe0a2b4d5a11179701e336b039\",\"name\":\"Charge\",\"image\":{\"@type\":\"ImageObject\",\"inLanguage\":\"es\",\"@id\":\"https:\\\/\\\/secure.gravatar.com\\\/avatar\\\/c3b46e32a0fc3b093a0873fb767bf3293de856293065e84ef06b7ec7a8acfb98?s=96&d=identicon&r=x\",\"url\":\"https:\\\/\\\/secure.gravatar.com\\\/avatar\\\/c3b46e32a0fc3b093a0873fb767bf3293de856293065e84ef06b7ec7a8acfb98?s=96&d=identicon&r=x\",\"contentUrl\":\"https:\\\/\\\/secure.gravatar.com\\\/avatar\\\/c3b46e32a0fc3b093a0873fb767bf3293de856293065e84ef06b7ec7a8acfb98?s=96&d=identicon&r=x\",\"caption\":\"Charge\"},\"url\":\"https:\\\/\\\/sindromecharge.es\\\/index.php\\\/author\\\/admin\\\/\"}]}<\/script>\n<!-- \/ Yoast SEO plugin. -->","yoast_head_json":{"title":"'Rock A La Par', la iniciativa que busca a personas con discapacidad para formar un grupo musical - Asociaci\u00f3n Espa\u00f1ola S\u00edndrome de Charge","robots":{"index":"index","follow":"follow","max-snippet":"max-snippet:-1","max-image-preview":"max-image-preview:large","max-video-preview":"max-video-preview:-1"},"canonical":"https:\/\/sindromecharge.es\/index.php\/2024\/08\/21\/iniciativa-rock-par-busca-personas-con-discapacidad-para-formar-un-grupo-musical\/","og_locale":"es_ES","og_type":"article","og_title":"'Rock A La Par', la iniciativa que busca a personas con discapacidad para formar un grupo musical - Asociaci\u00f3n Espa\u00f1ola S\u00edndrome de Charge","og_description":"El proyecto, llevado a cabo entre la Fundaci\u00f3n A la par y la Comunidad de Madrid, busca avanzar en la inclusi\u00f3n profesional de las personas con discapacidad intelectual en este \u00e1mbito cultural.","og_url":"https:\/\/sindromecharge.es\/index.php\/2024\/08\/21\/iniciativa-rock-par-busca-personas-con-discapacidad-para-formar-un-grupo-musical\/","og_site_name":"Asociaci\u00f3n Espa\u00f1ola S\u00edndrome de Charge","article_publisher":"https:\/\/www.facebook.com\/asociacionsindromecharge","article_published_time":"2024-08-21T05:43:40+00:00","og_image":[{"width":300,"height":98,"url":"https:\/\/sindromecharge.es\/wp-content\/uploads\/2013\/09\/logodecharge300x98.png","type":"image\/png"}],"author":"Charge","twitter_card":"summary_large_image","twitter_creator":"@sindromecharge","twitter_site":"@sindromecharge","twitter_misc":{"Escrito por":"Charge","Tiempo de lectura":"1 minuto"},"schema":{"@context":"https:\/\/schema.org","@graph":[{"@type":"Article","@id":"https:\/\/sindromecharge.es\/index.php\/2024\/08\/21\/iniciativa-rock-par-busca-personas-con-discapacidad-para-formar-un-grupo-musical\/#article","isPartOf":{"@id":"https:\/\/sindromecharge.es\/index.php\/2024\/08\/21\/iniciativa-rock-par-busca-personas-con-discapacidad-para-formar-un-grupo-musical\/"},"author":{"name":"Charge","@id":"https:\/\/sindromecharge.es\/#\/schema\/person\/39a60ebe0a2b4d5a11179701e336b039"},"headline":"&#8216;Rock A La Par&#8217;, la iniciativa que busca a personas con discapacidad para formar un grupo musical","datePublished":"2024-08-21T05:43:40+00:00","mainEntityOfPage":{"@id":"https:\/\/sindromecharge.es\/index.php\/2024\/08\/21\/iniciativa-rock-par-busca-personas-con-discapacidad-para-formar-un-grupo-musical\/"},"wordCount":297,"articleSection":["noticias"],"inLanguage":"es"},{"@type":"WebPage","@id":"https:\/\/sindromecharge.es\/index.php\/2024\/08\/21\/iniciativa-rock-par-busca-personas-con-discapacidad-para-formar-un-grupo-musical\/","url":"https:\/\/sindromecharge.es\/index.php\/2024\/08\/21\/iniciativa-rock-par-busca-personas-con-discapacidad-para-formar-un-grupo-musical\/","name":"'Rock A La Par', la iniciativa que busca a personas con discapacidad para formar un grupo musical - Asociaci\u00f3n Espa\u00f1ola S\u00edndrome de Charge","isPartOf":{"@id":"https:\/\/sindromecharge.es\/#website"},"datePublished":"2024-08-21T05:43:40+00:00","author":{"@id":"https:\/\/sindromecharge.es\/#\/schema\/person\/39a60ebe0a2b4d5a11179701e336b039"},"breadcrumb":{"@id":"https:\/\/sindromecharge.es\/index.php\/2024\/08\/21\/iniciativa-rock-par-busca-personas-con-discapacidad-para-formar-un-grupo-musical\/#breadcrumb"},"inLanguage":"es","potentialAction":[{"@type":"ReadAction","target":["https:\/\/sindromecharge.es\/index.php\/2024\/08\/21\/iniciativa-rock-par-busca-personas-con-discapacidad-para-formar-un-grupo-musical\/"]}]},{"@type":"BreadcrumbList","@id":"https:\/\/sindromecharge.es\/index.php\/2024\/08\/21\/iniciativa-rock-par-busca-personas-con-discapacidad-para-formar-un-grupo-musical\/#breadcrumb","itemListElement":[{"@type":"ListItem","position":1,"name":"Portada","item":"https:\/\/sindromecharge.es\/"},{"@type":"ListItem","position":2,"name":"&#8216;Rock A La Par&#8217;, la iniciativa que busca a personas con discapacidad para formar un grupo musical"}]},{"@type":"WebSite","@id":"https:\/\/sindromecharge.es\/#website","url":"https:\/\/sindromecharge.es\/","name":"Asociaci\u00f3n Espa\u00f1ola S\u00edndrome de Charge","description":"","potentialAction":[{"@type":"SearchAction","target":{"@type":"EntryPoint","urlTemplate":"https:\/\/sindromecharge.es\/?s={search_term_string}"},"query-input":{"@type":"PropertyValueSpecification","valueRequired":true,"valueName":"search_term_string"}}],"inLanguage":"es"},{"@type":"Person","@id":"https:\/\/sindromecharge.es\/#\/schema\/person\/39a60ebe0a2b4d5a11179701e336b039","name":"Charge","image":{"@type":"ImageObject","inLanguage":"es","@id":"https:\/\/secure.gravatar.com\/avatar\/c3b46e32a0fc3b093a0873fb767bf3293de856293065e84ef06b7ec7a8acfb98?s=96&d=identicon&r=x","url":"https:\/\/secure.gravatar.com\/avatar\/c3b46e32a0fc3b093a0873fb767bf3293de856293065e84ef06b7ec7a8acfb98?s=96&d=identicon&r=x","contentUrl":"https:\/\/secure.gravatar.com\/avatar\/c3b46e32a0fc3b093a0873fb767bf3293de856293065e84ef06b7ec7a8acfb98?s=96&d=identicon&r=x","caption":"Charge"},"url":"https:\/\/sindromecharge.es\/index.php\/author\/admin\/"}]}},"_links":{"self":[{"href":"https:\/\/sindromecharge.es\/index.php\/wp-json\/wp\/v2\/posts\/10252","targetHints":{"allow":["GET"]}}],"collection":[{"href":"https:\/\/sindromecharge.es\/index.php\/wp-json\/wp\/v2\/posts"}],"about":[{"href":"https:\/\/sindromecharge.es\/index.php\/wp-json\/wp\/v2\/types\/post"}],"author":[{"embeddable":true,"href":"https:\/\/sindromecharge.es\/index.php\/wp-json\/wp\/v2\/users\/1"}],"replies":[{"embeddable":true,"href":"https:\/\/sindromecharge.es\/index.php\/wp-json\/wp\/v2\/comments?post=10252"}],"version-history":[{"count":0,"href":"https:\/\/sindromecharge.es\/index.php\/wp-json\/wp\/v2\/posts\/10252\/revisions"}],"wp:attachment":[{"href":"https:\/\/sindromecharge.es\/index.php\/wp-json\/wp\/v2\/media?parent=10252"}],"wp:term":[{"taxonomy":"category","embeddable":true,"href":"https:\/\/sindromecharge.es\/index.php\/wp-json\/wp\/v2\/categories?post=10252"},{"taxonomy":"post_tag","embeddable":true,"href":"https:\/\/sindromecharge.es\/index.php\/wp-json\/wp\/v2\/tags?post=10252"}],"curies":[{"name":"wp","href":"https:\/\/api.w.org\/{rel}","templated":true}]}}