{"id":10251,"date":"2024-08-21T05:42:54","date_gmt":"2024-08-21T05:42:54","guid":{"rendered":"https:\/\/sindromecharge.es\/index.php\/2024\/08\/21\/laura-mendoza-sobre-adoptar-animales-con-discapacidad-hay-muchos-mitos-miedos-no-estar-altura\/"},"modified":"2024-08-21T05:42:54","modified_gmt":"2024-08-21T05:42:54","slug":"laura-mendoza-sobre-adoptar-animales-con-discapacidad-hay-muchos-mitos-miedos-no-estar-altura","status":"publish","type":"post","link":"https:\/\/sindromecharge.es\/index.php\/2024\/08\/21\/laura-mendoza-sobre-adoptar-animales-con-discapacidad-hay-muchos-mitos-miedos-no-estar-altura\/","title":{"rendered":"Laura Mendoza, sobre adoptar animales con discapacidad: \u00abHay muchos mitos y miedos de no estar a la altura\u00bb"},"content":{"rendered":"<p>Leemos en Discapacidad la siguiente noticia que os reproducimos de forma \u00edntegra: <\/p>\n<div>\n<p>Desde 2019, Laura Mendoza se ha dedicado a <b>rescatar gatitos de la calle<\/b>: se asoci\u00f3 con un grupo de rescatistas y formalizaron una protectora de <a href=\"https:\/\/www.20minutos.es\/minuteca\/animales\/\" title=\"Animales\">animales <\/a>con la que han ayudado a decenas de <a href=\"https:\/\/www.20minutos.es\/minuteca\/perros\/\" title=\"Perros\">perros <\/a>y <a href=\"https:\/\/www.20minutos.es\/minuteca\/gatos\/\" title=\"Gatos\">gatos<\/a> (especialmente estos \u00faltimos). En octubre del a\u00f1o pasado, <b>Mendoza tuvo un caso que cambi\u00f3 su vida<\/b>: cuatro gatitos que llegaron con panleucopenia de los cuales solo sobrevivi\u00f3 uno.<\/p>\n<p>Mendoza, adem\u00e1s de quedarse con el superviviente, <b>decidi\u00f3 darle un giro a su vida y estudiar para convertirse en auxiliar veterinaria<\/b> y seguir ayudando a m\u00e1s animales desde m\u00e1s frentes. As\u00ed lleg\u00f3 a conocer a Moira, una gata de 280 gramos, paral\u00edtica y con una pata delantera deformada a la cual est\u00e1 sacando adelante y con la que ha conseguido grandes progresos.<\/p>\n<p>\u00ab<b>Moira lleg\u00f3 a trav\u00e9s de una protectora con la que colabora el hospital donde trabajo<\/b>\u00ab, relata. \u00abLleg\u00f3 el siete de mayo por la noche, con tan solo un mesecito, 280 gramos de peso y lo hizo en un estado que parec\u00eda estar m\u00e1s muerta que viva\u00bb.<\/p>\n<p>Mendoza explica que se la hab\u00edan quitado de la boca a un perro y que se encontraba en muy malas condiciones, con las constantes vitales muy d\u00e9biles en todos los sentidos. \u00ab<b>La conoc\u00ed a la ma\u00f1ana siguiente, al entrar a trabajar, casualmente el d\u00eda de mi cumplea\u00f1os\u00bb,<\/b> apunta. \u00abEntonces ya estaba un poco mejor, aunque no ten\u00eda sensibilidad en las patitas de atr\u00e1s\u00bb<\/p>\n<p>\u00abLe hicimos radiograf\u00edas y, adem\u00e1s, ten\u00eda el pecho plano, lo que le provocaba problemas respiratorios (probablemente porque se hab\u00eda desarrollado en una postura inadecuada)\u00bb, agrega. \u00ab<b>Me la llev\u00e9 a casa en calidad de acogida (aunque creo que todo el mundo sab\u00edamos que no saldr\u00eda de mi hogar)<\/b>\u00ab.<\/p>\n<p>Mendoza explica que no quer\u00eda que, por falta de recursos, Moira no tuviera lo que necesitaba para salir adelante con la protectora, as\u00ed que se hizo cargo de ella al completo. \u00ab<b>Los primeros d\u00edas fueron terribles porque convulsionaba y no ten\u00edamos un diagn\u00f3stico claro<\/b>\u00ab, cuenta. \u00abPod\u00eda ser una lesi\u00f3n en la columna pero no pod\u00edamos confirmarlo ya que no se encontraba estable para realizarle una resonancia\u00bb.<\/p>\n<p>Moira no es consciente de que necesita hacer pis y lo hace por reboso, algo que seg\u00fan Mendoza no es bueno para sus ri\u00f1ones, por lo que tiene que vaciarla ella misma antes de que eso ocurra. \u00abPor suerte, <b>las cacas s\u00ed las nota\u00bb<\/b>, a\u00f1ade.<\/p>\n<h1>A pesar de tener solo una pata funcional al 100 por cien, se mueve un mont\u00f3n<\/h1>\n<p>\u00abCuando por fin mejor\u00f3 un poco pudimos hacerle pruebas y ver que ten\u00eda una lesi\u00f3n entre las v\u00e9rtebras T4 y T5 de la columna (probablemente producidas por el mordisco del perro) y descubrimos que <b>tiene siringohidromielia (un ac\u00famulo patol\u00f3gico de l\u00edquido cefalorraqu\u00eddeo (LCR) en el canal central de la m\u00e9dula espinal),<\/b> lo que le provoca el problema de incoordinaci\u00f3n y le produce dolor\u00bb, detalla la auxiliar veterinaria.<\/p>\n<p>Mendoza ha trabajado mucho con Moira <b>la rehabilitaci\u00f3n de la parte superior del cuerpo para que pueda aguantarse <\/b>y, aunque tiene que tomar gabapentina de por vida para controlar el dolor, asegura que siempre ha tenido unas ganas tremendas de vivir.<\/p>\n<p>\u00abDe hecho, <b>no tiene sensibilidad en las patas traseras pero tiene reflejo espinar,<\/b> es decir, las mueves como si caminara si la colocas a cuatro patas\u00bb, explica. \u00abLo que pasa es que esto le provoca tensi\u00f3n y se le terminan dislocando las rodillas\u00bb.<\/p>\n<p>Adem\u00e1s, la auxiliar cuenta que <b>Moira tambi\u00e9n tiene una patita de delante mal doblada, lo que provoca que no se mueva muy bien<\/b>. \u00abNo obstante, cuando sea mayor podr\u00edamos operarla para dejarla fija hacia adelante y mejorar su movilidad\u00bb, asegura. \u00abA pesar de tener solo una pata funcional al 100 por cien, se mueve un mont\u00f3n\u00bb.<\/p>\n<h2>Por qu\u00e9 adoptar un animal con discapacidad<\/h2>\n<p>Mendoza decidi\u00f3 quedarse a Moira en el momento en el que el neur\u00f3logo le explic\u00f3 que necesitar\u00eda muchos cuidados. \u00ab<b>Creo que la gente no se anima a adoptar este tipo de animales por miedo<\/b>\u00ab, asegura. \u00abMiedo de no estar a la altura, del desembolso econ\u00f3mico que creen que van a tener y los cuidados que supone, pero tambi\u00e9n siento que hay mucho mito en torno a esto\u00bb.<\/p>\n<p>\u00abPor ejemplo, <b>yo pensaba que iba a tener m\u00e1s l\u00edmites con ella<\/b>, como que no podr\u00eda dejarla sola o que no iba a moverse por toda la casa y tendr\u00eda que ir ampli\u00e1ndola un parquecito seg\u00fan fuera creciendo\u00bb, confiesa. \u00abPero la realidad es que puede llegar a estar diez horas sin m\u00ed y se mueve y relaciona con mis otros animales sin problema\u00bb.<\/p>\n<p>De hecho, la auxiliar veterinaria asegura que, cuando la gente conoce a esta gatita tan especial, se quedan asombrados. \u00abCuando la llevaba conmigo al trabajo por si convulsionaba, las personas que la ve\u00edan me llegaron a preguntar si estaba en adopci\u00f3n porque, <b>cuando vez y conoces al animal, ves m\u00e1s all\u00e1 de sus limitaciones<\/b>\u00ab, asegura Mendoza.<\/p>\n<h1>Pensaba que iba a tener m\u00e1s l\u00edmites con ella, como que no podr\u00eda dejarla sola o que no iba a moverse por toda la casa<\/h1>\n<p>\u00abHay que tener en cuenta que <b>los animales se adaptan a todo, viven el d\u00eda a d\u00eda como si nada hubiera sucedido,<\/b> no se paran a pensar que han perdido la movilidad de las patas, como lo har\u00edamos nosotros\u00bb, defiende. \u00abMoira, incluso en sus peores momentos era feliz y quer\u00eda vivir\u00bb.<\/p>\n<p>En este sentido, la auxiliar veterinaria considera que en otra familia igual habr\u00edan planteado la opci\u00f3n de la eutanasia, sin valorar todas las opciones posibles y reconoce que, incluso una compa\u00f1era del trabajo lo sugiri\u00f3 en uno de los peores momentos con Moira. \u00ab<b>Hay veces que se duermen animales porque no hay un buen diagn\u00f3stico o porque no se le da la oportunidad de mejorar\u00bb<\/b>, lamenta.<\/p>\n<p>Por este motivo, Mendoza recuerda que lo importante no es tener experiencia previa conviviendo con animales con alguna discapacidad, si no tener ganas de aprender y dejarse ense\u00f1ar. \u00abAl final la pr\u00e1ctica hace al maestro y <b>solo es necesario una persona que tenga tiempo para estar con ellos y que quiera aprender a cuidarles<\/b>, como pasa con cualquier otro animal sin necesidades especiales\u00bb, concluye.<\/p>\n<\/div>\n<p>Fuente: Discapacidad https:\/\/www.20minutos.es\/noticia\/5589068\/0\/laura-mendoza-sobre-adoptar-animales-con-discapacidad-hay-muchos-mitos-miedos-no-estar-altura\/<\/p>\n","protected":false},"excerpt":{"rendered":"<p>Mendoza adopt\u00f3 a Moira, una gata paral\u00edtica y con una pata delantera deformada a la que est\u00e1 sacando adelante.<\/p>\n","protected":false},"author":1,"featured_media":0,"comment_status":"closed","ping_status":"closed","sticky":false,"template":"","format":"standard","meta":{"footnotes":""},"categories":[8],"tags":[],"class_list":["post-10251","post","type-post","status-publish","format-standard","hentry","category-noticias"],"yoast_head":"<!-- This site is optimized with the Yoast SEO plugin v27.4 - https:\/\/yoast.com\/product\/yoast-seo-wordpress\/ -->\n<title>Laura Mendoza, sobre adoptar animales con discapacidad: &quot;Hay muchos mitos y miedos de no estar a la altura&quot; - Asociaci\u00f3n Espa\u00f1ola S\u00edndrome de Charge<\/title>\n<meta name=\"robots\" content=\"index, follow, max-snippet:-1, max-image-preview:large, max-video-preview:-1\" \/>\n<link rel=\"canonical\" href=\"https:\/\/sindromecharge.es\/index.php\/2024\/08\/21\/laura-mendoza-sobre-adoptar-animales-con-discapacidad-hay-muchos-mitos-miedos-no-estar-altura\/\" \/>\n<meta property=\"og:locale\" content=\"es_ES\" \/>\n<meta property=\"og:type\" content=\"article\" \/>\n<meta property=\"og:title\" content=\"Laura Mendoza, sobre adoptar animales con discapacidad: &quot;Hay muchos mitos y miedos de no estar a la altura&quot; - Asociaci\u00f3n Espa\u00f1ola S\u00edndrome de Charge\" \/>\n<meta property=\"og:description\" content=\"Mendoza adopt\u00f3 a Moira, una gata paral\u00edtica y con una pata delantera deformada a la que est\u00e1 sacando adelante.\" \/>\n<meta property=\"og:url\" content=\"https:\/\/sindromecharge.es\/index.php\/2024\/08\/21\/laura-mendoza-sobre-adoptar-animales-con-discapacidad-hay-muchos-mitos-miedos-no-estar-altura\/\" \/>\n<meta property=\"og:site_name\" content=\"Asociaci\u00f3n Espa\u00f1ola S\u00edndrome de Charge\" \/>\n<meta property=\"article:publisher\" content=\"https:\/\/www.facebook.com\/asociacionsindromecharge\" \/>\n<meta property=\"article:published_time\" content=\"2024-08-21T05:42:54+00:00\" \/>\n<meta property=\"og:image\" content=\"https:\/\/sindromecharge.es\/wp-content\/uploads\/2013\/09\/logodecharge300x98.png\" \/>\n\t<meta property=\"og:image:width\" content=\"300\" \/>\n\t<meta property=\"og:image:height\" content=\"98\" \/>\n\t<meta property=\"og:image:type\" content=\"image\/png\" \/>\n<meta name=\"author\" content=\"Charge\" \/>\n<meta name=\"twitter:card\" content=\"summary_large_image\" \/>\n<meta name=\"twitter:creator\" content=\"@sindromecharge\" \/>\n<meta name=\"twitter:site\" content=\"@sindromecharge\" \/>\n<meta name=\"twitter:label1\" content=\"Escrito por\" \/>\n\t<meta name=\"twitter:data1\" content=\"Charge\" \/>\n\t<meta name=\"twitter:label2\" content=\"Tiempo de lectura\" \/>\n\t<meta name=\"twitter:data2\" content=\"6 minutos\" \/>\n<script type=\"application\/ld+json\" class=\"yoast-schema-graph\">{\"@context\":\"https:\\\/\\\/schema.org\",\"@graph\":[{\"@type\":\"Article\",\"@id\":\"https:\\\/\\\/sindromecharge.es\\\/index.php\\\/2024\\\/08\\\/21\\\/laura-mendoza-sobre-adoptar-animales-con-discapacidad-hay-muchos-mitos-miedos-no-estar-altura\\\/#article\",\"isPartOf\":{\"@id\":\"https:\\\/\\\/sindromecharge.es\\\/index.php\\\/2024\\\/08\\\/21\\\/laura-mendoza-sobre-adoptar-animales-con-discapacidad-hay-muchos-mitos-miedos-no-estar-altura\\\/\"},\"author\":{\"name\":\"Charge\",\"@id\":\"https:\\\/\\\/sindromecharge.es\\\/#\\\/schema\\\/person\\\/39a60ebe0a2b4d5a11179701e336b039\"},\"headline\":\"Laura Mendoza, sobre adoptar animales con discapacidad: \u00abHay muchos mitos y miedos de no estar a la altura\u00bb\",\"datePublished\":\"2024-08-21T05:42:54+00:00\",\"mainEntityOfPage\":{\"@id\":\"https:\\\/\\\/sindromecharge.es\\\/index.php\\\/2024\\\/08\\\/21\\\/laura-mendoza-sobre-adoptar-animales-con-discapacidad-hay-muchos-mitos-miedos-no-estar-altura\\\/\"},\"wordCount\":1122,\"articleSection\":[\"noticias\"],\"inLanguage\":\"es\"},{\"@type\":\"WebPage\",\"@id\":\"https:\\\/\\\/sindromecharge.es\\\/index.php\\\/2024\\\/08\\\/21\\\/laura-mendoza-sobre-adoptar-animales-con-discapacidad-hay-muchos-mitos-miedos-no-estar-altura\\\/\",\"url\":\"https:\\\/\\\/sindromecharge.es\\\/index.php\\\/2024\\\/08\\\/21\\\/laura-mendoza-sobre-adoptar-animales-con-discapacidad-hay-muchos-mitos-miedos-no-estar-altura\\\/\",\"name\":\"Laura Mendoza, sobre adoptar animales con discapacidad: \\\"Hay muchos mitos y miedos de no estar a la altura\\\" - Asociaci\u00f3n Espa\u00f1ola S\u00edndrome de Charge\",\"isPartOf\":{\"@id\":\"https:\\\/\\\/sindromecharge.es\\\/#website\"},\"datePublished\":\"2024-08-21T05:42:54+00:00\",\"author\":{\"@id\":\"https:\\\/\\\/sindromecharge.es\\\/#\\\/schema\\\/person\\\/39a60ebe0a2b4d5a11179701e336b039\"},\"breadcrumb\":{\"@id\":\"https:\\\/\\\/sindromecharge.es\\\/index.php\\\/2024\\\/08\\\/21\\\/laura-mendoza-sobre-adoptar-animales-con-discapacidad-hay-muchos-mitos-miedos-no-estar-altura\\\/#breadcrumb\"},\"inLanguage\":\"es\",\"potentialAction\":[{\"@type\":\"ReadAction\",\"target\":[\"https:\\\/\\\/sindromecharge.es\\\/index.php\\\/2024\\\/08\\\/21\\\/laura-mendoza-sobre-adoptar-animales-con-discapacidad-hay-muchos-mitos-miedos-no-estar-altura\\\/\"]}]},{\"@type\":\"BreadcrumbList\",\"@id\":\"https:\\\/\\\/sindromecharge.es\\\/index.php\\\/2024\\\/08\\\/21\\\/laura-mendoza-sobre-adoptar-animales-con-discapacidad-hay-muchos-mitos-miedos-no-estar-altura\\\/#breadcrumb\",\"itemListElement\":[{\"@type\":\"ListItem\",\"position\":1,\"name\":\"Portada\",\"item\":\"https:\\\/\\\/sindromecharge.es\\\/\"},{\"@type\":\"ListItem\",\"position\":2,\"name\":\"Laura Mendoza, sobre adoptar animales con discapacidad: &#8220;Hay muchos mitos y miedos de no estar a la altura&#8221;\"}]},{\"@type\":\"WebSite\",\"@id\":\"https:\\\/\\\/sindromecharge.es\\\/#website\",\"url\":\"https:\\\/\\\/sindromecharge.es\\\/\",\"name\":\"Asociaci\u00f3n Espa\u00f1ola S\u00edndrome de Charge\",\"description\":\"\",\"potentialAction\":[{\"@type\":\"SearchAction\",\"target\":{\"@type\":\"EntryPoint\",\"urlTemplate\":\"https:\\\/\\\/sindromecharge.es\\\/?s={search_term_string}\"},\"query-input\":{\"@type\":\"PropertyValueSpecification\",\"valueRequired\":true,\"valueName\":\"search_term_string\"}}],\"inLanguage\":\"es\"},{\"@type\":\"Person\",\"@id\":\"https:\\\/\\\/sindromecharge.es\\\/#\\\/schema\\\/person\\\/39a60ebe0a2b4d5a11179701e336b039\",\"name\":\"Charge\",\"image\":{\"@type\":\"ImageObject\",\"inLanguage\":\"es\",\"@id\":\"https:\\\/\\\/secure.gravatar.com\\\/avatar\\\/c3b46e32a0fc3b093a0873fb767bf3293de856293065e84ef06b7ec7a8acfb98?s=96&d=identicon&r=x\",\"url\":\"https:\\\/\\\/secure.gravatar.com\\\/avatar\\\/c3b46e32a0fc3b093a0873fb767bf3293de856293065e84ef06b7ec7a8acfb98?s=96&d=identicon&r=x\",\"contentUrl\":\"https:\\\/\\\/secure.gravatar.com\\\/avatar\\\/c3b46e32a0fc3b093a0873fb767bf3293de856293065e84ef06b7ec7a8acfb98?s=96&d=identicon&r=x\",\"caption\":\"Charge\"},\"url\":\"https:\\\/\\\/sindromecharge.es\\\/index.php\\\/author\\\/admin\\\/\"}]}<\/script>\n<!-- \/ Yoast SEO plugin. -->","yoast_head_json":{"title":"Laura Mendoza, sobre adoptar animales con discapacidad: \"Hay muchos mitos y miedos de no estar a la altura\" - Asociaci\u00f3n Espa\u00f1ola S\u00edndrome de Charge","robots":{"index":"index","follow":"follow","max-snippet":"max-snippet:-1","max-image-preview":"max-image-preview:large","max-video-preview":"max-video-preview:-1"},"canonical":"https:\/\/sindromecharge.es\/index.php\/2024\/08\/21\/laura-mendoza-sobre-adoptar-animales-con-discapacidad-hay-muchos-mitos-miedos-no-estar-altura\/","og_locale":"es_ES","og_type":"article","og_title":"Laura Mendoza, sobre adoptar animales con discapacidad: \"Hay muchos mitos y miedos de no estar a la altura\" - Asociaci\u00f3n Espa\u00f1ola S\u00edndrome de Charge","og_description":"Mendoza adopt\u00f3 a Moira, una gata paral\u00edtica y con una pata delantera deformada a la que est\u00e1 sacando adelante.","og_url":"https:\/\/sindromecharge.es\/index.php\/2024\/08\/21\/laura-mendoza-sobre-adoptar-animales-con-discapacidad-hay-muchos-mitos-miedos-no-estar-altura\/","og_site_name":"Asociaci\u00f3n Espa\u00f1ola S\u00edndrome de Charge","article_publisher":"https:\/\/www.facebook.com\/asociacionsindromecharge","article_published_time":"2024-08-21T05:42:54+00:00","og_image":[{"width":300,"height":98,"url":"https:\/\/sindromecharge.es\/wp-content\/uploads\/2013\/09\/logodecharge300x98.png","type":"image\/png"}],"author":"Charge","twitter_card":"summary_large_image","twitter_creator":"@sindromecharge","twitter_site":"@sindromecharge","twitter_misc":{"Escrito por":"Charge","Tiempo de lectura":"6 minutos"},"schema":{"@context":"https:\/\/schema.org","@graph":[{"@type":"Article","@id":"https:\/\/sindromecharge.es\/index.php\/2024\/08\/21\/laura-mendoza-sobre-adoptar-animales-con-discapacidad-hay-muchos-mitos-miedos-no-estar-altura\/#article","isPartOf":{"@id":"https:\/\/sindromecharge.es\/index.php\/2024\/08\/21\/laura-mendoza-sobre-adoptar-animales-con-discapacidad-hay-muchos-mitos-miedos-no-estar-altura\/"},"author":{"name":"Charge","@id":"https:\/\/sindromecharge.es\/#\/schema\/person\/39a60ebe0a2b4d5a11179701e336b039"},"headline":"Laura Mendoza, sobre adoptar animales con discapacidad: \u00abHay muchos mitos y miedos de no estar a la altura\u00bb","datePublished":"2024-08-21T05:42:54+00:00","mainEntityOfPage":{"@id":"https:\/\/sindromecharge.es\/index.php\/2024\/08\/21\/laura-mendoza-sobre-adoptar-animales-con-discapacidad-hay-muchos-mitos-miedos-no-estar-altura\/"},"wordCount":1122,"articleSection":["noticias"],"inLanguage":"es"},{"@type":"WebPage","@id":"https:\/\/sindromecharge.es\/index.php\/2024\/08\/21\/laura-mendoza-sobre-adoptar-animales-con-discapacidad-hay-muchos-mitos-miedos-no-estar-altura\/","url":"https:\/\/sindromecharge.es\/index.php\/2024\/08\/21\/laura-mendoza-sobre-adoptar-animales-con-discapacidad-hay-muchos-mitos-miedos-no-estar-altura\/","name":"Laura Mendoza, sobre adoptar animales con discapacidad: \"Hay muchos mitos y miedos de no estar a la altura\" - Asociaci\u00f3n Espa\u00f1ola S\u00edndrome de Charge","isPartOf":{"@id":"https:\/\/sindromecharge.es\/#website"},"datePublished":"2024-08-21T05:42:54+00:00","author":{"@id":"https:\/\/sindromecharge.es\/#\/schema\/person\/39a60ebe0a2b4d5a11179701e336b039"},"breadcrumb":{"@id":"https:\/\/sindromecharge.es\/index.php\/2024\/08\/21\/laura-mendoza-sobre-adoptar-animales-con-discapacidad-hay-muchos-mitos-miedos-no-estar-altura\/#breadcrumb"},"inLanguage":"es","potentialAction":[{"@type":"ReadAction","target":["https:\/\/sindromecharge.es\/index.php\/2024\/08\/21\/laura-mendoza-sobre-adoptar-animales-con-discapacidad-hay-muchos-mitos-miedos-no-estar-altura\/"]}]},{"@type":"BreadcrumbList","@id":"https:\/\/sindromecharge.es\/index.php\/2024\/08\/21\/laura-mendoza-sobre-adoptar-animales-con-discapacidad-hay-muchos-mitos-miedos-no-estar-altura\/#breadcrumb","itemListElement":[{"@type":"ListItem","position":1,"name":"Portada","item":"https:\/\/sindromecharge.es\/"},{"@type":"ListItem","position":2,"name":"Laura Mendoza, sobre adoptar animales con discapacidad: &#8220;Hay muchos mitos y miedos de no estar a la altura&#8221;"}]},{"@type":"WebSite","@id":"https:\/\/sindromecharge.es\/#website","url":"https:\/\/sindromecharge.es\/","name":"Asociaci\u00f3n Espa\u00f1ola S\u00edndrome de Charge","description":"","potentialAction":[{"@type":"SearchAction","target":{"@type":"EntryPoint","urlTemplate":"https:\/\/sindromecharge.es\/?s={search_term_string}"},"query-input":{"@type":"PropertyValueSpecification","valueRequired":true,"valueName":"search_term_string"}}],"inLanguage":"es"},{"@type":"Person","@id":"https:\/\/sindromecharge.es\/#\/schema\/person\/39a60ebe0a2b4d5a11179701e336b039","name":"Charge","image":{"@type":"ImageObject","inLanguage":"es","@id":"https:\/\/secure.gravatar.com\/avatar\/c3b46e32a0fc3b093a0873fb767bf3293de856293065e84ef06b7ec7a8acfb98?s=96&d=identicon&r=x","url":"https:\/\/secure.gravatar.com\/avatar\/c3b46e32a0fc3b093a0873fb767bf3293de856293065e84ef06b7ec7a8acfb98?s=96&d=identicon&r=x","contentUrl":"https:\/\/secure.gravatar.com\/avatar\/c3b46e32a0fc3b093a0873fb767bf3293de856293065e84ef06b7ec7a8acfb98?s=96&d=identicon&r=x","caption":"Charge"},"url":"https:\/\/sindromecharge.es\/index.php\/author\/admin\/"}]}},"_links":{"self":[{"href":"https:\/\/sindromecharge.es\/index.php\/wp-json\/wp\/v2\/posts\/10251","targetHints":{"allow":["GET"]}}],"collection":[{"href":"https:\/\/sindromecharge.es\/index.php\/wp-json\/wp\/v2\/posts"}],"about":[{"href":"https:\/\/sindromecharge.es\/index.php\/wp-json\/wp\/v2\/types\/post"}],"author":[{"embeddable":true,"href":"https:\/\/sindromecharge.es\/index.php\/wp-json\/wp\/v2\/users\/1"}],"replies":[{"embeddable":true,"href":"https:\/\/sindromecharge.es\/index.php\/wp-json\/wp\/v2\/comments?post=10251"}],"version-history":[{"count":0,"href":"https:\/\/sindromecharge.es\/index.php\/wp-json\/wp\/v2\/posts\/10251\/revisions"}],"wp:attachment":[{"href":"https:\/\/sindromecharge.es\/index.php\/wp-json\/wp\/v2\/media?parent=10251"}],"wp:term":[{"taxonomy":"category","embeddable":true,"href":"https:\/\/sindromecharge.es\/index.php\/wp-json\/wp\/v2\/categories?post=10251"},{"taxonomy":"post_tag","embeddable":true,"href":"https:\/\/sindromecharge.es\/index.php\/wp-json\/wp\/v2\/tags?post=10251"}],"curies":[{"name":"wp","href":"https:\/\/api.w.org\/{rel}","templated":true}]}}