{"id":10250,"date":"2024-08-20T09:37:59","date_gmt":"2024-08-20T09:37:59","guid":{"rendered":"https:\/\/sindromecharge.es\/index.php\/2024\/08\/20\/las-personas-con-discapacidad-intelectual-que-viven-pisos-conectados-su-barrio-tienen-mejor-calidad-vida\/"},"modified":"2024-08-20T09:37:59","modified_gmt":"2024-08-20T09:37:59","slug":"las-personas-con-discapacidad-intelectual-que-viven-pisos-conectados-su-barrio-tienen-mejor-calidad-vida","status":"publish","type":"post","link":"https:\/\/sindromecharge.es\/index.php\/2024\/08\/20\/las-personas-con-discapacidad-intelectual-que-viven-pisos-conectados-su-barrio-tienen-mejor-calidad-vida\/","title":{"rendered":"Las personas con discapacidad intelectual que viven &#8216;en comunidad&#8217; tienen mejor calidad de vida"},"content":{"rendered":"<p>Leemos en Discapacidad la siguiente noticia que os reproducimos de forma \u00edntegra: <\/p>\n<div>\n<p>Un equipo de la Universidad de Salamanca ha evidenciado en el <b>proyecto \u2018Mi casa: una vida en comunidad\u2019<\/b>, de Plena inclusi\u00f3n Espa\u00f1a, que residir en <b>pisos conectados con la comunidad<\/b> de su barrio o pueblo mejora la calidad de vida de las personas con discapacidad intelectual.<\/p>\n<p>Esta iniciativa promueve un<b> modelo de vivienda en barrios y pueblos<\/b> como alternativa al modelo actual de grandes residencias en las que viven miles de personas en todo el pa\u00eds. Para ello cuenta con el impulso del Ministerio de Derechos Sociales, Consumo y Agenda 2030 y con financiaci\u00f3n de los <b><a href=\"https:\/\/www.20minutos.es\/minuteca\/fondos-next-generation\/\" title=\"Fondos Next Generation\" target=\"_blank\" rel=\"noopener\">Fondos de la UE Next Generation<\/a><\/b>.<\/p>\n<p>Un equipo del instituto Inico de la Universidad de Salamanca, especializado en<b> estudios sobre discapacidad<\/b> en \u00e1mbitos comunitarios, lleva meses investigando c\u00f3mo el tr\u00e1nsito de un \u00e1mbito residencial a una vivienda en comunidad mejora las circunstancias objetivas de calidad de vida de las personas con <a href=\"https:\/\/www.20minutos.es\/minuteca\/discapacidad-intelectual\/\" title=\"Discapacidad intelectual\" target=\"_blank\" rel=\"noopener\">discapacidad intelectual<\/a> y grandes necesidades de apoyo.<\/p>\n<p>Para la investigadora del Inico Patricia Navas, \u00abla tendencia de esta evaluaci\u00f3n habla de un<b> notable impacto en la percepci\u00f3n de mejora de la calidad de vida<\/b> para una gran mayor\u00eda de las 285 personas con <a href=\"https:\/\/www.20minutos.es\/minuteca\/discapacidad\/\" title=\"Discapacidad\" target=\"_blank\" rel=\"noopener\">discapacidad<\/a> intelectual que participan en el proyecto\u00bb. <\/p>\n<p>Adem\u00e1s, se intuye una<b> reducci\u00f3n de los problemas de conducta<\/b> de aquellas personas que los manifestaban antes de entrar en las viviendas en comunidad. Tambi\u00e9n se destaca el <b>aumento en la participaci\u00f3n<\/b> y el control que estas personas tienen sobre sus propias vidas respecto a la elecci\u00f3n de actividades de ocio en la comunidad, el modo en el que comparten la vida en casa, o la elecci\u00f3n sobre cuestiones cotidianas: ropa, comida, etc.<\/p>\n<p>El proyecto<b> &#8216;Mi Casa&#8217; finaliza en diciembre de 2024<\/b>, momento en el que se compartir\u00e1n los resultados definitivos logrados a partir de las investigaciones realizadas sobre aspectos como la mejora en la calidad de vida de las personas con discapacidad intelectual que participan, el proceso de <b>desinstitucionalizaci\u00f3n<\/b> y vinculaci\u00f3n con la comunidad y soluciones innovadoras y nuevos perfiles profesionales de apoyo a personas con discapacidad intelectual y grandes necesidades de apoyo.<\/p>\n<p>Esta iniciativa entra ahora en la fase de generaci\u00f3n de evidencias a trav\u00e9s de los datos procedentes del an\u00e1lisis de la <b>vida en pisos de 285 personas con discapacidad intelectual<\/b>, en 35 pueblos y ciudades de Canarias, Murcia, Arag\u00f3n, Andaluc\u00eda, Castilla-La Mancha, Catalu\u00f1a y Madrid.<\/p>\n<p>Para la coordinadora de<b> Plena inclusi\u00f3n Espa\u00f1a<\/b> del proyecto \u2018Mi Casa\u2019, Sof\u00eda Reyes, las tendencias que ahora se presentan \u00abse convertir\u00e1n en evidencias, cuando tengamos resultados definitivos con los que validar la hip\u00f3tesis que apunta a que las nuevas pol\u00edticas p\u00fablicas en el \u00e1mbito de los cuidados y apoyos deben <b>dar respuestas m\u00e1s personalizadas y en conexi\u00f3n con la comunidad<\/b> a las personas con discapacidad intelectual que han estado institucionalizadas\u00bb. Y a\u00f1adi\u00f3 \u00abnecesitamos que el apoyo de las administraciones p\u00fablicas se prolongue en el tiempo para que un nuevo modelo de servicios sociales sea posible\u00bb. <\/p>\n<\/div>\n<p>Fuente: Discapacidad https:\/\/www.20minutos.es\/noticia\/5589254\/0\/las-personas-con-discapacidad-intelectual-que-viven-pisos-conectados-su-barrio-tienen-mejor-calidad-vida\/<\/p>\n","protected":false},"excerpt":{"rendered":"<p>La Universidad de Salamanca ha evaluado el impacto de en el proyecto \u2018Mi casa: una vida en comunidad\u2019, un proyecto de Plena Inclusi\u00f3n Espa\u00f1a financiado por los Fondos Next Generation.<\/p>\n","protected":false},"author":1,"featured_media":0,"comment_status":"closed","ping_status":"closed","sticky":false,"template":"","format":"standard","meta":{"footnotes":""},"categories":[8],"tags":[],"class_list":["post-10250","post","type-post","status-publish","format-standard","hentry","category-noticias"],"yoast_head":"<!-- This site is optimized with the Yoast SEO plugin v27.4 - https:\/\/yoast.com\/product\/yoast-seo-wordpress\/ -->\n<title>Las personas con discapacidad intelectual que viven &#039;en comunidad&#039; tienen mejor calidad de vida - Asociaci\u00f3n Espa\u00f1ola S\u00edndrome de Charge<\/title>\n<meta name=\"robots\" content=\"index, follow, max-snippet:-1, max-image-preview:large, max-video-preview:-1\" \/>\n<link rel=\"canonical\" href=\"https:\/\/sindromecharge.es\/index.php\/2024\/08\/20\/las-personas-con-discapacidad-intelectual-que-viven-pisos-conectados-su-barrio-tienen-mejor-calidad-vida\/\" \/>\n<meta property=\"og:locale\" content=\"es_ES\" \/>\n<meta property=\"og:type\" content=\"article\" \/>\n<meta property=\"og:title\" content=\"Las personas con discapacidad intelectual que viven &#039;en comunidad&#039; tienen mejor calidad de vida - Asociaci\u00f3n Espa\u00f1ola S\u00edndrome de Charge\" \/>\n<meta property=\"og:description\" content=\"La Universidad de Salamanca ha evaluado el impacto de en el proyecto \u2018Mi casa: una vida en comunidad\u2019, un proyecto de Plena Inclusi\u00f3n Espa\u00f1a financiado por los Fondos Next Generation.\" \/>\n<meta property=\"og:url\" content=\"https:\/\/sindromecharge.es\/index.php\/2024\/08\/20\/las-personas-con-discapacidad-intelectual-que-viven-pisos-conectados-su-barrio-tienen-mejor-calidad-vida\/\" \/>\n<meta property=\"og:site_name\" content=\"Asociaci\u00f3n Espa\u00f1ola S\u00edndrome de Charge\" \/>\n<meta property=\"article:publisher\" content=\"https:\/\/www.facebook.com\/asociacionsindromecharge\" \/>\n<meta property=\"article:published_time\" content=\"2024-08-20T09:37:59+00:00\" \/>\n<meta property=\"og:image\" content=\"https:\/\/sindromecharge.es\/wp-content\/uploads\/2013\/09\/logodecharge300x98.png\" \/>\n\t<meta property=\"og:image:width\" content=\"300\" \/>\n\t<meta property=\"og:image:height\" content=\"98\" \/>\n\t<meta property=\"og:image:type\" content=\"image\/png\" \/>\n<meta name=\"author\" content=\"Charge\" \/>\n<meta name=\"twitter:card\" content=\"summary_large_image\" \/>\n<meta name=\"twitter:creator\" content=\"@sindromecharge\" \/>\n<meta name=\"twitter:site\" content=\"@sindromecharge\" \/>\n<meta name=\"twitter:label1\" content=\"Escrito por\" \/>\n\t<meta name=\"twitter:data1\" content=\"Charge\" \/>\n\t<meta name=\"twitter:label2\" content=\"Tiempo de lectura\" \/>\n\t<meta name=\"twitter:data2\" content=\"3 minutos\" \/>\n<script type=\"application\/ld+json\" class=\"yoast-schema-graph\">{\"@context\":\"https:\\\/\\\/schema.org\",\"@graph\":[{\"@type\":\"Article\",\"@id\":\"https:\\\/\\\/sindromecharge.es\\\/index.php\\\/2024\\\/08\\\/20\\\/las-personas-con-discapacidad-intelectual-que-viven-pisos-conectados-su-barrio-tienen-mejor-calidad-vida\\\/#article\",\"isPartOf\":{\"@id\":\"https:\\\/\\\/sindromecharge.es\\\/index.php\\\/2024\\\/08\\\/20\\\/las-personas-con-discapacidad-intelectual-que-viven-pisos-conectados-su-barrio-tienen-mejor-calidad-vida\\\/\"},\"author\":{\"name\":\"Charge\",\"@id\":\"https:\\\/\\\/sindromecharge.es\\\/#\\\/schema\\\/person\\\/39a60ebe0a2b4d5a11179701e336b039\"},\"headline\":\"Las personas con discapacidad intelectual que viven &#8216;en comunidad&#8217; tienen mejor calidad de vida\",\"datePublished\":\"2024-08-20T09:37:59+00:00\",\"mainEntityOfPage\":{\"@id\":\"https:\\\/\\\/sindromecharge.es\\\/index.php\\\/2024\\\/08\\\/20\\\/las-personas-con-discapacidad-intelectual-que-viven-pisos-conectados-su-barrio-tienen-mejor-calidad-vida\\\/\"},\"wordCount\":545,\"articleSection\":[\"noticias\"],\"inLanguage\":\"es\"},{\"@type\":\"WebPage\",\"@id\":\"https:\\\/\\\/sindromecharge.es\\\/index.php\\\/2024\\\/08\\\/20\\\/las-personas-con-discapacidad-intelectual-que-viven-pisos-conectados-su-barrio-tienen-mejor-calidad-vida\\\/\",\"url\":\"https:\\\/\\\/sindromecharge.es\\\/index.php\\\/2024\\\/08\\\/20\\\/las-personas-con-discapacidad-intelectual-que-viven-pisos-conectados-su-barrio-tienen-mejor-calidad-vida\\\/\",\"name\":\"Las personas con discapacidad intelectual que viven 'en comunidad' tienen mejor calidad de vida - Asociaci\u00f3n Espa\u00f1ola S\u00edndrome de Charge\",\"isPartOf\":{\"@id\":\"https:\\\/\\\/sindromecharge.es\\\/#website\"},\"datePublished\":\"2024-08-20T09:37:59+00:00\",\"author\":{\"@id\":\"https:\\\/\\\/sindromecharge.es\\\/#\\\/schema\\\/person\\\/39a60ebe0a2b4d5a11179701e336b039\"},\"breadcrumb\":{\"@id\":\"https:\\\/\\\/sindromecharge.es\\\/index.php\\\/2024\\\/08\\\/20\\\/las-personas-con-discapacidad-intelectual-que-viven-pisos-conectados-su-barrio-tienen-mejor-calidad-vida\\\/#breadcrumb\"},\"inLanguage\":\"es\",\"potentialAction\":[{\"@type\":\"ReadAction\",\"target\":[\"https:\\\/\\\/sindromecharge.es\\\/index.php\\\/2024\\\/08\\\/20\\\/las-personas-con-discapacidad-intelectual-que-viven-pisos-conectados-su-barrio-tienen-mejor-calidad-vida\\\/\"]}]},{\"@type\":\"BreadcrumbList\",\"@id\":\"https:\\\/\\\/sindromecharge.es\\\/index.php\\\/2024\\\/08\\\/20\\\/las-personas-con-discapacidad-intelectual-que-viven-pisos-conectados-su-barrio-tienen-mejor-calidad-vida\\\/#breadcrumb\",\"itemListElement\":[{\"@type\":\"ListItem\",\"position\":1,\"name\":\"Portada\",\"item\":\"https:\\\/\\\/sindromecharge.es\\\/\"},{\"@type\":\"ListItem\",\"position\":2,\"name\":\"Las personas con discapacidad intelectual que viven &#8216;en comunidad&#8217; tienen mejor calidad de vida\"}]},{\"@type\":\"WebSite\",\"@id\":\"https:\\\/\\\/sindromecharge.es\\\/#website\",\"url\":\"https:\\\/\\\/sindromecharge.es\\\/\",\"name\":\"Asociaci\u00f3n Espa\u00f1ola S\u00edndrome de Charge\",\"description\":\"\",\"potentialAction\":[{\"@type\":\"SearchAction\",\"target\":{\"@type\":\"EntryPoint\",\"urlTemplate\":\"https:\\\/\\\/sindromecharge.es\\\/?s={search_term_string}\"},\"query-input\":{\"@type\":\"PropertyValueSpecification\",\"valueRequired\":true,\"valueName\":\"search_term_string\"}}],\"inLanguage\":\"es\"},{\"@type\":\"Person\",\"@id\":\"https:\\\/\\\/sindromecharge.es\\\/#\\\/schema\\\/person\\\/39a60ebe0a2b4d5a11179701e336b039\",\"name\":\"Charge\",\"image\":{\"@type\":\"ImageObject\",\"inLanguage\":\"es\",\"@id\":\"https:\\\/\\\/secure.gravatar.com\\\/avatar\\\/c3b46e32a0fc3b093a0873fb767bf3293de856293065e84ef06b7ec7a8acfb98?s=96&d=identicon&r=x\",\"url\":\"https:\\\/\\\/secure.gravatar.com\\\/avatar\\\/c3b46e32a0fc3b093a0873fb767bf3293de856293065e84ef06b7ec7a8acfb98?s=96&d=identicon&r=x\",\"contentUrl\":\"https:\\\/\\\/secure.gravatar.com\\\/avatar\\\/c3b46e32a0fc3b093a0873fb767bf3293de856293065e84ef06b7ec7a8acfb98?s=96&d=identicon&r=x\",\"caption\":\"Charge\"},\"url\":\"https:\\\/\\\/sindromecharge.es\\\/index.php\\\/author\\\/admin\\\/\"}]}<\/script>\n<!-- \/ Yoast SEO plugin. -->","yoast_head_json":{"title":"Las personas con discapacidad intelectual que viven 'en comunidad' tienen mejor calidad de vida - Asociaci\u00f3n Espa\u00f1ola S\u00edndrome de Charge","robots":{"index":"index","follow":"follow","max-snippet":"max-snippet:-1","max-image-preview":"max-image-preview:large","max-video-preview":"max-video-preview:-1"},"canonical":"https:\/\/sindromecharge.es\/index.php\/2024\/08\/20\/las-personas-con-discapacidad-intelectual-que-viven-pisos-conectados-su-barrio-tienen-mejor-calidad-vida\/","og_locale":"es_ES","og_type":"article","og_title":"Las personas con discapacidad intelectual que viven 'en comunidad' tienen mejor calidad de vida - Asociaci\u00f3n Espa\u00f1ola S\u00edndrome de Charge","og_description":"La Universidad de Salamanca ha evaluado el impacto de en el proyecto \u2018Mi casa: una vida en comunidad\u2019, un proyecto de Plena Inclusi\u00f3n Espa\u00f1a financiado por los Fondos Next Generation.","og_url":"https:\/\/sindromecharge.es\/index.php\/2024\/08\/20\/las-personas-con-discapacidad-intelectual-que-viven-pisos-conectados-su-barrio-tienen-mejor-calidad-vida\/","og_site_name":"Asociaci\u00f3n Espa\u00f1ola S\u00edndrome de Charge","article_publisher":"https:\/\/www.facebook.com\/asociacionsindromecharge","article_published_time":"2024-08-20T09:37:59+00:00","og_image":[{"width":300,"height":98,"url":"https:\/\/sindromecharge.es\/wp-content\/uploads\/2013\/09\/logodecharge300x98.png","type":"image\/png"}],"author":"Charge","twitter_card":"summary_large_image","twitter_creator":"@sindromecharge","twitter_site":"@sindromecharge","twitter_misc":{"Escrito por":"Charge","Tiempo de lectura":"3 minutos"},"schema":{"@context":"https:\/\/schema.org","@graph":[{"@type":"Article","@id":"https:\/\/sindromecharge.es\/index.php\/2024\/08\/20\/las-personas-con-discapacidad-intelectual-que-viven-pisos-conectados-su-barrio-tienen-mejor-calidad-vida\/#article","isPartOf":{"@id":"https:\/\/sindromecharge.es\/index.php\/2024\/08\/20\/las-personas-con-discapacidad-intelectual-que-viven-pisos-conectados-su-barrio-tienen-mejor-calidad-vida\/"},"author":{"name":"Charge","@id":"https:\/\/sindromecharge.es\/#\/schema\/person\/39a60ebe0a2b4d5a11179701e336b039"},"headline":"Las personas con discapacidad intelectual que viven &#8216;en comunidad&#8217; tienen mejor calidad de vida","datePublished":"2024-08-20T09:37:59+00:00","mainEntityOfPage":{"@id":"https:\/\/sindromecharge.es\/index.php\/2024\/08\/20\/las-personas-con-discapacidad-intelectual-que-viven-pisos-conectados-su-barrio-tienen-mejor-calidad-vida\/"},"wordCount":545,"articleSection":["noticias"],"inLanguage":"es"},{"@type":"WebPage","@id":"https:\/\/sindromecharge.es\/index.php\/2024\/08\/20\/las-personas-con-discapacidad-intelectual-que-viven-pisos-conectados-su-barrio-tienen-mejor-calidad-vida\/","url":"https:\/\/sindromecharge.es\/index.php\/2024\/08\/20\/las-personas-con-discapacidad-intelectual-que-viven-pisos-conectados-su-barrio-tienen-mejor-calidad-vida\/","name":"Las personas con discapacidad intelectual que viven 'en comunidad' tienen mejor calidad de vida - Asociaci\u00f3n Espa\u00f1ola S\u00edndrome de Charge","isPartOf":{"@id":"https:\/\/sindromecharge.es\/#website"},"datePublished":"2024-08-20T09:37:59+00:00","author":{"@id":"https:\/\/sindromecharge.es\/#\/schema\/person\/39a60ebe0a2b4d5a11179701e336b039"},"breadcrumb":{"@id":"https:\/\/sindromecharge.es\/index.php\/2024\/08\/20\/las-personas-con-discapacidad-intelectual-que-viven-pisos-conectados-su-barrio-tienen-mejor-calidad-vida\/#breadcrumb"},"inLanguage":"es","potentialAction":[{"@type":"ReadAction","target":["https:\/\/sindromecharge.es\/index.php\/2024\/08\/20\/las-personas-con-discapacidad-intelectual-que-viven-pisos-conectados-su-barrio-tienen-mejor-calidad-vida\/"]}]},{"@type":"BreadcrumbList","@id":"https:\/\/sindromecharge.es\/index.php\/2024\/08\/20\/las-personas-con-discapacidad-intelectual-que-viven-pisos-conectados-su-barrio-tienen-mejor-calidad-vida\/#breadcrumb","itemListElement":[{"@type":"ListItem","position":1,"name":"Portada","item":"https:\/\/sindromecharge.es\/"},{"@type":"ListItem","position":2,"name":"Las personas con discapacidad intelectual que viven &#8216;en comunidad&#8217; tienen mejor calidad de vida"}]},{"@type":"WebSite","@id":"https:\/\/sindromecharge.es\/#website","url":"https:\/\/sindromecharge.es\/","name":"Asociaci\u00f3n Espa\u00f1ola S\u00edndrome de Charge","description":"","potentialAction":[{"@type":"SearchAction","target":{"@type":"EntryPoint","urlTemplate":"https:\/\/sindromecharge.es\/?s={search_term_string}"},"query-input":{"@type":"PropertyValueSpecification","valueRequired":true,"valueName":"search_term_string"}}],"inLanguage":"es"},{"@type":"Person","@id":"https:\/\/sindromecharge.es\/#\/schema\/person\/39a60ebe0a2b4d5a11179701e336b039","name":"Charge","image":{"@type":"ImageObject","inLanguage":"es","@id":"https:\/\/secure.gravatar.com\/avatar\/c3b46e32a0fc3b093a0873fb767bf3293de856293065e84ef06b7ec7a8acfb98?s=96&d=identicon&r=x","url":"https:\/\/secure.gravatar.com\/avatar\/c3b46e32a0fc3b093a0873fb767bf3293de856293065e84ef06b7ec7a8acfb98?s=96&d=identicon&r=x","contentUrl":"https:\/\/secure.gravatar.com\/avatar\/c3b46e32a0fc3b093a0873fb767bf3293de856293065e84ef06b7ec7a8acfb98?s=96&d=identicon&r=x","caption":"Charge"},"url":"https:\/\/sindromecharge.es\/index.php\/author\/admin\/"}]}},"_links":{"self":[{"href":"https:\/\/sindromecharge.es\/index.php\/wp-json\/wp\/v2\/posts\/10250","targetHints":{"allow":["GET"]}}],"collection":[{"href":"https:\/\/sindromecharge.es\/index.php\/wp-json\/wp\/v2\/posts"}],"about":[{"href":"https:\/\/sindromecharge.es\/index.php\/wp-json\/wp\/v2\/types\/post"}],"author":[{"embeddable":true,"href":"https:\/\/sindromecharge.es\/index.php\/wp-json\/wp\/v2\/users\/1"}],"replies":[{"embeddable":true,"href":"https:\/\/sindromecharge.es\/index.php\/wp-json\/wp\/v2\/comments?post=10250"}],"version-history":[{"count":0,"href":"https:\/\/sindromecharge.es\/index.php\/wp-json\/wp\/v2\/posts\/10250\/revisions"}],"wp:attachment":[{"href":"https:\/\/sindromecharge.es\/index.php\/wp-json\/wp\/v2\/media?parent=10250"}],"wp:term":[{"taxonomy":"category","embeddable":true,"href":"https:\/\/sindromecharge.es\/index.php\/wp-json\/wp\/v2\/categories?post=10250"},{"taxonomy":"post_tag","embeddable":true,"href":"https:\/\/sindromecharge.es\/index.php\/wp-json\/wp\/v2\/tags?post=10250"}],"curies":[{"name":"wp","href":"https:\/\/api.w.org\/{rel}","templated":true}]}}