{"id":10249,"date":"2024-08-19T07:14:50","date_gmt":"2024-08-19T07:14:50","guid":{"rendered":"https:\/\/sindromecharge.es\/index.php\/2024\/08\/19\/una-exaspirante-espanola-astronauta-afirma-que-gobernar-mente-es-tecnica-para-luchar-ante-las-adversidades\/"},"modified":"2024-08-19T07:14:50","modified_gmt":"2024-08-19T07:14:50","slug":"una-exaspirante-espanola-astronauta-afirma-que-gobernar-mente-es-tecnica-para-luchar-ante-las-adversidades","status":"publish","type":"post","link":"https:\/\/sindromecharge.es\/index.php\/2024\/08\/19\/una-exaspirante-espanola-astronauta-afirma-que-gobernar-mente-es-tecnica-para-luchar-ante-las-adversidades\/","title":{"rendered":"Carmen Garc\u00eda Roger, candidata a astronauta con discapacidad: \u00abEl talento est\u00e1 presente en todas partes\u00bb"},"content":{"rendered":"<p>Leemos en Discapacidad la siguiente noticia que os reproducimos de forma \u00edntegra: <\/p>\n<div>\n<p>La que fue candidata hasta 2022 a astronauta con discapacidad por la <a href=\"https:\/\/www.20minutos.es\/minuteca\/agencia-espacial-europea-esa\/\" title=\"Agencia Espacial Europea (ESA)\" target=\"_blank\" rel=\"noopener\">Agencia Espacial Europea<\/a> (ESA) y autora del libro \u2018Astronauta, \u00bfy por qu\u00e9 no?\u2019, Carmen Garc\u00eda Roger, considera que la f\u00f3rmula para vencer dificultades tanto f\u00edsicas como emocionales es \u201cgobernar la mente, no creyendo los pensamientos negativos que haya en esos momentos, y as\u00ed superar adversidades, que<b> en mi caso es el dolor cr\u00f3nico<\/b>\u201d.<\/p>\n<p>As\u00ed lo enunci\u00f3 en una entrevista a Servimedia, en la que tambi\u00e9n reivindic\u00f3 que las personas con <a href=\"https:\/\/www.20minutos.es\/minuteca\/discapacidad\/\" title=\"Discapacidad\" target=\"_blank\" rel=\"noopener\">discapacidad<\/a>, \u201cen muchas ocasiones, no estamos en igualdad de condiciones para desarrollar nuestra vida\u201d.<\/p>\n<p>En este sentido, hizo referencia, principalmente, a la<b> falta de <a href=\"https:\/\/www.20minutos.es\/minuteca\/accesibilidad\/\" title=\"Accesibilidad\" target=\"_blank\" rel=\"noopener\">accesibilidad<\/a><\/b> de edificios y espacios habituales: \u201cTodav\u00eda hay muchos lugares donde no hay un ascensor y yo no puedo subir escaleras, y m\u00e1s de una vez tuve que solicitarlo. Si a m\u00ed me dan un ascensor, yo estar\u00e9 en la misma situaci\u00f3n que el resto de las personas\u201d.<\/p>\n<p>Garc\u00eda Roger, que es<b> licenciada en Ciencias Matem\u00e1ticas (Astronom\u00eda)<\/b> y especialista en Public Policies por Harvard, actualmente trabaja como directiva de Tecnolog\u00edas de la Informaci\u00f3n en el Ministerio de Hacienda y de la Funci\u00f3n P\u00fablica y<b> vive con dolor cr\u00f3nico desde los siete a\u00f1os<\/b>, tras haber pasado por 10 cirug\u00edas diferentes en sus articulaciones. Por su discapacidad, tiene<b> serias dificultades de movilidad<\/b>.<\/p>\n<h2>Vivir con dolor <\/h2>\n<p>La matem\u00e1tica tiene una<b> enfermedad degenerativa<\/b> y sus tobillos y las rodillas son las articulaciones m\u00e1s afectadas. \u201cMi cuerpo aguanta caminando o de pies sin dolores, como m\u00e1ximo, cinco minutos\u201d, describi\u00f3 Garc\u00eda Roger.<\/p>\n<p>As\u00ed, la <b>excandidata a astronauta con discapacidad<\/b> expres\u00f3 que \u201cel dolor cr\u00f3nico es una experiencia no solo f\u00edsica, sino tambi\u00e9n social y psicol\u00f3gica, porque no solo hace falta fuerza de voluntad para vivir con ello\u201d.<\/p>\n<p>En esta l\u00ednea, explic\u00f3 que ella realiza \u201ccada d\u00eda diferentes ejercicios de fisioterapia para ejercitar, por ejemplo, el abdomen y el resto de las articulaciones y m\u00fasculos del cuerpo porque son los que me dan el equilibrio que no me pueden dar mis tobillos\u201d.<\/p>\n<p>Adem\u00e1s, Garc\u00eda Roger hizo hincapi\u00e9 en que las personas con discapacidad tienen que pasar por un proceso \u201cnecesario\u201d, que es el de ser \u201c<b>consciente de las limitaciones<\/b>, ser capacidad de verbalizarlas para que otras personas puedan entenderlas y no reprimirnos ante lo que puedan pensar\u201d.<\/p>\n<h1>Si a m\u00ed me dan un ascensor, yo estar\u00e9 en la misma situaci\u00f3n que el resto de las personas<\/h1>\n<h2>Ser astronauta<\/h2>\n<p>En su reciente relato \u2018<i>Astronauta, \u00bfY por qu\u00e9 no?\u2019<\/i>, la astr\u00f3noma cuenta que desde peque\u00f1a so\u00f1\u00f3 con volar al espacio porque \u201ccontribuir e investigar sobre temas de salud desde el espacio era mi vocaci\u00f3n, es decir, la vocaci\u00f3n en Ciencias, Tecnolog\u00edas, Ingenier\u00edas y Matem\u00e1ticas (STEM)\u201d, dijo.<\/p>\n<p>As\u00ed, Garc\u00eda Roger<b> realiz\u00f3 diferentes fases entre 2021 y 2022 como candidata a ser astronauta con discapacidad por la ESA<\/b>, que es un tipo de convocatoria que la agencia espacial no hab\u00eda publicado desde el 2008.<\/p>\n<p>Este hecho no solo fue una alegr\u00eda para casi 23.000 personas que presentaron su solicitud, sino tambi\u00e9n para todo el sector de la discapacidad. De hecho, el presidente del Comit\u00e9 Espa\u00f1ol de Representantes de Personas con Discapacidad (<a href=\"https:\/\/www.20minutos.es\/minuteca\/cermi\/\" title=\"Cermi\" target=\"_blank\" rel=\"noopener\">Cermi<\/a>), Luis Cayo P\u00e9rez Bueno, consider\u00f3 que esa decisi\u00f3n de la ESA pone de manifiesto que \u00ab<b>el talento est\u00e1 presente en todas partes<\/b>\u201d y que \u00abno hay que excluir nunca\u00bb a las personas con discapacidad, \u00abincluso en \u00e1mbitos como este, en donde pueden y deben estar presentes\u201d.<\/p>\n<p>La excandidata por la ESA pas\u00f3 por hasta tres fases en las que realiz\u00f3 pruebas tanto t\u00e9cnicas de f\u00edsica o matem\u00e1ticas y en simuladores de vuelo como psicol\u00f3gicas. Todas ellas tuvieron lugar en las sedes de la agencia espacial en Hamburgo y Colonia (Alemania) y contaron con las <b>adaptaciones pertinentes para cada persona con discapacidad<\/b>.<\/p>\n<p>Garc\u00eda Roger detall\u00f3 que durante las pruebas en la ESA se plante\u00f3 c\u00f3mo ser\u00eda su forma de vida en el espacio y afirm\u00f3 que \u201c<b>la ingravidez me hubiera beneficiado para tener menos dolor<\/b>\u201d. Tambi\u00e9n, a\u00f1adi\u00f3 bromeando que, \u201cen ese sentido, vivir\u00eda mejor que en la Tierra\u201d.<\/p>\n<p>Sin embargo, ella no lleg\u00f3 a la fase final de la candidatura pero mostr\u00f3 su satisfacci\u00f3n por haber estado en este proceso y asegur\u00f3 que \u201cel espacio es para todo y para todos\u201d.<\/p>\n<h2>El &#8216;m\u00e9todo Roger&#8217;<\/h2>\n<p>Igualmente, este pensamiento positivo y su experiencia como candidata para astronauta con discapacidad esta reflejado en su libro, en el que describe su \u00abm\u00e9todo de vida\u201d, el <b>m\u00e9todo \u2018Roger\u2019<\/b>: ser \u2018Resiliente\u2019, perseverar en tus \u2018Objetivos\u2019, echarle \u2018Ganas\u2019, \u2018Empoderarte\u2019 y ser \u2018Realista\u2019.<\/p>\n<p>Su obra es un ejercicio de introspecci\u00f3n, una <b>reflexi\u00f3n casi filos\u00f3fica sobre la condici\u00f3n humana <\/b>y en particular sobre el miedo y los sue\u00f1os, sobre la gravedad y la ligereza, sobre ganar y perder, y sobre la necesidad de llevar una vida meditativa para \u201csaber qui\u00e9nes somos, qu\u00e9 ser y c\u00f3mo llegar a serlo y, sobre todo, preguntarnos el \u2018para qu\u00e9\u2019 de muestras acciones\u201d, concluy\u00f3 Garc\u00eda Roger.<\/p>\n<\/div>\n<p>Fuente: Discapacidad https:\/\/www.20minutos.es\/noticia\/5588925\/0\/una-exaspirante-espanola-astronauta-afirma-que-gobernar-mente-es-tecnica-para-luchar-ante-las-adversidades\/<\/p>\n","protected":false},"excerpt":{"rendered":"<p>Carmen Garc\u00eda Roger fue candidata a astronauta con discapacidad por la Agencia Espacial Europea (ESA).<\/p>\n","protected":false},"author":1,"featured_media":0,"comment_status":"closed","ping_status":"closed","sticky":false,"template":"","format":"standard","meta":{"footnotes":""},"categories":[8],"tags":[],"class_list":["post-10249","post","type-post","status-publish","format-standard","hentry","category-noticias"],"yoast_head":"<!-- This site is optimized with the Yoast SEO plugin v27.4 - https:\/\/yoast.com\/product\/yoast-seo-wordpress\/ -->\n<title>Carmen Garc\u00eda Roger, candidata a astronauta con discapacidad: &quot;El talento est\u00e1 presente en todas partes&quot; - Asociaci\u00f3n Espa\u00f1ola S\u00edndrome de Charge<\/title>\n<meta name=\"robots\" content=\"index, follow, max-snippet:-1, max-image-preview:large, max-video-preview:-1\" \/>\n<link rel=\"canonical\" href=\"https:\/\/sindromecharge.es\/index.php\/2024\/08\/19\/una-exaspirante-espanola-astronauta-afirma-que-gobernar-mente-es-tecnica-para-luchar-ante-las-adversidades\/\" \/>\n<meta property=\"og:locale\" content=\"es_ES\" \/>\n<meta property=\"og:type\" content=\"article\" \/>\n<meta property=\"og:title\" content=\"Carmen Garc\u00eda Roger, candidata a astronauta con discapacidad: &quot;El talento est\u00e1 presente en todas partes&quot; - Asociaci\u00f3n Espa\u00f1ola S\u00edndrome de Charge\" \/>\n<meta property=\"og:description\" content=\"Carmen Garc\u00eda Roger fue candidata a astronauta con discapacidad por la Agencia Espacial Europea (ESA).\" \/>\n<meta property=\"og:url\" content=\"https:\/\/sindromecharge.es\/index.php\/2024\/08\/19\/una-exaspirante-espanola-astronauta-afirma-que-gobernar-mente-es-tecnica-para-luchar-ante-las-adversidades\/\" \/>\n<meta property=\"og:site_name\" content=\"Asociaci\u00f3n Espa\u00f1ola S\u00edndrome de Charge\" \/>\n<meta property=\"article:publisher\" content=\"https:\/\/www.facebook.com\/asociacionsindromecharge\" \/>\n<meta property=\"article:published_time\" content=\"2024-08-19T07:14:50+00:00\" \/>\n<meta property=\"og:image\" content=\"https:\/\/sindromecharge.es\/wp-content\/uploads\/2013\/09\/logodecharge300x98.png\" \/>\n\t<meta property=\"og:image:width\" content=\"300\" \/>\n\t<meta property=\"og:image:height\" content=\"98\" \/>\n\t<meta property=\"og:image:type\" content=\"image\/png\" \/>\n<meta name=\"author\" content=\"Charge\" \/>\n<meta name=\"twitter:card\" content=\"summary_large_image\" \/>\n<meta name=\"twitter:creator\" content=\"@sindromecharge\" \/>\n<meta name=\"twitter:site\" content=\"@sindromecharge\" \/>\n<meta name=\"twitter:label1\" content=\"Escrito por\" \/>\n\t<meta name=\"twitter:data1\" content=\"Charge\" \/>\n\t<meta name=\"twitter:label2\" content=\"Tiempo de lectura\" \/>\n\t<meta name=\"twitter:data2\" content=\"4 minutos\" \/>\n<script type=\"application\/ld+json\" class=\"yoast-schema-graph\">{\"@context\":\"https:\\\/\\\/schema.org\",\"@graph\":[{\"@type\":\"Article\",\"@id\":\"https:\\\/\\\/sindromecharge.es\\\/index.php\\\/2024\\\/08\\\/19\\\/una-exaspirante-espanola-astronauta-afirma-que-gobernar-mente-es-tecnica-para-luchar-ante-las-adversidades\\\/#article\",\"isPartOf\":{\"@id\":\"https:\\\/\\\/sindromecharge.es\\\/index.php\\\/2024\\\/08\\\/19\\\/una-exaspirante-espanola-astronauta-afirma-que-gobernar-mente-es-tecnica-para-luchar-ante-las-adversidades\\\/\"},\"author\":{\"name\":\"Charge\",\"@id\":\"https:\\\/\\\/sindromecharge.es\\\/#\\\/schema\\\/person\\\/39a60ebe0a2b4d5a11179701e336b039\"},\"headline\":\"Carmen Garc\u00eda Roger, candidata a astronauta con discapacidad: \u00abEl talento est\u00e1 presente en todas partes\u00bb\",\"datePublished\":\"2024-08-19T07:14:50+00:00\",\"mainEntityOfPage\":{\"@id\":\"https:\\\/\\\/sindromecharge.es\\\/index.php\\\/2024\\\/08\\\/19\\\/una-exaspirante-espanola-astronauta-afirma-que-gobernar-mente-es-tecnica-para-luchar-ante-las-adversidades\\\/\"},\"wordCount\":906,\"articleSection\":[\"noticias\"],\"inLanguage\":\"es\"},{\"@type\":\"WebPage\",\"@id\":\"https:\\\/\\\/sindromecharge.es\\\/index.php\\\/2024\\\/08\\\/19\\\/una-exaspirante-espanola-astronauta-afirma-que-gobernar-mente-es-tecnica-para-luchar-ante-las-adversidades\\\/\",\"url\":\"https:\\\/\\\/sindromecharge.es\\\/index.php\\\/2024\\\/08\\\/19\\\/una-exaspirante-espanola-astronauta-afirma-que-gobernar-mente-es-tecnica-para-luchar-ante-las-adversidades\\\/\",\"name\":\"Carmen Garc\u00eda Roger, candidata a astronauta con discapacidad: \\\"El talento est\u00e1 presente en todas partes\\\" - Asociaci\u00f3n Espa\u00f1ola S\u00edndrome de Charge\",\"isPartOf\":{\"@id\":\"https:\\\/\\\/sindromecharge.es\\\/#website\"},\"datePublished\":\"2024-08-19T07:14:50+00:00\",\"author\":{\"@id\":\"https:\\\/\\\/sindromecharge.es\\\/#\\\/schema\\\/person\\\/39a60ebe0a2b4d5a11179701e336b039\"},\"breadcrumb\":{\"@id\":\"https:\\\/\\\/sindromecharge.es\\\/index.php\\\/2024\\\/08\\\/19\\\/una-exaspirante-espanola-astronauta-afirma-que-gobernar-mente-es-tecnica-para-luchar-ante-las-adversidades\\\/#breadcrumb\"},\"inLanguage\":\"es\",\"potentialAction\":[{\"@type\":\"ReadAction\",\"target\":[\"https:\\\/\\\/sindromecharge.es\\\/index.php\\\/2024\\\/08\\\/19\\\/una-exaspirante-espanola-astronauta-afirma-que-gobernar-mente-es-tecnica-para-luchar-ante-las-adversidades\\\/\"]}]},{\"@type\":\"BreadcrumbList\",\"@id\":\"https:\\\/\\\/sindromecharge.es\\\/index.php\\\/2024\\\/08\\\/19\\\/una-exaspirante-espanola-astronauta-afirma-que-gobernar-mente-es-tecnica-para-luchar-ante-las-adversidades\\\/#breadcrumb\",\"itemListElement\":[{\"@type\":\"ListItem\",\"position\":1,\"name\":\"Portada\",\"item\":\"https:\\\/\\\/sindromecharge.es\\\/\"},{\"@type\":\"ListItem\",\"position\":2,\"name\":\"Carmen Garc\u00eda Roger, candidata a astronauta con discapacidad: &#8220;El talento est\u00e1 presente en todas partes&#8221;\"}]},{\"@type\":\"WebSite\",\"@id\":\"https:\\\/\\\/sindromecharge.es\\\/#website\",\"url\":\"https:\\\/\\\/sindromecharge.es\\\/\",\"name\":\"Asociaci\u00f3n Espa\u00f1ola S\u00edndrome de Charge\",\"description\":\"\",\"potentialAction\":[{\"@type\":\"SearchAction\",\"target\":{\"@type\":\"EntryPoint\",\"urlTemplate\":\"https:\\\/\\\/sindromecharge.es\\\/?s={search_term_string}\"},\"query-input\":{\"@type\":\"PropertyValueSpecification\",\"valueRequired\":true,\"valueName\":\"search_term_string\"}}],\"inLanguage\":\"es\"},{\"@type\":\"Person\",\"@id\":\"https:\\\/\\\/sindromecharge.es\\\/#\\\/schema\\\/person\\\/39a60ebe0a2b4d5a11179701e336b039\",\"name\":\"Charge\",\"image\":{\"@type\":\"ImageObject\",\"inLanguage\":\"es\",\"@id\":\"https:\\\/\\\/secure.gravatar.com\\\/avatar\\\/c3b46e32a0fc3b093a0873fb767bf3293de856293065e84ef06b7ec7a8acfb98?s=96&d=identicon&r=x\",\"url\":\"https:\\\/\\\/secure.gravatar.com\\\/avatar\\\/c3b46e32a0fc3b093a0873fb767bf3293de856293065e84ef06b7ec7a8acfb98?s=96&d=identicon&r=x\",\"contentUrl\":\"https:\\\/\\\/secure.gravatar.com\\\/avatar\\\/c3b46e32a0fc3b093a0873fb767bf3293de856293065e84ef06b7ec7a8acfb98?s=96&d=identicon&r=x\",\"caption\":\"Charge\"},\"url\":\"https:\\\/\\\/sindromecharge.es\\\/index.php\\\/author\\\/admin\\\/\"}]}<\/script>\n<!-- \/ Yoast SEO plugin. -->","yoast_head_json":{"title":"Carmen Garc\u00eda Roger, candidata a astronauta con discapacidad: \"El talento est\u00e1 presente en todas partes\" - Asociaci\u00f3n Espa\u00f1ola S\u00edndrome de Charge","robots":{"index":"index","follow":"follow","max-snippet":"max-snippet:-1","max-image-preview":"max-image-preview:large","max-video-preview":"max-video-preview:-1"},"canonical":"https:\/\/sindromecharge.es\/index.php\/2024\/08\/19\/una-exaspirante-espanola-astronauta-afirma-que-gobernar-mente-es-tecnica-para-luchar-ante-las-adversidades\/","og_locale":"es_ES","og_type":"article","og_title":"Carmen Garc\u00eda Roger, candidata a astronauta con discapacidad: \"El talento est\u00e1 presente en todas partes\" - Asociaci\u00f3n Espa\u00f1ola S\u00edndrome de Charge","og_description":"Carmen Garc\u00eda Roger fue candidata a astronauta con discapacidad por la Agencia Espacial Europea (ESA).","og_url":"https:\/\/sindromecharge.es\/index.php\/2024\/08\/19\/una-exaspirante-espanola-astronauta-afirma-que-gobernar-mente-es-tecnica-para-luchar-ante-las-adversidades\/","og_site_name":"Asociaci\u00f3n Espa\u00f1ola S\u00edndrome de Charge","article_publisher":"https:\/\/www.facebook.com\/asociacionsindromecharge","article_published_time":"2024-08-19T07:14:50+00:00","og_image":[{"width":300,"height":98,"url":"https:\/\/sindromecharge.es\/wp-content\/uploads\/2013\/09\/logodecharge300x98.png","type":"image\/png"}],"author":"Charge","twitter_card":"summary_large_image","twitter_creator":"@sindromecharge","twitter_site":"@sindromecharge","twitter_misc":{"Escrito por":"Charge","Tiempo de lectura":"4 minutos"},"schema":{"@context":"https:\/\/schema.org","@graph":[{"@type":"Article","@id":"https:\/\/sindromecharge.es\/index.php\/2024\/08\/19\/una-exaspirante-espanola-astronauta-afirma-que-gobernar-mente-es-tecnica-para-luchar-ante-las-adversidades\/#article","isPartOf":{"@id":"https:\/\/sindromecharge.es\/index.php\/2024\/08\/19\/una-exaspirante-espanola-astronauta-afirma-que-gobernar-mente-es-tecnica-para-luchar-ante-las-adversidades\/"},"author":{"name":"Charge","@id":"https:\/\/sindromecharge.es\/#\/schema\/person\/39a60ebe0a2b4d5a11179701e336b039"},"headline":"Carmen Garc\u00eda Roger, candidata a astronauta con discapacidad: \u00abEl talento est\u00e1 presente en todas partes\u00bb","datePublished":"2024-08-19T07:14:50+00:00","mainEntityOfPage":{"@id":"https:\/\/sindromecharge.es\/index.php\/2024\/08\/19\/una-exaspirante-espanola-astronauta-afirma-que-gobernar-mente-es-tecnica-para-luchar-ante-las-adversidades\/"},"wordCount":906,"articleSection":["noticias"],"inLanguage":"es"},{"@type":"WebPage","@id":"https:\/\/sindromecharge.es\/index.php\/2024\/08\/19\/una-exaspirante-espanola-astronauta-afirma-que-gobernar-mente-es-tecnica-para-luchar-ante-las-adversidades\/","url":"https:\/\/sindromecharge.es\/index.php\/2024\/08\/19\/una-exaspirante-espanola-astronauta-afirma-que-gobernar-mente-es-tecnica-para-luchar-ante-las-adversidades\/","name":"Carmen Garc\u00eda Roger, candidata a astronauta con discapacidad: \"El talento est\u00e1 presente en todas partes\" - Asociaci\u00f3n Espa\u00f1ola S\u00edndrome de Charge","isPartOf":{"@id":"https:\/\/sindromecharge.es\/#website"},"datePublished":"2024-08-19T07:14:50+00:00","author":{"@id":"https:\/\/sindromecharge.es\/#\/schema\/person\/39a60ebe0a2b4d5a11179701e336b039"},"breadcrumb":{"@id":"https:\/\/sindromecharge.es\/index.php\/2024\/08\/19\/una-exaspirante-espanola-astronauta-afirma-que-gobernar-mente-es-tecnica-para-luchar-ante-las-adversidades\/#breadcrumb"},"inLanguage":"es","potentialAction":[{"@type":"ReadAction","target":["https:\/\/sindromecharge.es\/index.php\/2024\/08\/19\/una-exaspirante-espanola-astronauta-afirma-que-gobernar-mente-es-tecnica-para-luchar-ante-las-adversidades\/"]}]},{"@type":"BreadcrumbList","@id":"https:\/\/sindromecharge.es\/index.php\/2024\/08\/19\/una-exaspirante-espanola-astronauta-afirma-que-gobernar-mente-es-tecnica-para-luchar-ante-las-adversidades\/#breadcrumb","itemListElement":[{"@type":"ListItem","position":1,"name":"Portada","item":"https:\/\/sindromecharge.es\/"},{"@type":"ListItem","position":2,"name":"Carmen Garc\u00eda Roger, candidata a astronauta con discapacidad: &#8220;El talento est\u00e1 presente en todas partes&#8221;"}]},{"@type":"WebSite","@id":"https:\/\/sindromecharge.es\/#website","url":"https:\/\/sindromecharge.es\/","name":"Asociaci\u00f3n Espa\u00f1ola S\u00edndrome de Charge","description":"","potentialAction":[{"@type":"SearchAction","target":{"@type":"EntryPoint","urlTemplate":"https:\/\/sindromecharge.es\/?s={search_term_string}"},"query-input":{"@type":"PropertyValueSpecification","valueRequired":true,"valueName":"search_term_string"}}],"inLanguage":"es"},{"@type":"Person","@id":"https:\/\/sindromecharge.es\/#\/schema\/person\/39a60ebe0a2b4d5a11179701e336b039","name":"Charge","image":{"@type":"ImageObject","inLanguage":"es","@id":"https:\/\/secure.gravatar.com\/avatar\/c3b46e32a0fc3b093a0873fb767bf3293de856293065e84ef06b7ec7a8acfb98?s=96&d=identicon&r=x","url":"https:\/\/secure.gravatar.com\/avatar\/c3b46e32a0fc3b093a0873fb767bf3293de856293065e84ef06b7ec7a8acfb98?s=96&d=identicon&r=x","contentUrl":"https:\/\/secure.gravatar.com\/avatar\/c3b46e32a0fc3b093a0873fb767bf3293de856293065e84ef06b7ec7a8acfb98?s=96&d=identicon&r=x","caption":"Charge"},"url":"https:\/\/sindromecharge.es\/index.php\/author\/admin\/"}]}},"_links":{"self":[{"href":"https:\/\/sindromecharge.es\/index.php\/wp-json\/wp\/v2\/posts\/10249","targetHints":{"allow":["GET"]}}],"collection":[{"href":"https:\/\/sindromecharge.es\/index.php\/wp-json\/wp\/v2\/posts"}],"about":[{"href":"https:\/\/sindromecharge.es\/index.php\/wp-json\/wp\/v2\/types\/post"}],"author":[{"embeddable":true,"href":"https:\/\/sindromecharge.es\/index.php\/wp-json\/wp\/v2\/users\/1"}],"replies":[{"embeddable":true,"href":"https:\/\/sindromecharge.es\/index.php\/wp-json\/wp\/v2\/comments?post=10249"}],"version-history":[{"count":0,"href":"https:\/\/sindromecharge.es\/index.php\/wp-json\/wp\/v2\/posts\/10249\/revisions"}],"wp:attachment":[{"href":"https:\/\/sindromecharge.es\/index.php\/wp-json\/wp\/v2\/media?parent=10249"}],"wp:term":[{"taxonomy":"category","embeddable":true,"href":"https:\/\/sindromecharge.es\/index.php\/wp-json\/wp\/v2\/categories?post=10249"},{"taxonomy":"post_tag","embeddable":true,"href":"https:\/\/sindromecharge.es\/index.php\/wp-json\/wp\/v2\/tags?post=10249"}],"curies":[{"name":"wp","href":"https:\/\/api.w.org\/{rel}","templated":true}]}}