{"id":10246,"date":"2024-08-16T05:22:25","date_gmt":"2024-08-16T05:22:25","guid":{"rendered":"https:\/\/sindromecharge.es\/index.php\/2024\/08\/16\/iria-rodriguez-psiquiatra-ninos-discapacidad-responder-mejor-entorno-amable\/"},"modified":"2024-08-16T05:22:25","modified_gmt":"2024-08-16T05:22:25","slug":"iria-rodriguez-psiquiatra-ninos-discapacidad-responder-mejor-entorno-amable","status":"publish","type":"post","link":"https:\/\/sindromecharge.es\/index.php\/2024\/08\/16\/iria-rodriguez-psiquiatra-ninos-discapacidad-responder-mejor-entorno-amable\/","title":{"rendered":"Iria Rodr\u00edguez, psiquiatra: \u00abLos ni\u00f1os con discapacidad van a responder mejor cuando el entorno es amable\u00bb"},"content":{"rendered":"<p>Leemos en Discapacidad la siguiente noticia que os reproducimos de forma \u00edntegra: <\/p>\n<div>\n<p>El abordaje multidisciplinar de la <a href=\"https:\/\/www.20minutos.es\/minuteca\/discapacidad\/\" title=\"Discapacidad\">discapacidad <\/a>es fundamental para garantizar una <b>atenci\u00f3n integral<\/b> y adaptada a las necesidades espec\u00edficas de cada paciente. Tal y como reconocen los expertos crucial reconocer que las personas con discapacidad pueden enfrentar una <b>amplia gama de desaf\u00edos f\u00edsicos, emocionales y sociales<\/b>. Por lo tanto, un equipo multidisciplinario compuesto por profesionales de la medicina, la <a href=\"https:\/\/www.20minutos.es\/salud\/minuteca\/psicologia\/\" title=\"Psicolog\u00eda\">psicolog\u00eda<\/a>, la terapia ocupacional, la fisioterapia, entre otros, puede proporcionar una atenci\u00f3n hol\u00edstica que aborde todas las \u00e1reas de la vida de la persona.<\/p>\n<p>Por otro lado, m\u00e1s all\u00e1 de los desaf\u00edos f\u00edsicos, las personas con <a href=\"https:\/\/www.20minutos.es\/minuteca\/discapacidad\/\" title=\"Discapacidad\">discapacidad <\/a>enfrentan una carga significativa en t\u00e9rminos de salud mental, que puede surgir de la propia limitaci\u00f3n, la <b>estigmatizaci\u00f3n <\/b>social, las barreras de acceso a la atenci\u00f3n m\u00e9dica y la falta de apoyo adecuado. Por ello, los psiquiatras recuerdan que no solo destaca la importancia de abordar la <a href=\"https:\/\/www.20minutos.es\/salud\/minuteca\/salud-mental\/\" title=\"Salud mental\">salud mental<\/a> como parte integral del cuidado de la discapacidad, sino que tambi\u00e9n subrayan la necesidad urgente de medidas y servicios que aborden de manera efectiva estas complejas interacciones, garantizando as\u00ed una <b>atenci\u00f3n completa y equitativa<\/b> para todas las personas con discapacidad. <\/p>\n<p><b>Iria Rodr\u00edguez<\/b> es licenciada en Medicina y Cirug\u00eda por la Universidad Complutense de Madrid, especialista en Medicina Familiar y Comunitaria y especialista en Psiquiatr\u00eda en Hospital Universitario de Guadalajara. Adem\u00e1s, desde hace un a\u00f1o, Rodr\u00edguez es la psiquiatra del Gabinete Multidisciplinar de la <a href=\"https:\/\/www.20minutos.es\/minuteca\/fundacion-querer\/\" title=\"Fundaci\u00f3n Querer\">Fundaci\u00f3n Querer<\/a>, donde ha participado en las V Jornadas Neurocient\u00edficas y Educativas.<\/p>\n<\/div>\n<p>Fuente: Discapacidad https:\/\/www.20minutos.es\/noticia\/5534288\/0\/iria-rodriguez-psiquiatra-ninos-discapacidad-responder-mejor-entorno-amable\/<\/p>\n","protected":false},"excerpt":{"rendered":"<p>El abordaje multidisciplinar de la discapacidad es fundamental para garantizar una atenci\u00f3n integral y adaptada a las necesidades espec\u00edficas de cada paciente&#8230;.<\/p>\n","protected":false},"author":1,"featured_media":0,"comment_status":"closed","ping_status":"closed","sticky":false,"template":"","format":"standard","meta":{"footnotes":""},"categories":[8],"tags":[],"class_list":["post-10246","post","type-post","status-publish","format-standard","hentry","category-noticias"],"yoast_head":"<!-- This site is optimized with the Yoast SEO plugin v27.4 - https:\/\/yoast.com\/product\/yoast-seo-wordpress\/ -->\n<title>Iria Rodr\u00edguez, psiquiatra: &quot;Los ni\u00f1os con discapacidad van a responder mejor cuando el entorno es amable&quot; - Asociaci\u00f3n Espa\u00f1ola S\u00edndrome de Charge<\/title>\n<meta name=\"robots\" content=\"index, follow, max-snippet:-1, max-image-preview:large, max-video-preview:-1\" \/>\n<link rel=\"canonical\" href=\"https:\/\/sindromecharge.es\/index.php\/2024\/08\/16\/iria-rodriguez-psiquiatra-ninos-discapacidad-responder-mejor-entorno-amable\/\" \/>\n<meta property=\"og:locale\" content=\"es_ES\" \/>\n<meta property=\"og:type\" content=\"article\" \/>\n<meta property=\"og:title\" content=\"Iria Rodr\u00edguez, psiquiatra: &quot;Los ni\u00f1os con discapacidad van a responder mejor cuando el entorno es amable&quot; - Asociaci\u00f3n Espa\u00f1ola S\u00edndrome de Charge\" \/>\n<meta property=\"og:description\" content=\"El abordaje multidisciplinar de la discapacidad es fundamental para garantizar una atenci\u00f3n integral y adaptada a las necesidades espec\u00edficas de cada paciente&#8230;.\" \/>\n<meta property=\"og:url\" content=\"https:\/\/sindromecharge.es\/index.php\/2024\/08\/16\/iria-rodriguez-psiquiatra-ninos-discapacidad-responder-mejor-entorno-amable\/\" \/>\n<meta property=\"og:site_name\" content=\"Asociaci\u00f3n Espa\u00f1ola S\u00edndrome de Charge\" \/>\n<meta property=\"article:publisher\" content=\"https:\/\/www.facebook.com\/asociacionsindromecharge\" \/>\n<meta property=\"article:published_time\" content=\"2024-08-16T05:22:25+00:00\" \/>\n<meta property=\"og:image\" content=\"https:\/\/sindromecharge.es\/wp-content\/uploads\/2013\/09\/logodecharge300x98.png\" \/>\n\t<meta property=\"og:image:width\" content=\"300\" \/>\n\t<meta property=\"og:image:height\" content=\"98\" \/>\n\t<meta property=\"og:image:type\" content=\"image\/png\" \/>\n<meta name=\"author\" content=\"Charge\" \/>\n<meta name=\"twitter:card\" content=\"summary_large_image\" \/>\n<meta name=\"twitter:creator\" content=\"@sindromecharge\" \/>\n<meta name=\"twitter:site\" content=\"@sindromecharge\" \/>\n<meta name=\"twitter:label1\" content=\"Escrito por\" \/>\n\t<meta name=\"twitter:data1\" content=\"Charge\" \/>\n\t<meta name=\"twitter:label2\" content=\"Tiempo de lectura\" \/>\n\t<meta name=\"twitter:data2\" content=\"1 minuto\" \/>\n<script type=\"application\/ld+json\" class=\"yoast-schema-graph\">{\"@context\":\"https:\\\/\\\/schema.org\",\"@graph\":[{\"@type\":\"Article\",\"@id\":\"https:\\\/\\\/sindromecharge.es\\\/index.php\\\/2024\\\/08\\\/16\\\/iria-rodriguez-psiquiatra-ninos-discapacidad-responder-mejor-entorno-amable\\\/#article\",\"isPartOf\":{\"@id\":\"https:\\\/\\\/sindromecharge.es\\\/index.php\\\/2024\\\/08\\\/16\\\/iria-rodriguez-psiquiatra-ninos-discapacidad-responder-mejor-entorno-amable\\\/\"},\"author\":{\"name\":\"Charge\",\"@id\":\"https:\\\/\\\/sindromecharge.es\\\/#\\\/schema\\\/person\\\/39a60ebe0a2b4d5a11179701e336b039\"},\"headline\":\"Iria Rodr\u00edguez, psiquiatra: \u00abLos ni\u00f1os con discapacidad van a responder mejor cuando el entorno es amable\u00bb\",\"datePublished\":\"2024-08-16T05:22:25+00:00\",\"mainEntityOfPage\":{\"@id\":\"https:\\\/\\\/sindromecharge.es\\\/index.php\\\/2024\\\/08\\\/16\\\/iria-rodriguez-psiquiatra-ninos-discapacidad-responder-mejor-entorno-amable\\\/\"},\"wordCount\":303,\"articleSection\":[\"noticias\"],\"inLanguage\":\"es\"},{\"@type\":\"WebPage\",\"@id\":\"https:\\\/\\\/sindromecharge.es\\\/index.php\\\/2024\\\/08\\\/16\\\/iria-rodriguez-psiquiatra-ninos-discapacidad-responder-mejor-entorno-amable\\\/\",\"url\":\"https:\\\/\\\/sindromecharge.es\\\/index.php\\\/2024\\\/08\\\/16\\\/iria-rodriguez-psiquiatra-ninos-discapacidad-responder-mejor-entorno-amable\\\/\",\"name\":\"Iria Rodr\u00edguez, psiquiatra: \\\"Los ni\u00f1os con discapacidad van a responder mejor cuando el entorno es amable\\\" - Asociaci\u00f3n Espa\u00f1ola S\u00edndrome de Charge\",\"isPartOf\":{\"@id\":\"https:\\\/\\\/sindromecharge.es\\\/#website\"},\"datePublished\":\"2024-08-16T05:22:25+00:00\",\"author\":{\"@id\":\"https:\\\/\\\/sindromecharge.es\\\/#\\\/schema\\\/person\\\/39a60ebe0a2b4d5a11179701e336b039\"},\"breadcrumb\":{\"@id\":\"https:\\\/\\\/sindromecharge.es\\\/index.php\\\/2024\\\/08\\\/16\\\/iria-rodriguez-psiquiatra-ninos-discapacidad-responder-mejor-entorno-amable\\\/#breadcrumb\"},\"inLanguage\":\"es\",\"potentialAction\":[{\"@type\":\"ReadAction\",\"target\":[\"https:\\\/\\\/sindromecharge.es\\\/index.php\\\/2024\\\/08\\\/16\\\/iria-rodriguez-psiquiatra-ninos-discapacidad-responder-mejor-entorno-amable\\\/\"]}]},{\"@type\":\"BreadcrumbList\",\"@id\":\"https:\\\/\\\/sindromecharge.es\\\/index.php\\\/2024\\\/08\\\/16\\\/iria-rodriguez-psiquiatra-ninos-discapacidad-responder-mejor-entorno-amable\\\/#breadcrumb\",\"itemListElement\":[{\"@type\":\"ListItem\",\"position\":1,\"name\":\"Portada\",\"item\":\"https:\\\/\\\/sindromecharge.es\\\/\"},{\"@type\":\"ListItem\",\"position\":2,\"name\":\"Iria Rodr\u00edguez, psiquiatra: &#8220;Los ni\u00f1os con discapacidad van a responder mejor cuando el entorno es amable&#8221;\"}]},{\"@type\":\"WebSite\",\"@id\":\"https:\\\/\\\/sindromecharge.es\\\/#website\",\"url\":\"https:\\\/\\\/sindromecharge.es\\\/\",\"name\":\"Asociaci\u00f3n Espa\u00f1ola S\u00edndrome de Charge\",\"description\":\"\",\"potentialAction\":[{\"@type\":\"SearchAction\",\"target\":{\"@type\":\"EntryPoint\",\"urlTemplate\":\"https:\\\/\\\/sindromecharge.es\\\/?s={search_term_string}\"},\"query-input\":{\"@type\":\"PropertyValueSpecification\",\"valueRequired\":true,\"valueName\":\"search_term_string\"}}],\"inLanguage\":\"es\"},{\"@type\":\"Person\",\"@id\":\"https:\\\/\\\/sindromecharge.es\\\/#\\\/schema\\\/person\\\/39a60ebe0a2b4d5a11179701e336b039\",\"name\":\"Charge\",\"image\":{\"@type\":\"ImageObject\",\"inLanguage\":\"es\",\"@id\":\"https:\\\/\\\/secure.gravatar.com\\\/avatar\\\/c3b46e32a0fc3b093a0873fb767bf3293de856293065e84ef06b7ec7a8acfb98?s=96&d=identicon&r=x\",\"url\":\"https:\\\/\\\/secure.gravatar.com\\\/avatar\\\/c3b46e32a0fc3b093a0873fb767bf3293de856293065e84ef06b7ec7a8acfb98?s=96&d=identicon&r=x\",\"contentUrl\":\"https:\\\/\\\/secure.gravatar.com\\\/avatar\\\/c3b46e32a0fc3b093a0873fb767bf3293de856293065e84ef06b7ec7a8acfb98?s=96&d=identicon&r=x\",\"caption\":\"Charge\"},\"url\":\"https:\\\/\\\/sindromecharge.es\\\/index.php\\\/author\\\/admin\\\/\"}]}<\/script>\n<!-- \/ Yoast SEO plugin. -->","yoast_head_json":{"title":"Iria Rodr\u00edguez, psiquiatra: \"Los ni\u00f1os con discapacidad van a responder mejor cuando el entorno es amable\" - Asociaci\u00f3n Espa\u00f1ola S\u00edndrome de Charge","robots":{"index":"index","follow":"follow","max-snippet":"max-snippet:-1","max-image-preview":"max-image-preview:large","max-video-preview":"max-video-preview:-1"},"canonical":"https:\/\/sindromecharge.es\/index.php\/2024\/08\/16\/iria-rodriguez-psiquiatra-ninos-discapacidad-responder-mejor-entorno-amable\/","og_locale":"es_ES","og_type":"article","og_title":"Iria Rodr\u00edguez, psiquiatra: \"Los ni\u00f1os con discapacidad van a responder mejor cuando el entorno es amable\" - Asociaci\u00f3n Espa\u00f1ola S\u00edndrome de Charge","og_description":"El abordaje multidisciplinar de la discapacidad es fundamental para garantizar una atenci\u00f3n integral y adaptada a las necesidades espec\u00edficas de cada paciente&#8230;.","og_url":"https:\/\/sindromecharge.es\/index.php\/2024\/08\/16\/iria-rodriguez-psiquiatra-ninos-discapacidad-responder-mejor-entorno-amable\/","og_site_name":"Asociaci\u00f3n Espa\u00f1ola S\u00edndrome de Charge","article_publisher":"https:\/\/www.facebook.com\/asociacionsindromecharge","article_published_time":"2024-08-16T05:22:25+00:00","og_image":[{"width":300,"height":98,"url":"https:\/\/sindromecharge.es\/wp-content\/uploads\/2013\/09\/logodecharge300x98.png","type":"image\/png"}],"author":"Charge","twitter_card":"summary_large_image","twitter_creator":"@sindromecharge","twitter_site":"@sindromecharge","twitter_misc":{"Escrito por":"Charge","Tiempo de lectura":"1 minuto"},"schema":{"@context":"https:\/\/schema.org","@graph":[{"@type":"Article","@id":"https:\/\/sindromecharge.es\/index.php\/2024\/08\/16\/iria-rodriguez-psiquiatra-ninos-discapacidad-responder-mejor-entorno-amable\/#article","isPartOf":{"@id":"https:\/\/sindromecharge.es\/index.php\/2024\/08\/16\/iria-rodriguez-psiquiatra-ninos-discapacidad-responder-mejor-entorno-amable\/"},"author":{"name":"Charge","@id":"https:\/\/sindromecharge.es\/#\/schema\/person\/39a60ebe0a2b4d5a11179701e336b039"},"headline":"Iria Rodr\u00edguez, psiquiatra: \u00abLos ni\u00f1os con discapacidad van a responder mejor cuando el entorno es amable\u00bb","datePublished":"2024-08-16T05:22:25+00:00","mainEntityOfPage":{"@id":"https:\/\/sindromecharge.es\/index.php\/2024\/08\/16\/iria-rodriguez-psiquiatra-ninos-discapacidad-responder-mejor-entorno-amable\/"},"wordCount":303,"articleSection":["noticias"],"inLanguage":"es"},{"@type":"WebPage","@id":"https:\/\/sindromecharge.es\/index.php\/2024\/08\/16\/iria-rodriguez-psiquiatra-ninos-discapacidad-responder-mejor-entorno-amable\/","url":"https:\/\/sindromecharge.es\/index.php\/2024\/08\/16\/iria-rodriguez-psiquiatra-ninos-discapacidad-responder-mejor-entorno-amable\/","name":"Iria Rodr\u00edguez, psiquiatra: \"Los ni\u00f1os con discapacidad van a responder mejor cuando el entorno es amable\" - Asociaci\u00f3n Espa\u00f1ola S\u00edndrome de Charge","isPartOf":{"@id":"https:\/\/sindromecharge.es\/#website"},"datePublished":"2024-08-16T05:22:25+00:00","author":{"@id":"https:\/\/sindromecharge.es\/#\/schema\/person\/39a60ebe0a2b4d5a11179701e336b039"},"breadcrumb":{"@id":"https:\/\/sindromecharge.es\/index.php\/2024\/08\/16\/iria-rodriguez-psiquiatra-ninos-discapacidad-responder-mejor-entorno-amable\/#breadcrumb"},"inLanguage":"es","potentialAction":[{"@type":"ReadAction","target":["https:\/\/sindromecharge.es\/index.php\/2024\/08\/16\/iria-rodriguez-psiquiatra-ninos-discapacidad-responder-mejor-entorno-amable\/"]}]},{"@type":"BreadcrumbList","@id":"https:\/\/sindromecharge.es\/index.php\/2024\/08\/16\/iria-rodriguez-psiquiatra-ninos-discapacidad-responder-mejor-entorno-amable\/#breadcrumb","itemListElement":[{"@type":"ListItem","position":1,"name":"Portada","item":"https:\/\/sindromecharge.es\/"},{"@type":"ListItem","position":2,"name":"Iria Rodr\u00edguez, psiquiatra: &#8220;Los ni\u00f1os con discapacidad van a responder mejor cuando el entorno es amable&#8221;"}]},{"@type":"WebSite","@id":"https:\/\/sindromecharge.es\/#website","url":"https:\/\/sindromecharge.es\/","name":"Asociaci\u00f3n Espa\u00f1ola S\u00edndrome de Charge","description":"","potentialAction":[{"@type":"SearchAction","target":{"@type":"EntryPoint","urlTemplate":"https:\/\/sindromecharge.es\/?s={search_term_string}"},"query-input":{"@type":"PropertyValueSpecification","valueRequired":true,"valueName":"search_term_string"}}],"inLanguage":"es"},{"@type":"Person","@id":"https:\/\/sindromecharge.es\/#\/schema\/person\/39a60ebe0a2b4d5a11179701e336b039","name":"Charge","image":{"@type":"ImageObject","inLanguage":"es","@id":"https:\/\/secure.gravatar.com\/avatar\/c3b46e32a0fc3b093a0873fb767bf3293de856293065e84ef06b7ec7a8acfb98?s=96&d=identicon&r=x","url":"https:\/\/secure.gravatar.com\/avatar\/c3b46e32a0fc3b093a0873fb767bf3293de856293065e84ef06b7ec7a8acfb98?s=96&d=identicon&r=x","contentUrl":"https:\/\/secure.gravatar.com\/avatar\/c3b46e32a0fc3b093a0873fb767bf3293de856293065e84ef06b7ec7a8acfb98?s=96&d=identicon&r=x","caption":"Charge"},"url":"https:\/\/sindromecharge.es\/index.php\/author\/admin\/"}]}},"_links":{"self":[{"href":"https:\/\/sindromecharge.es\/index.php\/wp-json\/wp\/v2\/posts\/10246","targetHints":{"allow":["GET"]}}],"collection":[{"href":"https:\/\/sindromecharge.es\/index.php\/wp-json\/wp\/v2\/posts"}],"about":[{"href":"https:\/\/sindromecharge.es\/index.php\/wp-json\/wp\/v2\/types\/post"}],"author":[{"embeddable":true,"href":"https:\/\/sindromecharge.es\/index.php\/wp-json\/wp\/v2\/users\/1"}],"replies":[{"embeddable":true,"href":"https:\/\/sindromecharge.es\/index.php\/wp-json\/wp\/v2\/comments?post=10246"}],"version-history":[{"count":0,"href":"https:\/\/sindromecharge.es\/index.php\/wp-json\/wp\/v2\/posts\/10246\/revisions"}],"wp:attachment":[{"href":"https:\/\/sindromecharge.es\/index.php\/wp-json\/wp\/v2\/media?parent=10246"}],"wp:term":[{"taxonomy":"category","embeddable":true,"href":"https:\/\/sindromecharge.es\/index.php\/wp-json\/wp\/v2\/categories?post=10246"},{"taxonomy":"post_tag","embeddable":true,"href":"https:\/\/sindromecharge.es\/index.php\/wp-json\/wp\/v2\/tags?post=10246"}],"curies":[{"name":"wp","href":"https:\/\/api.w.org\/{rel}","templated":true}]}}