{"id":10242,"date":"2024-08-14T06:46:16","date_gmt":"2024-08-14T06:46:16","guid":{"rendered":"https:\/\/sindromecharge.es\/index.php\/2024\/08\/14\/una-operacion-pionera-europa-ayuda-pacientes-tetraplejicos-desconectarse-ventilacion-mecanica\/"},"modified":"2024-08-14T06:46:16","modified_gmt":"2024-08-14T06:46:16","slug":"una-operacion-pionera-europa-ayuda-pacientes-tetraplejicos-desconectarse-ventilacion-mecanica","status":"publish","type":"post","link":"https:\/\/sindromecharge.es\/index.php\/2024\/08\/14\/una-operacion-pionera-europa-ayuda-pacientes-tetraplejicos-desconectarse-ventilacion-mecanica\/","title":{"rendered":"Una operaci\u00f3n pionera en Europa ayuda a pacientes tetrapl\u00e9jicos a desconectarse de la ventilaci\u00f3n mec\u00e1nica"},"content":{"rendered":"<p>Leemos en Discapacidad la siguiente noticia que os reproducimos de forma \u00edntegra: <\/p>\n<div>\n<p>Un equipo de profesionales del Instituto Guttmann de Barcelona y del Hospital Germans Trias de Badalona ha realizado<b> una operaci\u00f3n, pionera en Europa, y \u2018un sue\u00f1o\u2019.<\/b> El de aquellos pacientes tetrapl\u00e9jicos con lesi\u00f3n cervical alta que podr\u00edan decir adi\u00f3s a su respirador.<\/p>\n<p>Dos j\u00f3venes <b>con lesiones a la altura de las v\u00e9rtebras C1 y C2 <\/b>se sometieron a esta cirug\u00eda a finales del mes pasado. Uno de ellos es Christian Siques. Tiene 37 a\u00f1os y asegura que esta operaci\u00f3n \u201cbrinda la oportunidad en el futuro de<b> retirar parcial o totalmente el respirador <\/b>y supone una calidad de vida mucho mejor\u201d.<\/p>\n<p>\u201cLas personas con lesi\u00f3n medular alta normalmente tenemos que utilizar respirador porque <b>presentamos el nervio fr\u00e9nico da\u00f1ado y no nos funciona el diafragma<\/b>\u201d, explica este joven en una entrevista a Servimedia.<\/p>\n<p><b>El caso de Christian \u201ces menos severo\u201d<\/b>, detalla el responsable de la Unidad de Lesionados Medulares del Instituto Guttman de Barcelona, el doctor Joan Vidal, porque \u201cs\u00f3lo tiene afectado una zona del diafragma\u201d.<\/p>\n<p>No obstante, para que este procedimiento tenga \u00e9xito <b>es imprescindible la reconstrucci\u00f3n integral de los nervios fr\u00e9nicos<\/b>, que son los transmisores del impulso nervioso al diafragma.<\/p>\n<p>La novedad de esta operaci\u00f3n consiste en que, una vez reconstruido el nervio da\u00f1ado, se recupera la actividad en el diafragma y <b>se puede implantar un marcapasos diafragm\u00e1tico<\/b>. El siguiente paso es la retirada de la ventilaci\u00f3n mec\u00e1nica.<\/p>\n<p>La terapia est\u00e1ndar para pacientes con tetraplejia es la <b>ventilaci\u00f3n mec\u00e1nica a trav\u00e9s de una traqueotom\u00eda.<\/b> Su uso cr\u00f3nico se asocia con la dificultad en el habla, la anosmia (p\u00e9rdida de olfato) o el aumento de secreciones.<\/p>\n<p>Para Christian esta intervenci\u00f3n <b>supone un antes y un despu\u00e9s <\/b>porque, pese a que durante el d\u00eda no usa respirador, insiste en que \u201cno se descansa bien de noche y al hablar se carga mucho la zona cervical\u201d.<\/p>\n<h1>La vida media de una persona que usa ventilaci\u00f3n mec\u00e1nica se sit\u00faa en cinco o seis a\u00f1os<\/h1>\n<p>Es m\u00e1s, \u201cla vida media de una persona que usa ventilaci\u00f3n mec\u00e1nica se sit\u00faa en cinco o seis a\u00f1os debido en parte a las <b>complicaciones e infecciones que comporta<\/b>\u201d, apunta el doctor Vidal, pero con esta cirug\u00eda \u00abes posible alargarla y el paciente tiene m\u00e1s ganas de tirar para adelante\u201d.<\/p>\n<p>Estas dos intervenciones, \u00fanicas en Europa, han sido posibles gracias al asesoramiento del doctor Matthew R. Kaufman, del Institute for Advanced Reconstruction de Nueva Jersey y el UCLA Medical Center de Los \u00c1ngeles, que <b>ya ha realizado m\u00e1s de 150 intervenciones de este tipo en los Estados Unidos.<\/b><\/p>\n<h2>Curar a partir de uno mismo<\/h2>\n<p>Hasta un 71% de las personas con lesi\u00f3n medular cervical alta dependen de la ventilaci\u00f3n mec\u00e1nica y, de \u00e9stas, <b>entre un 20% y un 30% no son candidatas<\/b> a la implantaci\u00f3n del marcapasos diafragm\u00e1tico debido a la lesi\u00f3n del nervio fr\u00e9nico.<\/p>\n<p>Cuando el marcapasos diafragm\u00e1tico no es una opci\u00f3n, entonces la \u00fanica puerta que queda por tocar es la de la reparaci\u00f3n. La opci\u00f3n de la transferencia o reconstrucci\u00f3n nerviosa consiste en<b> conectar un nervio sano o inervado del propio paciente al nervio fr\u00e9nico lesionado<\/b>. Esto es lo que se ha hecho en el caso de Christian y de su compa\u00f1ero de quir\u00f3fano.<\/p>\n<p>Ahora les queda esperar entre nueve meses y un a\u00f1o a que el nervio se repare por completo y se alcancen los objetivos marcados. \u201c<b>Ser\u00eda volver a tener el control de tu vida y no al rev\u00e9s. <\/b>Nos aportar\u00eda tranquilidad porque ya no dependes de una m\u00e1quina para respirar y para vivir. Y eso ya es ganar un 80% en calidad de vida\u201d.<\/p>\n<p>Otra de las mejoras, que de momento no se encuentra al alcance de estos lesionados medulares, ser\u00eda<b> ganar en movilidad<\/b>. Pero como asegura el joven de Matar\u00f3, \u201clo m\u00e1s importante es poder respirar de modo aut\u00f3nomo\u201d.<\/p>\n<p>Para Christian y su mujer Sonia ir de vacaciones o quedar con amigos a veces se convierte en una experiencia \u201cno demasiado agradable\u201d. <b>\u201cPiensa que tienes que estar enchufado a una m\u00e1quina\u201d<\/b>, explica.<\/p>\n<p>Pese a los inconvenientes, este joven, al que u<b>n accidente de moto le provoc\u00f3 una tetraplejia hace cuatro a\u00f1os,<\/b> no pierde la sonrisa ni el esp\u00edritu de superaci\u00f3n.<\/p>\n<p>No en vano, antes del siniestro, trabajaba como entrenador personal en un centro deportivo en el que actualmente colabora. \u201cAcudo a menudo para planificar programas de entrenamiento junto a mis amigos que trabajan en este sector. <b>Me siento activo y genial<\/b>\u201d.<\/p>\n<p>Justo un a\u00f1o despu\u00e9s del accidente quiso cambiar el recuerdo triste de aquella fecha por \u201cuno alegre y bonito\u201d y eligi\u00f3 aquel d\u00eda tan se\u00f1alado como fecha de su enlace. \u201cCada d\u00eda celebro cosas. As\u00ed que <b>cuando esto realmente funcione lo celebrar\u00e9 <\/b>con mi mujer, la familia y los amigos; y saldr\u00e9, sin respirador, a comer un buen trozo de carne\u201d.<\/p>\n<p>A lo largo de los pr\u00f3ximos meses el nervio ir\u00e1 creciendo, a raz\u00f3n de un mil\u00edmetro por d\u00eda, aproximadamente. <b>Adem\u00e1s, estos dos j\u00f3venes deber\u00e1n hacer rehabilitaci\u00f3n de forma intensa. <\/b>Luego ser\u00e1 el momento de implantar un marcapasos diafragm\u00e1tico con el que podr\u00e1n despedir definitivamente a la ventilaci\u00f3n mec\u00e1nica y volver a hablar, a comer y a respirar con naturalidad.<\/p>\n<p>Como asevera el responsable de la Unidad de Lesionados Medulares del Instituto Guttman, el doctor Vidal: \u201cSe trata de desconectarlos del respirador y darles un soplo de aire, una bocanada de vida\u201d.<\/p>\n<\/div>\n<p>Fuente: Discapacidad https:\/\/www.20minutos.es\/noticia\/5588037\/0\/una-operacion-pionera-europa-ayuda-pacientes-tetraplejicos-desconectarse-ventilacion-mecanica\/<\/p>\n","protected":false},"excerpt":{"rendered":"<p>Un equipo de profesionales del Instituto Guttmann de Barcelona y del Hospital Germans Trias de Badalona ha realizado una operaci\u00f3n, pionera en Europa, y \u2018un sue\u00f1o\u2019.<\/p>\n","protected":false},"author":1,"featured_media":0,"comment_status":"closed","ping_status":"closed","sticky":false,"template":"","format":"standard","meta":{"footnotes":""},"categories":[8],"tags":[],"class_list":["post-10242","post","type-post","status-publish","format-standard","hentry","category-noticias"],"yoast_head":"<!-- This site is optimized with the Yoast SEO plugin v27.4 - https:\/\/yoast.com\/product\/yoast-seo-wordpress\/ -->\n<title>Una operaci\u00f3n pionera en Europa ayuda a pacientes tetrapl\u00e9jicos a desconectarse de la ventilaci\u00f3n mec\u00e1nica - Asociaci\u00f3n Espa\u00f1ola S\u00edndrome de Charge<\/title>\n<meta name=\"robots\" content=\"index, follow, max-snippet:-1, max-image-preview:large, max-video-preview:-1\" \/>\n<link rel=\"canonical\" href=\"https:\/\/sindromecharge.es\/index.php\/2024\/08\/14\/una-operacion-pionera-europa-ayuda-pacientes-tetraplejicos-desconectarse-ventilacion-mecanica\/\" \/>\n<meta property=\"og:locale\" content=\"es_ES\" \/>\n<meta property=\"og:type\" content=\"article\" \/>\n<meta property=\"og:title\" content=\"Una operaci\u00f3n pionera en Europa ayuda a pacientes tetrapl\u00e9jicos a desconectarse de la ventilaci\u00f3n mec\u00e1nica - Asociaci\u00f3n Espa\u00f1ola S\u00edndrome de Charge\" \/>\n<meta property=\"og:description\" content=\"Un equipo de profesionales del Instituto Guttmann de Barcelona y del Hospital Germans Trias de Badalona ha realizado una operaci\u00f3n, pionera en Europa, y \u2018un sue\u00f1o\u2019.\" \/>\n<meta property=\"og:url\" content=\"https:\/\/sindromecharge.es\/index.php\/2024\/08\/14\/una-operacion-pionera-europa-ayuda-pacientes-tetraplejicos-desconectarse-ventilacion-mecanica\/\" \/>\n<meta property=\"og:site_name\" content=\"Asociaci\u00f3n Espa\u00f1ola S\u00edndrome de Charge\" \/>\n<meta property=\"article:publisher\" content=\"https:\/\/www.facebook.com\/asociacionsindromecharge\" \/>\n<meta property=\"article:published_time\" content=\"2024-08-14T06:46:16+00:00\" \/>\n<meta property=\"og:image\" content=\"https:\/\/sindromecharge.es\/wp-content\/uploads\/2013\/09\/logodecharge300x98.png\" \/>\n\t<meta property=\"og:image:width\" content=\"300\" \/>\n\t<meta property=\"og:image:height\" content=\"98\" \/>\n\t<meta property=\"og:image:type\" content=\"image\/png\" \/>\n<meta name=\"author\" content=\"Charge\" \/>\n<meta name=\"twitter:card\" content=\"summary_large_image\" \/>\n<meta name=\"twitter:creator\" content=\"@sindromecharge\" \/>\n<meta name=\"twitter:site\" content=\"@sindromecharge\" \/>\n<meta name=\"twitter:label1\" content=\"Escrito por\" \/>\n\t<meta name=\"twitter:data1\" content=\"Charge\" \/>\n\t<meta name=\"twitter:label2\" content=\"Tiempo de lectura\" \/>\n\t<meta name=\"twitter:data2\" content=\"5 minutos\" \/>\n<script type=\"application\/ld+json\" class=\"yoast-schema-graph\">{\"@context\":\"https:\\\/\\\/schema.org\",\"@graph\":[{\"@type\":\"Article\",\"@id\":\"https:\\\/\\\/sindromecharge.es\\\/index.php\\\/2024\\\/08\\\/14\\\/una-operacion-pionera-europa-ayuda-pacientes-tetraplejicos-desconectarse-ventilacion-mecanica\\\/#article\",\"isPartOf\":{\"@id\":\"https:\\\/\\\/sindromecharge.es\\\/index.php\\\/2024\\\/08\\\/14\\\/una-operacion-pionera-europa-ayuda-pacientes-tetraplejicos-desconectarse-ventilacion-mecanica\\\/\"},\"author\":{\"name\":\"Charge\",\"@id\":\"https:\\\/\\\/sindromecharge.es\\\/#\\\/schema\\\/person\\\/39a60ebe0a2b4d5a11179701e336b039\"},\"headline\":\"Una operaci\u00f3n pionera en Europa ayuda a pacientes tetrapl\u00e9jicos a desconectarse de la ventilaci\u00f3n mec\u00e1nica\",\"datePublished\":\"2024-08-14T06:46:16+00:00\",\"mainEntityOfPage\":{\"@id\":\"https:\\\/\\\/sindromecharge.es\\\/index.php\\\/2024\\\/08\\\/14\\\/una-operacion-pionera-europa-ayuda-pacientes-tetraplejicos-desconectarse-ventilacion-mecanica\\\/\"},\"wordCount\":1001,\"articleSection\":[\"noticias\"],\"inLanguage\":\"es\"},{\"@type\":\"WebPage\",\"@id\":\"https:\\\/\\\/sindromecharge.es\\\/index.php\\\/2024\\\/08\\\/14\\\/una-operacion-pionera-europa-ayuda-pacientes-tetraplejicos-desconectarse-ventilacion-mecanica\\\/\",\"url\":\"https:\\\/\\\/sindromecharge.es\\\/index.php\\\/2024\\\/08\\\/14\\\/una-operacion-pionera-europa-ayuda-pacientes-tetraplejicos-desconectarse-ventilacion-mecanica\\\/\",\"name\":\"Una operaci\u00f3n pionera en Europa ayuda a pacientes tetrapl\u00e9jicos a desconectarse de la ventilaci\u00f3n mec\u00e1nica - Asociaci\u00f3n Espa\u00f1ola S\u00edndrome de Charge\",\"isPartOf\":{\"@id\":\"https:\\\/\\\/sindromecharge.es\\\/#website\"},\"datePublished\":\"2024-08-14T06:46:16+00:00\",\"author\":{\"@id\":\"https:\\\/\\\/sindromecharge.es\\\/#\\\/schema\\\/person\\\/39a60ebe0a2b4d5a11179701e336b039\"},\"breadcrumb\":{\"@id\":\"https:\\\/\\\/sindromecharge.es\\\/index.php\\\/2024\\\/08\\\/14\\\/una-operacion-pionera-europa-ayuda-pacientes-tetraplejicos-desconectarse-ventilacion-mecanica\\\/#breadcrumb\"},\"inLanguage\":\"es\",\"potentialAction\":[{\"@type\":\"ReadAction\",\"target\":[\"https:\\\/\\\/sindromecharge.es\\\/index.php\\\/2024\\\/08\\\/14\\\/una-operacion-pionera-europa-ayuda-pacientes-tetraplejicos-desconectarse-ventilacion-mecanica\\\/\"]}]},{\"@type\":\"BreadcrumbList\",\"@id\":\"https:\\\/\\\/sindromecharge.es\\\/index.php\\\/2024\\\/08\\\/14\\\/una-operacion-pionera-europa-ayuda-pacientes-tetraplejicos-desconectarse-ventilacion-mecanica\\\/#breadcrumb\",\"itemListElement\":[{\"@type\":\"ListItem\",\"position\":1,\"name\":\"Portada\",\"item\":\"https:\\\/\\\/sindromecharge.es\\\/\"},{\"@type\":\"ListItem\",\"position\":2,\"name\":\"Una operaci\u00f3n pionera en Europa ayuda a pacientes tetrapl\u00e9jicos a desconectarse de la ventilaci\u00f3n mec\u00e1nica\"}]},{\"@type\":\"WebSite\",\"@id\":\"https:\\\/\\\/sindromecharge.es\\\/#website\",\"url\":\"https:\\\/\\\/sindromecharge.es\\\/\",\"name\":\"Asociaci\u00f3n Espa\u00f1ola S\u00edndrome de Charge\",\"description\":\"\",\"potentialAction\":[{\"@type\":\"SearchAction\",\"target\":{\"@type\":\"EntryPoint\",\"urlTemplate\":\"https:\\\/\\\/sindromecharge.es\\\/?s={search_term_string}\"},\"query-input\":{\"@type\":\"PropertyValueSpecification\",\"valueRequired\":true,\"valueName\":\"search_term_string\"}}],\"inLanguage\":\"es\"},{\"@type\":\"Person\",\"@id\":\"https:\\\/\\\/sindromecharge.es\\\/#\\\/schema\\\/person\\\/39a60ebe0a2b4d5a11179701e336b039\",\"name\":\"Charge\",\"image\":{\"@type\":\"ImageObject\",\"inLanguage\":\"es\",\"@id\":\"https:\\\/\\\/secure.gravatar.com\\\/avatar\\\/c3b46e32a0fc3b093a0873fb767bf3293de856293065e84ef06b7ec7a8acfb98?s=96&d=identicon&r=x\",\"url\":\"https:\\\/\\\/secure.gravatar.com\\\/avatar\\\/c3b46e32a0fc3b093a0873fb767bf3293de856293065e84ef06b7ec7a8acfb98?s=96&d=identicon&r=x\",\"contentUrl\":\"https:\\\/\\\/secure.gravatar.com\\\/avatar\\\/c3b46e32a0fc3b093a0873fb767bf3293de856293065e84ef06b7ec7a8acfb98?s=96&d=identicon&r=x\",\"caption\":\"Charge\"},\"url\":\"https:\\\/\\\/sindromecharge.es\\\/index.php\\\/author\\\/admin\\\/\"}]}<\/script>\n<!-- \/ Yoast SEO plugin. -->","yoast_head_json":{"title":"Una operaci\u00f3n pionera en Europa ayuda a pacientes tetrapl\u00e9jicos a desconectarse de la ventilaci\u00f3n mec\u00e1nica - Asociaci\u00f3n Espa\u00f1ola S\u00edndrome de Charge","robots":{"index":"index","follow":"follow","max-snippet":"max-snippet:-1","max-image-preview":"max-image-preview:large","max-video-preview":"max-video-preview:-1"},"canonical":"https:\/\/sindromecharge.es\/index.php\/2024\/08\/14\/una-operacion-pionera-europa-ayuda-pacientes-tetraplejicos-desconectarse-ventilacion-mecanica\/","og_locale":"es_ES","og_type":"article","og_title":"Una operaci\u00f3n pionera en Europa ayuda a pacientes tetrapl\u00e9jicos a desconectarse de la ventilaci\u00f3n mec\u00e1nica - Asociaci\u00f3n Espa\u00f1ola S\u00edndrome de Charge","og_description":"Un equipo de profesionales del Instituto Guttmann de Barcelona y del Hospital Germans Trias de Badalona ha realizado una operaci\u00f3n, pionera en Europa, y \u2018un sue\u00f1o\u2019.","og_url":"https:\/\/sindromecharge.es\/index.php\/2024\/08\/14\/una-operacion-pionera-europa-ayuda-pacientes-tetraplejicos-desconectarse-ventilacion-mecanica\/","og_site_name":"Asociaci\u00f3n Espa\u00f1ola S\u00edndrome de Charge","article_publisher":"https:\/\/www.facebook.com\/asociacionsindromecharge","article_published_time":"2024-08-14T06:46:16+00:00","og_image":[{"width":300,"height":98,"url":"https:\/\/sindromecharge.es\/wp-content\/uploads\/2013\/09\/logodecharge300x98.png","type":"image\/png"}],"author":"Charge","twitter_card":"summary_large_image","twitter_creator":"@sindromecharge","twitter_site":"@sindromecharge","twitter_misc":{"Escrito por":"Charge","Tiempo de lectura":"5 minutos"},"schema":{"@context":"https:\/\/schema.org","@graph":[{"@type":"Article","@id":"https:\/\/sindromecharge.es\/index.php\/2024\/08\/14\/una-operacion-pionera-europa-ayuda-pacientes-tetraplejicos-desconectarse-ventilacion-mecanica\/#article","isPartOf":{"@id":"https:\/\/sindromecharge.es\/index.php\/2024\/08\/14\/una-operacion-pionera-europa-ayuda-pacientes-tetraplejicos-desconectarse-ventilacion-mecanica\/"},"author":{"name":"Charge","@id":"https:\/\/sindromecharge.es\/#\/schema\/person\/39a60ebe0a2b4d5a11179701e336b039"},"headline":"Una operaci\u00f3n pionera en Europa ayuda a pacientes tetrapl\u00e9jicos a desconectarse de la ventilaci\u00f3n mec\u00e1nica","datePublished":"2024-08-14T06:46:16+00:00","mainEntityOfPage":{"@id":"https:\/\/sindromecharge.es\/index.php\/2024\/08\/14\/una-operacion-pionera-europa-ayuda-pacientes-tetraplejicos-desconectarse-ventilacion-mecanica\/"},"wordCount":1001,"articleSection":["noticias"],"inLanguage":"es"},{"@type":"WebPage","@id":"https:\/\/sindromecharge.es\/index.php\/2024\/08\/14\/una-operacion-pionera-europa-ayuda-pacientes-tetraplejicos-desconectarse-ventilacion-mecanica\/","url":"https:\/\/sindromecharge.es\/index.php\/2024\/08\/14\/una-operacion-pionera-europa-ayuda-pacientes-tetraplejicos-desconectarse-ventilacion-mecanica\/","name":"Una operaci\u00f3n pionera en Europa ayuda a pacientes tetrapl\u00e9jicos a desconectarse de la ventilaci\u00f3n mec\u00e1nica - Asociaci\u00f3n Espa\u00f1ola S\u00edndrome de Charge","isPartOf":{"@id":"https:\/\/sindromecharge.es\/#website"},"datePublished":"2024-08-14T06:46:16+00:00","author":{"@id":"https:\/\/sindromecharge.es\/#\/schema\/person\/39a60ebe0a2b4d5a11179701e336b039"},"breadcrumb":{"@id":"https:\/\/sindromecharge.es\/index.php\/2024\/08\/14\/una-operacion-pionera-europa-ayuda-pacientes-tetraplejicos-desconectarse-ventilacion-mecanica\/#breadcrumb"},"inLanguage":"es","potentialAction":[{"@type":"ReadAction","target":["https:\/\/sindromecharge.es\/index.php\/2024\/08\/14\/una-operacion-pionera-europa-ayuda-pacientes-tetraplejicos-desconectarse-ventilacion-mecanica\/"]}]},{"@type":"BreadcrumbList","@id":"https:\/\/sindromecharge.es\/index.php\/2024\/08\/14\/una-operacion-pionera-europa-ayuda-pacientes-tetraplejicos-desconectarse-ventilacion-mecanica\/#breadcrumb","itemListElement":[{"@type":"ListItem","position":1,"name":"Portada","item":"https:\/\/sindromecharge.es\/"},{"@type":"ListItem","position":2,"name":"Una operaci\u00f3n pionera en Europa ayuda a pacientes tetrapl\u00e9jicos a desconectarse de la ventilaci\u00f3n mec\u00e1nica"}]},{"@type":"WebSite","@id":"https:\/\/sindromecharge.es\/#website","url":"https:\/\/sindromecharge.es\/","name":"Asociaci\u00f3n Espa\u00f1ola S\u00edndrome de Charge","description":"","potentialAction":[{"@type":"SearchAction","target":{"@type":"EntryPoint","urlTemplate":"https:\/\/sindromecharge.es\/?s={search_term_string}"},"query-input":{"@type":"PropertyValueSpecification","valueRequired":true,"valueName":"search_term_string"}}],"inLanguage":"es"},{"@type":"Person","@id":"https:\/\/sindromecharge.es\/#\/schema\/person\/39a60ebe0a2b4d5a11179701e336b039","name":"Charge","image":{"@type":"ImageObject","inLanguage":"es","@id":"https:\/\/secure.gravatar.com\/avatar\/c3b46e32a0fc3b093a0873fb767bf3293de856293065e84ef06b7ec7a8acfb98?s=96&d=identicon&r=x","url":"https:\/\/secure.gravatar.com\/avatar\/c3b46e32a0fc3b093a0873fb767bf3293de856293065e84ef06b7ec7a8acfb98?s=96&d=identicon&r=x","contentUrl":"https:\/\/secure.gravatar.com\/avatar\/c3b46e32a0fc3b093a0873fb767bf3293de856293065e84ef06b7ec7a8acfb98?s=96&d=identicon&r=x","caption":"Charge"},"url":"https:\/\/sindromecharge.es\/index.php\/author\/admin\/"}]}},"_links":{"self":[{"href":"https:\/\/sindromecharge.es\/index.php\/wp-json\/wp\/v2\/posts\/10242","targetHints":{"allow":["GET"]}}],"collection":[{"href":"https:\/\/sindromecharge.es\/index.php\/wp-json\/wp\/v2\/posts"}],"about":[{"href":"https:\/\/sindromecharge.es\/index.php\/wp-json\/wp\/v2\/types\/post"}],"author":[{"embeddable":true,"href":"https:\/\/sindromecharge.es\/index.php\/wp-json\/wp\/v2\/users\/1"}],"replies":[{"embeddable":true,"href":"https:\/\/sindromecharge.es\/index.php\/wp-json\/wp\/v2\/comments?post=10242"}],"version-history":[{"count":0,"href":"https:\/\/sindromecharge.es\/index.php\/wp-json\/wp\/v2\/posts\/10242\/revisions"}],"wp:attachment":[{"href":"https:\/\/sindromecharge.es\/index.php\/wp-json\/wp\/v2\/media?parent=10242"}],"wp:term":[{"taxonomy":"category","embeddable":true,"href":"https:\/\/sindromecharge.es\/index.php\/wp-json\/wp\/v2\/categories?post=10242"},{"taxonomy":"post_tag","embeddable":true,"href":"https:\/\/sindromecharge.es\/index.php\/wp-json\/wp\/v2\/tags?post=10242"}],"curies":[{"name":"wp","href":"https:\/\/api.w.org\/{rel}","templated":true}]}}