{"id":10241,"date":"2024-08-14T05:23:52","date_gmt":"2024-08-14T05:23:52","guid":{"rendered":"https:\/\/sindromecharge.es\/index.php\/2024\/08\/14\/ivan-cano-irene-cerda-joan-sirera-tres-atletas-con-mucho-que-recorrer-se-enfocan-sus-capacidades-no-su-discapacidad\/"},"modified":"2024-08-14T05:23:52","modified_gmt":"2024-08-14T05:23:52","slug":"ivan-cano-irene-cerda-joan-sirera-tres-atletas-con-mucho-que-recorrer-se-enfocan-sus-capacidades-no-su-discapacidad","status":"publish","type":"post","link":"https:\/\/sindromecharge.es\/index.php\/2024\/08\/14\/ivan-cano-irene-cerda-joan-sirera-tres-atletas-con-mucho-que-recorrer-se-enfocan-sus-capacidades-no-su-discapacidad\/","title":{"rendered":"Iv\u00e1n Cano, Irene Cerd\u00e1 y Joan Sirera, en lucha por r\u00e9cords y medallas y para que el deporte paral\u00edmpico ocupe el lugar que merece"},"content":{"rendered":"<p>Leemos en Discapacidad la siguiente noticia que os reproducimos de forma \u00edntegra: <\/p>\n<div>\n<p>Cuando hace 20 a\u00f1os el deportista<b> Sergio Berbegal<\/b> decidi\u00f3 fundar el<b> Club de Atletismo Alicante<\/b>, nunca imagin\u00f3 que donde m\u00e1s satisfacci\u00f3n encontrar\u00eda ser\u00eda en el <b>deporte paral\u00edmpico<\/b>. En la actualidad, de los alrededor de 300 miembros que tiene su club, 25 tienen <a href=\"https:\/\/www.20minutos.es\/minuteca\/discapacidad\/\" title=\"Discapacidad\">discapacidad<\/a>, y se top\u00f3 con ella por casualidad, cuando coincidi\u00f3 en una concentraci\u00f3n de la Selecci\u00f3n Espa\u00f1ola de Atletismo con la Federaci\u00f3n espa\u00f1ola de deportes para ciegos, \u00aball\u00ed me hablaron de<b> Iv\u00e1n Cano, un atleta joven con mucho potencial <\/b>para el que buscaban entrenador en Alicante. Y as\u00ed es como empec\u00e9 a trabajar para el centro de recursos educativos de la <a href=\"https:\/\/www.20minutos.es\/minuteca\/once\/\" title=\"ONCE\" target=\"_blank\" rel=\"noopener\">ONCE<\/a> y a fundar la secci\u00f3n paral\u00edmpica de mi club\u00bb, recuerda.<\/p>\n<p>De eso hace ya 11 a\u00f1os, y la apuesta de <b>Iv\u00e1n Cano -con albinismo y discapacidad visual<\/b>&#8211; no pod\u00eda haber salido mejor, pues ha conseguido varias medallas a nivel internacional y logr\u00f3 ser plata en salto en los paral\u00edmpicos de <b>Tokio 2020<\/b>. A ra\u00edz del \u00e9xito de Iv\u00e1n, Sergio decidi\u00f3 apostar m\u00e1s <b>fuerte por los atletas paral\u00edmpicos<\/b>, con el objetivo de profesionalizarlos, pero tambi\u00e9n de que disfruten del deporte, \u00abtrabajamos desde la base hasta la elite mundial, por eso <b>empiezan a hacer atletismo con 6-7 a\u00f1os de manera l\u00fadica<\/b>, y seg\u00fan van haci\u00e9ndose mayores van avanzando en los niveles. Empezamos con ni\u00f1os, con un objetivo era plenamente l\u00fadico, pero siempre desde un nivel de exigencia alto, y eso al final te va posicionando. Y si ves que consiguen objetivos, pues quieres ir a por el siguiente\u00bb. <\/p>\n<p>Esa exigencia le ha llevado a conseguir un<b> importante patrocinio<\/b>, el de la empresa Finetwork, junto con la que ha creado el <b>Equipo Finetwork Medalla en Par\u00eds<\/b>, \u00absolamente podemos ser profesionales si ganamos, y para ganar necesitamos tener una empresa o un patrocinador que nos ayude para que yo me pueda dedicar a ellos como entrenador, para que ellos tengan el apoyo que necesitan, unos viajes, un material\u2026 El tener una empresa grande detr\u00e1s, te ayuda a profesionalizarte\u00bb, asegura Sergio Berbegal.<\/p>\n<p>Para los Juegos que est\u00e1n a punto de comenzar, <b>solo han conseguido que se clasifique Iv\u00e1n Cano<\/b>, pero el objetivo es hacer una carrera de fondo e ir creando cantera para los pr\u00f3ximos, para los que ya tienen varios candidatos.<\/p>\n<p>Entre ellos destacan<b> Joan Sirera -tambi\u00e9n con albinismo y discapacidad visual-<\/b> que, aunque no ha tenido un buen a\u00f1o, su entrenador asegura que \u00abcon 18 a\u00f1os, entre los mejores del mundo. El a\u00f1o pasado qued\u00f3 d\u00e9cimo del mundo en velocidad, con 17 a\u00f1os\u00bb. <\/p>\n<p>Tambi\u00e9n <b>Irene Cerd\u00e1, una murciana de 15 a\u00f1os con ceguera total<\/b> y \u00abcon unas marcas impresionantes\u00bb.  Juntos, no solo luchan por obtener las mejores marcas y medallas, sino para que el deporte paral\u00edmpico consiga estar en el lugar que se merece.<\/p>\n<h2>De la afici\u00f3n a la devoci\u00f3n<\/h2>\n<p>Desde entidades del tercer sector de la<a href=\"https:\/\/www.20minutos.es\/minuteca\/discapacidad\/\" title=\"Discapacidad\" target=\"_blank\" rel=\"noopener\"> discapacidad<\/a>, especialmente desde la <a href=\"https:\/\/www.20minutos.es\/minuteca\/once\/\" title=\"ONCE\">ONCE<\/a>, siempre se ha intentado fomentar la pr\u00e1ctica de deporte entre las personas con<a href=\"https:\/\/www.20minutos.es\/minuteca\/discapacidad\/\" title=\"Discapacidad\" target=\"_blank\" rel=\"noopener\"> discapacidad<\/a>, y as\u00ed es como empezaron Iv\u00e1n, Joan e Irene, \u00aben mi familia siempre han sido muy deportistas, y para m\u00ed hacer deporte era algo natural, adem\u00e1s de que siempre he sido de los que no paran quietos, <b>me apuntaron a atletismo a ver si me cansaban<\/b>\u00ab, cuenta Iv\u00e1n. <\/p>\n<p>Enseguida vieron que correr y saltar se le daba bien y decidieron aprovecharlo, \u00abgracias a las facilidades que pone siempre la ONCE para identificar talento, me pusieron en contacto con Sergio, y hasta ahora\u00bb, recuerda. Se esforz\u00f3 y el trabajo duro dio sus frutos, \u00abempez\u00f3 como un hobby, pero cuando vi que se me daba bien, cada d\u00eda intentaba saltar un poco m\u00e1s. Y aqu\u00ed estoy<b>, a punto de empezar mis segundos juegos ol\u00edmpicos\u00bb, <\/b>dice orgulloso. Eso s\u00ed, a pesar de los \u00e9xitos deportivos, nunca dej\u00f3 de estudiar y ahora<span> es <\/span>adem\u00e1s ingeniero y profesor.<\/p>\n<p>Tampoco ha dejado los estudios<b> Joan Sirera<\/b>, que ya ha terminado su primer a\u00f1o de fisioterapia, \u00absiempre he practicado deporte, sobre todo f\u00fatbol, pero a las personas con discapacidad los deportes con pelota se nos complican un poco. Luego prob\u00e9 judo, pero en un encuentro de la ONCE<b> prob\u00e9 el atletismo y me encant\u00f3<\/b>. Y eso fue ya hace 8 a\u00f1os\u00bb. Joan, como nos cuenta su entrenador, no ha tenido un buen a\u00f1o y no ha podido lograr su sue\u00f1o de estar en los juegos de Par\u00eds, \u00abven\u00eda de hacer muy buenas marcas, ten\u00eda las expectativas muy altas y lo est\u00e1 pasando regular. Pero es muy joven y le queda mucho por delante. Adem\u00e1s, mi principal objetivo es que nunca deje de disfrutar\u00bb.<\/p>\n<p><b>Irene, la m\u00e1s joven de los tres<\/b>, empez\u00f3 a practicar deporte tras quedarse ciega, \u00aba mi familia le dijeron que era muy importante que hiciera deporte. Empec\u00e9 con la nataci\u00f3n, pero me aburri\u00f3. Prob\u00e9 distintos deportes, y fue el atletismo en el que qued\u00e9. Llevo desde los siete a\u00f1os y a\u00fan estoy estudiando, claro, aunque no tengo ni idea de qu\u00e9 har\u00e9 cuando acabe la ESO\u00bb. De ella, Sergio destaca su capacidad de sacrificio, pues <b>se desplaza dos veces a la semana desde Murcia<\/b> para entrenar en Alicante con \u00e9l, \u00abviene solo para hacer longitud porque le encanta, y as\u00ed lleva cuatro a\u00f1os\u00bb. <\/p>\n<p>Como cualquier atleta, Iv\u00e1n, Joan e Irene <b>tienen objetivos, sue\u00f1os, que luchan por conseguir<\/b>, y m\u00e1s en un a\u00f1o ol\u00edmpico, aunque no vayan a ir a los Juegos, \u00absiempre es un a\u00f1o especial, es un a\u00f1o que se coge con ilusi\u00f3n, con una motivaci\u00f3n grande, y si sale, y sale bien, es una ilusi\u00f3n a\u00fan m\u00e1s grande\u00bb, asegura.<\/p>\n<p>Se trata de a\u00f1os en los que, aunque el sue\u00f1o ol\u00edmpico est\u00e9 lejos, \u00abla gente se compromete m\u00e1s, se nota en las competiciones. Yo, por mi parte, soy muy exigente y me voy poniendo mis propios objetivos, sin dejar de disfrutar, as\u00ed que me encantar\u00eda llegar a unos juegos. <b>Ojal\u00e1 pudiera ir a los de Los \u00c1ngeles 2028<\/b>\u00ab, anhela Irene. Iv\u00e1n, que ya ha cumplido este sue\u00f1o, trabaja cada d\u00eda para \u00abseguir mejorando y llegar a ser campe\u00f3n paral\u00edmpico\u00bb.<\/p>\n<h2>Mucho m\u00e1s que medallas y Juegos<\/h2>\n<p>Aunque la percepci\u00f3n que tiene la sociedad sobre el deporte <a href=\"https:\/\/www.20minutos.es\/deportes\/minuteca\/juegos-paralimpicos\/\" title=\"Juegos Paral\u00edmpicos\" target=\"_blank\" rel=\"noopener\">paral\u00edmpico<\/a> est\u00e1 cambiando, Sergio reconoce que<b> a\u00fan sigue costando m\u00e1s conseguir patrocinadores<\/b> y que estos lo hagan como una apuesta real, no como un acto de caridad, \u00abse ha vendido mucho el tema de la pena y no se ha vendido la realidad, que es que los deportistas paral\u00edmpicos enfocan la vida de la misma manera que el enfoca que el resto de deportistas. En algunos casos, <b>a\u00fan se vende la idea de que se les patrocina para hacerles un favor<\/b> m\u00e1s que como el valor que aportan como deportistas a las marcas. Por suerte, esto est\u00e1 cambiando, y es gracias a deportistas como Desir\u00e9e Vila, que generan much\u00edsimo\u00bb. <\/p>\n<p>Iv\u00e1n, que lleva a\u00f1os compitiendo, ha sido testigo de esos cambios sociales, \u00abcuando yo empec\u00e9,<b> el deporte paral\u00edmpico era algo vestigial<\/b>, no se conoc\u00eda y apenas hab\u00eda clubes que tuvieran una rama paral\u00edmpica, no ten\u00eda visibilidad ni trascend\u00eda a los medios de comunicaci\u00f3n, hasta que, poco a poco, ha ido viviendo una metamorfosis muy positiva. A d\u00eda de hoy, en cualquier deporte, no solo el atletismo, ya podemos encontrar una representaci\u00f3n paral\u00edmpica. La mejor prueba es que este a\u00f1o, por fin, y despu\u00e9s de casi medio siglo,<b> se ha conseguido equiparar las becas de los ol\u00edmpicos y los paral\u00edmpicos<\/b>. Poco a poco vamos teniendo m\u00e1s visibilidad, que es lo que queremos conseguir desde clubes como este\u00bb. <\/p>\n<p>Esto hace, adem\u00e1s, que m\u00e1s personas con discapacidad <b>se animen a practicar deporte<\/b>, porque ya tienen referentes, \u00absolo con ver lo que personas como ellos est\u00e1n consiguiendo es suficiente motivaci\u00f3n para plantearse que son capaces de practicar deporte, sobre todo entre los ni\u00f1os\u00bb, a\u00f1ade Iv\u00e1n.<\/p>\n<p>Irene, que ha crecido haciendo deporte, asegura que es la mejor forma de normalizar su pr\u00e1ctica entre las personas con discapacidad, \u00abyo les animar\u00eda a practicar el atletismo, dici\u00e9ndoles que es muy bonito, porque ves c\u00f3mo te superas a ti mismo.<b> A m\u00ed el atletismo me lo ha dado todo<\/b>. Aqu\u00ed es donde tengo a mis mejores amigos, los he conocido entrenando\u00bb.<\/p>\n<p>Falta, en cambio, <b>visibilizarlo m\u00e1s y normalizarlo<\/b>, \u00aba m\u00ed todav\u00eda hay gente que me dice que antes de conocerme nunca hab\u00eda visto un ciego antes. Y a m\u00ed eso me sorprende mucho, porque hay mucha gente ciega, mucha gente con discapacidad\u00bb, asegura Irene.<\/p>\n<p>Sergio, que ha vivido en sus propias carnes esa normalizaci\u00f3n, invita a las autoridades a <b>incluir el deporte paral\u00edmpico en los planes de estudio<\/b>, \u00abdurante un trimestre, en Educaci\u00f3n F\u00edsica, les har\u00eda practicar deporte paral\u00edmpico: pondr\u00eda a los alumnos a correr y saltar a ciegas, con una mano atada, en <a href=\"https:\/\/www.20minutos.es\/minuteca\/silla-de-ruedas\/\" title=\"Silla de ruedas\" target=\"_blank\" rel=\"noopener\">silla de ruedas<\/a>\u2026 para que vean c\u00f3mo es su d\u00eda a d\u00eda\u00bb. <\/p>\n<p>A \u00e9l, le cambi\u00f3 la perspectiva cuando empez\u00f3 a entrenarlos, le ayud\u00f3 a normalizarlo, \u00abves gente con discapacidades muy importantes, par\u00e1lisis, amputaciones\u2026 que lo dan todo, y te dan una lecci\u00f3n, porque ellos tienen totalmente normalizada su vida. <b>No se enfocan en su discapacidad, sino en sus habilidades y sus capacidades<\/b>, y ellos me ayudaron a verlo as\u00ed tambi\u00e9n, a no verlos como h\u00e9roes, sino a ver personas que se enfocan en sus capacidades y luchan por sus objetivos, como deber\u00edamos hacer cualquiera de nosotros, tengamos o no discapacidad\u00bb. <\/p>\n<\/div>\n<p>Fuente: Discapacidad https:\/\/www.20minutos.es\/noticia\/5537112\/0\/ivan-cano-irene-cerda-joan-sirera-tres-atletas-con-mucho-que-recorrer-se-enfocan-sus-capacidades-no-su-discapacidad\/<\/p>\n","protected":false},"excerpt":{"rendered":"<p>Entrenados por Sergio Berbegal, los tres pertenecen al &#8216;Equipo Finetwork Medalla en Par\u00eds&#8217;.<\/p>\n","protected":false},"author":1,"featured_media":0,"comment_status":"closed","ping_status":"closed","sticky":false,"template":"","format":"standard","meta":{"footnotes":""},"categories":[8],"tags":[],"class_list":["post-10241","post","type-post","status-publish","format-standard","hentry","category-noticias"],"yoast_head":"<!-- This site is optimized with the Yoast SEO plugin v27.4 - https:\/\/yoast.com\/product\/yoast-seo-wordpress\/ -->\n<title>Iv\u00e1n Cano, Irene Cerd\u00e1 y Joan Sirera, en lucha por r\u00e9cords y medallas y para que el deporte paral\u00edmpico ocupe el lugar que merece - Asociaci\u00f3n Espa\u00f1ola S\u00edndrome de Charge<\/title>\n<meta name=\"robots\" content=\"index, follow, max-snippet:-1, max-image-preview:large, max-video-preview:-1\" \/>\n<link rel=\"canonical\" href=\"https:\/\/sindromecharge.es\/index.php\/2024\/08\/14\/ivan-cano-irene-cerda-joan-sirera-tres-atletas-con-mucho-que-recorrer-se-enfocan-sus-capacidades-no-su-discapacidad\/\" \/>\n<meta property=\"og:locale\" content=\"es_ES\" \/>\n<meta property=\"og:type\" content=\"article\" \/>\n<meta property=\"og:title\" content=\"Iv\u00e1n Cano, Irene Cerd\u00e1 y Joan Sirera, en lucha por r\u00e9cords y medallas y para que el deporte paral\u00edmpico ocupe el lugar que merece - Asociaci\u00f3n Espa\u00f1ola S\u00edndrome de Charge\" \/>\n<meta property=\"og:description\" content=\"Entrenados por Sergio Berbegal, los tres pertenecen al &#8216;Equipo Finetwork Medalla en Par\u00eds&#8217;.\" \/>\n<meta property=\"og:url\" content=\"https:\/\/sindromecharge.es\/index.php\/2024\/08\/14\/ivan-cano-irene-cerda-joan-sirera-tres-atletas-con-mucho-que-recorrer-se-enfocan-sus-capacidades-no-su-discapacidad\/\" \/>\n<meta property=\"og:site_name\" content=\"Asociaci\u00f3n Espa\u00f1ola S\u00edndrome de Charge\" \/>\n<meta property=\"article:publisher\" content=\"https:\/\/www.facebook.com\/asociacionsindromecharge\" \/>\n<meta property=\"article:published_time\" content=\"2024-08-14T05:23:52+00:00\" \/>\n<meta property=\"og:image\" content=\"https:\/\/sindromecharge.es\/wp-content\/uploads\/2013\/09\/logodecharge300x98.png\" \/>\n\t<meta property=\"og:image:width\" content=\"300\" \/>\n\t<meta property=\"og:image:height\" content=\"98\" \/>\n\t<meta property=\"og:image:type\" content=\"image\/png\" \/>\n<meta name=\"author\" content=\"Charge\" \/>\n<meta name=\"twitter:card\" content=\"summary_large_image\" \/>\n<meta name=\"twitter:creator\" content=\"@sindromecharge\" \/>\n<meta name=\"twitter:site\" content=\"@sindromecharge\" \/>\n<meta name=\"twitter:label1\" content=\"Escrito por\" \/>\n\t<meta name=\"twitter:data1\" content=\"Charge\" \/>\n\t<meta name=\"twitter:label2\" content=\"Tiempo de lectura\" \/>\n\t<meta name=\"twitter:data2\" content=\"8 minutos\" \/>\n<script type=\"application\/ld+json\" class=\"yoast-schema-graph\">{\"@context\":\"https:\\\/\\\/schema.org\",\"@graph\":[{\"@type\":\"Article\",\"@id\":\"https:\\\/\\\/sindromecharge.es\\\/index.php\\\/2024\\\/08\\\/14\\\/ivan-cano-irene-cerda-joan-sirera-tres-atletas-con-mucho-que-recorrer-se-enfocan-sus-capacidades-no-su-discapacidad\\\/#article\",\"isPartOf\":{\"@id\":\"https:\\\/\\\/sindromecharge.es\\\/index.php\\\/2024\\\/08\\\/14\\\/ivan-cano-irene-cerda-joan-sirera-tres-atletas-con-mucho-que-recorrer-se-enfocan-sus-capacidades-no-su-discapacidad\\\/\"},\"author\":{\"name\":\"Charge\",\"@id\":\"https:\\\/\\\/sindromecharge.es\\\/#\\\/schema\\\/person\\\/39a60ebe0a2b4d5a11179701e336b039\"},\"headline\":\"Iv\u00e1n Cano, Irene Cerd\u00e1 y Joan Sirera, en lucha por r\u00e9cords y medallas y para que el deporte paral\u00edmpico ocupe el lugar que merece\",\"datePublished\":\"2024-08-14T05:23:52+00:00\",\"mainEntityOfPage\":{\"@id\":\"https:\\\/\\\/sindromecharge.es\\\/index.php\\\/2024\\\/08\\\/14\\\/ivan-cano-irene-cerda-joan-sirera-tres-atletas-con-mucho-que-recorrer-se-enfocan-sus-capacidades-no-su-discapacidad\\\/\"},\"wordCount\":1717,\"articleSection\":[\"noticias\"],\"inLanguage\":\"es\"},{\"@type\":\"WebPage\",\"@id\":\"https:\\\/\\\/sindromecharge.es\\\/index.php\\\/2024\\\/08\\\/14\\\/ivan-cano-irene-cerda-joan-sirera-tres-atletas-con-mucho-que-recorrer-se-enfocan-sus-capacidades-no-su-discapacidad\\\/\",\"url\":\"https:\\\/\\\/sindromecharge.es\\\/index.php\\\/2024\\\/08\\\/14\\\/ivan-cano-irene-cerda-joan-sirera-tres-atletas-con-mucho-que-recorrer-se-enfocan-sus-capacidades-no-su-discapacidad\\\/\",\"name\":\"Iv\u00e1n Cano, Irene Cerd\u00e1 y Joan Sirera, en lucha por r\u00e9cords y medallas y para que el deporte paral\u00edmpico ocupe el lugar que merece - Asociaci\u00f3n Espa\u00f1ola S\u00edndrome de Charge\",\"isPartOf\":{\"@id\":\"https:\\\/\\\/sindromecharge.es\\\/#website\"},\"datePublished\":\"2024-08-14T05:23:52+00:00\",\"author\":{\"@id\":\"https:\\\/\\\/sindromecharge.es\\\/#\\\/schema\\\/person\\\/39a60ebe0a2b4d5a11179701e336b039\"},\"breadcrumb\":{\"@id\":\"https:\\\/\\\/sindromecharge.es\\\/index.php\\\/2024\\\/08\\\/14\\\/ivan-cano-irene-cerda-joan-sirera-tres-atletas-con-mucho-que-recorrer-se-enfocan-sus-capacidades-no-su-discapacidad\\\/#breadcrumb\"},\"inLanguage\":\"es\",\"potentialAction\":[{\"@type\":\"ReadAction\",\"target\":[\"https:\\\/\\\/sindromecharge.es\\\/index.php\\\/2024\\\/08\\\/14\\\/ivan-cano-irene-cerda-joan-sirera-tres-atletas-con-mucho-que-recorrer-se-enfocan-sus-capacidades-no-su-discapacidad\\\/\"]}]},{\"@type\":\"BreadcrumbList\",\"@id\":\"https:\\\/\\\/sindromecharge.es\\\/index.php\\\/2024\\\/08\\\/14\\\/ivan-cano-irene-cerda-joan-sirera-tres-atletas-con-mucho-que-recorrer-se-enfocan-sus-capacidades-no-su-discapacidad\\\/#breadcrumb\",\"itemListElement\":[{\"@type\":\"ListItem\",\"position\":1,\"name\":\"Portada\",\"item\":\"https:\\\/\\\/sindromecharge.es\\\/\"},{\"@type\":\"ListItem\",\"position\":2,\"name\":\"Iv\u00e1n Cano, Irene Cerd\u00e1 y Joan Sirera, en lucha por r\u00e9cords y medallas y para que el deporte paral\u00edmpico ocupe el lugar que merece\"}]},{\"@type\":\"WebSite\",\"@id\":\"https:\\\/\\\/sindromecharge.es\\\/#website\",\"url\":\"https:\\\/\\\/sindromecharge.es\\\/\",\"name\":\"Asociaci\u00f3n Espa\u00f1ola S\u00edndrome de Charge\",\"description\":\"\",\"potentialAction\":[{\"@type\":\"SearchAction\",\"target\":{\"@type\":\"EntryPoint\",\"urlTemplate\":\"https:\\\/\\\/sindromecharge.es\\\/?s={search_term_string}\"},\"query-input\":{\"@type\":\"PropertyValueSpecification\",\"valueRequired\":true,\"valueName\":\"search_term_string\"}}],\"inLanguage\":\"es\"},{\"@type\":\"Person\",\"@id\":\"https:\\\/\\\/sindromecharge.es\\\/#\\\/schema\\\/person\\\/39a60ebe0a2b4d5a11179701e336b039\",\"name\":\"Charge\",\"image\":{\"@type\":\"ImageObject\",\"inLanguage\":\"es\",\"@id\":\"https:\\\/\\\/secure.gravatar.com\\\/avatar\\\/c3b46e32a0fc3b093a0873fb767bf3293de856293065e84ef06b7ec7a8acfb98?s=96&d=identicon&r=x\",\"url\":\"https:\\\/\\\/secure.gravatar.com\\\/avatar\\\/c3b46e32a0fc3b093a0873fb767bf3293de856293065e84ef06b7ec7a8acfb98?s=96&d=identicon&r=x\",\"contentUrl\":\"https:\\\/\\\/secure.gravatar.com\\\/avatar\\\/c3b46e32a0fc3b093a0873fb767bf3293de856293065e84ef06b7ec7a8acfb98?s=96&d=identicon&r=x\",\"caption\":\"Charge\"},\"url\":\"https:\\\/\\\/sindromecharge.es\\\/index.php\\\/author\\\/admin\\\/\"}]}<\/script>\n<!-- \/ Yoast SEO plugin. -->","yoast_head_json":{"title":"Iv\u00e1n Cano, Irene Cerd\u00e1 y Joan Sirera, en lucha por r\u00e9cords y medallas y para que el deporte paral\u00edmpico ocupe el lugar que merece - Asociaci\u00f3n Espa\u00f1ola S\u00edndrome de Charge","robots":{"index":"index","follow":"follow","max-snippet":"max-snippet:-1","max-image-preview":"max-image-preview:large","max-video-preview":"max-video-preview:-1"},"canonical":"https:\/\/sindromecharge.es\/index.php\/2024\/08\/14\/ivan-cano-irene-cerda-joan-sirera-tres-atletas-con-mucho-que-recorrer-se-enfocan-sus-capacidades-no-su-discapacidad\/","og_locale":"es_ES","og_type":"article","og_title":"Iv\u00e1n Cano, Irene Cerd\u00e1 y Joan Sirera, en lucha por r\u00e9cords y medallas y para que el deporte paral\u00edmpico ocupe el lugar que merece - Asociaci\u00f3n Espa\u00f1ola S\u00edndrome de Charge","og_description":"Entrenados por Sergio Berbegal, los tres pertenecen al &#8216;Equipo Finetwork Medalla en Par\u00eds&#8217;.","og_url":"https:\/\/sindromecharge.es\/index.php\/2024\/08\/14\/ivan-cano-irene-cerda-joan-sirera-tres-atletas-con-mucho-que-recorrer-se-enfocan-sus-capacidades-no-su-discapacidad\/","og_site_name":"Asociaci\u00f3n Espa\u00f1ola S\u00edndrome de Charge","article_publisher":"https:\/\/www.facebook.com\/asociacionsindromecharge","article_published_time":"2024-08-14T05:23:52+00:00","og_image":[{"width":300,"height":98,"url":"https:\/\/sindromecharge.es\/wp-content\/uploads\/2013\/09\/logodecharge300x98.png","type":"image\/png"}],"author":"Charge","twitter_card":"summary_large_image","twitter_creator":"@sindromecharge","twitter_site":"@sindromecharge","twitter_misc":{"Escrito por":"Charge","Tiempo de lectura":"8 minutos"},"schema":{"@context":"https:\/\/schema.org","@graph":[{"@type":"Article","@id":"https:\/\/sindromecharge.es\/index.php\/2024\/08\/14\/ivan-cano-irene-cerda-joan-sirera-tres-atletas-con-mucho-que-recorrer-se-enfocan-sus-capacidades-no-su-discapacidad\/#article","isPartOf":{"@id":"https:\/\/sindromecharge.es\/index.php\/2024\/08\/14\/ivan-cano-irene-cerda-joan-sirera-tres-atletas-con-mucho-que-recorrer-se-enfocan-sus-capacidades-no-su-discapacidad\/"},"author":{"name":"Charge","@id":"https:\/\/sindromecharge.es\/#\/schema\/person\/39a60ebe0a2b4d5a11179701e336b039"},"headline":"Iv\u00e1n Cano, Irene Cerd\u00e1 y Joan Sirera, en lucha por r\u00e9cords y medallas y para que el deporte paral\u00edmpico ocupe el lugar que merece","datePublished":"2024-08-14T05:23:52+00:00","mainEntityOfPage":{"@id":"https:\/\/sindromecharge.es\/index.php\/2024\/08\/14\/ivan-cano-irene-cerda-joan-sirera-tres-atletas-con-mucho-que-recorrer-se-enfocan-sus-capacidades-no-su-discapacidad\/"},"wordCount":1717,"articleSection":["noticias"],"inLanguage":"es"},{"@type":"WebPage","@id":"https:\/\/sindromecharge.es\/index.php\/2024\/08\/14\/ivan-cano-irene-cerda-joan-sirera-tres-atletas-con-mucho-que-recorrer-se-enfocan-sus-capacidades-no-su-discapacidad\/","url":"https:\/\/sindromecharge.es\/index.php\/2024\/08\/14\/ivan-cano-irene-cerda-joan-sirera-tres-atletas-con-mucho-que-recorrer-se-enfocan-sus-capacidades-no-su-discapacidad\/","name":"Iv\u00e1n Cano, Irene Cerd\u00e1 y Joan Sirera, en lucha por r\u00e9cords y medallas y para que el deporte paral\u00edmpico ocupe el lugar que merece - Asociaci\u00f3n Espa\u00f1ola S\u00edndrome de Charge","isPartOf":{"@id":"https:\/\/sindromecharge.es\/#website"},"datePublished":"2024-08-14T05:23:52+00:00","author":{"@id":"https:\/\/sindromecharge.es\/#\/schema\/person\/39a60ebe0a2b4d5a11179701e336b039"},"breadcrumb":{"@id":"https:\/\/sindromecharge.es\/index.php\/2024\/08\/14\/ivan-cano-irene-cerda-joan-sirera-tres-atletas-con-mucho-que-recorrer-se-enfocan-sus-capacidades-no-su-discapacidad\/#breadcrumb"},"inLanguage":"es","potentialAction":[{"@type":"ReadAction","target":["https:\/\/sindromecharge.es\/index.php\/2024\/08\/14\/ivan-cano-irene-cerda-joan-sirera-tres-atletas-con-mucho-que-recorrer-se-enfocan-sus-capacidades-no-su-discapacidad\/"]}]},{"@type":"BreadcrumbList","@id":"https:\/\/sindromecharge.es\/index.php\/2024\/08\/14\/ivan-cano-irene-cerda-joan-sirera-tres-atletas-con-mucho-que-recorrer-se-enfocan-sus-capacidades-no-su-discapacidad\/#breadcrumb","itemListElement":[{"@type":"ListItem","position":1,"name":"Portada","item":"https:\/\/sindromecharge.es\/"},{"@type":"ListItem","position":2,"name":"Iv\u00e1n Cano, Irene Cerd\u00e1 y Joan Sirera, en lucha por r\u00e9cords y medallas y para que el deporte paral\u00edmpico ocupe el lugar que merece"}]},{"@type":"WebSite","@id":"https:\/\/sindromecharge.es\/#website","url":"https:\/\/sindromecharge.es\/","name":"Asociaci\u00f3n Espa\u00f1ola S\u00edndrome de Charge","description":"","potentialAction":[{"@type":"SearchAction","target":{"@type":"EntryPoint","urlTemplate":"https:\/\/sindromecharge.es\/?s={search_term_string}"},"query-input":{"@type":"PropertyValueSpecification","valueRequired":true,"valueName":"search_term_string"}}],"inLanguage":"es"},{"@type":"Person","@id":"https:\/\/sindromecharge.es\/#\/schema\/person\/39a60ebe0a2b4d5a11179701e336b039","name":"Charge","image":{"@type":"ImageObject","inLanguage":"es","@id":"https:\/\/secure.gravatar.com\/avatar\/c3b46e32a0fc3b093a0873fb767bf3293de856293065e84ef06b7ec7a8acfb98?s=96&d=identicon&r=x","url":"https:\/\/secure.gravatar.com\/avatar\/c3b46e32a0fc3b093a0873fb767bf3293de856293065e84ef06b7ec7a8acfb98?s=96&d=identicon&r=x","contentUrl":"https:\/\/secure.gravatar.com\/avatar\/c3b46e32a0fc3b093a0873fb767bf3293de856293065e84ef06b7ec7a8acfb98?s=96&d=identicon&r=x","caption":"Charge"},"url":"https:\/\/sindromecharge.es\/index.php\/author\/admin\/"}]}},"_links":{"self":[{"href":"https:\/\/sindromecharge.es\/index.php\/wp-json\/wp\/v2\/posts\/10241","targetHints":{"allow":["GET"]}}],"collection":[{"href":"https:\/\/sindromecharge.es\/index.php\/wp-json\/wp\/v2\/posts"}],"about":[{"href":"https:\/\/sindromecharge.es\/index.php\/wp-json\/wp\/v2\/types\/post"}],"author":[{"embeddable":true,"href":"https:\/\/sindromecharge.es\/index.php\/wp-json\/wp\/v2\/users\/1"}],"replies":[{"embeddable":true,"href":"https:\/\/sindromecharge.es\/index.php\/wp-json\/wp\/v2\/comments?post=10241"}],"version-history":[{"count":0,"href":"https:\/\/sindromecharge.es\/index.php\/wp-json\/wp\/v2\/posts\/10241\/revisions"}],"wp:attachment":[{"href":"https:\/\/sindromecharge.es\/index.php\/wp-json\/wp\/v2\/media?parent=10241"}],"wp:term":[{"taxonomy":"category","embeddable":true,"href":"https:\/\/sindromecharge.es\/index.php\/wp-json\/wp\/v2\/categories?post=10241"},{"taxonomy":"post_tag","embeddable":true,"href":"https:\/\/sindromecharge.es\/index.php\/wp-json\/wp\/v2\/tags?post=10241"}],"curies":[{"name":"wp","href":"https:\/\/api.w.org\/{rel}","templated":true}]}}