{"id":10240,"date":"2024-08-14T03:12:00","date_gmt":"2024-08-14T03:12:00","guid":{"rendered":"https:\/\/sindromecharge.es\/index.php\/2024\/08\/14\/equidad-acceso-excelencia\/"},"modified":"2024-08-14T03:12:00","modified_gmt":"2024-08-14T03:12:00","slug":"equidad-acceso-excelencia","status":"publish","type":"post","link":"https:\/\/sindromecharge.es\/index.php\/2024\/08\/14\/equidad-acceso-excelencia\/","title":{"rendered":"La equidad en el acceso a la excelencia"},"content":{"rendered":"<p>Leemos en Discapacidad la siguiente noticia que os reproducimos de forma \u00edntegra: <\/p>\n<div>\n<p>Las personas con <a href=\"https:\/\/www.20minutos.es\/minuteca\/discapacidad\/\" title=\"Discapacidad\">discapacidad<\/a> solemos ser vistas, en muchas ocasiones, <b>como vulnerables e incapaces<\/b>. Lo m\u00e1s grave de esta percepci\u00f3n es que a menudo <b>terminamos interioriz\u00e1ndola<\/b>. Este relato es una experiencia personal que refleja c\u00f3mo, en ocasiones, nosotros mismos nos ponemos barreras antes de intentarlo.<\/p>\n<p>Desde que termin\u00e9 mi carrera en psicolog\u00eda, siempre quise estudiar en el IESE Business School. Adem\u00e1s de ser presidenta de Convives con Espasticidad y de la Fundaci\u00f3n Claudia Tecglen, soy psic\u00f3loga, comunicadora, mentora y  consultora. <b>Para alcanzar la excelencia, siempre apuesto por la formaci\u00f3n continua<\/b>. Sin embargo, no pensaba que me fueran a admitir. Finalmente, el a\u00f1o pasado, unas semanas despu\u00e9s del fallecimiento de mi madre, decid\u00ed dar el paso. <b>\u00bfQu\u00e9 mejor manera de avanzar que ocup\u00e1ndome de mi futuro? <\/b>Mi primera opci\u00f3n era cursar un EMBA, y no solo no pusieron problemas en las adaptaciones, sino que me preguntaron:<b> \u00ab\u00bfNecesitas algo m\u00e1s?\u00bb.<\/b><\/p>\n<p><b>Me prepar\u00e9 en una academia y pas\u00e9 las pruebas con nota.<\/b>  Sin embargo, tras valorar el esfuerzo f\u00edsico que me exig\u00eda esta formaci\u00f3n y dado mi perfil me decant\u00e9 por el Programa de Desarrollo Directivo (PDD). Mi aventura ha sido transformadora. La educaci\u00f3n no solo te da conocimientos, sino la seguridad de que los l\u00edmites est\u00e1n por escribirse y, al menos yo, decido escribir los m\u00edos. Esta formaci\u00f3n <b>me ha permitido aprender a tomar decisiones con m\u00e1s criterio<\/b>, no solo en el \u00e1mbito profesional sino en mi vida personal. He encontrado grandes aliados y aliadas, profesores que, sin que yo lo pidiera, se dieron cuenta de que ten\u00eda m\u00e1s dificultades con el Excel debido a mi situaci\u00f3n de discapacidad y<b> se reunieron conmigo para darme clases personalizadas<\/b>. \u201cNo hay ning\u00fan n\u00famero que no se pueda entender en una servilleta\u201d, me insist\u00eda uno de los profesores de finanzas. Conoc\u00ed a compa\u00f1eros que ahora son amigos porque<b> ven mis muletas o silla de ruedas como un accesorio y no como una caracter\u00edstica de mi personalidad<\/b>.<\/p>\n<p><b>Adaptar la metodolog\u00eda de aprendizaje para maximizar el potencia<\/b>l del alumnado deber\u00eda ser lo normal, lo l\u00f3gico. Sin embargo, todav\u00eda hoy, resulta extraordinario. <b>Ser invitados a los actos extraacad\u00e9micos<\/b> e incluso que una compa\u00f1era, se asegure de que puedas acceder al plan que se ha realizado antes de t\u00fa preguntar, eso es inclusi\u00f3n.<\/p>\n<h1>La discapacidad es cara y empobrece, y la discapacidad m\u00e1s limitante es la pobreza<\/h1>\n<p>Solo construyendo la igualdad desde la diferencia lograremos la equidad de oportunidades. Pero no nos enga\u00f1emos, <b>esa equidad no solo pasa por buenas intenciones.<\/b><\/p>\n<p>La discapacidad es cara y empobrece, y la discapacidad m\u00e1s limitante es la pobreza. \u00bfC\u00f3mo romper este c\u00edrculo si <b>solo el 1,6% de los universitarios de grado en Espa\u00f1a tienen discapacidad<\/b>? \u00bfSi cerca del 75% de nosotros estamos en situaci\u00f3n de desempleo? \u00bfY si una de cada tres personas con discapacidad en nuestro pa\u00eds  vive en riesgo de pobreza extrema y\/o exclusi\u00f3n?<\/p>\n<p><b>Escribo estas cifras y me entran ganas de llorar.<\/b> Soy consciente de que la \u00fanica soluci\u00f3n es la educaci\u00f3n y la concienciaci\u00f3n, sabiendo que <b>somos mucho m\u00e1s grandes que nuestra discapacidad.<\/b> Pero, \u00bfc\u00f3mo saberlo si no nos dan una oportunidad o peor a\u00fan no nos sentimos ni capaces ni merecedores de ella? Aqu\u00ed es donde entran los cupos de reserva en el empleo y las becas por discapacidad en el estudio. <b>Son muy necesarias.<\/b><\/p>\n<p>En febrero recib\u00ed una noticia: el IESE y la Fundaci\u00f3n Nemesio Diez<b> me becaban el 66% del coste del programa<\/b>, no por discapacidad, sino por excelencia e impacto. Una doble alegr\u00eda. Se reconoc\u00edan mi talento y mi vocaci\u00f3n de servicio, demostrando que la discapacidad puede ser una catalizadora para encontrar tu prop\u00f3sito.<\/p>\n<p><b>Las cuotas y la legislaci\u00f3n son necesarias <\/b>para garantizar nuestro derecho a una vida digna, pero tambi\u00e9n es necesaria esa mirada diferente. <\/p>\n<p>Escribo este art\u00edculo con la esperanza de que otras personas, con discapacidad, no solo tengan mis mismas oportunidades sino mejores, y <b>que no cometan el error de pensar que ser\u00e1n excluidos de antemano<\/b>, sin duda la mayor limitaci\u00f3n. Posiblemente, se les reconocer\u00e1 y si no es as\u00ed, lo m\u00e1s importante es reconocernos nosotros como seres capaces de <b>encontrar nuestro propio camino y construirnos una vida feliz, como todos, con apoyos<\/b>.  <\/p>\n<p>Quiero hacer un llamamiento a todas las instituciones educativas, empresas y a la sociedad en general. Es fundamental que comprendamos  que <b>la diversidad es el \u00fanico factor com\u00fan a todos los seres humamos.<\/b> Cada persona, independientemente de sus circunstancias, merece una oportunidad justa para demostrar su val\u00eda y alcanzar su m\u00e1ximo potencial. <\/p>\n<h1>Debemos reconocer y valorar la diversidad como un elemento esencial para el progreso y la innovaci\u00f3n<\/h1>\n<p><b>Es hora de romper con los estereotipos y prejuicios <\/b>que nos limitan a las personas con discapacidad. Debemos reconocer y valorar la diversidad como un elemento esencial para el progreso y la innovaci\u00f3n. Las barreras f\u00edsicas, sociales y econ\u00f3micas deben ser derribadas.<\/p>\n<p>Insto a las instituciones a que implementen pol\u00edticas y pr\u00e1cticas <b>que faciliten el acceso a la educaci\u00f3n y al empleo <\/b>a todas las personas, independientemente de sus capacidades. Las becas, los cupos de reserva y las adaptaciones no son favores, <b>son derechos que aseguran la equidad de oportunidades.<\/b> <\/p>\n<p>Juntos, podemos construir un mundo donde <b>el sentimiento de dignidad y  pertenencia sea la norma<\/b> y donde cada individuo tenga la oportunidad de brillar, no por su circunstancia de vida sino por su manera de afrontar la adversidad y exprimir sus talentos.<\/p>\n<\/div>\n<p>Fuente: Discapacidad https:\/\/www.20minutos.es\/noticia\/5587765\/0\/equidad-acceso-excelencia\/<\/p>\n","protected":false},"excerpt":{"rendered":"<p>Las personas con discapacidad solemos ser vistas, en muchas ocasiones, como vulnerables e incapaces. Lo m\u00e1s grave de esta percepci\u00f3n es que a menudo terminamos&#8230;<\/p>\n","protected":false},"author":1,"featured_media":0,"comment_status":"closed","ping_status":"closed","sticky":false,"template":"","format":"standard","meta":{"footnotes":""},"categories":[8],"tags":[],"class_list":["post-10240","post","type-post","status-publish","format-standard","hentry","category-noticias"],"yoast_head":"<!-- This site is optimized with the Yoast SEO plugin v27.4 - https:\/\/yoast.com\/product\/yoast-seo-wordpress\/ -->\n<title>La equidad en el acceso a la excelencia - Asociaci\u00f3n Espa\u00f1ola S\u00edndrome de Charge<\/title>\n<meta name=\"robots\" content=\"index, follow, max-snippet:-1, max-image-preview:large, max-video-preview:-1\" \/>\n<link rel=\"canonical\" href=\"https:\/\/sindromecharge.es\/index.php\/2024\/08\/14\/equidad-acceso-excelencia\/\" \/>\n<meta property=\"og:locale\" content=\"es_ES\" \/>\n<meta property=\"og:type\" content=\"article\" \/>\n<meta property=\"og:title\" content=\"La equidad en el acceso a la excelencia - Asociaci\u00f3n Espa\u00f1ola S\u00edndrome de Charge\" \/>\n<meta property=\"og:description\" content=\"Las personas con discapacidad solemos ser vistas, en muchas ocasiones, como vulnerables e incapaces. Lo m\u00e1s grave de esta percepci\u00f3n es que a menudo terminamos&#8230;\" \/>\n<meta property=\"og:url\" content=\"https:\/\/sindromecharge.es\/index.php\/2024\/08\/14\/equidad-acceso-excelencia\/\" \/>\n<meta property=\"og:site_name\" content=\"Asociaci\u00f3n Espa\u00f1ola S\u00edndrome de Charge\" \/>\n<meta property=\"article:publisher\" content=\"https:\/\/www.facebook.com\/asociacionsindromecharge\" \/>\n<meta property=\"article:published_time\" content=\"2024-08-14T03:12:00+00:00\" \/>\n<meta property=\"og:image\" content=\"https:\/\/sindromecharge.es\/wp-content\/uploads\/2013\/09\/logodecharge300x98.png\" \/>\n\t<meta property=\"og:image:width\" content=\"300\" \/>\n\t<meta property=\"og:image:height\" content=\"98\" \/>\n\t<meta property=\"og:image:type\" content=\"image\/png\" \/>\n<meta name=\"author\" content=\"Charge\" \/>\n<meta name=\"twitter:card\" content=\"summary_large_image\" \/>\n<meta name=\"twitter:creator\" content=\"@sindromecharge\" \/>\n<meta name=\"twitter:site\" content=\"@sindromecharge\" \/>\n<meta name=\"twitter:label1\" content=\"Escrito por\" \/>\n\t<meta name=\"twitter:data1\" content=\"Charge\" \/>\n\t<meta name=\"twitter:label2\" content=\"Tiempo de lectura\" \/>\n\t<meta name=\"twitter:data2\" content=\"5 minutos\" \/>\n<script type=\"application\/ld+json\" class=\"yoast-schema-graph\">{\"@context\":\"https:\\\/\\\/schema.org\",\"@graph\":[{\"@type\":\"Article\",\"@id\":\"https:\\\/\\\/sindromecharge.es\\\/index.php\\\/2024\\\/08\\\/14\\\/equidad-acceso-excelencia\\\/#article\",\"isPartOf\":{\"@id\":\"https:\\\/\\\/sindromecharge.es\\\/index.php\\\/2024\\\/08\\\/14\\\/equidad-acceso-excelencia\\\/\"},\"author\":{\"name\":\"Charge\",\"@id\":\"https:\\\/\\\/sindromecharge.es\\\/#\\\/schema\\\/person\\\/39a60ebe0a2b4d5a11179701e336b039\"},\"headline\":\"La equidad en el acceso a la excelencia\",\"datePublished\":\"2024-08-14T03:12:00+00:00\",\"mainEntityOfPage\":{\"@id\":\"https:\\\/\\\/sindromecharge.es\\\/index.php\\\/2024\\\/08\\\/14\\\/equidad-acceso-excelencia\\\/\"},\"wordCount\":992,\"articleSection\":[\"noticias\"],\"inLanguage\":\"es\"},{\"@type\":\"WebPage\",\"@id\":\"https:\\\/\\\/sindromecharge.es\\\/index.php\\\/2024\\\/08\\\/14\\\/equidad-acceso-excelencia\\\/\",\"url\":\"https:\\\/\\\/sindromecharge.es\\\/index.php\\\/2024\\\/08\\\/14\\\/equidad-acceso-excelencia\\\/\",\"name\":\"La equidad en el acceso a la excelencia - Asociaci\u00f3n Espa\u00f1ola S\u00edndrome de Charge\",\"isPartOf\":{\"@id\":\"https:\\\/\\\/sindromecharge.es\\\/#website\"},\"datePublished\":\"2024-08-14T03:12:00+00:00\",\"author\":{\"@id\":\"https:\\\/\\\/sindromecharge.es\\\/#\\\/schema\\\/person\\\/39a60ebe0a2b4d5a11179701e336b039\"},\"breadcrumb\":{\"@id\":\"https:\\\/\\\/sindromecharge.es\\\/index.php\\\/2024\\\/08\\\/14\\\/equidad-acceso-excelencia\\\/#breadcrumb\"},\"inLanguage\":\"es\",\"potentialAction\":[{\"@type\":\"ReadAction\",\"target\":[\"https:\\\/\\\/sindromecharge.es\\\/index.php\\\/2024\\\/08\\\/14\\\/equidad-acceso-excelencia\\\/\"]}]},{\"@type\":\"BreadcrumbList\",\"@id\":\"https:\\\/\\\/sindromecharge.es\\\/index.php\\\/2024\\\/08\\\/14\\\/equidad-acceso-excelencia\\\/#breadcrumb\",\"itemListElement\":[{\"@type\":\"ListItem\",\"position\":1,\"name\":\"Portada\",\"item\":\"https:\\\/\\\/sindromecharge.es\\\/\"},{\"@type\":\"ListItem\",\"position\":2,\"name\":\"La equidad en el acceso a la excelencia\"}]},{\"@type\":\"WebSite\",\"@id\":\"https:\\\/\\\/sindromecharge.es\\\/#website\",\"url\":\"https:\\\/\\\/sindromecharge.es\\\/\",\"name\":\"Asociaci\u00f3n Espa\u00f1ola S\u00edndrome de Charge\",\"description\":\"\",\"potentialAction\":[{\"@type\":\"SearchAction\",\"target\":{\"@type\":\"EntryPoint\",\"urlTemplate\":\"https:\\\/\\\/sindromecharge.es\\\/?s={search_term_string}\"},\"query-input\":{\"@type\":\"PropertyValueSpecification\",\"valueRequired\":true,\"valueName\":\"search_term_string\"}}],\"inLanguage\":\"es\"},{\"@type\":\"Person\",\"@id\":\"https:\\\/\\\/sindromecharge.es\\\/#\\\/schema\\\/person\\\/39a60ebe0a2b4d5a11179701e336b039\",\"name\":\"Charge\",\"image\":{\"@type\":\"ImageObject\",\"inLanguage\":\"es\",\"@id\":\"https:\\\/\\\/secure.gravatar.com\\\/avatar\\\/c3b46e32a0fc3b093a0873fb767bf3293de856293065e84ef06b7ec7a8acfb98?s=96&d=identicon&r=x\",\"url\":\"https:\\\/\\\/secure.gravatar.com\\\/avatar\\\/c3b46e32a0fc3b093a0873fb767bf3293de856293065e84ef06b7ec7a8acfb98?s=96&d=identicon&r=x\",\"contentUrl\":\"https:\\\/\\\/secure.gravatar.com\\\/avatar\\\/c3b46e32a0fc3b093a0873fb767bf3293de856293065e84ef06b7ec7a8acfb98?s=96&d=identicon&r=x\",\"caption\":\"Charge\"},\"url\":\"https:\\\/\\\/sindromecharge.es\\\/index.php\\\/author\\\/admin\\\/\"}]}<\/script>\n<!-- \/ Yoast SEO plugin. -->","yoast_head_json":{"title":"La equidad en el acceso a la excelencia - Asociaci\u00f3n Espa\u00f1ola S\u00edndrome de Charge","robots":{"index":"index","follow":"follow","max-snippet":"max-snippet:-1","max-image-preview":"max-image-preview:large","max-video-preview":"max-video-preview:-1"},"canonical":"https:\/\/sindromecharge.es\/index.php\/2024\/08\/14\/equidad-acceso-excelencia\/","og_locale":"es_ES","og_type":"article","og_title":"La equidad en el acceso a la excelencia - Asociaci\u00f3n Espa\u00f1ola S\u00edndrome de Charge","og_description":"Las personas con discapacidad solemos ser vistas, en muchas ocasiones, como vulnerables e incapaces. Lo m\u00e1s grave de esta percepci\u00f3n es que a menudo terminamos&#8230;","og_url":"https:\/\/sindromecharge.es\/index.php\/2024\/08\/14\/equidad-acceso-excelencia\/","og_site_name":"Asociaci\u00f3n Espa\u00f1ola S\u00edndrome de Charge","article_publisher":"https:\/\/www.facebook.com\/asociacionsindromecharge","article_published_time":"2024-08-14T03:12:00+00:00","og_image":[{"width":300,"height":98,"url":"https:\/\/sindromecharge.es\/wp-content\/uploads\/2013\/09\/logodecharge300x98.png","type":"image\/png"}],"author":"Charge","twitter_card":"summary_large_image","twitter_creator":"@sindromecharge","twitter_site":"@sindromecharge","twitter_misc":{"Escrito por":"Charge","Tiempo de lectura":"5 minutos"},"schema":{"@context":"https:\/\/schema.org","@graph":[{"@type":"Article","@id":"https:\/\/sindromecharge.es\/index.php\/2024\/08\/14\/equidad-acceso-excelencia\/#article","isPartOf":{"@id":"https:\/\/sindromecharge.es\/index.php\/2024\/08\/14\/equidad-acceso-excelencia\/"},"author":{"name":"Charge","@id":"https:\/\/sindromecharge.es\/#\/schema\/person\/39a60ebe0a2b4d5a11179701e336b039"},"headline":"La equidad en el acceso a la excelencia","datePublished":"2024-08-14T03:12:00+00:00","mainEntityOfPage":{"@id":"https:\/\/sindromecharge.es\/index.php\/2024\/08\/14\/equidad-acceso-excelencia\/"},"wordCount":992,"articleSection":["noticias"],"inLanguage":"es"},{"@type":"WebPage","@id":"https:\/\/sindromecharge.es\/index.php\/2024\/08\/14\/equidad-acceso-excelencia\/","url":"https:\/\/sindromecharge.es\/index.php\/2024\/08\/14\/equidad-acceso-excelencia\/","name":"La equidad en el acceso a la excelencia - Asociaci\u00f3n Espa\u00f1ola S\u00edndrome de Charge","isPartOf":{"@id":"https:\/\/sindromecharge.es\/#website"},"datePublished":"2024-08-14T03:12:00+00:00","author":{"@id":"https:\/\/sindromecharge.es\/#\/schema\/person\/39a60ebe0a2b4d5a11179701e336b039"},"breadcrumb":{"@id":"https:\/\/sindromecharge.es\/index.php\/2024\/08\/14\/equidad-acceso-excelencia\/#breadcrumb"},"inLanguage":"es","potentialAction":[{"@type":"ReadAction","target":["https:\/\/sindromecharge.es\/index.php\/2024\/08\/14\/equidad-acceso-excelencia\/"]}]},{"@type":"BreadcrumbList","@id":"https:\/\/sindromecharge.es\/index.php\/2024\/08\/14\/equidad-acceso-excelencia\/#breadcrumb","itemListElement":[{"@type":"ListItem","position":1,"name":"Portada","item":"https:\/\/sindromecharge.es\/"},{"@type":"ListItem","position":2,"name":"La equidad en el acceso a la excelencia"}]},{"@type":"WebSite","@id":"https:\/\/sindromecharge.es\/#website","url":"https:\/\/sindromecharge.es\/","name":"Asociaci\u00f3n Espa\u00f1ola S\u00edndrome de Charge","description":"","potentialAction":[{"@type":"SearchAction","target":{"@type":"EntryPoint","urlTemplate":"https:\/\/sindromecharge.es\/?s={search_term_string}"},"query-input":{"@type":"PropertyValueSpecification","valueRequired":true,"valueName":"search_term_string"}}],"inLanguage":"es"},{"@type":"Person","@id":"https:\/\/sindromecharge.es\/#\/schema\/person\/39a60ebe0a2b4d5a11179701e336b039","name":"Charge","image":{"@type":"ImageObject","inLanguage":"es","@id":"https:\/\/secure.gravatar.com\/avatar\/c3b46e32a0fc3b093a0873fb767bf3293de856293065e84ef06b7ec7a8acfb98?s=96&d=identicon&r=x","url":"https:\/\/secure.gravatar.com\/avatar\/c3b46e32a0fc3b093a0873fb767bf3293de856293065e84ef06b7ec7a8acfb98?s=96&d=identicon&r=x","contentUrl":"https:\/\/secure.gravatar.com\/avatar\/c3b46e32a0fc3b093a0873fb767bf3293de856293065e84ef06b7ec7a8acfb98?s=96&d=identicon&r=x","caption":"Charge"},"url":"https:\/\/sindromecharge.es\/index.php\/author\/admin\/"}]}},"_links":{"self":[{"href":"https:\/\/sindromecharge.es\/index.php\/wp-json\/wp\/v2\/posts\/10240","targetHints":{"allow":["GET"]}}],"collection":[{"href":"https:\/\/sindromecharge.es\/index.php\/wp-json\/wp\/v2\/posts"}],"about":[{"href":"https:\/\/sindromecharge.es\/index.php\/wp-json\/wp\/v2\/types\/post"}],"author":[{"embeddable":true,"href":"https:\/\/sindromecharge.es\/index.php\/wp-json\/wp\/v2\/users\/1"}],"replies":[{"embeddable":true,"href":"https:\/\/sindromecharge.es\/index.php\/wp-json\/wp\/v2\/comments?post=10240"}],"version-history":[{"count":0,"href":"https:\/\/sindromecharge.es\/index.php\/wp-json\/wp\/v2\/posts\/10240\/revisions"}],"wp:attachment":[{"href":"https:\/\/sindromecharge.es\/index.php\/wp-json\/wp\/v2\/media?parent=10240"}],"wp:term":[{"taxonomy":"category","embeddable":true,"href":"https:\/\/sindromecharge.es\/index.php\/wp-json\/wp\/v2\/categories?post=10240"},{"taxonomy":"post_tag","embeddable":true,"href":"https:\/\/sindromecharge.es\/index.php\/wp-json\/wp\/v2\/tags?post=10240"}],"curies":[{"name":"wp","href":"https:\/\/api.w.org\/{rel}","templated":true}]}}