{"id":10238,"date":"2024-08-13T05:05:00","date_gmt":"2024-08-13T05:05:00","guid":{"rendered":"https:\/\/sindromecharge.es\/index.php\/2024\/08\/13\/maria-nieves-guirado-vendedora-once-aventurera-por-las-barreras\/"},"modified":"2024-08-13T05:05:00","modified_gmt":"2024-08-13T05:05:00","slug":"maria-nieves-guirado-vendedora-once-aventurera-por-las-barreras","status":"publish","type":"post","link":"https:\/\/sindromecharge.es\/index.php\/2024\/08\/13\/maria-nieves-guirado-vendedora-once-aventurera-por-las-barreras\/","title":{"rendered":"Mar\u00eda Nieves Guirado, con un 25% de visi\u00f3n: \u00abLa sociedad no nos debe tener pena\u00bb"},"content":{"rendered":"<p>Leemos en Discapacidad la siguiente noticia que os reproducimos de forma \u00edntegra: <\/p>\n<div>\n<p>Mar\u00eda Nieves Guirado <b>naci\u00f3 con una atrofia \u00f3ptica del nervio bilateral<\/b>, una enfermedad que no le fue diagnosticada hasta que sus padres descubrieron sus problemas en el colegio. Vende cupones de la ONCE en Almer\u00eda y asegura que <b>se siente una aventurera urbana \u00abpor las barreras\u00bb que cada d\u00eda tiene que sortear<\/b>, tanto arquitect\u00f3nicas como  sociales.<\/p>\n<p>A pesar de los coches mal aparcados, los obst\u00e1culos en la calle, la deficiente ac\u00fastica de los transportes p\u00fablicos y la falta de concienciaci\u00f3n que hay en la sociedad con respecto a la <a href=\"https:\/\/www.20minutos.es\/minuteca\/discapacidad\/\" title=\"Discapacidad\">discapacidad<\/a>, <b>Mar\u00eda Nieves, que s\u00f3lo tiene un 25% de visi\u00f3n, decidi\u00f3 que \u201ctodas esas barreras\u201d no le iban a impedir tener un proyecto vital completo<\/b>, que su vida tiene un componente de aventura diaria, pero tambi\u00e9n de resoluci\u00f3n.<\/p>\n<p>Confiesa que las barreras le duelen pero que le molesta mucho m\u00e1s la incomprensi\u00f3n, la falta de concienciaci\u00f3n que hay en la sociedad con respecto a la discapacidad y <b>la sensaci\u00f3n de l\u00e1stim<\/b>a que tienen muchas personas respecto al colectivo de la discapacidad.<\/p>\n<p>\u201cLa sociedad no nos debe de tener pena, que yo necesite ayuda no significa que despierte cierta pena. Simplemente me las das si quieres y puedes y, de lo contrario, entender\u00e9 que no y lo agradecer\u00e9.<b> No somos personas a las que haya que tener pena<\/b>\u201d, reivindic\u00f3.<\/p>\n<p>Esta joven almeriense denuncia que el desconocimiento de su patolog\u00eda, la atrofia \u00f3ptica del nervio bilateral que conlleva una baja visi\u00f3n, era interpretada por su familia y profesores \u00abcomo que yo era torpe\u00bb. Tras numerosas pruebas m\u00e9dicas, descubrieron que tan solo dispon\u00eda de un 25% de la capacidad visual. A partir de ah\u00ed <b>comenz\u00f3 un per\u00edodo \u201cdificultoso\u201d de aceptaci\u00f3n de la discapacidad<\/b> por la falta de ayuda en el colegio.<\/p>\n<p>\u201cLos ni\u00f1os me miraban raro, no entend\u00edan por qu\u00e9 deb\u00eda tener un atril gigante encima de mi pupitre, porque ten\u00eda que salir de clase tantas veces y durante tantas horas. Adem\u00e1s,<b> el centro educativo ni explicaba ni sensibilizaba al resto de compa\u00f1eros<\/b>. Una situaci\u00f3n que empeor\u00f3 durante la etapa secundaria\u201d, rememor\u00f3.<\/p>\n<p>No fue hasta los diez a\u00f1os cuando para ella comenz\u00f3 una nueva vida de la mano de la <a href=\"https:\/\/www.20minutos.es\/minuteca\/once\/\" title=\"ONCE\">ONCE<\/a>, una \u201cgran organizaci\u00f3n\u201d que,<b> gracias al apoyo psicol\u00f3gico le brind\u00f3 la oportunidad de aceptar su discapacida<\/b>d y, en la actualidad, tiene un trabajo como vendedora en un kiosco cerca del Estadio Emilio Campra.<\/p>\n<p>A pesar del trabajo de la ONCE, reconoce que<b> a\u00fan \u201chay muchas cosas que mejorar en la sociedad\u201d<\/b>. Mar\u00eda Nieves Guirado se\u00f1al\u00f3 que la concienciaci\u00f3n de las personas en el centro educativo es \u201clo m\u00e1s importante para<b> que desde peque\u00f1os la discapacidad se vea como algo normal<\/b>. M\u00e1s si cabe en los ni\u00f1os, que son esponjas y lo absorben absolutamente todo\u201d.<\/p>\n<p>Entre las mejoras, reclam\u00f3 un mayor protagonismo para las personas con discapacidad, ya que <b>en muchas ocasiones \u00abno interesamos\u00bb.<\/b><\/p>\n<p>\u201cEstamos en otros temas jugosos de la sociedad como las redes sociales, el comercio, el marketing. <b>Las personas con discapacidad seguimos siendo personas un poco m\u00e1s apartadas de la sociedad<\/b>. Es triste decirlo, pero es as\u00ed. Las mismas empresas que se encargan de ayudar a las personas con discapacidad no saben c\u00f3mo hacerlo. No est\u00e1n preparadas para ello\u201d.<\/p>\n<\/div>\n<p>Fuente: Discapacidad https:\/\/www.20minutos.es\/noticia\/5586046\/0\/maria-nieves-guirado-vendedora-once-aventurera-por-las-barreras\/<\/p>\n","protected":false},"excerpt":{"rendered":"<p>\u00abLas personas con discapacidad seguimos siendo personas un poco m\u00e1s apartadas de la sociedad\u00bb<\/p>\n","protected":false},"author":1,"featured_media":0,"comment_status":"closed","ping_status":"closed","sticky":false,"template":"","format":"standard","meta":{"footnotes":""},"categories":[8],"tags":[],"class_list":["post-10238","post","type-post","status-publish","format-standard","hentry","category-noticias"],"yoast_head":"<!-- This site is optimized with the Yoast SEO plugin v27.4 - https:\/\/yoast.com\/product\/yoast-seo-wordpress\/ -->\n<title>Mar\u00eda Nieves Guirado, con un 25% de visi\u00f3n: &quot;La sociedad no nos debe tener pena&quot; - Asociaci\u00f3n Espa\u00f1ola S\u00edndrome de Charge<\/title>\n<meta name=\"robots\" content=\"index, follow, max-snippet:-1, max-image-preview:large, max-video-preview:-1\" \/>\n<link rel=\"canonical\" href=\"https:\/\/sindromecharge.es\/index.php\/2024\/08\/13\/maria-nieves-guirado-vendedora-once-aventurera-por-las-barreras\/\" \/>\n<meta property=\"og:locale\" content=\"es_ES\" \/>\n<meta property=\"og:type\" content=\"article\" \/>\n<meta property=\"og:title\" content=\"Mar\u00eda Nieves Guirado, con un 25% de visi\u00f3n: &quot;La sociedad no nos debe tener pena&quot; - Asociaci\u00f3n Espa\u00f1ola S\u00edndrome de Charge\" \/>\n<meta property=\"og:description\" content=\"\u00abLas personas con discapacidad seguimos siendo personas un poco m\u00e1s apartadas de la sociedad\u00bb\" \/>\n<meta property=\"og:url\" content=\"https:\/\/sindromecharge.es\/index.php\/2024\/08\/13\/maria-nieves-guirado-vendedora-once-aventurera-por-las-barreras\/\" \/>\n<meta property=\"og:site_name\" content=\"Asociaci\u00f3n Espa\u00f1ola S\u00edndrome de Charge\" \/>\n<meta property=\"article:publisher\" content=\"https:\/\/www.facebook.com\/asociacionsindromecharge\" \/>\n<meta property=\"article:published_time\" content=\"2024-08-13T05:05:00+00:00\" \/>\n<meta property=\"og:image\" content=\"https:\/\/sindromecharge.es\/wp-content\/uploads\/2013\/09\/logodecharge300x98.png\" \/>\n\t<meta property=\"og:image:width\" content=\"300\" \/>\n\t<meta property=\"og:image:height\" content=\"98\" \/>\n\t<meta property=\"og:image:type\" content=\"image\/png\" \/>\n<meta name=\"author\" content=\"Charge\" \/>\n<meta name=\"twitter:card\" content=\"summary_large_image\" \/>\n<meta name=\"twitter:creator\" content=\"@sindromecharge\" \/>\n<meta name=\"twitter:site\" content=\"@sindromecharge\" \/>\n<meta name=\"twitter:label1\" content=\"Escrito por\" \/>\n\t<meta name=\"twitter:data1\" content=\"Charge\" \/>\n\t<meta name=\"twitter:label2\" content=\"Tiempo de lectura\" \/>\n\t<meta name=\"twitter:data2\" content=\"3 minutos\" \/>\n<script type=\"application\/ld+json\" class=\"yoast-schema-graph\">{\"@context\":\"https:\\\/\\\/schema.org\",\"@graph\":[{\"@type\":\"Article\",\"@id\":\"https:\\\/\\\/sindromecharge.es\\\/index.php\\\/2024\\\/08\\\/13\\\/maria-nieves-guirado-vendedora-once-aventurera-por-las-barreras\\\/#article\",\"isPartOf\":{\"@id\":\"https:\\\/\\\/sindromecharge.es\\\/index.php\\\/2024\\\/08\\\/13\\\/maria-nieves-guirado-vendedora-once-aventurera-por-las-barreras\\\/\"},\"author\":{\"name\":\"Charge\",\"@id\":\"https:\\\/\\\/sindromecharge.es\\\/#\\\/schema\\\/person\\\/39a60ebe0a2b4d5a11179701e336b039\"},\"headline\":\"Mar\u00eda Nieves Guirado, con un 25% de visi\u00f3n: \u00abLa sociedad no nos debe tener pena\u00bb\",\"datePublished\":\"2024-08-13T05:05:00+00:00\",\"mainEntityOfPage\":{\"@id\":\"https:\\\/\\\/sindromecharge.es\\\/index.php\\\/2024\\\/08\\\/13\\\/maria-nieves-guirado-vendedora-once-aventurera-por-las-barreras\\\/\"},\"wordCount\":607,\"articleSection\":[\"noticias\"],\"inLanguage\":\"es\"},{\"@type\":\"WebPage\",\"@id\":\"https:\\\/\\\/sindromecharge.es\\\/index.php\\\/2024\\\/08\\\/13\\\/maria-nieves-guirado-vendedora-once-aventurera-por-las-barreras\\\/\",\"url\":\"https:\\\/\\\/sindromecharge.es\\\/index.php\\\/2024\\\/08\\\/13\\\/maria-nieves-guirado-vendedora-once-aventurera-por-las-barreras\\\/\",\"name\":\"Mar\u00eda Nieves Guirado, con un 25% de visi\u00f3n: \\\"La sociedad no nos debe tener pena\\\" - Asociaci\u00f3n Espa\u00f1ola S\u00edndrome de Charge\",\"isPartOf\":{\"@id\":\"https:\\\/\\\/sindromecharge.es\\\/#website\"},\"datePublished\":\"2024-08-13T05:05:00+00:00\",\"author\":{\"@id\":\"https:\\\/\\\/sindromecharge.es\\\/#\\\/schema\\\/person\\\/39a60ebe0a2b4d5a11179701e336b039\"},\"breadcrumb\":{\"@id\":\"https:\\\/\\\/sindromecharge.es\\\/index.php\\\/2024\\\/08\\\/13\\\/maria-nieves-guirado-vendedora-once-aventurera-por-las-barreras\\\/#breadcrumb\"},\"inLanguage\":\"es\",\"potentialAction\":[{\"@type\":\"ReadAction\",\"target\":[\"https:\\\/\\\/sindromecharge.es\\\/index.php\\\/2024\\\/08\\\/13\\\/maria-nieves-guirado-vendedora-once-aventurera-por-las-barreras\\\/\"]}]},{\"@type\":\"BreadcrumbList\",\"@id\":\"https:\\\/\\\/sindromecharge.es\\\/index.php\\\/2024\\\/08\\\/13\\\/maria-nieves-guirado-vendedora-once-aventurera-por-las-barreras\\\/#breadcrumb\",\"itemListElement\":[{\"@type\":\"ListItem\",\"position\":1,\"name\":\"Portada\",\"item\":\"https:\\\/\\\/sindromecharge.es\\\/\"},{\"@type\":\"ListItem\",\"position\":2,\"name\":\"Mar\u00eda Nieves Guirado, con un 25% de visi\u00f3n: &#8220;La sociedad no nos debe tener pena&#8221;\"}]},{\"@type\":\"WebSite\",\"@id\":\"https:\\\/\\\/sindromecharge.es\\\/#website\",\"url\":\"https:\\\/\\\/sindromecharge.es\\\/\",\"name\":\"Asociaci\u00f3n Espa\u00f1ola S\u00edndrome de Charge\",\"description\":\"\",\"potentialAction\":[{\"@type\":\"SearchAction\",\"target\":{\"@type\":\"EntryPoint\",\"urlTemplate\":\"https:\\\/\\\/sindromecharge.es\\\/?s={search_term_string}\"},\"query-input\":{\"@type\":\"PropertyValueSpecification\",\"valueRequired\":true,\"valueName\":\"search_term_string\"}}],\"inLanguage\":\"es\"},{\"@type\":\"Person\",\"@id\":\"https:\\\/\\\/sindromecharge.es\\\/#\\\/schema\\\/person\\\/39a60ebe0a2b4d5a11179701e336b039\",\"name\":\"Charge\",\"image\":{\"@type\":\"ImageObject\",\"inLanguage\":\"es\",\"@id\":\"https:\\\/\\\/secure.gravatar.com\\\/avatar\\\/c3b46e32a0fc3b093a0873fb767bf3293de856293065e84ef06b7ec7a8acfb98?s=96&d=identicon&r=x\",\"url\":\"https:\\\/\\\/secure.gravatar.com\\\/avatar\\\/c3b46e32a0fc3b093a0873fb767bf3293de856293065e84ef06b7ec7a8acfb98?s=96&d=identicon&r=x\",\"contentUrl\":\"https:\\\/\\\/secure.gravatar.com\\\/avatar\\\/c3b46e32a0fc3b093a0873fb767bf3293de856293065e84ef06b7ec7a8acfb98?s=96&d=identicon&r=x\",\"caption\":\"Charge\"},\"url\":\"https:\\\/\\\/sindromecharge.es\\\/index.php\\\/author\\\/admin\\\/\"}]}<\/script>\n<!-- \/ Yoast SEO plugin. -->","yoast_head_json":{"title":"Mar\u00eda Nieves Guirado, con un 25% de visi\u00f3n: \"La sociedad no nos debe tener pena\" - Asociaci\u00f3n Espa\u00f1ola S\u00edndrome de Charge","robots":{"index":"index","follow":"follow","max-snippet":"max-snippet:-1","max-image-preview":"max-image-preview:large","max-video-preview":"max-video-preview:-1"},"canonical":"https:\/\/sindromecharge.es\/index.php\/2024\/08\/13\/maria-nieves-guirado-vendedora-once-aventurera-por-las-barreras\/","og_locale":"es_ES","og_type":"article","og_title":"Mar\u00eda Nieves Guirado, con un 25% de visi\u00f3n: \"La sociedad no nos debe tener pena\" - Asociaci\u00f3n Espa\u00f1ola S\u00edndrome de Charge","og_description":"\u00abLas personas con discapacidad seguimos siendo personas un poco m\u00e1s apartadas de la sociedad\u00bb","og_url":"https:\/\/sindromecharge.es\/index.php\/2024\/08\/13\/maria-nieves-guirado-vendedora-once-aventurera-por-las-barreras\/","og_site_name":"Asociaci\u00f3n Espa\u00f1ola S\u00edndrome de Charge","article_publisher":"https:\/\/www.facebook.com\/asociacionsindromecharge","article_published_time":"2024-08-13T05:05:00+00:00","og_image":[{"width":300,"height":98,"url":"https:\/\/sindromecharge.es\/wp-content\/uploads\/2013\/09\/logodecharge300x98.png","type":"image\/png"}],"author":"Charge","twitter_card":"summary_large_image","twitter_creator":"@sindromecharge","twitter_site":"@sindromecharge","twitter_misc":{"Escrito por":"Charge","Tiempo de lectura":"3 minutos"},"schema":{"@context":"https:\/\/schema.org","@graph":[{"@type":"Article","@id":"https:\/\/sindromecharge.es\/index.php\/2024\/08\/13\/maria-nieves-guirado-vendedora-once-aventurera-por-las-barreras\/#article","isPartOf":{"@id":"https:\/\/sindromecharge.es\/index.php\/2024\/08\/13\/maria-nieves-guirado-vendedora-once-aventurera-por-las-barreras\/"},"author":{"name":"Charge","@id":"https:\/\/sindromecharge.es\/#\/schema\/person\/39a60ebe0a2b4d5a11179701e336b039"},"headline":"Mar\u00eda Nieves Guirado, con un 25% de visi\u00f3n: \u00abLa sociedad no nos debe tener pena\u00bb","datePublished":"2024-08-13T05:05:00+00:00","mainEntityOfPage":{"@id":"https:\/\/sindromecharge.es\/index.php\/2024\/08\/13\/maria-nieves-guirado-vendedora-once-aventurera-por-las-barreras\/"},"wordCount":607,"articleSection":["noticias"],"inLanguage":"es"},{"@type":"WebPage","@id":"https:\/\/sindromecharge.es\/index.php\/2024\/08\/13\/maria-nieves-guirado-vendedora-once-aventurera-por-las-barreras\/","url":"https:\/\/sindromecharge.es\/index.php\/2024\/08\/13\/maria-nieves-guirado-vendedora-once-aventurera-por-las-barreras\/","name":"Mar\u00eda Nieves Guirado, con un 25% de visi\u00f3n: \"La sociedad no nos debe tener pena\" - Asociaci\u00f3n Espa\u00f1ola S\u00edndrome de Charge","isPartOf":{"@id":"https:\/\/sindromecharge.es\/#website"},"datePublished":"2024-08-13T05:05:00+00:00","author":{"@id":"https:\/\/sindromecharge.es\/#\/schema\/person\/39a60ebe0a2b4d5a11179701e336b039"},"breadcrumb":{"@id":"https:\/\/sindromecharge.es\/index.php\/2024\/08\/13\/maria-nieves-guirado-vendedora-once-aventurera-por-las-barreras\/#breadcrumb"},"inLanguage":"es","potentialAction":[{"@type":"ReadAction","target":["https:\/\/sindromecharge.es\/index.php\/2024\/08\/13\/maria-nieves-guirado-vendedora-once-aventurera-por-las-barreras\/"]}]},{"@type":"BreadcrumbList","@id":"https:\/\/sindromecharge.es\/index.php\/2024\/08\/13\/maria-nieves-guirado-vendedora-once-aventurera-por-las-barreras\/#breadcrumb","itemListElement":[{"@type":"ListItem","position":1,"name":"Portada","item":"https:\/\/sindromecharge.es\/"},{"@type":"ListItem","position":2,"name":"Mar\u00eda Nieves Guirado, con un 25% de visi\u00f3n: &#8220;La sociedad no nos debe tener pena&#8221;"}]},{"@type":"WebSite","@id":"https:\/\/sindromecharge.es\/#website","url":"https:\/\/sindromecharge.es\/","name":"Asociaci\u00f3n Espa\u00f1ola S\u00edndrome de Charge","description":"","potentialAction":[{"@type":"SearchAction","target":{"@type":"EntryPoint","urlTemplate":"https:\/\/sindromecharge.es\/?s={search_term_string}"},"query-input":{"@type":"PropertyValueSpecification","valueRequired":true,"valueName":"search_term_string"}}],"inLanguage":"es"},{"@type":"Person","@id":"https:\/\/sindromecharge.es\/#\/schema\/person\/39a60ebe0a2b4d5a11179701e336b039","name":"Charge","image":{"@type":"ImageObject","inLanguage":"es","@id":"https:\/\/secure.gravatar.com\/avatar\/c3b46e32a0fc3b093a0873fb767bf3293de856293065e84ef06b7ec7a8acfb98?s=96&d=identicon&r=x","url":"https:\/\/secure.gravatar.com\/avatar\/c3b46e32a0fc3b093a0873fb767bf3293de856293065e84ef06b7ec7a8acfb98?s=96&d=identicon&r=x","contentUrl":"https:\/\/secure.gravatar.com\/avatar\/c3b46e32a0fc3b093a0873fb767bf3293de856293065e84ef06b7ec7a8acfb98?s=96&d=identicon&r=x","caption":"Charge"},"url":"https:\/\/sindromecharge.es\/index.php\/author\/admin\/"}]}},"_links":{"self":[{"href":"https:\/\/sindromecharge.es\/index.php\/wp-json\/wp\/v2\/posts\/10238","targetHints":{"allow":["GET"]}}],"collection":[{"href":"https:\/\/sindromecharge.es\/index.php\/wp-json\/wp\/v2\/posts"}],"about":[{"href":"https:\/\/sindromecharge.es\/index.php\/wp-json\/wp\/v2\/types\/post"}],"author":[{"embeddable":true,"href":"https:\/\/sindromecharge.es\/index.php\/wp-json\/wp\/v2\/users\/1"}],"replies":[{"embeddable":true,"href":"https:\/\/sindromecharge.es\/index.php\/wp-json\/wp\/v2\/comments?post=10238"}],"version-history":[{"count":0,"href":"https:\/\/sindromecharge.es\/index.php\/wp-json\/wp\/v2\/posts\/10238\/revisions"}],"wp:attachment":[{"href":"https:\/\/sindromecharge.es\/index.php\/wp-json\/wp\/v2\/media?parent=10238"}],"wp:term":[{"taxonomy":"category","embeddable":true,"href":"https:\/\/sindromecharge.es\/index.php\/wp-json\/wp\/v2\/categories?post=10238"},{"taxonomy":"post_tag","embeddable":true,"href":"https:\/\/sindromecharge.es\/index.php\/wp-json\/wp\/v2\/tags?post=10238"}],"curies":[{"name":"wp","href":"https:\/\/api.w.org\/{rel}","templated":true}]}}