{"id":10237,"date":"2024-08-13T04:40:00","date_gmt":"2024-08-13T04:40:00","guid":{"rendered":"https:\/\/sindromecharge.es\/index.php\/2024\/08\/13\/cermi-reclama-justicia-declarar-urgentes-los-pleitos-discapacidad-dependencia-jurisdiccion-social\/"},"modified":"2024-08-13T04:40:00","modified_gmt":"2024-08-13T04:40:00","slug":"cermi-reclama-justicia-declarar-urgentes-los-pleitos-discapacidad-dependencia-jurisdiccion-social","status":"publish","type":"post","link":"https:\/\/sindromecharge.es\/index.php\/2024\/08\/13\/cermi-reclama-justicia-declarar-urgentes-los-pleitos-discapacidad-dependencia-jurisdiccion-social\/","title":{"rendered":"Cermi pide a Justicia que los pleitos relacionados con personas con discapacidad sean de tramitaci\u00f3n urgente"},"content":{"rendered":"<p>Leemos en Discapacidad la siguiente noticia que os reproducimos de forma \u00edntegra: <\/p>\n<div>\n<p>El <a href=\"https:\/\/www.20minutos.es\/minuteca\/cermi\/\" title=\"Cermi\">Comit\u00e9 Espa\u00f1ol de Representantes de Personas con Discapacidad (Cermi)<\/a> ha propugnado ante el Ministerio de Presidencia, Justicia y Relaciones con las Cortes la modificaci\u00f3n de la legislaci\u00f3n reguladora de la jurisdicci\u00f3n social para que <b>los pleitos que tengan como objeto materias relacionadas con las personas con discapacidad o en situaci\u00f3n de dependencia<\/b> sean declarados de tramitaci\u00f3n urgente.<\/p>\n<p>El Cermi explic\u00f3 en un comunicado que as\u00ed se acelerar\u00edan los pleitos en que estas personas estuvieran implicadas, ya que <b>gozar\u00edan de preferencia en la tramitaci\u00f3n<\/b> obteniendo de este modo una resoluci\u00f3n de su asunto lo m\u00e1s cercana en el tiempo.<\/p>\n<p>La Ley de Jurisdicci\u00f3n Social vigente<b> ya considera urgentes una serie de cuestiones<\/b> (tutela de derechos fundamentales, extinci\u00f3n del contrato por impago de salarios, conflictos colectivos, fijaci\u00f3n del periodo de vacaciones, etc.) que con la modificaci\u00f3n que plantea el Cermi se ampliar\u00edan, por motivos de justicia material, a las personas con <a href=\"https:\/\/www.20minutos.es\/minuteca\/discapacidad\/\" title=\"Discapacidad\">discapacidad<\/a> o en situaci\u00f3n de <a href=\"https:\/\/www.20minutos.es\/minuteca\/dependencia\/\" title=\"Dependencia\">dependencia<\/a>.<\/p>\n<p>El Cermi fundament\u00f3 su petici\u00f3n a Justicia en el <a href=\"https:\/\/www.20minutos.es\/noticia\/5217705\/0\/cermi\/\" title='Luis Cayo, presidente de Cermi: \"Los retrasos en la valoraci\u00f3n de la discapacidad dejan a la gente a la intemperie\"'>nuevo art\u00edculo 49 de la Constituci\u00f3n Espa\u00f1ola<\/a>, reformado este mismo a\u00f1o con el consenso mayoritario de los partidos parlamentarios, que<b> establece la protecci\u00f3n reforzada de los derechos de las personas con discapacidad <\/b>y que en este \u00e1mbito de la jurisdicci\u00f3n social tendr\u00eda esta proyecci\u00f3n de consideraci\u00f3n prioritaria.<\/p>\n<\/div>\n<p>Fuente: Discapacidad https:\/\/www.20minutos.es\/noticia\/5586044\/0\/cermi-reclama-justicia-declarar-urgentes-los-pleitos-discapacidad-dependencia-jurisdiccion-social\/<\/p>\n","protected":false},"excerpt":{"rendered":"<p>Tambi\u00e9n ser\u00edan urgentes los de aquellas personas en situaci\u00f3n de dependencia.<\/p>\n","protected":false},"author":1,"featured_media":0,"comment_status":"closed","ping_status":"closed","sticky":false,"template":"","format":"standard","meta":{"footnotes":""},"categories":[8],"tags":[],"class_list":["post-10237","post","type-post","status-publish","format-standard","hentry","category-noticias"],"yoast_head":"<!-- This site is optimized with the Yoast SEO plugin v27.4 - https:\/\/yoast.com\/product\/yoast-seo-wordpress\/ -->\n<title>Cermi pide a Justicia que los pleitos relacionados con personas con discapacidad sean de tramitaci\u00f3n urgente - Asociaci\u00f3n Espa\u00f1ola S\u00edndrome de Charge<\/title>\n<meta name=\"robots\" content=\"index, follow, max-snippet:-1, max-image-preview:large, max-video-preview:-1\" \/>\n<link rel=\"canonical\" href=\"https:\/\/sindromecharge.es\/index.php\/2024\/08\/13\/cermi-reclama-justicia-declarar-urgentes-los-pleitos-discapacidad-dependencia-jurisdiccion-social\/\" \/>\n<meta property=\"og:locale\" content=\"es_ES\" \/>\n<meta property=\"og:type\" content=\"article\" \/>\n<meta property=\"og:title\" content=\"Cermi pide a Justicia que los pleitos relacionados con personas con discapacidad sean de tramitaci\u00f3n urgente - Asociaci\u00f3n Espa\u00f1ola S\u00edndrome de Charge\" \/>\n<meta property=\"og:description\" content=\"Tambi\u00e9n ser\u00edan urgentes los de aquellas personas en situaci\u00f3n de dependencia.\" \/>\n<meta property=\"og:url\" content=\"https:\/\/sindromecharge.es\/index.php\/2024\/08\/13\/cermi-reclama-justicia-declarar-urgentes-los-pleitos-discapacidad-dependencia-jurisdiccion-social\/\" \/>\n<meta property=\"og:site_name\" content=\"Asociaci\u00f3n Espa\u00f1ola S\u00edndrome de Charge\" \/>\n<meta property=\"article:publisher\" content=\"https:\/\/www.facebook.com\/asociacionsindromecharge\" \/>\n<meta property=\"article:published_time\" content=\"2024-08-13T04:40:00+00:00\" \/>\n<meta property=\"og:image\" content=\"https:\/\/sindromecharge.es\/wp-content\/uploads\/2013\/09\/logodecharge300x98.png\" \/>\n\t<meta property=\"og:image:width\" content=\"300\" \/>\n\t<meta property=\"og:image:height\" content=\"98\" \/>\n\t<meta property=\"og:image:type\" content=\"image\/png\" \/>\n<meta name=\"author\" content=\"Charge\" \/>\n<meta name=\"twitter:card\" content=\"summary_large_image\" \/>\n<meta name=\"twitter:creator\" content=\"@sindromecharge\" \/>\n<meta name=\"twitter:site\" content=\"@sindromecharge\" \/>\n<meta name=\"twitter:label1\" content=\"Escrito por\" \/>\n\t<meta name=\"twitter:data1\" content=\"Charge\" \/>\n\t<meta name=\"twitter:label2\" content=\"Tiempo de lectura\" \/>\n\t<meta name=\"twitter:data2\" content=\"1 minuto\" \/>\n<script type=\"application\/ld+json\" class=\"yoast-schema-graph\">{\"@context\":\"https:\\\/\\\/schema.org\",\"@graph\":[{\"@type\":\"Article\",\"@id\":\"https:\\\/\\\/sindromecharge.es\\\/index.php\\\/2024\\\/08\\\/13\\\/cermi-reclama-justicia-declarar-urgentes-los-pleitos-discapacidad-dependencia-jurisdiccion-social\\\/#article\",\"isPartOf\":{\"@id\":\"https:\\\/\\\/sindromecharge.es\\\/index.php\\\/2024\\\/08\\\/13\\\/cermi-reclama-justicia-declarar-urgentes-los-pleitos-discapacidad-dependencia-jurisdiccion-social\\\/\"},\"author\":{\"name\":\"Charge\",\"@id\":\"https:\\\/\\\/sindromecharge.es\\\/#\\\/schema\\\/person\\\/39a60ebe0a2b4d5a11179701e336b039\"},\"headline\":\"Cermi pide a Justicia que los pleitos relacionados con personas con discapacidad sean de tramitaci\u00f3n urgente\",\"datePublished\":\"2024-08-13T04:40:00+00:00\",\"mainEntityOfPage\":{\"@id\":\"https:\\\/\\\/sindromecharge.es\\\/index.php\\\/2024\\\/08\\\/13\\\/cermi-reclama-justicia-declarar-urgentes-los-pleitos-discapacidad-dependencia-jurisdiccion-social\\\/\"},\"wordCount\":275,\"articleSection\":[\"noticias\"],\"inLanguage\":\"es\"},{\"@type\":\"WebPage\",\"@id\":\"https:\\\/\\\/sindromecharge.es\\\/index.php\\\/2024\\\/08\\\/13\\\/cermi-reclama-justicia-declarar-urgentes-los-pleitos-discapacidad-dependencia-jurisdiccion-social\\\/\",\"url\":\"https:\\\/\\\/sindromecharge.es\\\/index.php\\\/2024\\\/08\\\/13\\\/cermi-reclama-justicia-declarar-urgentes-los-pleitos-discapacidad-dependencia-jurisdiccion-social\\\/\",\"name\":\"Cermi pide a Justicia que los pleitos relacionados con personas con discapacidad sean de tramitaci\u00f3n urgente - Asociaci\u00f3n Espa\u00f1ola S\u00edndrome de Charge\",\"isPartOf\":{\"@id\":\"https:\\\/\\\/sindromecharge.es\\\/#website\"},\"datePublished\":\"2024-08-13T04:40:00+00:00\",\"author\":{\"@id\":\"https:\\\/\\\/sindromecharge.es\\\/#\\\/schema\\\/person\\\/39a60ebe0a2b4d5a11179701e336b039\"},\"breadcrumb\":{\"@id\":\"https:\\\/\\\/sindromecharge.es\\\/index.php\\\/2024\\\/08\\\/13\\\/cermi-reclama-justicia-declarar-urgentes-los-pleitos-discapacidad-dependencia-jurisdiccion-social\\\/#breadcrumb\"},\"inLanguage\":\"es\",\"potentialAction\":[{\"@type\":\"ReadAction\",\"target\":[\"https:\\\/\\\/sindromecharge.es\\\/index.php\\\/2024\\\/08\\\/13\\\/cermi-reclama-justicia-declarar-urgentes-los-pleitos-discapacidad-dependencia-jurisdiccion-social\\\/\"]}]},{\"@type\":\"BreadcrumbList\",\"@id\":\"https:\\\/\\\/sindromecharge.es\\\/index.php\\\/2024\\\/08\\\/13\\\/cermi-reclama-justicia-declarar-urgentes-los-pleitos-discapacidad-dependencia-jurisdiccion-social\\\/#breadcrumb\",\"itemListElement\":[{\"@type\":\"ListItem\",\"position\":1,\"name\":\"Portada\",\"item\":\"https:\\\/\\\/sindromecharge.es\\\/\"},{\"@type\":\"ListItem\",\"position\":2,\"name\":\"Cermi pide a Justicia que los pleitos relacionados con personas con discapacidad sean de tramitaci\u00f3n urgente\"}]},{\"@type\":\"WebSite\",\"@id\":\"https:\\\/\\\/sindromecharge.es\\\/#website\",\"url\":\"https:\\\/\\\/sindromecharge.es\\\/\",\"name\":\"Asociaci\u00f3n Espa\u00f1ola S\u00edndrome de Charge\",\"description\":\"\",\"potentialAction\":[{\"@type\":\"SearchAction\",\"target\":{\"@type\":\"EntryPoint\",\"urlTemplate\":\"https:\\\/\\\/sindromecharge.es\\\/?s={search_term_string}\"},\"query-input\":{\"@type\":\"PropertyValueSpecification\",\"valueRequired\":true,\"valueName\":\"search_term_string\"}}],\"inLanguage\":\"es\"},{\"@type\":\"Person\",\"@id\":\"https:\\\/\\\/sindromecharge.es\\\/#\\\/schema\\\/person\\\/39a60ebe0a2b4d5a11179701e336b039\",\"name\":\"Charge\",\"image\":{\"@type\":\"ImageObject\",\"inLanguage\":\"es\",\"@id\":\"https:\\\/\\\/secure.gravatar.com\\\/avatar\\\/c3b46e32a0fc3b093a0873fb767bf3293de856293065e84ef06b7ec7a8acfb98?s=96&d=identicon&r=x\",\"url\":\"https:\\\/\\\/secure.gravatar.com\\\/avatar\\\/c3b46e32a0fc3b093a0873fb767bf3293de856293065e84ef06b7ec7a8acfb98?s=96&d=identicon&r=x\",\"contentUrl\":\"https:\\\/\\\/secure.gravatar.com\\\/avatar\\\/c3b46e32a0fc3b093a0873fb767bf3293de856293065e84ef06b7ec7a8acfb98?s=96&d=identicon&r=x\",\"caption\":\"Charge\"},\"url\":\"https:\\\/\\\/sindromecharge.es\\\/index.php\\\/author\\\/admin\\\/\"}]}<\/script>\n<!-- \/ Yoast SEO plugin. -->","yoast_head_json":{"title":"Cermi pide a Justicia que los pleitos relacionados con personas con discapacidad sean de tramitaci\u00f3n urgente - Asociaci\u00f3n Espa\u00f1ola S\u00edndrome de Charge","robots":{"index":"index","follow":"follow","max-snippet":"max-snippet:-1","max-image-preview":"max-image-preview:large","max-video-preview":"max-video-preview:-1"},"canonical":"https:\/\/sindromecharge.es\/index.php\/2024\/08\/13\/cermi-reclama-justicia-declarar-urgentes-los-pleitos-discapacidad-dependencia-jurisdiccion-social\/","og_locale":"es_ES","og_type":"article","og_title":"Cermi pide a Justicia que los pleitos relacionados con personas con discapacidad sean de tramitaci\u00f3n urgente - Asociaci\u00f3n Espa\u00f1ola S\u00edndrome de Charge","og_description":"Tambi\u00e9n ser\u00edan urgentes los de aquellas personas en situaci\u00f3n de dependencia.","og_url":"https:\/\/sindromecharge.es\/index.php\/2024\/08\/13\/cermi-reclama-justicia-declarar-urgentes-los-pleitos-discapacidad-dependencia-jurisdiccion-social\/","og_site_name":"Asociaci\u00f3n Espa\u00f1ola S\u00edndrome de Charge","article_publisher":"https:\/\/www.facebook.com\/asociacionsindromecharge","article_published_time":"2024-08-13T04:40:00+00:00","og_image":[{"width":300,"height":98,"url":"https:\/\/sindromecharge.es\/wp-content\/uploads\/2013\/09\/logodecharge300x98.png","type":"image\/png"}],"author":"Charge","twitter_card":"summary_large_image","twitter_creator":"@sindromecharge","twitter_site":"@sindromecharge","twitter_misc":{"Escrito por":"Charge","Tiempo de lectura":"1 minuto"},"schema":{"@context":"https:\/\/schema.org","@graph":[{"@type":"Article","@id":"https:\/\/sindromecharge.es\/index.php\/2024\/08\/13\/cermi-reclama-justicia-declarar-urgentes-los-pleitos-discapacidad-dependencia-jurisdiccion-social\/#article","isPartOf":{"@id":"https:\/\/sindromecharge.es\/index.php\/2024\/08\/13\/cermi-reclama-justicia-declarar-urgentes-los-pleitos-discapacidad-dependencia-jurisdiccion-social\/"},"author":{"name":"Charge","@id":"https:\/\/sindromecharge.es\/#\/schema\/person\/39a60ebe0a2b4d5a11179701e336b039"},"headline":"Cermi pide a Justicia que los pleitos relacionados con personas con discapacidad sean de tramitaci\u00f3n urgente","datePublished":"2024-08-13T04:40:00+00:00","mainEntityOfPage":{"@id":"https:\/\/sindromecharge.es\/index.php\/2024\/08\/13\/cermi-reclama-justicia-declarar-urgentes-los-pleitos-discapacidad-dependencia-jurisdiccion-social\/"},"wordCount":275,"articleSection":["noticias"],"inLanguage":"es"},{"@type":"WebPage","@id":"https:\/\/sindromecharge.es\/index.php\/2024\/08\/13\/cermi-reclama-justicia-declarar-urgentes-los-pleitos-discapacidad-dependencia-jurisdiccion-social\/","url":"https:\/\/sindromecharge.es\/index.php\/2024\/08\/13\/cermi-reclama-justicia-declarar-urgentes-los-pleitos-discapacidad-dependencia-jurisdiccion-social\/","name":"Cermi pide a Justicia que los pleitos relacionados con personas con discapacidad sean de tramitaci\u00f3n urgente - Asociaci\u00f3n Espa\u00f1ola S\u00edndrome de Charge","isPartOf":{"@id":"https:\/\/sindromecharge.es\/#website"},"datePublished":"2024-08-13T04:40:00+00:00","author":{"@id":"https:\/\/sindromecharge.es\/#\/schema\/person\/39a60ebe0a2b4d5a11179701e336b039"},"breadcrumb":{"@id":"https:\/\/sindromecharge.es\/index.php\/2024\/08\/13\/cermi-reclama-justicia-declarar-urgentes-los-pleitos-discapacidad-dependencia-jurisdiccion-social\/#breadcrumb"},"inLanguage":"es","potentialAction":[{"@type":"ReadAction","target":["https:\/\/sindromecharge.es\/index.php\/2024\/08\/13\/cermi-reclama-justicia-declarar-urgentes-los-pleitos-discapacidad-dependencia-jurisdiccion-social\/"]}]},{"@type":"BreadcrumbList","@id":"https:\/\/sindromecharge.es\/index.php\/2024\/08\/13\/cermi-reclama-justicia-declarar-urgentes-los-pleitos-discapacidad-dependencia-jurisdiccion-social\/#breadcrumb","itemListElement":[{"@type":"ListItem","position":1,"name":"Portada","item":"https:\/\/sindromecharge.es\/"},{"@type":"ListItem","position":2,"name":"Cermi pide a Justicia que los pleitos relacionados con personas con discapacidad sean de tramitaci\u00f3n urgente"}]},{"@type":"WebSite","@id":"https:\/\/sindromecharge.es\/#website","url":"https:\/\/sindromecharge.es\/","name":"Asociaci\u00f3n Espa\u00f1ola S\u00edndrome de Charge","description":"","potentialAction":[{"@type":"SearchAction","target":{"@type":"EntryPoint","urlTemplate":"https:\/\/sindromecharge.es\/?s={search_term_string}"},"query-input":{"@type":"PropertyValueSpecification","valueRequired":true,"valueName":"search_term_string"}}],"inLanguage":"es"},{"@type":"Person","@id":"https:\/\/sindromecharge.es\/#\/schema\/person\/39a60ebe0a2b4d5a11179701e336b039","name":"Charge","image":{"@type":"ImageObject","inLanguage":"es","@id":"https:\/\/secure.gravatar.com\/avatar\/c3b46e32a0fc3b093a0873fb767bf3293de856293065e84ef06b7ec7a8acfb98?s=96&d=identicon&r=x","url":"https:\/\/secure.gravatar.com\/avatar\/c3b46e32a0fc3b093a0873fb767bf3293de856293065e84ef06b7ec7a8acfb98?s=96&d=identicon&r=x","contentUrl":"https:\/\/secure.gravatar.com\/avatar\/c3b46e32a0fc3b093a0873fb767bf3293de856293065e84ef06b7ec7a8acfb98?s=96&d=identicon&r=x","caption":"Charge"},"url":"https:\/\/sindromecharge.es\/index.php\/author\/admin\/"}]}},"_links":{"self":[{"href":"https:\/\/sindromecharge.es\/index.php\/wp-json\/wp\/v2\/posts\/10237","targetHints":{"allow":["GET"]}}],"collection":[{"href":"https:\/\/sindromecharge.es\/index.php\/wp-json\/wp\/v2\/posts"}],"about":[{"href":"https:\/\/sindromecharge.es\/index.php\/wp-json\/wp\/v2\/types\/post"}],"author":[{"embeddable":true,"href":"https:\/\/sindromecharge.es\/index.php\/wp-json\/wp\/v2\/users\/1"}],"replies":[{"embeddable":true,"href":"https:\/\/sindromecharge.es\/index.php\/wp-json\/wp\/v2\/comments?post=10237"}],"version-history":[{"count":0,"href":"https:\/\/sindromecharge.es\/index.php\/wp-json\/wp\/v2\/posts\/10237\/revisions"}],"wp:attachment":[{"href":"https:\/\/sindromecharge.es\/index.php\/wp-json\/wp\/v2\/media?parent=10237"}],"wp:term":[{"taxonomy":"category","embeddable":true,"href":"https:\/\/sindromecharge.es\/index.php\/wp-json\/wp\/v2\/categories?post=10237"},{"taxonomy":"post_tag","embeddable":true,"href":"https:\/\/sindromecharge.es\/index.php\/wp-json\/wp\/v2\/tags?post=10237"}],"curies":[{"name":"wp","href":"https:\/\/api.w.org\/{rel}","templated":true}]}}