{"id":10236,"date":"2024-08-12T09:52:32","date_gmt":"2024-08-12T09:52:32","guid":{"rendered":"https:\/\/sindromecharge.es\/index.php\/2024\/08\/12\/paris-2024-atletismo-alex-roca-completa-marathon-pour-tous-reto-mas-duro-su-vida\/"},"modified":"2024-08-12T09:52:32","modified_gmt":"2024-08-12T09:52:32","slug":"paris-2024-atletismo-alex-roca-completa-marathon-pour-tous-reto-mas-duro-su-vida","status":"publish","type":"post","link":"https:\/\/sindromecharge.es\/index.php\/2024\/08\/12\/paris-2024-atletismo-alex-roca-completa-marathon-pour-tous-reto-mas-duro-su-vida\/","title":{"rendered":"Alex Roca, con una discapacidad del 76%, completa el &#8216;Marathon pour tous&#8217;, su reto m\u00e1s duro \u00abpara romper prejuicios\u00bb"},"content":{"rendered":"<p>Leemos en Discapacidad la siguiente noticia que os reproducimos de forma \u00edntegra: <\/p>\n<div>\n<p>El espa\u00f1ol Alex Roca, con una discapacidad del 76%, complet\u00f3 el reto m\u00e1s duro de su vida<b> al terminar con \u00e9xito en casi siete horas de carrera <\/b>el &#8216;Marathon pour tous&#8217;, vinculado a los <a href=\"https:\/\/www.20minutos.es\/deportes\/minuteca\/juegos-olimpicos-paris-2024\/\" title=\"Juegos Ol\u00edmpicos Par\u00eds 2024\">Juegos Ol\u00edmpicos de Par\u00eds<\/a>, que cont\u00f3 con la participaci\u00f3n de 20.024 corredores.<\/p>\n<p>A los 6 meses de vida, Alex Roca (Barcelona, 1991) tuvo una encefalitis viral herp\u00e9tica (herpes cerebral). Le provoc\u00f3 una <a href=\"https:\/\/www.20minutos.es\/minuteca\/paralisis-cerebral\/\" title=\"Par\u00e1lisis cerebral\">par\u00e1lisis cerebral<\/a> con un 76% de discapacidad f\u00edsica la cual le afect\u00f3 al hemisferio izquierdo del cuerpo. <b>Tiene una movilidad reducida y se comunica a trav\u00e9s de lengua de los signos.<\/b><\/p>\n<p>Alex es<b> el primer atleta con par\u00e1lisis cerebral que acab\u00f3 la exigente Titan Desert<\/b> (2019) y tambi\u00e9n el primero de la historia con par\u00e1lisis cerebral, un 76% de discapacidad f\u00edsica y hemiplej\u00eda, en<b> acabar un marat\u00f3n dentro del tiempo m\u00e1ximo oficial<\/b> (Marat\u00f3n de Barcelona 2023), entrando as\u00ed en el Libro de los R\u00e9cords. Medios maratones, triatlones y acuatlones han formado parte de su trayectoria en los \u00faltimos a\u00f1os. Ahora, <b>su nuevo reto era un marat\u00f3n en Par\u00eds.<\/b><\/p>\n<p>La carrera la comenz\u00f3 a las 21 horas del s\u00e1bado 10 de agosto y<b> la concluy\u00f3 de madrugada, a las 4<\/b>, ya entrado el domingo 11, casi siete horas despu\u00e9s.<\/p>\n<p>\u201cCorrer este marat\u00f3n ha sido un sue\u00f1o hecho realidad para m\u00ed. No solo he llegado a la meta sino que tambi\u00e9n he podido enviar un mensaje muy importante relativo al deseo de romper los prejuicios de la sociedad hacia las personas con discapacidad: <b>abrimos caminos para que todo el mundo, sea cual sea su condici\u00f3n, alcance sus sue\u00f1os.<\/b> Deseo que las personas con <a href=\"https:\/\/www.20minutos.es\/minuteca\/discapacidad\/\" title=\"Discapacidad\">discapacidad<\/a> sean vistas como personas tan v\u00e1lidas como cualquier otra\u201d, dijo Roca al llegar a meta.<\/p>\n<p>Alex, junto a su inseparable mujer, Mari Carmen Maza, su media mitad, <b>dedic\u00f3 su &#8216;victoria&#8217; a todos aquellos que lo han apoyado en su viaje<\/b>, resaltando el papel fundamental de su equipo, de las organizaciones que le respaldan y de sus seguidores.<\/p>\n<p>\u201cNo estoy solo en esto. Cada palabra de \u00e1nimo, cada gesto de apoyo me ha impulsado a seguir adelante. <b>Este triunfo es de todos<\/b>\u201d, enfatiz\u00f3. <\/p>\n<\/div>\n<p>Fuente: Discapacidad https:\/\/www.20minutos.es\/noticia\/5586045\/0\/paris-2024-atletismo-alex-roca-completa-marathon-pour-tous-reto-mas-duro-su-vida\/<\/p>\n","protected":false},"excerpt":{"rendered":"<p>Termin\u00f3 con \u00e9xito en casi siete horas la carrera vinculada a los Juegos Ol\u00edmpicos de Par\u00eds.<\/p>\n","protected":false},"author":1,"featured_media":0,"comment_status":"closed","ping_status":"closed","sticky":false,"template":"","format":"standard","meta":{"footnotes":""},"categories":[8],"tags":[],"class_list":["post-10236","post","type-post","status-publish","format-standard","hentry","category-noticias"],"yoast_head":"<!-- This site is optimized with the Yoast SEO plugin v27.4 - https:\/\/yoast.com\/product\/yoast-seo-wordpress\/ -->\n<title>Alex Roca, con una discapacidad del 76%, completa el &#039;Marathon pour tous&#039;, su reto m\u00e1s duro &quot;para romper prejuicios&quot; - Asociaci\u00f3n Espa\u00f1ola S\u00edndrome de Charge<\/title>\n<meta name=\"robots\" content=\"index, follow, max-snippet:-1, max-image-preview:large, max-video-preview:-1\" \/>\n<link rel=\"canonical\" href=\"https:\/\/sindromecharge.es\/index.php\/2024\/08\/12\/paris-2024-atletismo-alex-roca-completa-marathon-pour-tous-reto-mas-duro-su-vida\/\" \/>\n<meta property=\"og:locale\" content=\"es_ES\" \/>\n<meta property=\"og:type\" content=\"article\" \/>\n<meta property=\"og:title\" content=\"Alex Roca, con una discapacidad del 76%, completa el &#039;Marathon pour tous&#039;, su reto m\u00e1s duro &quot;para romper prejuicios&quot; - Asociaci\u00f3n Espa\u00f1ola S\u00edndrome de Charge\" \/>\n<meta property=\"og:description\" content=\"Termin\u00f3 con \u00e9xito en casi siete horas la carrera vinculada a los Juegos Ol\u00edmpicos de Par\u00eds.\" \/>\n<meta property=\"og:url\" content=\"https:\/\/sindromecharge.es\/index.php\/2024\/08\/12\/paris-2024-atletismo-alex-roca-completa-marathon-pour-tous-reto-mas-duro-su-vida\/\" \/>\n<meta property=\"og:site_name\" content=\"Asociaci\u00f3n Espa\u00f1ola S\u00edndrome de Charge\" \/>\n<meta property=\"article:publisher\" content=\"https:\/\/www.facebook.com\/asociacionsindromecharge\" \/>\n<meta property=\"article:published_time\" content=\"2024-08-12T09:52:32+00:00\" \/>\n<meta property=\"og:image\" content=\"https:\/\/sindromecharge.es\/wp-content\/uploads\/2013\/09\/logodecharge300x98.png\" \/>\n\t<meta property=\"og:image:width\" content=\"300\" \/>\n\t<meta property=\"og:image:height\" content=\"98\" \/>\n\t<meta property=\"og:image:type\" content=\"image\/png\" \/>\n<meta name=\"author\" content=\"Charge\" \/>\n<meta name=\"twitter:card\" content=\"summary_large_image\" \/>\n<meta name=\"twitter:creator\" content=\"@sindromecharge\" \/>\n<meta name=\"twitter:site\" content=\"@sindromecharge\" \/>\n<meta name=\"twitter:label1\" content=\"Escrito por\" \/>\n\t<meta name=\"twitter:data1\" content=\"Charge\" \/>\n\t<meta name=\"twitter:label2\" content=\"Tiempo de lectura\" \/>\n\t<meta name=\"twitter:data2\" content=\"2 minutos\" \/>\n<script type=\"application\/ld+json\" class=\"yoast-schema-graph\">{\"@context\":\"https:\\\/\\\/schema.org\",\"@graph\":[{\"@type\":\"Article\",\"@id\":\"https:\\\/\\\/sindromecharge.es\\\/index.php\\\/2024\\\/08\\\/12\\\/paris-2024-atletismo-alex-roca-completa-marathon-pour-tous-reto-mas-duro-su-vida\\\/#article\",\"isPartOf\":{\"@id\":\"https:\\\/\\\/sindromecharge.es\\\/index.php\\\/2024\\\/08\\\/12\\\/paris-2024-atletismo-alex-roca-completa-marathon-pour-tous-reto-mas-duro-su-vida\\\/\"},\"author\":{\"name\":\"Charge\",\"@id\":\"https:\\\/\\\/sindromecharge.es\\\/#\\\/schema\\\/person\\\/39a60ebe0a2b4d5a11179701e336b039\"},\"headline\":\"Alex Roca, con una discapacidad del 76%, completa el &#8216;Marathon pour tous&#8217;, su reto m\u00e1s duro \u00abpara romper prejuicios\u00bb\",\"datePublished\":\"2024-08-12T09:52:32+00:00\",\"mainEntityOfPage\":{\"@id\":\"https:\\\/\\\/sindromecharge.es\\\/index.php\\\/2024\\\/08\\\/12\\\/paris-2024-atletismo-alex-roca-completa-marathon-pour-tous-reto-mas-duro-su-vida\\\/\"},\"wordCount\":407,\"articleSection\":[\"noticias\"],\"inLanguage\":\"es\"},{\"@type\":\"WebPage\",\"@id\":\"https:\\\/\\\/sindromecharge.es\\\/index.php\\\/2024\\\/08\\\/12\\\/paris-2024-atletismo-alex-roca-completa-marathon-pour-tous-reto-mas-duro-su-vida\\\/\",\"url\":\"https:\\\/\\\/sindromecharge.es\\\/index.php\\\/2024\\\/08\\\/12\\\/paris-2024-atletismo-alex-roca-completa-marathon-pour-tous-reto-mas-duro-su-vida\\\/\",\"name\":\"Alex Roca, con una discapacidad del 76%, completa el 'Marathon pour tous', su reto m\u00e1s duro \\\"para romper prejuicios\\\" - Asociaci\u00f3n Espa\u00f1ola S\u00edndrome de Charge\",\"isPartOf\":{\"@id\":\"https:\\\/\\\/sindromecharge.es\\\/#website\"},\"datePublished\":\"2024-08-12T09:52:32+00:00\",\"author\":{\"@id\":\"https:\\\/\\\/sindromecharge.es\\\/#\\\/schema\\\/person\\\/39a60ebe0a2b4d5a11179701e336b039\"},\"breadcrumb\":{\"@id\":\"https:\\\/\\\/sindromecharge.es\\\/index.php\\\/2024\\\/08\\\/12\\\/paris-2024-atletismo-alex-roca-completa-marathon-pour-tous-reto-mas-duro-su-vida\\\/#breadcrumb\"},\"inLanguage\":\"es\",\"potentialAction\":[{\"@type\":\"ReadAction\",\"target\":[\"https:\\\/\\\/sindromecharge.es\\\/index.php\\\/2024\\\/08\\\/12\\\/paris-2024-atletismo-alex-roca-completa-marathon-pour-tous-reto-mas-duro-su-vida\\\/\"]}]},{\"@type\":\"BreadcrumbList\",\"@id\":\"https:\\\/\\\/sindromecharge.es\\\/index.php\\\/2024\\\/08\\\/12\\\/paris-2024-atletismo-alex-roca-completa-marathon-pour-tous-reto-mas-duro-su-vida\\\/#breadcrumb\",\"itemListElement\":[{\"@type\":\"ListItem\",\"position\":1,\"name\":\"Portada\",\"item\":\"https:\\\/\\\/sindromecharge.es\\\/\"},{\"@type\":\"ListItem\",\"position\":2,\"name\":\"Alex Roca, con una discapacidad del 76%, completa el &#8216;Marathon pour tous&#8217;, su reto m\u00e1s duro &#8220;para romper prejuicios&#8221;\"}]},{\"@type\":\"WebSite\",\"@id\":\"https:\\\/\\\/sindromecharge.es\\\/#website\",\"url\":\"https:\\\/\\\/sindromecharge.es\\\/\",\"name\":\"Asociaci\u00f3n Espa\u00f1ola S\u00edndrome de Charge\",\"description\":\"\",\"potentialAction\":[{\"@type\":\"SearchAction\",\"target\":{\"@type\":\"EntryPoint\",\"urlTemplate\":\"https:\\\/\\\/sindromecharge.es\\\/?s={search_term_string}\"},\"query-input\":{\"@type\":\"PropertyValueSpecification\",\"valueRequired\":true,\"valueName\":\"search_term_string\"}}],\"inLanguage\":\"es\"},{\"@type\":\"Person\",\"@id\":\"https:\\\/\\\/sindromecharge.es\\\/#\\\/schema\\\/person\\\/39a60ebe0a2b4d5a11179701e336b039\",\"name\":\"Charge\",\"image\":{\"@type\":\"ImageObject\",\"inLanguage\":\"es\",\"@id\":\"https:\\\/\\\/secure.gravatar.com\\\/avatar\\\/c3b46e32a0fc3b093a0873fb767bf3293de856293065e84ef06b7ec7a8acfb98?s=96&d=identicon&r=x\",\"url\":\"https:\\\/\\\/secure.gravatar.com\\\/avatar\\\/c3b46e32a0fc3b093a0873fb767bf3293de856293065e84ef06b7ec7a8acfb98?s=96&d=identicon&r=x\",\"contentUrl\":\"https:\\\/\\\/secure.gravatar.com\\\/avatar\\\/c3b46e32a0fc3b093a0873fb767bf3293de856293065e84ef06b7ec7a8acfb98?s=96&d=identicon&r=x\",\"caption\":\"Charge\"},\"url\":\"https:\\\/\\\/sindromecharge.es\\\/index.php\\\/author\\\/admin\\\/\"}]}<\/script>\n<!-- \/ Yoast SEO plugin. -->","yoast_head_json":{"title":"Alex Roca, con una discapacidad del 76%, completa el 'Marathon pour tous', su reto m\u00e1s duro \"para romper prejuicios\" - Asociaci\u00f3n Espa\u00f1ola S\u00edndrome de Charge","robots":{"index":"index","follow":"follow","max-snippet":"max-snippet:-1","max-image-preview":"max-image-preview:large","max-video-preview":"max-video-preview:-1"},"canonical":"https:\/\/sindromecharge.es\/index.php\/2024\/08\/12\/paris-2024-atletismo-alex-roca-completa-marathon-pour-tous-reto-mas-duro-su-vida\/","og_locale":"es_ES","og_type":"article","og_title":"Alex Roca, con una discapacidad del 76%, completa el 'Marathon pour tous', su reto m\u00e1s duro \"para romper prejuicios\" - Asociaci\u00f3n Espa\u00f1ola S\u00edndrome de Charge","og_description":"Termin\u00f3 con \u00e9xito en casi siete horas la carrera vinculada a los Juegos Ol\u00edmpicos de Par\u00eds.","og_url":"https:\/\/sindromecharge.es\/index.php\/2024\/08\/12\/paris-2024-atletismo-alex-roca-completa-marathon-pour-tous-reto-mas-duro-su-vida\/","og_site_name":"Asociaci\u00f3n Espa\u00f1ola S\u00edndrome de Charge","article_publisher":"https:\/\/www.facebook.com\/asociacionsindromecharge","article_published_time":"2024-08-12T09:52:32+00:00","og_image":[{"width":300,"height":98,"url":"https:\/\/sindromecharge.es\/wp-content\/uploads\/2013\/09\/logodecharge300x98.png","type":"image\/png"}],"author":"Charge","twitter_card":"summary_large_image","twitter_creator":"@sindromecharge","twitter_site":"@sindromecharge","twitter_misc":{"Escrito por":"Charge","Tiempo de lectura":"2 minutos"},"schema":{"@context":"https:\/\/schema.org","@graph":[{"@type":"Article","@id":"https:\/\/sindromecharge.es\/index.php\/2024\/08\/12\/paris-2024-atletismo-alex-roca-completa-marathon-pour-tous-reto-mas-duro-su-vida\/#article","isPartOf":{"@id":"https:\/\/sindromecharge.es\/index.php\/2024\/08\/12\/paris-2024-atletismo-alex-roca-completa-marathon-pour-tous-reto-mas-duro-su-vida\/"},"author":{"name":"Charge","@id":"https:\/\/sindromecharge.es\/#\/schema\/person\/39a60ebe0a2b4d5a11179701e336b039"},"headline":"Alex Roca, con una discapacidad del 76%, completa el &#8216;Marathon pour tous&#8217;, su reto m\u00e1s duro \u00abpara romper prejuicios\u00bb","datePublished":"2024-08-12T09:52:32+00:00","mainEntityOfPage":{"@id":"https:\/\/sindromecharge.es\/index.php\/2024\/08\/12\/paris-2024-atletismo-alex-roca-completa-marathon-pour-tous-reto-mas-duro-su-vida\/"},"wordCount":407,"articleSection":["noticias"],"inLanguage":"es"},{"@type":"WebPage","@id":"https:\/\/sindromecharge.es\/index.php\/2024\/08\/12\/paris-2024-atletismo-alex-roca-completa-marathon-pour-tous-reto-mas-duro-su-vida\/","url":"https:\/\/sindromecharge.es\/index.php\/2024\/08\/12\/paris-2024-atletismo-alex-roca-completa-marathon-pour-tous-reto-mas-duro-su-vida\/","name":"Alex Roca, con una discapacidad del 76%, completa el 'Marathon pour tous', su reto m\u00e1s duro \"para romper prejuicios\" - Asociaci\u00f3n Espa\u00f1ola S\u00edndrome de Charge","isPartOf":{"@id":"https:\/\/sindromecharge.es\/#website"},"datePublished":"2024-08-12T09:52:32+00:00","author":{"@id":"https:\/\/sindromecharge.es\/#\/schema\/person\/39a60ebe0a2b4d5a11179701e336b039"},"breadcrumb":{"@id":"https:\/\/sindromecharge.es\/index.php\/2024\/08\/12\/paris-2024-atletismo-alex-roca-completa-marathon-pour-tous-reto-mas-duro-su-vida\/#breadcrumb"},"inLanguage":"es","potentialAction":[{"@type":"ReadAction","target":["https:\/\/sindromecharge.es\/index.php\/2024\/08\/12\/paris-2024-atletismo-alex-roca-completa-marathon-pour-tous-reto-mas-duro-su-vida\/"]}]},{"@type":"BreadcrumbList","@id":"https:\/\/sindromecharge.es\/index.php\/2024\/08\/12\/paris-2024-atletismo-alex-roca-completa-marathon-pour-tous-reto-mas-duro-su-vida\/#breadcrumb","itemListElement":[{"@type":"ListItem","position":1,"name":"Portada","item":"https:\/\/sindromecharge.es\/"},{"@type":"ListItem","position":2,"name":"Alex Roca, con una discapacidad del 76%, completa el &#8216;Marathon pour tous&#8217;, su reto m\u00e1s duro &#8220;para romper prejuicios&#8221;"}]},{"@type":"WebSite","@id":"https:\/\/sindromecharge.es\/#website","url":"https:\/\/sindromecharge.es\/","name":"Asociaci\u00f3n Espa\u00f1ola S\u00edndrome de Charge","description":"","potentialAction":[{"@type":"SearchAction","target":{"@type":"EntryPoint","urlTemplate":"https:\/\/sindromecharge.es\/?s={search_term_string}"},"query-input":{"@type":"PropertyValueSpecification","valueRequired":true,"valueName":"search_term_string"}}],"inLanguage":"es"},{"@type":"Person","@id":"https:\/\/sindromecharge.es\/#\/schema\/person\/39a60ebe0a2b4d5a11179701e336b039","name":"Charge","image":{"@type":"ImageObject","inLanguage":"es","@id":"https:\/\/secure.gravatar.com\/avatar\/c3b46e32a0fc3b093a0873fb767bf3293de856293065e84ef06b7ec7a8acfb98?s=96&d=identicon&r=x","url":"https:\/\/secure.gravatar.com\/avatar\/c3b46e32a0fc3b093a0873fb767bf3293de856293065e84ef06b7ec7a8acfb98?s=96&d=identicon&r=x","contentUrl":"https:\/\/secure.gravatar.com\/avatar\/c3b46e32a0fc3b093a0873fb767bf3293de856293065e84ef06b7ec7a8acfb98?s=96&d=identicon&r=x","caption":"Charge"},"url":"https:\/\/sindromecharge.es\/index.php\/author\/admin\/"}]}},"_links":{"self":[{"href":"https:\/\/sindromecharge.es\/index.php\/wp-json\/wp\/v2\/posts\/10236","targetHints":{"allow":["GET"]}}],"collection":[{"href":"https:\/\/sindromecharge.es\/index.php\/wp-json\/wp\/v2\/posts"}],"about":[{"href":"https:\/\/sindromecharge.es\/index.php\/wp-json\/wp\/v2\/types\/post"}],"author":[{"embeddable":true,"href":"https:\/\/sindromecharge.es\/index.php\/wp-json\/wp\/v2\/users\/1"}],"replies":[{"embeddable":true,"href":"https:\/\/sindromecharge.es\/index.php\/wp-json\/wp\/v2\/comments?post=10236"}],"version-history":[{"count":0,"href":"https:\/\/sindromecharge.es\/index.php\/wp-json\/wp\/v2\/posts\/10236\/revisions"}],"wp:attachment":[{"href":"https:\/\/sindromecharge.es\/index.php\/wp-json\/wp\/v2\/media?parent=10236"}],"wp:term":[{"taxonomy":"category","embeddable":true,"href":"https:\/\/sindromecharge.es\/index.php\/wp-json\/wp\/v2\/categories?post=10236"},{"taxonomy":"post_tag","embeddable":true,"href":"https:\/\/sindromecharge.es\/index.php\/wp-json\/wp\/v2\/tags?post=10236"}],"curies":[{"name":"wp","href":"https:\/\/api.w.org\/{rel}","templated":true}]}}