{"id":10235,"date":"2024-08-12T09:43:18","date_gmt":"2024-08-12T09:43:18","guid":{"rendered":"https:\/\/sindromecharge.es\/index.php\/2024\/08\/12\/colin-farrell-habla-por-primera-vez-discapacidad-intelectual-su-hijo-presentacion-su-fundacion\/"},"modified":"2024-08-12T09:43:18","modified_gmt":"2024-08-12T09:43:18","slug":"colin-farrell-habla-por-primera-vez-discapacidad-intelectual-su-hijo-presentacion-su-fundacion","status":"publish","type":"post","link":"https:\/\/sindromecharge.es\/index.php\/2024\/08\/12\/colin-farrell-habla-por-primera-vez-discapacidad-intelectual-su-hijo-presentacion-su-fundacion\/","title":{"rendered":"Colin Farrell habla por primera vez de la discapacidad intelectual de su hijo: \u00abQuiero que el mundo le respete\u00bb"},"content":{"rendered":"<p>Leemos en Discapacidad la siguiente noticia que os reproducimos de forma \u00edntegra: <\/p>\n<div>\n<p>El actor <a href=\"https:\/\/www.20minutos.es\/cinemania\/minuteca\/colin-farrell\/\" title=\"Colin Farrell\">Colin Farrell<\/a>, tras dos d\u00e9cadas de mutismo, habl\u00f3 sobre su hijo, que<b> tiene una rara afecci\u00f3n neurol\u00f3gica llamada s\u00edndrome de Angelman,<\/b> y anunci\u00f3 que ha lanzado una Fundaci\u00f3n \u201cpara apoyar a las personas con discapacidad intelectual\u201d.<\/p>\n<p>El hijo de Farrell, <b>James, que ahora tiene 20 a\u00f1os<\/b>, fue diagnosticado con el s\u00edndrome de Angelman cuando ten\u00eda dos a\u00f1os y medio. Adem\u00e1s, \u201c<b>fue diagnosticado err\u00f3neamente con <a href=\"https:\/\/www.20minutos.es\/minuteca\/paralisis-cerebral\/\" title=\"Par\u00e1lisis cerebral\">par\u00e1lisis cerebral<\/a>,<\/b> una patolog\u00eda que comparte muchas de las caracter\u00edsticas\u201d, tal y como relat\u00f3 en una entrevista concedida a la revista &#8216;People\u2019.<\/p>\n<p>Es <b>la primera vez que el actor irland\u00e9s habla sobre la condici\u00f3n de su hijo<\/b>, y agreg\u00f3 que \u00abla \u00fanica raz\u00f3n por la que estoy hablando es que no puedo preguntarle a James si quiere\u00bb.<\/p>\n<p><b>Si su hijo pudiera comunicarse verbalmente<\/b> sobre su nuevo esfuerzo p\u00fablico y qu\u00e9 hacer para ayudar a las familias y a otros ni\u00f1os como \u00e9l, Farrell afirm\u00f3 que le dir\u00eda: \u2018Pap\u00e1, \u00bfde qu\u00e9 est\u00e1s hablando? \u00bfPor qu\u00e9 me lo preguntas? Es una obviedad\u2019. \u00abPor eso lo estamos haciendo. <b>Todo esto es por James, todo es en su honor<\/b>\u00ab, asever\u00f3 el actor.<\/p>\n<p>\u201cAngelman es una afecci\u00f3n convulsiva\u201d, dijo Farrell, y a\u00f1adi\u00f3 que las convulsiones son \u00abuna de las cosas con las que los padres luchan mucho\u201d. \u201cAfortunadamente, James no ha tenido una convulsi\u00f3n desde hace unos 10 u 11 a\u00f1os, pero<b> he estado en la parte trasera de las ambulancias, en el hospital con \u00e9l<\/b>\u00ab, rememor\u00f3 Farrell.<\/p>\n<p>Uno de los grandes obst\u00e1culos a los que tienen que enfrentare las familias que conviven con esta rara enfermedad es<b> la dificultad por encontrar ayuda para el cuidado de los hijos<\/b> con discapacidades intelectuales. Y el actor puso el foco especialmente \u201cen algunos Estados del pa\u00eds donde muchos de los apoyos sociales terminan cuando los chicos llegan a los 21 a\u00f1os\u201d.<\/p>\n<p>Farrell reconoci\u00f3 que, despu\u00e9s de haber tenido una carrera en el cine durante m\u00e1s de 20 a\u00f1os, \u201cobviamente tengo una cierta cantidad de medios\u201d.<\/p>\n<p>Pese a ello, <b>contin\u00faa luchando por encontrar \u201cel tipo de ayuda que James merece y deber\u00eda tener con raz\u00f3n\u201d.<\/b> Y en ese intento por lograr \u201cque el mundo sea amable con James\u201d y que <b>\u201cle trate con respeto\u201d<\/b> ha creado la Fundaci\u00f3n Colin Farrell, para brindar apoyo a los j\u00f3venes y adultos que tienen una<a href=\"https:\/\/www.20minutos.es\/minuteca\/discapacidad-intelectual\/\" title=\"Discapacidad intelectual\"> discapacidad intelectual<\/a>, tanto con programas educativos como con todo tipo de recursos.<\/p>\n<\/div>\n<p>Fuente: Discapacidad https:\/\/www.20minutos.es\/noticia\/5586047\/0\/colin-farrell-habla-por-primera-vez-discapacidad-intelectual-su-hijo-presentacion-su-fundacion\/<\/p>\n","protected":false},"excerpt":{"rendered":"<p>El actor ha lanzado una fundaci\u00f3n \u201cpara apoyar a las personas con discapacidad intelectual\u201d.<\/p>\n","protected":false},"author":1,"featured_media":0,"comment_status":"closed","ping_status":"closed","sticky":false,"template":"","format":"standard","meta":{"footnotes":""},"categories":[8],"tags":[],"class_list":["post-10235","post","type-post","status-publish","format-standard","hentry","category-noticias"],"yoast_head":"<!-- This site is optimized with the Yoast SEO plugin v27.4 - https:\/\/yoast.com\/product\/yoast-seo-wordpress\/ -->\n<title>Colin Farrell habla por primera vez de la discapacidad intelectual de su hijo: &quot;Quiero que el mundo le respete&quot; - Asociaci\u00f3n Espa\u00f1ola S\u00edndrome de Charge<\/title>\n<meta name=\"robots\" content=\"index, follow, max-snippet:-1, max-image-preview:large, max-video-preview:-1\" \/>\n<link rel=\"canonical\" href=\"https:\/\/sindromecharge.es\/index.php\/2024\/08\/12\/colin-farrell-habla-por-primera-vez-discapacidad-intelectual-su-hijo-presentacion-su-fundacion\/\" \/>\n<meta property=\"og:locale\" content=\"es_ES\" \/>\n<meta property=\"og:type\" content=\"article\" \/>\n<meta property=\"og:title\" content=\"Colin Farrell habla por primera vez de la discapacidad intelectual de su hijo: &quot;Quiero que el mundo le respete&quot; - Asociaci\u00f3n Espa\u00f1ola S\u00edndrome de Charge\" \/>\n<meta property=\"og:description\" content=\"El actor ha lanzado una fundaci\u00f3n \u201cpara apoyar a las personas con discapacidad intelectual\u201d.\" \/>\n<meta property=\"og:url\" content=\"https:\/\/sindromecharge.es\/index.php\/2024\/08\/12\/colin-farrell-habla-por-primera-vez-discapacidad-intelectual-su-hijo-presentacion-su-fundacion\/\" \/>\n<meta property=\"og:site_name\" content=\"Asociaci\u00f3n Espa\u00f1ola S\u00edndrome de Charge\" \/>\n<meta property=\"article:publisher\" content=\"https:\/\/www.facebook.com\/asociacionsindromecharge\" \/>\n<meta property=\"article:published_time\" content=\"2024-08-12T09:43:18+00:00\" \/>\n<meta property=\"og:image\" content=\"https:\/\/sindromecharge.es\/wp-content\/uploads\/2013\/09\/logodecharge300x98.png\" \/>\n\t<meta property=\"og:image:width\" content=\"300\" \/>\n\t<meta property=\"og:image:height\" content=\"98\" \/>\n\t<meta property=\"og:image:type\" content=\"image\/png\" \/>\n<meta name=\"author\" content=\"Charge\" \/>\n<meta name=\"twitter:card\" content=\"summary_large_image\" \/>\n<meta name=\"twitter:creator\" content=\"@sindromecharge\" \/>\n<meta name=\"twitter:site\" content=\"@sindromecharge\" \/>\n<meta name=\"twitter:label1\" content=\"Escrito por\" \/>\n\t<meta name=\"twitter:data1\" content=\"Charge\" \/>\n\t<meta name=\"twitter:label2\" content=\"Tiempo de lectura\" \/>\n\t<meta name=\"twitter:data2\" content=\"2 minutos\" \/>\n<script type=\"application\/ld+json\" class=\"yoast-schema-graph\">{\"@context\":\"https:\\\/\\\/schema.org\",\"@graph\":[{\"@type\":\"Article\",\"@id\":\"https:\\\/\\\/sindromecharge.es\\\/index.php\\\/2024\\\/08\\\/12\\\/colin-farrell-habla-por-primera-vez-discapacidad-intelectual-su-hijo-presentacion-su-fundacion\\\/#article\",\"isPartOf\":{\"@id\":\"https:\\\/\\\/sindromecharge.es\\\/index.php\\\/2024\\\/08\\\/12\\\/colin-farrell-habla-por-primera-vez-discapacidad-intelectual-su-hijo-presentacion-su-fundacion\\\/\"},\"author\":{\"name\":\"Charge\",\"@id\":\"https:\\\/\\\/sindromecharge.es\\\/#\\\/schema\\\/person\\\/39a60ebe0a2b4d5a11179701e336b039\"},\"headline\":\"Colin Farrell habla por primera vez de la discapacidad intelectual de su hijo: \u00abQuiero que el mundo le respete\u00bb\",\"datePublished\":\"2024-08-12T09:43:18+00:00\",\"mainEntityOfPage\":{\"@id\":\"https:\\\/\\\/sindromecharge.es\\\/index.php\\\/2024\\\/08\\\/12\\\/colin-farrell-habla-por-primera-vez-discapacidad-intelectual-su-hijo-presentacion-su-fundacion\\\/\"},\"wordCount\":461,\"articleSection\":[\"noticias\"],\"inLanguage\":\"es\"},{\"@type\":\"WebPage\",\"@id\":\"https:\\\/\\\/sindromecharge.es\\\/index.php\\\/2024\\\/08\\\/12\\\/colin-farrell-habla-por-primera-vez-discapacidad-intelectual-su-hijo-presentacion-su-fundacion\\\/\",\"url\":\"https:\\\/\\\/sindromecharge.es\\\/index.php\\\/2024\\\/08\\\/12\\\/colin-farrell-habla-por-primera-vez-discapacidad-intelectual-su-hijo-presentacion-su-fundacion\\\/\",\"name\":\"Colin Farrell habla por primera vez de la discapacidad intelectual de su hijo: \\\"Quiero que el mundo le respete\\\" - Asociaci\u00f3n Espa\u00f1ola S\u00edndrome de Charge\",\"isPartOf\":{\"@id\":\"https:\\\/\\\/sindromecharge.es\\\/#website\"},\"datePublished\":\"2024-08-12T09:43:18+00:00\",\"author\":{\"@id\":\"https:\\\/\\\/sindromecharge.es\\\/#\\\/schema\\\/person\\\/39a60ebe0a2b4d5a11179701e336b039\"},\"breadcrumb\":{\"@id\":\"https:\\\/\\\/sindromecharge.es\\\/index.php\\\/2024\\\/08\\\/12\\\/colin-farrell-habla-por-primera-vez-discapacidad-intelectual-su-hijo-presentacion-su-fundacion\\\/#breadcrumb\"},\"inLanguage\":\"es\",\"potentialAction\":[{\"@type\":\"ReadAction\",\"target\":[\"https:\\\/\\\/sindromecharge.es\\\/index.php\\\/2024\\\/08\\\/12\\\/colin-farrell-habla-por-primera-vez-discapacidad-intelectual-su-hijo-presentacion-su-fundacion\\\/\"]}]},{\"@type\":\"BreadcrumbList\",\"@id\":\"https:\\\/\\\/sindromecharge.es\\\/index.php\\\/2024\\\/08\\\/12\\\/colin-farrell-habla-por-primera-vez-discapacidad-intelectual-su-hijo-presentacion-su-fundacion\\\/#breadcrumb\",\"itemListElement\":[{\"@type\":\"ListItem\",\"position\":1,\"name\":\"Portada\",\"item\":\"https:\\\/\\\/sindromecharge.es\\\/\"},{\"@type\":\"ListItem\",\"position\":2,\"name\":\"Colin Farrell habla por primera vez de la discapacidad intelectual de su hijo: &#8220;Quiero que el mundo le respete&#8221;\"}]},{\"@type\":\"WebSite\",\"@id\":\"https:\\\/\\\/sindromecharge.es\\\/#website\",\"url\":\"https:\\\/\\\/sindromecharge.es\\\/\",\"name\":\"Asociaci\u00f3n Espa\u00f1ola S\u00edndrome de Charge\",\"description\":\"\",\"potentialAction\":[{\"@type\":\"SearchAction\",\"target\":{\"@type\":\"EntryPoint\",\"urlTemplate\":\"https:\\\/\\\/sindromecharge.es\\\/?s={search_term_string}\"},\"query-input\":{\"@type\":\"PropertyValueSpecification\",\"valueRequired\":true,\"valueName\":\"search_term_string\"}}],\"inLanguage\":\"es\"},{\"@type\":\"Person\",\"@id\":\"https:\\\/\\\/sindromecharge.es\\\/#\\\/schema\\\/person\\\/39a60ebe0a2b4d5a11179701e336b039\",\"name\":\"Charge\",\"image\":{\"@type\":\"ImageObject\",\"inLanguage\":\"es\",\"@id\":\"https:\\\/\\\/secure.gravatar.com\\\/avatar\\\/c3b46e32a0fc3b093a0873fb767bf3293de856293065e84ef06b7ec7a8acfb98?s=96&d=identicon&r=x\",\"url\":\"https:\\\/\\\/secure.gravatar.com\\\/avatar\\\/c3b46e32a0fc3b093a0873fb767bf3293de856293065e84ef06b7ec7a8acfb98?s=96&d=identicon&r=x\",\"contentUrl\":\"https:\\\/\\\/secure.gravatar.com\\\/avatar\\\/c3b46e32a0fc3b093a0873fb767bf3293de856293065e84ef06b7ec7a8acfb98?s=96&d=identicon&r=x\",\"caption\":\"Charge\"},\"url\":\"https:\\\/\\\/sindromecharge.es\\\/index.php\\\/author\\\/admin\\\/\"}]}<\/script>\n<!-- \/ Yoast SEO plugin. -->","yoast_head_json":{"title":"Colin Farrell habla por primera vez de la discapacidad intelectual de su hijo: \"Quiero que el mundo le respete\" - Asociaci\u00f3n Espa\u00f1ola S\u00edndrome de Charge","robots":{"index":"index","follow":"follow","max-snippet":"max-snippet:-1","max-image-preview":"max-image-preview:large","max-video-preview":"max-video-preview:-1"},"canonical":"https:\/\/sindromecharge.es\/index.php\/2024\/08\/12\/colin-farrell-habla-por-primera-vez-discapacidad-intelectual-su-hijo-presentacion-su-fundacion\/","og_locale":"es_ES","og_type":"article","og_title":"Colin Farrell habla por primera vez de la discapacidad intelectual de su hijo: \"Quiero que el mundo le respete\" - Asociaci\u00f3n Espa\u00f1ola S\u00edndrome de Charge","og_description":"El actor ha lanzado una fundaci\u00f3n \u201cpara apoyar a las personas con discapacidad intelectual\u201d.","og_url":"https:\/\/sindromecharge.es\/index.php\/2024\/08\/12\/colin-farrell-habla-por-primera-vez-discapacidad-intelectual-su-hijo-presentacion-su-fundacion\/","og_site_name":"Asociaci\u00f3n Espa\u00f1ola S\u00edndrome de Charge","article_publisher":"https:\/\/www.facebook.com\/asociacionsindromecharge","article_published_time":"2024-08-12T09:43:18+00:00","og_image":[{"width":300,"height":98,"url":"https:\/\/sindromecharge.es\/wp-content\/uploads\/2013\/09\/logodecharge300x98.png","type":"image\/png"}],"author":"Charge","twitter_card":"summary_large_image","twitter_creator":"@sindromecharge","twitter_site":"@sindromecharge","twitter_misc":{"Escrito por":"Charge","Tiempo de lectura":"2 minutos"},"schema":{"@context":"https:\/\/schema.org","@graph":[{"@type":"Article","@id":"https:\/\/sindromecharge.es\/index.php\/2024\/08\/12\/colin-farrell-habla-por-primera-vez-discapacidad-intelectual-su-hijo-presentacion-su-fundacion\/#article","isPartOf":{"@id":"https:\/\/sindromecharge.es\/index.php\/2024\/08\/12\/colin-farrell-habla-por-primera-vez-discapacidad-intelectual-su-hijo-presentacion-su-fundacion\/"},"author":{"name":"Charge","@id":"https:\/\/sindromecharge.es\/#\/schema\/person\/39a60ebe0a2b4d5a11179701e336b039"},"headline":"Colin Farrell habla por primera vez de la discapacidad intelectual de su hijo: \u00abQuiero que el mundo le respete\u00bb","datePublished":"2024-08-12T09:43:18+00:00","mainEntityOfPage":{"@id":"https:\/\/sindromecharge.es\/index.php\/2024\/08\/12\/colin-farrell-habla-por-primera-vez-discapacidad-intelectual-su-hijo-presentacion-su-fundacion\/"},"wordCount":461,"articleSection":["noticias"],"inLanguage":"es"},{"@type":"WebPage","@id":"https:\/\/sindromecharge.es\/index.php\/2024\/08\/12\/colin-farrell-habla-por-primera-vez-discapacidad-intelectual-su-hijo-presentacion-su-fundacion\/","url":"https:\/\/sindromecharge.es\/index.php\/2024\/08\/12\/colin-farrell-habla-por-primera-vez-discapacidad-intelectual-su-hijo-presentacion-su-fundacion\/","name":"Colin Farrell habla por primera vez de la discapacidad intelectual de su hijo: \"Quiero que el mundo le respete\" - Asociaci\u00f3n Espa\u00f1ola S\u00edndrome de Charge","isPartOf":{"@id":"https:\/\/sindromecharge.es\/#website"},"datePublished":"2024-08-12T09:43:18+00:00","author":{"@id":"https:\/\/sindromecharge.es\/#\/schema\/person\/39a60ebe0a2b4d5a11179701e336b039"},"breadcrumb":{"@id":"https:\/\/sindromecharge.es\/index.php\/2024\/08\/12\/colin-farrell-habla-por-primera-vez-discapacidad-intelectual-su-hijo-presentacion-su-fundacion\/#breadcrumb"},"inLanguage":"es","potentialAction":[{"@type":"ReadAction","target":["https:\/\/sindromecharge.es\/index.php\/2024\/08\/12\/colin-farrell-habla-por-primera-vez-discapacidad-intelectual-su-hijo-presentacion-su-fundacion\/"]}]},{"@type":"BreadcrumbList","@id":"https:\/\/sindromecharge.es\/index.php\/2024\/08\/12\/colin-farrell-habla-por-primera-vez-discapacidad-intelectual-su-hijo-presentacion-su-fundacion\/#breadcrumb","itemListElement":[{"@type":"ListItem","position":1,"name":"Portada","item":"https:\/\/sindromecharge.es\/"},{"@type":"ListItem","position":2,"name":"Colin Farrell habla por primera vez de la discapacidad intelectual de su hijo: &#8220;Quiero que el mundo le respete&#8221;"}]},{"@type":"WebSite","@id":"https:\/\/sindromecharge.es\/#website","url":"https:\/\/sindromecharge.es\/","name":"Asociaci\u00f3n Espa\u00f1ola S\u00edndrome de Charge","description":"","potentialAction":[{"@type":"SearchAction","target":{"@type":"EntryPoint","urlTemplate":"https:\/\/sindromecharge.es\/?s={search_term_string}"},"query-input":{"@type":"PropertyValueSpecification","valueRequired":true,"valueName":"search_term_string"}}],"inLanguage":"es"},{"@type":"Person","@id":"https:\/\/sindromecharge.es\/#\/schema\/person\/39a60ebe0a2b4d5a11179701e336b039","name":"Charge","image":{"@type":"ImageObject","inLanguage":"es","@id":"https:\/\/secure.gravatar.com\/avatar\/c3b46e32a0fc3b093a0873fb767bf3293de856293065e84ef06b7ec7a8acfb98?s=96&d=identicon&r=x","url":"https:\/\/secure.gravatar.com\/avatar\/c3b46e32a0fc3b093a0873fb767bf3293de856293065e84ef06b7ec7a8acfb98?s=96&d=identicon&r=x","contentUrl":"https:\/\/secure.gravatar.com\/avatar\/c3b46e32a0fc3b093a0873fb767bf3293de856293065e84ef06b7ec7a8acfb98?s=96&d=identicon&r=x","caption":"Charge"},"url":"https:\/\/sindromecharge.es\/index.php\/author\/admin\/"}]}},"_links":{"self":[{"href":"https:\/\/sindromecharge.es\/index.php\/wp-json\/wp\/v2\/posts\/10235","targetHints":{"allow":["GET"]}}],"collection":[{"href":"https:\/\/sindromecharge.es\/index.php\/wp-json\/wp\/v2\/posts"}],"about":[{"href":"https:\/\/sindromecharge.es\/index.php\/wp-json\/wp\/v2\/types\/post"}],"author":[{"embeddable":true,"href":"https:\/\/sindromecharge.es\/index.php\/wp-json\/wp\/v2\/users\/1"}],"replies":[{"embeddable":true,"href":"https:\/\/sindromecharge.es\/index.php\/wp-json\/wp\/v2\/comments?post=10235"}],"version-history":[{"count":0,"href":"https:\/\/sindromecharge.es\/index.php\/wp-json\/wp\/v2\/posts\/10235\/revisions"}],"wp:attachment":[{"href":"https:\/\/sindromecharge.es\/index.php\/wp-json\/wp\/v2\/media?parent=10235"}],"wp:term":[{"taxonomy":"category","embeddable":true,"href":"https:\/\/sindromecharge.es\/index.php\/wp-json\/wp\/v2\/categories?post=10235"},{"taxonomy":"post_tag","embeddable":true,"href":"https:\/\/sindromecharge.es\/index.php\/wp-json\/wp\/v2\/tags?post=10235"}],"curies":[{"name":"wp","href":"https:\/\/api.w.org\/{rel}","templated":true}]}}