{"id":10234,"date":"2024-08-12T08:10:20","date_gmt":"2024-08-12T08:10:20","guid":{"rendered":"https:\/\/sindromecharge.es\/index.php\/2024\/08\/12\/menudos-corazones-renueva-su-sello-de-ong-de-confianza-2\/"},"modified":"2024-08-12T08:10:20","modified_gmt":"2024-08-12T08:10:20","slug":"menudos-corazones-renueva-su-sello-de-ong-de-confianza-2","status":"publish","type":"post","link":"https:\/\/sindromecharge.es\/index.php\/2024\/08\/12\/menudos-corazones-renueva-su-sello-de-ong-de-confianza-2\/","title":{"rendered":"Un a\u00f1o m\u00e1s, Menudos Corazones renueva su sello de ONG de confianza"},"content":{"rendered":"<p>Leemos en Menudos Corazones la siguiente noticia que os reproducimos de forma \u00edntegra: <\/p>\n<div>\n<p><img fetchpriority=\"high\" decoding=\"async\" class=\"aligncenter wp-image-39951 size-large\" title=\"Menudos Corazones ONG de confianza\" src=\"https:\/\/www.menudoscorazones.org\/wp-content\/uploads\/2024\/08\/Acreditacion_F.-Lealtad-Julio-2024-724x1024.png\" alt=\"\" width=\"702\" height=\"993\" srcset=\"https:\/\/www.menudoscorazones.org\/wp-content\/uploads\/2024\/08\/Acreditacion_F.-Lealtad-Julio-2024-724x1024.png 724w, https:\/\/www.menudoscorazones.org\/wp-content\/uploads\/2024\/08\/Acreditacion_F.-Lealtad-Julio-2024-212x300.png 212w, https:\/\/www.menudoscorazones.org\/wp-content\/uploads\/2024\/08\/Acreditacion_F.-Lealtad-Julio-2024-768x1086.png 768w, https:\/\/www.menudoscorazones.org\/wp-content\/uploads\/2024\/08\/Acreditacion_F.-Lealtad-Julio-2024-1086x1536.png 1086w, https:\/\/www.menudoscorazones.org\/wp-content\/uploads\/2024\/08\/Acreditacion_F.-Lealtad-Julio-2024-1448x2048.png 1448w, https:\/\/www.menudoscorazones.org\/wp-content\/uploads\/2024\/08\/Acreditacion_F.-Lealtad-Julio-2024-655x926.png 655w, https:\/\/www.menudoscorazones.org\/wp-content\/uploads\/2024\/08\/Acreditacion_F.-Lealtad-Julio-2024.png 1654w\" sizes=\"(max-width: 702px) 100vw, 702px\"><\/p>\n<p><strong>Menudos Corazones<\/strong> es una ONG de confianza. <strong>Cumple<\/strong>, una vez m\u00e1s, con los<a href=\"https:\/\/www.menudoscorazones.org\/wp-content\/uploads\/2024\/08\/Informe-auditoria-Fundacion-Lealtad-2024.pdf\">\u00a09 Principios de Transparencia y Buenas Pr\u00e1cticas de Gesti\u00f3n.\u00a0<\/a>As\u00ed lo avala el \u00faltimo informe emitido por la <a href=\"https:\/\/www.fundacionlealtad.org\/\">Fundaci\u00f3n Lealtad,<\/a> entidad independiente que analiza y eval\u00faa la \u00a0gesti\u00f3n, la gobernanza, el uso de los fondos, la situaci\u00f3n econ\u00f3mica, el voluntariado y la transparencia de las entidades no lucrativas.<\/p>\n<p>El sello Dona con Confianza, otorgado a Menudos Corazones tras la auditoria, <strong>certifica el<\/strong> <strong>compromiso de la Fundaci\u00f3n con el buen hacer y la rendici\u00f3n de cuentas y es garant\u00eda de fiabilidad y eficiencia en la gesti\u00f3n.<\/strong><\/p>\n<p>Menudos Corazones, con este sello, ratifica su <strong>credibilidad y confianza<\/strong> en la relaci\u00f3n con las familias, las socias y los socios, las empresas, las personas colaboradoras, los donantes, los hospitales, las administraciones, y la sociedad en su conjunto.\u00a0<a href=\"https:\/\/www.menudoscorazones.org\/quienes\/quienes-transparencia-y-buenas-practicas\/\">Aqu\u00ed<\/a> encontrar\u00e1s \u00a0la informaci\u00f3n que avala su <strong>integridad, eficacia y buen gobierno.<\/strong><\/p>\n<p><strong>\u00a1Gracias por confiar y creer en Menudos Corazones!<\/strong><\/p>\n<p><a href=\"https:\/\/www.menudoscorazones.org\/colabora\/haz-un-donativo\/\"><img loading=\"lazy\" decoding=\"async\" class=\"aligncenter wp-image-30200 size-medium\" src=\"https:\/\/www.menudoscorazones.org\/wp-content\/uploads\/2021\/10\/sello_dona_con_confianza_jpg-300x133.jpg\" alt=\"\" width=\"300\" height=\"133\" srcset=\"https:\/\/www.menudoscorazones.org\/wp-content\/uploads\/2021\/10\/sello_dona_con_confianza_jpg-300x133.jpg 300w, https:\/\/www.menudoscorazones.org\/wp-content\/uploads\/2021\/10\/sello_dona_con_confianza_jpg-655x291.jpg 655w, https:\/\/www.menudoscorazones.org\/wp-content\/uploads\/2021\/10\/sello_dona_con_confianza_jpg-768x342.jpg 768w, https:\/\/www.menudoscorazones.org\/wp-content\/uploads\/2021\/10\/sello_dona_con_confianza_jpg-600x267.jpg 600w, https:\/\/www.menudoscorazones.org\/wp-content\/uploads\/2021\/10\/sello_dona_con_confianza_jpg.jpg 1009w\" sizes=\"auto, (max-width: 300px) 100vw, 300px\"><\/a><\/p>\n<p>La entrada <a href=\"https:\/\/www.menudoscorazones.org\/2024\/menudos-corazones-renueva-su-sello-de-ong-de-confianza-2\/\">Un a\u00f1o m\u00e1s, Menudos Corazones renueva su sello de ONG de confianza<\/a> aparece primero en <a href=\"https:\/\/www.menudoscorazones.org\/\">Menudos Corazones<\/a>.<\/p>\n<\/div>\n<p>Fuente: Menudos Corazones https:\/\/www.menudoscorazones.org\/2024\/menudos-corazones-renueva-su-sello-de-ong-de-confianza-2\/<\/p>\n","protected":false},"excerpt":{"rendered":"<p>En la \u00faltima auditor\u00eda de la Fundaci\u00f3n Lealtad cumple, una vez m\u00e1s, con los\u00a09 Principios de Buenas Pr\u00e1cticas. \u00a0 La entrada Un a\u00f1o m\u00e1s, Menudos Corazones renueva su sello de ONG de confianza aparece primero en Menudos Corazones.<\/p>\n","protected":false},"author":1,"featured_media":0,"comment_status":"closed","ping_status":"closed","sticky":false,"template":"","format":"standard","meta":{"footnotes":""},"categories":[8],"tags":[],"class_list":["post-10234","post","type-post","status-publish","format-standard","hentry","category-noticias"],"yoast_head":"<!-- This site is optimized with the Yoast SEO plugin v27.4 - https:\/\/yoast.com\/product\/yoast-seo-wordpress\/ -->\n<title>Un a\u00f1o m\u00e1s, Menudos Corazones renueva su sello de ONG de confianza - Asociaci\u00f3n Espa\u00f1ola S\u00edndrome de Charge<\/title>\n<meta name=\"robots\" content=\"index, follow, max-snippet:-1, max-image-preview:large, max-video-preview:-1\" \/>\n<link rel=\"canonical\" href=\"https:\/\/sindromecharge.es\/index.php\/2024\/08\/12\/menudos-corazones-renueva-su-sello-de-ong-de-confianza-2\/\" \/>\n<meta property=\"og:locale\" content=\"es_ES\" \/>\n<meta property=\"og:type\" content=\"article\" \/>\n<meta property=\"og:title\" content=\"Un a\u00f1o m\u00e1s, Menudos Corazones renueva su sello de ONG de confianza - Asociaci\u00f3n Espa\u00f1ola S\u00edndrome de Charge\" \/>\n<meta property=\"og:description\" content=\"En la \u00faltima auditor\u00eda de la Fundaci\u00f3n Lealtad cumple, una vez m\u00e1s, con los\u00a09 Principios de Buenas Pr\u00e1cticas. \u00a0 La entrada Un a\u00f1o m\u00e1s, Menudos Corazones renueva su sello de ONG de confianza aparece primero en Menudos Corazones.\" \/>\n<meta property=\"og:url\" content=\"https:\/\/sindromecharge.es\/index.php\/2024\/08\/12\/menudos-corazones-renueva-su-sello-de-ong-de-confianza-2\/\" \/>\n<meta property=\"og:site_name\" content=\"Asociaci\u00f3n Espa\u00f1ola S\u00edndrome de Charge\" \/>\n<meta property=\"article:publisher\" content=\"https:\/\/www.facebook.com\/asociacionsindromecharge\" \/>\n<meta property=\"article:published_time\" content=\"2024-08-12T08:10:20+00:00\" \/>\n<meta property=\"og:image\" content=\"https:\/\/www.menudoscorazones.org\/wp-content\/uploads\/2024\/08\/Acreditacion_F.-Lealtad-Julio-2024-724x1024.png\" \/>\n<meta name=\"author\" content=\"Charge\" \/>\n<meta name=\"twitter:card\" content=\"summary_large_image\" \/>\n<meta name=\"twitter:creator\" content=\"@sindromecharge\" \/>\n<meta name=\"twitter:site\" content=\"@sindromecharge\" \/>\n<meta name=\"twitter:label1\" content=\"Escrito por\" \/>\n\t<meta name=\"twitter:data1\" content=\"Charge\" \/>\n\t<meta name=\"twitter:label2\" content=\"Tiempo de lectura\" \/>\n\t<meta name=\"twitter:data2\" content=\"1 minuto\" \/>\n<script type=\"application\/ld+json\" class=\"yoast-schema-graph\">{\"@context\":\"https:\\\/\\\/schema.org\",\"@graph\":[{\"@type\":\"Article\",\"@id\":\"https:\\\/\\\/sindromecharge.es\\\/index.php\\\/2024\\\/08\\\/12\\\/menudos-corazones-renueva-su-sello-de-ong-de-confianza-2\\\/#article\",\"isPartOf\":{\"@id\":\"https:\\\/\\\/sindromecharge.es\\\/index.php\\\/2024\\\/08\\\/12\\\/menudos-corazones-renueva-su-sello-de-ong-de-confianza-2\\\/\"},\"author\":{\"name\":\"Charge\",\"@id\":\"https:\\\/\\\/sindromecharge.es\\\/#\\\/schema\\\/person\\\/39a60ebe0a2b4d5a11179701e336b039\"},\"headline\":\"Un a\u00f1o m\u00e1s, Menudos Corazones renueva su sello de ONG de confianza\",\"datePublished\":\"2024-08-12T08:10:20+00:00\",\"mainEntityOfPage\":{\"@id\":\"https:\\\/\\\/sindromecharge.es\\\/index.php\\\/2024\\\/08\\\/12\\\/menudos-corazones-renueva-su-sello-de-ong-de-confianza-2\\\/\"},\"wordCount\":226,\"image\":{\"@id\":\"https:\\\/\\\/sindromecharge.es\\\/index.php\\\/2024\\\/08\\\/12\\\/menudos-corazones-renueva-su-sello-de-ong-de-confianza-2\\\/#primaryimage\"},\"thumbnailUrl\":\"https:\\\/\\\/www.menudoscorazones.org\\\/wp-content\\\/uploads\\\/2024\\\/08\\\/Acreditacion_F.-Lealtad-Julio-2024-724x1024.png\",\"articleSection\":[\"noticias\"],\"inLanguage\":\"es\"},{\"@type\":\"WebPage\",\"@id\":\"https:\\\/\\\/sindromecharge.es\\\/index.php\\\/2024\\\/08\\\/12\\\/menudos-corazones-renueva-su-sello-de-ong-de-confianza-2\\\/\",\"url\":\"https:\\\/\\\/sindromecharge.es\\\/index.php\\\/2024\\\/08\\\/12\\\/menudos-corazones-renueva-su-sello-de-ong-de-confianza-2\\\/\",\"name\":\"Un a\u00f1o m\u00e1s, Menudos Corazones renueva su sello de ONG de confianza - Asociaci\u00f3n Espa\u00f1ola S\u00edndrome de Charge\",\"isPartOf\":{\"@id\":\"https:\\\/\\\/sindromecharge.es\\\/#website\"},\"primaryImageOfPage\":{\"@id\":\"https:\\\/\\\/sindromecharge.es\\\/index.php\\\/2024\\\/08\\\/12\\\/menudos-corazones-renueva-su-sello-de-ong-de-confianza-2\\\/#primaryimage\"},\"image\":{\"@id\":\"https:\\\/\\\/sindromecharge.es\\\/index.php\\\/2024\\\/08\\\/12\\\/menudos-corazones-renueva-su-sello-de-ong-de-confianza-2\\\/#primaryimage\"},\"thumbnailUrl\":\"https:\\\/\\\/www.menudoscorazones.org\\\/wp-content\\\/uploads\\\/2024\\\/08\\\/Acreditacion_F.-Lealtad-Julio-2024-724x1024.png\",\"datePublished\":\"2024-08-12T08:10:20+00:00\",\"author\":{\"@id\":\"https:\\\/\\\/sindromecharge.es\\\/#\\\/schema\\\/person\\\/39a60ebe0a2b4d5a11179701e336b039\"},\"breadcrumb\":{\"@id\":\"https:\\\/\\\/sindromecharge.es\\\/index.php\\\/2024\\\/08\\\/12\\\/menudos-corazones-renueva-su-sello-de-ong-de-confianza-2\\\/#breadcrumb\"},\"inLanguage\":\"es\",\"potentialAction\":[{\"@type\":\"ReadAction\",\"target\":[\"https:\\\/\\\/sindromecharge.es\\\/index.php\\\/2024\\\/08\\\/12\\\/menudos-corazones-renueva-su-sello-de-ong-de-confianza-2\\\/\"]}]},{\"@type\":\"ImageObject\",\"inLanguage\":\"es\",\"@id\":\"https:\\\/\\\/sindromecharge.es\\\/index.php\\\/2024\\\/08\\\/12\\\/menudos-corazones-renueva-su-sello-de-ong-de-confianza-2\\\/#primaryimage\",\"url\":\"https:\\\/\\\/www.menudoscorazones.org\\\/wp-content\\\/uploads\\\/2024\\\/08\\\/Acreditacion_F.-Lealtad-Julio-2024-724x1024.png\",\"contentUrl\":\"https:\\\/\\\/www.menudoscorazones.org\\\/wp-content\\\/uploads\\\/2024\\\/08\\\/Acreditacion_F.-Lealtad-Julio-2024-724x1024.png\"},{\"@type\":\"BreadcrumbList\",\"@id\":\"https:\\\/\\\/sindromecharge.es\\\/index.php\\\/2024\\\/08\\\/12\\\/menudos-corazones-renueva-su-sello-de-ong-de-confianza-2\\\/#breadcrumb\",\"itemListElement\":[{\"@type\":\"ListItem\",\"position\":1,\"name\":\"Portada\",\"item\":\"https:\\\/\\\/sindromecharge.es\\\/\"},{\"@type\":\"ListItem\",\"position\":2,\"name\":\"Un a\u00f1o m\u00e1s, Menudos Corazones renueva su sello de ONG de confianza\"}]},{\"@type\":\"WebSite\",\"@id\":\"https:\\\/\\\/sindromecharge.es\\\/#website\",\"url\":\"https:\\\/\\\/sindromecharge.es\\\/\",\"name\":\"Asociaci\u00f3n Espa\u00f1ola S\u00edndrome de Charge\",\"description\":\"\",\"potentialAction\":[{\"@type\":\"SearchAction\",\"target\":{\"@type\":\"EntryPoint\",\"urlTemplate\":\"https:\\\/\\\/sindromecharge.es\\\/?s={search_term_string}\"},\"query-input\":{\"@type\":\"PropertyValueSpecification\",\"valueRequired\":true,\"valueName\":\"search_term_string\"}}],\"inLanguage\":\"es\"},{\"@type\":\"Person\",\"@id\":\"https:\\\/\\\/sindromecharge.es\\\/#\\\/schema\\\/person\\\/39a60ebe0a2b4d5a11179701e336b039\",\"name\":\"Charge\",\"image\":{\"@type\":\"ImageObject\",\"inLanguage\":\"es\",\"@id\":\"https:\\\/\\\/secure.gravatar.com\\\/avatar\\\/c3b46e32a0fc3b093a0873fb767bf3293de856293065e84ef06b7ec7a8acfb98?s=96&d=identicon&r=x\",\"url\":\"https:\\\/\\\/secure.gravatar.com\\\/avatar\\\/c3b46e32a0fc3b093a0873fb767bf3293de856293065e84ef06b7ec7a8acfb98?s=96&d=identicon&r=x\",\"contentUrl\":\"https:\\\/\\\/secure.gravatar.com\\\/avatar\\\/c3b46e32a0fc3b093a0873fb767bf3293de856293065e84ef06b7ec7a8acfb98?s=96&d=identicon&r=x\",\"caption\":\"Charge\"},\"url\":\"https:\\\/\\\/sindromecharge.es\\\/index.php\\\/author\\\/admin\\\/\"}]}<\/script>\n<!-- \/ Yoast SEO plugin. -->","yoast_head_json":{"title":"Un a\u00f1o m\u00e1s, Menudos Corazones renueva su sello de ONG de confianza - Asociaci\u00f3n Espa\u00f1ola S\u00edndrome de Charge","robots":{"index":"index","follow":"follow","max-snippet":"max-snippet:-1","max-image-preview":"max-image-preview:large","max-video-preview":"max-video-preview:-1"},"canonical":"https:\/\/sindromecharge.es\/index.php\/2024\/08\/12\/menudos-corazones-renueva-su-sello-de-ong-de-confianza-2\/","og_locale":"es_ES","og_type":"article","og_title":"Un a\u00f1o m\u00e1s, Menudos Corazones renueva su sello de ONG de confianza - Asociaci\u00f3n Espa\u00f1ola S\u00edndrome de Charge","og_description":"En la \u00faltima auditor\u00eda de la Fundaci\u00f3n Lealtad cumple, una vez m\u00e1s, con los\u00a09 Principios de Buenas Pr\u00e1cticas. \u00a0 La entrada Un a\u00f1o m\u00e1s, Menudos Corazones renueva su sello de ONG de confianza aparece primero en Menudos Corazones.","og_url":"https:\/\/sindromecharge.es\/index.php\/2024\/08\/12\/menudos-corazones-renueva-su-sello-de-ong-de-confianza-2\/","og_site_name":"Asociaci\u00f3n Espa\u00f1ola S\u00edndrome de Charge","article_publisher":"https:\/\/www.facebook.com\/asociacionsindromecharge","article_published_time":"2024-08-12T08:10:20+00:00","og_image":[{"url":"https:\/\/www.menudoscorazones.org\/wp-content\/uploads\/2024\/08\/Acreditacion_F.-Lealtad-Julio-2024-724x1024.png","type":"","width":"","height":""}],"author":"Charge","twitter_card":"summary_large_image","twitter_creator":"@sindromecharge","twitter_site":"@sindromecharge","twitter_misc":{"Escrito por":"Charge","Tiempo de lectura":"1 minuto"},"schema":{"@context":"https:\/\/schema.org","@graph":[{"@type":"Article","@id":"https:\/\/sindromecharge.es\/index.php\/2024\/08\/12\/menudos-corazones-renueva-su-sello-de-ong-de-confianza-2\/#article","isPartOf":{"@id":"https:\/\/sindromecharge.es\/index.php\/2024\/08\/12\/menudos-corazones-renueva-su-sello-de-ong-de-confianza-2\/"},"author":{"name":"Charge","@id":"https:\/\/sindromecharge.es\/#\/schema\/person\/39a60ebe0a2b4d5a11179701e336b039"},"headline":"Un a\u00f1o m\u00e1s, Menudos Corazones renueva su sello de ONG de confianza","datePublished":"2024-08-12T08:10:20+00:00","mainEntityOfPage":{"@id":"https:\/\/sindromecharge.es\/index.php\/2024\/08\/12\/menudos-corazones-renueva-su-sello-de-ong-de-confianza-2\/"},"wordCount":226,"image":{"@id":"https:\/\/sindromecharge.es\/index.php\/2024\/08\/12\/menudos-corazones-renueva-su-sello-de-ong-de-confianza-2\/#primaryimage"},"thumbnailUrl":"https:\/\/www.menudoscorazones.org\/wp-content\/uploads\/2024\/08\/Acreditacion_F.-Lealtad-Julio-2024-724x1024.png","articleSection":["noticias"],"inLanguage":"es"},{"@type":"WebPage","@id":"https:\/\/sindromecharge.es\/index.php\/2024\/08\/12\/menudos-corazones-renueva-su-sello-de-ong-de-confianza-2\/","url":"https:\/\/sindromecharge.es\/index.php\/2024\/08\/12\/menudos-corazones-renueva-su-sello-de-ong-de-confianza-2\/","name":"Un a\u00f1o m\u00e1s, Menudos Corazones renueva su sello de ONG de confianza - Asociaci\u00f3n Espa\u00f1ola S\u00edndrome de Charge","isPartOf":{"@id":"https:\/\/sindromecharge.es\/#website"},"primaryImageOfPage":{"@id":"https:\/\/sindromecharge.es\/index.php\/2024\/08\/12\/menudos-corazones-renueva-su-sello-de-ong-de-confianza-2\/#primaryimage"},"image":{"@id":"https:\/\/sindromecharge.es\/index.php\/2024\/08\/12\/menudos-corazones-renueva-su-sello-de-ong-de-confianza-2\/#primaryimage"},"thumbnailUrl":"https:\/\/www.menudoscorazones.org\/wp-content\/uploads\/2024\/08\/Acreditacion_F.-Lealtad-Julio-2024-724x1024.png","datePublished":"2024-08-12T08:10:20+00:00","author":{"@id":"https:\/\/sindromecharge.es\/#\/schema\/person\/39a60ebe0a2b4d5a11179701e336b039"},"breadcrumb":{"@id":"https:\/\/sindromecharge.es\/index.php\/2024\/08\/12\/menudos-corazones-renueva-su-sello-de-ong-de-confianza-2\/#breadcrumb"},"inLanguage":"es","potentialAction":[{"@type":"ReadAction","target":["https:\/\/sindromecharge.es\/index.php\/2024\/08\/12\/menudos-corazones-renueva-su-sello-de-ong-de-confianza-2\/"]}]},{"@type":"ImageObject","inLanguage":"es","@id":"https:\/\/sindromecharge.es\/index.php\/2024\/08\/12\/menudos-corazones-renueva-su-sello-de-ong-de-confianza-2\/#primaryimage","url":"https:\/\/www.menudoscorazones.org\/wp-content\/uploads\/2024\/08\/Acreditacion_F.-Lealtad-Julio-2024-724x1024.png","contentUrl":"https:\/\/www.menudoscorazones.org\/wp-content\/uploads\/2024\/08\/Acreditacion_F.-Lealtad-Julio-2024-724x1024.png"},{"@type":"BreadcrumbList","@id":"https:\/\/sindromecharge.es\/index.php\/2024\/08\/12\/menudos-corazones-renueva-su-sello-de-ong-de-confianza-2\/#breadcrumb","itemListElement":[{"@type":"ListItem","position":1,"name":"Portada","item":"https:\/\/sindromecharge.es\/"},{"@type":"ListItem","position":2,"name":"Un a\u00f1o m\u00e1s, Menudos Corazones renueva su sello de ONG de confianza"}]},{"@type":"WebSite","@id":"https:\/\/sindromecharge.es\/#website","url":"https:\/\/sindromecharge.es\/","name":"Asociaci\u00f3n Espa\u00f1ola S\u00edndrome de Charge","description":"","potentialAction":[{"@type":"SearchAction","target":{"@type":"EntryPoint","urlTemplate":"https:\/\/sindromecharge.es\/?s={search_term_string}"},"query-input":{"@type":"PropertyValueSpecification","valueRequired":true,"valueName":"search_term_string"}}],"inLanguage":"es"},{"@type":"Person","@id":"https:\/\/sindromecharge.es\/#\/schema\/person\/39a60ebe0a2b4d5a11179701e336b039","name":"Charge","image":{"@type":"ImageObject","inLanguage":"es","@id":"https:\/\/secure.gravatar.com\/avatar\/c3b46e32a0fc3b093a0873fb767bf3293de856293065e84ef06b7ec7a8acfb98?s=96&d=identicon&r=x","url":"https:\/\/secure.gravatar.com\/avatar\/c3b46e32a0fc3b093a0873fb767bf3293de856293065e84ef06b7ec7a8acfb98?s=96&d=identicon&r=x","contentUrl":"https:\/\/secure.gravatar.com\/avatar\/c3b46e32a0fc3b093a0873fb767bf3293de856293065e84ef06b7ec7a8acfb98?s=96&d=identicon&r=x","caption":"Charge"},"url":"https:\/\/sindromecharge.es\/index.php\/author\/admin\/"}]}},"_links":{"self":[{"href":"https:\/\/sindromecharge.es\/index.php\/wp-json\/wp\/v2\/posts\/10234","targetHints":{"allow":["GET"]}}],"collection":[{"href":"https:\/\/sindromecharge.es\/index.php\/wp-json\/wp\/v2\/posts"}],"about":[{"href":"https:\/\/sindromecharge.es\/index.php\/wp-json\/wp\/v2\/types\/post"}],"author":[{"embeddable":true,"href":"https:\/\/sindromecharge.es\/index.php\/wp-json\/wp\/v2\/users\/1"}],"replies":[{"embeddable":true,"href":"https:\/\/sindromecharge.es\/index.php\/wp-json\/wp\/v2\/comments?post=10234"}],"version-history":[{"count":0,"href":"https:\/\/sindromecharge.es\/index.php\/wp-json\/wp\/v2\/posts\/10234\/revisions"}],"wp:attachment":[{"href":"https:\/\/sindromecharge.es\/index.php\/wp-json\/wp\/v2\/media?parent=10234"}],"wp:term":[{"taxonomy":"category","embeddable":true,"href":"https:\/\/sindromecharge.es\/index.php\/wp-json\/wp\/v2\/categories?post=10234"},{"taxonomy":"post_tag","embeddable":true,"href":"https:\/\/sindromecharge.es\/index.php\/wp-json\/wp\/v2\/tags?post=10234"}],"curies":[{"name":"wp","href":"https:\/\/api.w.org\/{rel}","templated":true}]}}