{"id":10233,"date":"2024-08-11T06:15:11","date_gmt":"2024-08-11T06:15:11","guid":{"rendered":"https:\/\/sindromecharge.es\/index.php\/2024\/08\/11\/best-buddies-ocio-inclusivo-para-que-ninos-con-sin-discapacidad-jueguen-juntos-se-trata-tejer-redes\/"},"modified":"2024-08-11T06:15:11","modified_gmt":"2024-08-11T06:15:11","slug":"best-buddies-ocio-inclusivo-para-que-ninos-con-sin-discapacidad-jueguen-juntos-se-trata-tejer-redes","status":"publish","type":"post","link":"https:\/\/sindromecharge.es\/index.php\/2024\/08\/11\/best-buddies-ocio-inclusivo-para-que-ninos-con-sin-discapacidad-jueguen-juntos-se-trata-tejer-redes\/","title":{"rendered":"Best Buddies, ocio inclusivo para que ni\u00f1os con y sin discapacidad jueguen juntos: \u00abSe trata de tejer redes\u00bb"},"content":{"rendered":"<p>Leemos en Discapacidad la siguiente noticia que os reproducimos de forma \u00edntegra: <\/p>\n<div>\n<p>\u201cYo lo he vivido como madre. Ves que salen juntos del colegio y se van a casa de un compa\u00f1ero. <b>Piensas a mi hijo no le ha tocado hoy que lo inviten\u2026<\/b> Y pasan los d\u00edas y nunca le toca\u201d. M\u00f3nica Mir tiene un hijo de 8 a\u00f1os con <a href=\"https:\/\/www.20minutos.es\/minuteca\/discapacidad-intelectual\/\" title=\"Discapacidad intelectual\">discapacidad intelectual<\/a> y tambi\u00e9n es la directora de Best Buddies Espa\u00f1a.<\/p>\n<p>Best Buddies es una organizaci\u00f3n internacional que <b>fund\u00f3 Anthony Kennedy en 1989 inspirado por su t\u00eda Rosemary Kennedy<\/b> \u2013hermana de John F. Kennedy\u2013, que ten\u00eda discapacidad intelectual.<\/p>\n<p>Esta ONG trabaja por la <b><a href=\"https:\/\/www.20minutos.es\/minuteca\/inclusion\/\" title=\"Inclusi\u00f3n\">inclusi\u00f3n<\/a> de <a href=\"https:\/\/www.20minutos.es\/minuteca\/ninos\/\" title=\"Ni\u00f1os\">ni\u00f1os<\/a>, ni\u00f1as y <a href=\"https:\/\/www.20minutos.es\/minuteca\/adolescentes\/\" title=\"Adolescentes\">adolescentes<\/a> con discapacidad intelectual o del desarrollo.<\/b> De lo que se trata es de que se diviertan, jueguen y hagan vida social con otros ni\u00f1os con discapacidad intelectual o del desarrollo como ellos, pero tambi\u00e9n con ni\u00f1os que no tienen <a href=\"https:\/\/www.20minutos.es\/minuteca\/discapacidad\/\" title=\"Discapacidad\">discapacidad<\/a>. \u201cEl objetivo es que tejan redes, que traben amistad. La socializaci\u00f3n es la clave y luego tambi\u00e9n trabajamos la concienciaci\u00f3n social\u201d, cuenta M\u00f3nica.<\/p>\n<p>Actualmente Best Buddies se desarrolla en la zona noroeste de la Comunidad de Madrid, pero tienen deseos de crecer y llegar a m\u00e1s lugares. Antes de llegar a la ONG, M\u00f3nica trabajaba en <a href=\"https:\/\/www.20minutos.es\/minuteca\/li-marketing\/\" title=\"Marketing\">marketing<\/a> e innovaci\u00f3n en multinacionales. Hace tres a\u00f1os se sent\u00f3 con su marido y tom\u00f3 la decisi\u00f3n de cambiar de vida: \u201cDedicar mi tiempo, mi esfuerzo y el talento que pueda tener a esta causa. De lo que yo sab\u00eda hacer c\u00f3mo pod\u00eda contribuir. <b>Por eso adem\u00e1s hago formaci\u00f3n en empresas de marketing inclusivo e innovaci\u00f3n<\/b>, tambi\u00e9n desde el punto de vista inclusivo. Les asesoro porque al final existe un p\u00fablico objetivo de consumidores con discapacidad que muchas veces no se tiene en cuenta\u201d.<\/p>\n<p><b>La mayor preocupaci\u00f3n de M\u00f3nica y su marido era precisamente la socializaci\u00f3n de su hijo.<\/b> Se preguntaban si iba a tener amigos en el cole, si lo iban a discriminar, si sufrir\u00eda acoso escolar. \u201cCreemos que los temas de <a href=\"https:\/\/www.20minutos.es\/minuteca\/terapia\/\" title=\"Terapia\">terapia<\/a>, investigaci\u00f3n m\u00e9dica o empleabilidad est\u00e1n m\u00e1s avanzados que la socializaci\u00f3n, que puede parecer menor que lo anterior pero queda mucho por hacer y est\u00e1 demostrado que la amistad beneficia a la salud mental y tambi\u00e9n a la f\u00edsica; contribuye a la calidad de vida. As\u00ed que no es \u2018la Mar\u00eda\u2019 de la vida\u201d, defiende M\u00f3nica.<\/p>\n<p>Luna Benitez es terapeuta ocupacional y la responsable de ocio y familias de Best Buddies Espa\u00f1a. Defiende que la amistad y generar lazos influye mucho en el desarrollo, aunque reconoce que antes de llegar a esta ONG la socializaci\u00f3n la ten\u00eda apartada dentro de su campo laboral, como pasa mucho a nivel profesional. \u201cPor ejemplo, los ni\u00f1os tienen terapia<a href=\"https:\/\/www.20minutos.es\/minuteca\/terapia\/\" title=\"Terapia\"><\/a> de lunes a s\u00e1bado, llegan a los 12 a\u00f1os y no han tenido su ocio, un sitio seguro al que ir. <b>Profesionalmente tenemos esa \u00e1rea de lado<\/b>\u201d, dice Luna.<\/p>\n<p>En Best Buddies entienden el ocio inclusivo como aquel que est\u00e1 dise\u00f1ado para que quien tenga discapacidad pueda participar y quien no tambi\u00e9n. Aunque quiz\u00e1s la clave, ya que insisten varias veces en ello, est\u00e9 en que se trata de <b>actividades l\u00fadicas muy divertidas<\/b>. \u201cQuienes tienen discapacidad sienten que me has comprendido, que no me has juzgado y has pensado en lo que yo necesito para participar como los dem\u00e1s. Mientras que quienes no tienen discapacidad se llevan la exposici\u00f3n a la discapacidad, que es algo que enriquece siempre\u201d, defiende M\u00f3nica.<\/p>\n<p>Que jueguen todos y se diviertan. Tan sencillo, o no, como eso. <b>\u201cNo son actividades terap\u00e9uticas, se trata de pasarlo bien y generar lazos\u201d<\/b>, dice Luna. \u201cT\u00fa vienes a divertirte con tus compa\u00f1eros, compa\u00f1eros que tienen otra manera de hacer las cosas distinta a la tuya\u201d, a\u00f1ade M\u00f3nica.<\/p>\n<p>Las actividades son tem\u00e1ticas: el espacio, la selva, Halloween, carnaval, arte, dinosaurios, etc. Tanto M\u00f3nica como Luna defienden la felicidad que observan en los ni\u00f1os que participan en cada actividad y la respuesta que les dan las madres. \u201cNos dicen desde qu\u00e9 chute de energ\u00eda a <b>qu\u00e9 chute de autoestima<\/b>. Las hay que te dicen es incre\u00edble que mi hija est\u00e9 haciendo esto \u2013escalando en un parque vertical con una compa\u00f1era\u2013 porque jam\u00e1s lo hubi\u00e9ramos imaginado\u201d, dice Luna. \u201cHace poco una madre me dec\u00eda que su hija hab\u00eda estado contando en la cena a sus hermanos c\u00f3mo hab\u00eda ganado un trofeo, que luego se fue llevando a todas las partes de la casa por donde pasaba\u201d, a\u00f1ade M\u00f3nica.<\/p>\n<p>Hay actividades para <b>ni\u00f1os y ni\u00f1as de 3 a 9<\/b> a\u00f1os aproximadamente porque tienen en cuenta las caracter\u00edsticas de cada uno de ellos, y tambi\u00e9n para <b>adolescentes de entre 9 y 13<\/b>, tambi\u00e9n aproximadamente.<\/p>\n<p>Las actividades de los peque\u00f1os se hacen siempre en el mimo sitio: en el gimnasio de un colegio de Pozuelo. \u201cLos ni\u00f1os lo conocen y es completamente accesible\u201d, explica M\u00f3nica. Los mayores suelen variar en las actividades: desde bolos a escalada, pasando por un taller de tortitas en el Vips. Eso s\u00ed, los mayores hacen las <b>actividades sin padres y madres a la vista<\/b> \u201cpara que tengan esa independencia\u201d, dice M\u00f3nica. La ONG tambi\u00e9n est\u00e1 presente en dos colegios madrile\u00f1os, donde adem\u00e1s de hacer las actividades l\u00fadicas ofrecen formaci\u00f3n a profesores, padres y alumnos sobre diversidad e inclusi\u00f3n.<\/p>\n<p>\u201cSiempre hablamos de diversidad humana y de la discapacidad como una de esas diversidades. Siempre hablamos de la <b>discapacidad en positivo, no desde la pena, la compasi\u00f3n o la ayuda<\/b>\u201d, dice M\u00f3nica. Ella sabe como madre que cuando te pones a investigar sobre la realidad de tu hijo, todo lo que encuentras suele ser en negativo. \u201cSiempre encuentras lo que tu hijo no puede hacer y esa es una visi\u00f3n muy limitante\u201d, protesta M\u00f3nica. \u201cUrge un cambio de mentalidad, por eso tambi\u00e9n hacemos concienciaci\u00f3n social. Si vienes a nuestras actividades dejas de ver la discapacidad como una desgracia, una miseria, algo de lo que hay que huir. Probablemente no lo verbalizamos as\u00ed, pero lo vivimos as\u00ed\u201d.<\/p>\n<p>Las actividades cuentan con profesionales como Luna y tambi\u00e9n con voluntarios que dan apoyo a los ni\u00f1os que lo necesitan. \u201c\u00a1Necesitamos voluntarios!\u201d, dicen las dos al un\u00edsono. \u201cFundaci\u00f3n Once nos ayuda con los voluntarios, que para nosotras son como si fuesen oro\u201d, dice M\u00f3nica. Pero hay que dejar claro que <b>los menores sin discapacidad que asisten a las actividades no lo hacen como voluntarios<\/b>, lo hacen como iguales que van a divertirse.<\/p>\n<p>Luna tiene dos hijas con discapacidad que no se pierden las actividades de Best Buddies, tampoco la hija sin discapacidad de M\u00f3nica. Las tres se lo pasan muy bien y est\u00e1n deseando volver, pero la realidad es que a Best Buddies lo que m\u00e1s llaman son padres de ni\u00f1os con discapacidad. \u201c<b>Necesitamos que nos llamen padres de ni\u00f1os y ni\u00f1as sin discapacidad<\/b>. Son actividades divertidas y positivas para todos\u201d, concluye M\u00f3nica. <\/p>\n<\/div>\n<p>Fuente: Discapacidad https:\/\/www.20minutos.es\/noticia\/5527241\/0\/best-buddies-ocio-inclusivo-para-que-ninos-con-sin-discapacidad-jueguen-juntos-se-trata-tejer-redes\/<\/p>\n","protected":false},"excerpt":{"rendered":"<p>\u201cYo lo he vivido como madre. Ves que salen juntos del colegio y se van a casa de un compa\u00f1ero. Piensas a mi hijo no le ha tocado hoy que lo inviten\u2026 Y&#8230;<\/p>\n","protected":false},"author":1,"featured_media":0,"comment_status":"closed","ping_status":"closed","sticky":false,"template":"","format":"standard","meta":{"footnotes":""},"categories":[8],"tags":[],"class_list":["post-10233","post","type-post","status-publish","format-standard","hentry","category-noticias"],"yoast_head":"<!-- This site is optimized with the Yoast SEO plugin v27.4 - https:\/\/yoast.com\/product\/yoast-seo-wordpress\/ -->\n<title>Best Buddies, ocio inclusivo para que ni\u00f1os con y sin discapacidad jueguen juntos: &quot;Se trata de tejer redes&quot; - Asociaci\u00f3n Espa\u00f1ola S\u00edndrome de Charge<\/title>\n<meta name=\"robots\" content=\"index, follow, max-snippet:-1, max-image-preview:large, max-video-preview:-1\" \/>\n<link rel=\"canonical\" href=\"https:\/\/sindromecharge.es\/index.php\/2024\/08\/11\/best-buddies-ocio-inclusivo-para-que-ninos-con-sin-discapacidad-jueguen-juntos-se-trata-tejer-redes\/\" \/>\n<meta property=\"og:locale\" content=\"es_ES\" \/>\n<meta property=\"og:type\" content=\"article\" \/>\n<meta property=\"og:title\" content=\"Best Buddies, ocio inclusivo para que ni\u00f1os con y sin discapacidad jueguen juntos: &quot;Se trata de tejer redes&quot; - Asociaci\u00f3n Espa\u00f1ola S\u00edndrome de Charge\" \/>\n<meta property=\"og:description\" content=\"\u201cYo lo he vivido como madre. Ves que salen juntos del colegio y se van a casa de un compa\u00f1ero. Piensas a mi hijo no le ha tocado hoy que lo inviten\u2026 Y&#8230;\" \/>\n<meta property=\"og:url\" content=\"https:\/\/sindromecharge.es\/index.php\/2024\/08\/11\/best-buddies-ocio-inclusivo-para-que-ninos-con-sin-discapacidad-jueguen-juntos-se-trata-tejer-redes\/\" \/>\n<meta property=\"og:site_name\" content=\"Asociaci\u00f3n Espa\u00f1ola S\u00edndrome de Charge\" \/>\n<meta property=\"article:publisher\" content=\"https:\/\/www.facebook.com\/asociacionsindromecharge\" \/>\n<meta property=\"article:published_time\" content=\"2024-08-11T06:15:11+00:00\" \/>\n<meta property=\"og:image\" content=\"https:\/\/sindromecharge.es\/wp-content\/uploads\/2013\/09\/logodecharge300x98.png\" \/>\n\t<meta property=\"og:image:width\" content=\"300\" \/>\n\t<meta property=\"og:image:height\" content=\"98\" \/>\n\t<meta property=\"og:image:type\" content=\"image\/png\" \/>\n<meta name=\"author\" content=\"Charge\" \/>\n<meta name=\"twitter:card\" content=\"summary_large_image\" \/>\n<meta name=\"twitter:creator\" content=\"@sindromecharge\" \/>\n<meta name=\"twitter:site\" content=\"@sindromecharge\" \/>\n<meta name=\"twitter:label1\" content=\"Escrito por\" \/>\n\t<meta name=\"twitter:data1\" content=\"Charge\" \/>\n\t<meta name=\"twitter:label2\" content=\"Tiempo de lectura\" \/>\n\t<meta name=\"twitter:data2\" content=\"6 minutos\" \/>\n<script type=\"application\/ld+json\" class=\"yoast-schema-graph\">{\"@context\":\"https:\\\/\\\/schema.org\",\"@graph\":[{\"@type\":\"Article\",\"@id\":\"https:\\\/\\\/sindromecharge.es\\\/index.php\\\/2024\\\/08\\\/11\\\/best-buddies-ocio-inclusivo-para-que-ninos-con-sin-discapacidad-jueguen-juntos-se-trata-tejer-redes\\\/#article\",\"isPartOf\":{\"@id\":\"https:\\\/\\\/sindromecharge.es\\\/index.php\\\/2024\\\/08\\\/11\\\/best-buddies-ocio-inclusivo-para-que-ninos-con-sin-discapacidad-jueguen-juntos-se-trata-tejer-redes\\\/\"},\"author\":{\"name\":\"Charge\",\"@id\":\"https:\\\/\\\/sindromecharge.es\\\/#\\\/schema\\\/person\\\/39a60ebe0a2b4d5a11179701e336b039\"},\"headline\":\"Best Buddies, ocio inclusivo para que ni\u00f1os con y sin discapacidad jueguen juntos: \u00abSe trata de tejer redes\u00bb\",\"datePublished\":\"2024-08-11T06:15:11+00:00\",\"mainEntityOfPage\":{\"@id\":\"https:\\\/\\\/sindromecharge.es\\\/index.php\\\/2024\\\/08\\\/11\\\/best-buddies-ocio-inclusivo-para-que-ninos-con-sin-discapacidad-jueguen-juntos-se-trata-tejer-redes\\\/\"},\"wordCount\":1252,\"articleSection\":[\"noticias\"],\"inLanguage\":\"es\"},{\"@type\":\"WebPage\",\"@id\":\"https:\\\/\\\/sindromecharge.es\\\/index.php\\\/2024\\\/08\\\/11\\\/best-buddies-ocio-inclusivo-para-que-ninos-con-sin-discapacidad-jueguen-juntos-se-trata-tejer-redes\\\/\",\"url\":\"https:\\\/\\\/sindromecharge.es\\\/index.php\\\/2024\\\/08\\\/11\\\/best-buddies-ocio-inclusivo-para-que-ninos-con-sin-discapacidad-jueguen-juntos-se-trata-tejer-redes\\\/\",\"name\":\"Best Buddies, ocio inclusivo para que ni\u00f1os con y sin discapacidad jueguen juntos: \\\"Se trata de tejer redes\\\" - Asociaci\u00f3n Espa\u00f1ola S\u00edndrome de Charge\",\"isPartOf\":{\"@id\":\"https:\\\/\\\/sindromecharge.es\\\/#website\"},\"datePublished\":\"2024-08-11T06:15:11+00:00\",\"author\":{\"@id\":\"https:\\\/\\\/sindromecharge.es\\\/#\\\/schema\\\/person\\\/39a60ebe0a2b4d5a11179701e336b039\"},\"breadcrumb\":{\"@id\":\"https:\\\/\\\/sindromecharge.es\\\/index.php\\\/2024\\\/08\\\/11\\\/best-buddies-ocio-inclusivo-para-que-ninos-con-sin-discapacidad-jueguen-juntos-se-trata-tejer-redes\\\/#breadcrumb\"},\"inLanguage\":\"es\",\"potentialAction\":[{\"@type\":\"ReadAction\",\"target\":[\"https:\\\/\\\/sindromecharge.es\\\/index.php\\\/2024\\\/08\\\/11\\\/best-buddies-ocio-inclusivo-para-que-ninos-con-sin-discapacidad-jueguen-juntos-se-trata-tejer-redes\\\/\"]}]},{\"@type\":\"BreadcrumbList\",\"@id\":\"https:\\\/\\\/sindromecharge.es\\\/index.php\\\/2024\\\/08\\\/11\\\/best-buddies-ocio-inclusivo-para-que-ninos-con-sin-discapacidad-jueguen-juntos-se-trata-tejer-redes\\\/#breadcrumb\",\"itemListElement\":[{\"@type\":\"ListItem\",\"position\":1,\"name\":\"Portada\",\"item\":\"https:\\\/\\\/sindromecharge.es\\\/\"},{\"@type\":\"ListItem\",\"position\":2,\"name\":\"Best Buddies, ocio inclusivo para que ni\u00f1os con y sin discapacidad jueguen juntos: &#8220;Se trata de tejer redes&#8221;\"}]},{\"@type\":\"WebSite\",\"@id\":\"https:\\\/\\\/sindromecharge.es\\\/#website\",\"url\":\"https:\\\/\\\/sindromecharge.es\\\/\",\"name\":\"Asociaci\u00f3n Espa\u00f1ola S\u00edndrome de Charge\",\"description\":\"\",\"potentialAction\":[{\"@type\":\"SearchAction\",\"target\":{\"@type\":\"EntryPoint\",\"urlTemplate\":\"https:\\\/\\\/sindromecharge.es\\\/?s={search_term_string}\"},\"query-input\":{\"@type\":\"PropertyValueSpecification\",\"valueRequired\":true,\"valueName\":\"search_term_string\"}}],\"inLanguage\":\"es\"},{\"@type\":\"Person\",\"@id\":\"https:\\\/\\\/sindromecharge.es\\\/#\\\/schema\\\/person\\\/39a60ebe0a2b4d5a11179701e336b039\",\"name\":\"Charge\",\"image\":{\"@type\":\"ImageObject\",\"inLanguage\":\"es\",\"@id\":\"https:\\\/\\\/secure.gravatar.com\\\/avatar\\\/c3b46e32a0fc3b093a0873fb767bf3293de856293065e84ef06b7ec7a8acfb98?s=96&d=identicon&r=x\",\"url\":\"https:\\\/\\\/secure.gravatar.com\\\/avatar\\\/c3b46e32a0fc3b093a0873fb767bf3293de856293065e84ef06b7ec7a8acfb98?s=96&d=identicon&r=x\",\"contentUrl\":\"https:\\\/\\\/secure.gravatar.com\\\/avatar\\\/c3b46e32a0fc3b093a0873fb767bf3293de856293065e84ef06b7ec7a8acfb98?s=96&d=identicon&r=x\",\"caption\":\"Charge\"},\"url\":\"https:\\\/\\\/sindromecharge.es\\\/index.php\\\/author\\\/admin\\\/\"}]}<\/script>\n<!-- \/ Yoast SEO plugin. -->","yoast_head_json":{"title":"Best Buddies, ocio inclusivo para que ni\u00f1os con y sin discapacidad jueguen juntos: \"Se trata de tejer redes\" - Asociaci\u00f3n Espa\u00f1ola S\u00edndrome de Charge","robots":{"index":"index","follow":"follow","max-snippet":"max-snippet:-1","max-image-preview":"max-image-preview:large","max-video-preview":"max-video-preview:-1"},"canonical":"https:\/\/sindromecharge.es\/index.php\/2024\/08\/11\/best-buddies-ocio-inclusivo-para-que-ninos-con-sin-discapacidad-jueguen-juntos-se-trata-tejer-redes\/","og_locale":"es_ES","og_type":"article","og_title":"Best Buddies, ocio inclusivo para que ni\u00f1os con y sin discapacidad jueguen juntos: \"Se trata de tejer redes\" - Asociaci\u00f3n Espa\u00f1ola S\u00edndrome de Charge","og_description":"\u201cYo lo he vivido como madre. Ves que salen juntos del colegio y se van a casa de un compa\u00f1ero. Piensas a mi hijo no le ha tocado hoy que lo inviten\u2026 Y&#8230;","og_url":"https:\/\/sindromecharge.es\/index.php\/2024\/08\/11\/best-buddies-ocio-inclusivo-para-que-ninos-con-sin-discapacidad-jueguen-juntos-se-trata-tejer-redes\/","og_site_name":"Asociaci\u00f3n Espa\u00f1ola S\u00edndrome de Charge","article_publisher":"https:\/\/www.facebook.com\/asociacionsindromecharge","article_published_time":"2024-08-11T06:15:11+00:00","og_image":[{"width":300,"height":98,"url":"https:\/\/sindromecharge.es\/wp-content\/uploads\/2013\/09\/logodecharge300x98.png","type":"image\/png"}],"author":"Charge","twitter_card":"summary_large_image","twitter_creator":"@sindromecharge","twitter_site":"@sindromecharge","twitter_misc":{"Escrito por":"Charge","Tiempo de lectura":"6 minutos"},"schema":{"@context":"https:\/\/schema.org","@graph":[{"@type":"Article","@id":"https:\/\/sindromecharge.es\/index.php\/2024\/08\/11\/best-buddies-ocio-inclusivo-para-que-ninos-con-sin-discapacidad-jueguen-juntos-se-trata-tejer-redes\/#article","isPartOf":{"@id":"https:\/\/sindromecharge.es\/index.php\/2024\/08\/11\/best-buddies-ocio-inclusivo-para-que-ninos-con-sin-discapacidad-jueguen-juntos-se-trata-tejer-redes\/"},"author":{"name":"Charge","@id":"https:\/\/sindromecharge.es\/#\/schema\/person\/39a60ebe0a2b4d5a11179701e336b039"},"headline":"Best Buddies, ocio inclusivo para que ni\u00f1os con y sin discapacidad jueguen juntos: \u00abSe trata de tejer redes\u00bb","datePublished":"2024-08-11T06:15:11+00:00","mainEntityOfPage":{"@id":"https:\/\/sindromecharge.es\/index.php\/2024\/08\/11\/best-buddies-ocio-inclusivo-para-que-ninos-con-sin-discapacidad-jueguen-juntos-se-trata-tejer-redes\/"},"wordCount":1252,"articleSection":["noticias"],"inLanguage":"es"},{"@type":"WebPage","@id":"https:\/\/sindromecharge.es\/index.php\/2024\/08\/11\/best-buddies-ocio-inclusivo-para-que-ninos-con-sin-discapacidad-jueguen-juntos-se-trata-tejer-redes\/","url":"https:\/\/sindromecharge.es\/index.php\/2024\/08\/11\/best-buddies-ocio-inclusivo-para-que-ninos-con-sin-discapacidad-jueguen-juntos-se-trata-tejer-redes\/","name":"Best Buddies, ocio inclusivo para que ni\u00f1os con y sin discapacidad jueguen juntos: \"Se trata de tejer redes\" - Asociaci\u00f3n Espa\u00f1ola S\u00edndrome de Charge","isPartOf":{"@id":"https:\/\/sindromecharge.es\/#website"},"datePublished":"2024-08-11T06:15:11+00:00","author":{"@id":"https:\/\/sindromecharge.es\/#\/schema\/person\/39a60ebe0a2b4d5a11179701e336b039"},"breadcrumb":{"@id":"https:\/\/sindromecharge.es\/index.php\/2024\/08\/11\/best-buddies-ocio-inclusivo-para-que-ninos-con-sin-discapacidad-jueguen-juntos-se-trata-tejer-redes\/#breadcrumb"},"inLanguage":"es","potentialAction":[{"@type":"ReadAction","target":["https:\/\/sindromecharge.es\/index.php\/2024\/08\/11\/best-buddies-ocio-inclusivo-para-que-ninos-con-sin-discapacidad-jueguen-juntos-se-trata-tejer-redes\/"]}]},{"@type":"BreadcrumbList","@id":"https:\/\/sindromecharge.es\/index.php\/2024\/08\/11\/best-buddies-ocio-inclusivo-para-que-ninos-con-sin-discapacidad-jueguen-juntos-se-trata-tejer-redes\/#breadcrumb","itemListElement":[{"@type":"ListItem","position":1,"name":"Portada","item":"https:\/\/sindromecharge.es\/"},{"@type":"ListItem","position":2,"name":"Best Buddies, ocio inclusivo para que ni\u00f1os con y sin discapacidad jueguen juntos: &#8220;Se trata de tejer redes&#8221;"}]},{"@type":"WebSite","@id":"https:\/\/sindromecharge.es\/#website","url":"https:\/\/sindromecharge.es\/","name":"Asociaci\u00f3n Espa\u00f1ola S\u00edndrome de Charge","description":"","potentialAction":[{"@type":"SearchAction","target":{"@type":"EntryPoint","urlTemplate":"https:\/\/sindromecharge.es\/?s={search_term_string}"},"query-input":{"@type":"PropertyValueSpecification","valueRequired":true,"valueName":"search_term_string"}}],"inLanguage":"es"},{"@type":"Person","@id":"https:\/\/sindromecharge.es\/#\/schema\/person\/39a60ebe0a2b4d5a11179701e336b039","name":"Charge","image":{"@type":"ImageObject","inLanguage":"es","@id":"https:\/\/secure.gravatar.com\/avatar\/c3b46e32a0fc3b093a0873fb767bf3293de856293065e84ef06b7ec7a8acfb98?s=96&d=identicon&r=x","url":"https:\/\/secure.gravatar.com\/avatar\/c3b46e32a0fc3b093a0873fb767bf3293de856293065e84ef06b7ec7a8acfb98?s=96&d=identicon&r=x","contentUrl":"https:\/\/secure.gravatar.com\/avatar\/c3b46e32a0fc3b093a0873fb767bf3293de856293065e84ef06b7ec7a8acfb98?s=96&d=identicon&r=x","caption":"Charge"},"url":"https:\/\/sindromecharge.es\/index.php\/author\/admin\/"}]}},"_links":{"self":[{"href":"https:\/\/sindromecharge.es\/index.php\/wp-json\/wp\/v2\/posts\/10233","targetHints":{"allow":["GET"]}}],"collection":[{"href":"https:\/\/sindromecharge.es\/index.php\/wp-json\/wp\/v2\/posts"}],"about":[{"href":"https:\/\/sindromecharge.es\/index.php\/wp-json\/wp\/v2\/types\/post"}],"author":[{"embeddable":true,"href":"https:\/\/sindromecharge.es\/index.php\/wp-json\/wp\/v2\/users\/1"}],"replies":[{"embeddable":true,"href":"https:\/\/sindromecharge.es\/index.php\/wp-json\/wp\/v2\/comments?post=10233"}],"version-history":[{"count":0,"href":"https:\/\/sindromecharge.es\/index.php\/wp-json\/wp\/v2\/posts\/10233\/revisions"}],"wp:attachment":[{"href":"https:\/\/sindromecharge.es\/index.php\/wp-json\/wp\/v2\/media?parent=10233"}],"wp:term":[{"taxonomy":"category","embeddable":true,"href":"https:\/\/sindromecharge.es\/index.php\/wp-json\/wp\/v2\/categories?post=10233"},{"taxonomy":"post_tag","embeddable":true,"href":"https:\/\/sindromecharge.es\/index.php\/wp-json\/wp\/v2\/tags?post=10233"}],"curies":[{"name":"wp","href":"https:\/\/api.w.org\/{rel}","templated":true}]}}