{"id":10232,"date":"2024-08-09T05:28:12","date_gmt":"2024-08-09T05:28:12","guid":{"rendered":"https:\/\/sindromecharge.es\/index.php\/2024\/08\/09\/que-tener-cuenta-ir-playa-piscina-con-personas-con-discapacidad-intelectual-es-mejor-que-vayan-acompanados\/"},"modified":"2024-08-09T05:28:12","modified_gmt":"2024-08-09T05:28:12","slug":"que-tener-cuenta-ir-playa-piscina-con-personas-con-discapacidad-intelectual-es-mejor-que-vayan-acompanados","status":"publish","type":"post","link":"https:\/\/sindromecharge.es\/index.php\/2024\/08\/09\/que-tener-cuenta-ir-playa-piscina-con-personas-con-discapacidad-intelectual-es-mejor-que-vayan-acompanados\/","title":{"rendered":"Qu\u00e9 tener en cuenta al ir a la playa o la piscina con personas con discapacidad intelectual"},"content":{"rendered":"<p>Leemos en Discapacidad la siguiente noticia que os reproducimos de forma \u00edntegra: <\/p>\n<div>\n<p>Las <b>personas con <a href=\"https:\/\/www.20minutos.es\/minuteca\/discapacidad\/\" title=\"Discapacidad\" target=\"_blank\" rel=\"noopener\">discapacidad<\/a><\/b>, incluidas las personas con <a href=\"https:\/\/www.20minutos.es\/minuteca\/discapacidad-intelectual\/\" title=\"Discapacidad intelectual\" target=\"_blank\" rel=\"noopener\">discapacidad intelectual<\/a>, son m\u00e1s vulnerables a los potenciales peligros que pueden producirse en piscina y playas, especialmente al ahogamiento. La falta de destreza a la hora de nadar o las dificultades que pueden tener algunas de ellas para interpretar el peligro con algunas de las causas, pero tambi\u00e9n la falta de accesibilidad, que a\u00fan nos encontramos en todo tipo de espacios, \u00abla <a href=\"https:\/\/www.20minutos.es\/minuteca\/accesibilidad\/\" title=\"Accesibilidad\" target=\"_blank\" rel=\"noopener\">accesibilidad<\/a> en general sigue siendo una gran asignatura pendiente en piscinas, sobre las que solo se usan en verano. Faltan sillas adaptadas, elevadores hidr\u00e1ulicos, y eso impide que muchas personas puedan hacer uso de las piscinas\u00bb, explica<b> Chema Hern\u00e1ndez, responsable de deportes en Plena Inclusi\u00f3n Murcia<\/b>.<\/p>\n<p>Pero si hay una <b>accesibilidad <\/b>que, no es que escasee en estos espacios, sino que es inexistente, es la <b>cognitiva<\/b>, indispensable para muchas personas con discapacidad intelectual, especialmente si tienen autismo, \u00abes otra batalla que estamos teniendo, no solo en playas y piscinas, sino en todas partes\u00bb. <\/p>\n<p>Ahora, como asegura Chema Hern\u00e1ndez, \u00abno<b> hay accesibilidad cognitiva<\/b> en ning\u00fan sitio. Si hubiera una mayor accesibilidad cognitiva en estos espacios, como carteles en lectura f\u00e1cil, pictogramas, etc. se les facilitar\u00eda mucho la estancia y el acceso a estos sitios y les proporcionar\u00eda mayor autonom\u00eda y seguridad. Porque muchas veces son personas que no tienen ning\u00fan tipo de discapacidad f\u00edsica\u201d.<\/p>\n<h2>Acompa\u00f1arlos y llevarlos a nataci\u00f3n<\/h2>\n<p>Las <b>precauciones a tomar<\/b> cuando vamos a la playa o a la piscina con personas con discapacidad intelectual depende de muchos factores, como la edad, su destreza a la hora de nadar, su grado de afectaci\u00f3n\u2026 pero, a grandes rasgos, Chema Hern\u00e1ndez s\u00ed aconseja <b>que vayan acompa\u00f1ados<\/b>, algo que ocurre siempre que estas personas acuden a estas actividades de la mano de una asociaci\u00f3n.<\/p>\n<p>Antes de acudir al espacio en cuesti\u00f3n, tambi\u00e9n recomienda que nos <b>aseguremos antes de c\u00f3mo son las instalaciones<\/b> y de llevar con nosotros, tanto el recinto dispone de \u00e9l o no, del material que preveamos que vayan a necesitar, \u00abno suelen necesitar mucho m\u00e1s material m\u00e1s all\u00e1 de un churro, un flotador, un chaleco hinchable\u2026 pero es recomendable llevarlo, sobre todo en las playas\u00bb, a\u00f1ade.<\/p>\n<p>Por supuesto, tambi\u00e9n deberemos asegurarnos de que, all\u00e1 donde vayamos, sea <b>un espacio vigilado por socorristas<\/b>, que no son obligatorios en algunos espacios y en algunas comunidades aut\u00f3nomas, \u00abmuchas personas con discapacidad que est\u00e1n inici\u00e1ndose en la nataci\u00f3n tiene <b>una menor apreciaci\u00f3n del peligro<\/b>, y luego tenemos el otro extremo, las que nos cuesta mucho romper la barrera del miedo y no conseguimos que disfruten del agua, que se quiten los manguitos, que se suelten del bordillo\u00bb, explica, \u00aben cualquiera de los casos, toda precauci\u00f3n es poca\u00bb. <\/p>\n<h1>No suelen necesitar mucho m\u00e1s material m\u00e1s all\u00e1 de un churro, un flotador, un chaleco hinchable\u2026 pero es recomendable llevarlo siempre, sobre todo en las playas<\/h1>\n<p>En caso de que se trate de personas con problemas de comprensi\u00f3n, ser\u00e1 muy beneficioso<b> haberles adelantado mediante pictogramas u otro SAAC<\/b> la actividad y que se va a hacer en ella.<\/p>\n<p>Una vez en estos espacios, en funci\u00f3n del nivel de autonom\u00eda de las personas, <b>podremos ofrecerles un apoyo u otro<\/b>. En todo caso, es recomendable asegurarnos que acceder por el lugar adecuado y que toman todas las precauciones, \u00abes cierto que hay algunos que no las necesitan, que son j\u00f3venes, saben nadar, son m\u00e1s aut\u00f3nomos\u2026 pero no siempre es as\u00ed, por eso siempre recomendamos<b> observar c\u00f3mo son los accesos y ayudarles si es necesario<\/b>, porque en las piscinas est\u00e1ndar lo habitual es que los accesos sean a trav\u00e9s de escaleras laterales, por las que es bastante complicado acceder incluso para las personas que no tienen ning\u00fan tipo de discapacidad\u00bb. <\/p>\n<p>De hecho, si hay un <b>acceso alternativo<\/b>, Chema recomienda que se use, \u00absi existe la opci\u00f3n, es mejor acceder por escaleras que te meten en la piscina que las escaleras laterales. Adem\u00e1s, siempre se deber\u00e1 evitar que se tiren directamente al agua\u00bb. <\/p>\n<p>Una vez dentro del agua, Hern\u00e1ndez, para disfrutar del agua, recomienda \u00ab<b>evitar zonas concurridas<\/b>, por seguridad y porque se suelen agobiar\u2026 sobre todo las personas con <a href=\"https:\/\/www.20minutos.es\/minuteca\/autismo\/\" title=\"Autismo\" target=\"_blank\" rel=\"noopener\">autismo<\/a>\u00ab.<\/p>\n<p>Adem\u00e1s, como cualquier persona, deberemos asegurarnos de que lleven crema solar y una gorra para<b> protegerse del sol<\/b>.<\/p>\n<p>Puede parecer obvio, pero aparte de acompa\u00f1arlos y tomar todas las <b>precauciones posibles para tener un ba\u00f1o seguro<\/b>, la mejor manera de prevenir sustos con personas con discapacidad intelectual es <b>que sepan nadar<\/b>. Ahora, como explica Chema Hern\u00e1ndez, cada vez hay m\u00e1s formaci\u00f3n y m\u00e1s monitores de nataci\u00f3n que saben c\u00f3mo ense\u00f1ar a nadar a personas con discapacidad intelectual o autismo, pero es algo muy reciente, \u00ab<b>no se les ten\u00eda en cuenta, y eso los pone en peligro<\/b>. Ahora, por un lado, se les ense\u00f1a m\u00e1s a nadar, como hacemos nosotros en la asociaciones, y por otro, en los cursos de formaci\u00f3n de los monitores se da m\u00e1s formaci\u00f3n en este aspecto, para que sepan c\u00f3mo ense\u00f1arles, pero ha sido en los \u00faltimos a\u00f1os, as\u00ed que empezaremos ver resultados en unos a\u00f1os\u00bb. <\/p>\n<h1>Hasta hace poco, no se les ten\u00eda en cuenta en los cursos de nataci\u00f3n, y eso los pon\u00eda en peligro<\/h1>\n<h2>Una gu\u00eda para que protejan y se protejan<\/h2>\n<p>Al igual que ocurre con el tema de la nataci\u00f3n, <b>la formaci\u00f3n es clave<\/b> para proteger las personas con discapacidad, para ense\u00f1arles a protegerse a ellos mismos y a los dem\u00e1s.<\/p>\n<p>Con esta idea, desde Plena Inclusi\u00f3n Murcia acaban de hacer p\u00fablica la <a href=\"https:\/\/plenainclusionmurcia.org\/cms\/wp-content\/uploads\/2024\/02\/guia-primeros-auxilios-web.pdf\" target=\"_blank\" rel=\"noopener\">Gu\u00eda &#8216;Primeros auxilios para todas las personas&#8217;<\/a>. \u00abEsta gu\u00eda por parte de una serie de gu\u00edas relacionadas con la salud y el bienestar que hacemos en Murcia, y surgi\u00f3 de la necesidad de<b> explicar algunas cosas b\u00e1sicas de primeros auxilios<\/b> a las personas con discapacidad intelectual, para que sepan <b>qu\u00e9 hacer si se encuentran con determinadas situaciones como atragantamientos, a alguien inconsciente, etc<\/b>.\u00bb, asegura Jos\u00e9 Fern\u00e1ndez, uno de los responsables de la gu\u00eda.<\/p>\n<p>La gu\u00eda, escrita en <a href=\"https:\/\/www.20minutos.es\/minuteca\/lectura-facil\/\" title=\"Lectura f\u00e1cil\" target=\"_blank\" rel=\"noopener\">lectura f\u00e1cil<\/a> y acompa\u00f1ada de ilustraciones y v\u00eddeos breves a los que se accede a trav\u00e9s de un <b>c\u00f3digo QR<\/b>, es \u00fatil para las personas con discapacidad intelectual, que es el colectivo al que ellos se dirigen, pero tambi\u00e9n a personas mayores o que tengan problemas de comprensi\u00f3n del idioma, y su objetivo \u00faltimo, adem\u00e1s de <b>fomentar su salud y su seguridad es la de la<a href=\"https:\/\/www.20minutos.es\/minuteca\/inclusion\/\" title=\"Inclusi\u00f3n\" target=\"_blank\" rel=\"noopener\"> inclusi\u00f3n<\/a><\/b>, \u00abes una manera m\u00e1s de que participen en la sociedad. Ellos la han recibido muy bien, y han participado desde el primer momento, sobre todo como validadores de la gu\u00eda, labro por la que han recibido una remuneraci\u00f3n, as\u00ed que es tambi\u00e9n v\u00eda de inserci\u00f3n laboral\u00bb, cuenta Jos\u00e9 Fern\u00e1ndez.<\/p>\n<p>La gu\u00eda est\u00e1 pensada para que ser compartida porque, como aseguran desde Plena Inclusi\u00f3n Murcia, \u00abes importante que todas las personas tengan nociones de<b> primeros auxilios<\/b>, porque les puede ir a la vida en ello\u00bb. <\/p>\n<\/div>\n<p>Fuente: Discapacidad https:\/\/www.20minutos.es\/noticia\/5530694\/0\/que-tener-cuenta-ir-playa-piscina-con-personas-con-discapacidad-intelectual-es-mejor-que-vayan-acompanados\/<\/p>\n","protected":false},"excerpt":{"rendered":"<p>Que vayan siempre acompa\u00f1ados o comprobar que cuentan con el material necesario har\u00e1 que su ba\u00f1o sea mucho m\u00e1s seguro.<\/p>\n","protected":false},"author":1,"featured_media":0,"comment_status":"closed","ping_status":"closed","sticky":false,"template":"","format":"standard","meta":{"footnotes":""},"categories":[8],"tags":[],"class_list":["post-10232","post","type-post","status-publish","format-standard","hentry","category-noticias"],"yoast_head":"<!-- This site is optimized with the Yoast SEO plugin v27.4 - https:\/\/yoast.com\/product\/yoast-seo-wordpress\/ -->\n<title>Qu\u00e9 tener en cuenta al ir a la playa o la piscina con personas con discapacidad intelectual - Asociaci\u00f3n Espa\u00f1ola S\u00edndrome de Charge<\/title>\n<meta name=\"robots\" content=\"index, follow, max-snippet:-1, max-image-preview:large, max-video-preview:-1\" \/>\n<link rel=\"canonical\" href=\"https:\/\/sindromecharge.es\/index.php\/2024\/08\/09\/que-tener-cuenta-ir-playa-piscina-con-personas-con-discapacidad-intelectual-es-mejor-que-vayan-acompanados\/\" \/>\n<meta property=\"og:locale\" content=\"es_ES\" \/>\n<meta property=\"og:type\" content=\"article\" \/>\n<meta property=\"og:title\" content=\"Qu\u00e9 tener en cuenta al ir a la playa o la piscina con personas con discapacidad intelectual - Asociaci\u00f3n Espa\u00f1ola S\u00edndrome de Charge\" \/>\n<meta property=\"og:description\" content=\"Que vayan siempre acompa\u00f1ados o comprobar que cuentan con el material necesario har\u00e1 que su ba\u00f1o sea mucho m\u00e1s seguro.\" \/>\n<meta property=\"og:url\" content=\"https:\/\/sindromecharge.es\/index.php\/2024\/08\/09\/que-tener-cuenta-ir-playa-piscina-con-personas-con-discapacidad-intelectual-es-mejor-que-vayan-acompanados\/\" \/>\n<meta property=\"og:site_name\" content=\"Asociaci\u00f3n Espa\u00f1ola S\u00edndrome de Charge\" \/>\n<meta property=\"article:publisher\" content=\"https:\/\/www.facebook.com\/asociacionsindromecharge\" \/>\n<meta property=\"article:published_time\" content=\"2024-08-09T05:28:12+00:00\" \/>\n<meta property=\"og:image\" content=\"https:\/\/sindromecharge.es\/wp-content\/uploads\/2013\/09\/logodecharge300x98.png\" \/>\n\t<meta property=\"og:image:width\" content=\"300\" \/>\n\t<meta property=\"og:image:height\" content=\"98\" \/>\n\t<meta property=\"og:image:type\" content=\"image\/png\" \/>\n<meta name=\"author\" content=\"Charge\" \/>\n<meta name=\"twitter:card\" content=\"summary_large_image\" \/>\n<meta name=\"twitter:creator\" content=\"@sindromecharge\" \/>\n<meta name=\"twitter:site\" content=\"@sindromecharge\" \/>\n<meta name=\"twitter:label1\" content=\"Escrito por\" \/>\n\t<meta name=\"twitter:data1\" content=\"Charge\" \/>\n\t<meta name=\"twitter:label2\" content=\"Tiempo de lectura\" \/>\n\t<meta name=\"twitter:data2\" content=\"6 minutos\" \/>\n<script type=\"application\/ld+json\" class=\"yoast-schema-graph\">{\"@context\":\"https:\\\/\\\/schema.org\",\"@graph\":[{\"@type\":\"Article\",\"@id\":\"https:\\\/\\\/sindromecharge.es\\\/index.php\\\/2024\\\/08\\\/09\\\/que-tener-cuenta-ir-playa-piscina-con-personas-con-discapacidad-intelectual-es-mejor-que-vayan-acompanados\\\/#article\",\"isPartOf\":{\"@id\":\"https:\\\/\\\/sindromecharge.es\\\/index.php\\\/2024\\\/08\\\/09\\\/que-tener-cuenta-ir-playa-piscina-con-personas-con-discapacidad-intelectual-es-mejor-que-vayan-acompanados\\\/\"},\"author\":{\"name\":\"Charge\",\"@id\":\"https:\\\/\\\/sindromecharge.es\\\/#\\\/schema\\\/person\\\/39a60ebe0a2b4d5a11179701e336b039\"},\"headline\":\"Qu\u00e9 tener en cuenta al ir a la playa o la piscina con personas con discapacidad intelectual\",\"datePublished\":\"2024-08-09T05:28:12+00:00\",\"mainEntityOfPage\":{\"@id\":\"https:\\\/\\\/sindromecharge.es\\\/index.php\\\/2024\\\/08\\\/09\\\/que-tener-cuenta-ir-playa-piscina-con-personas-con-discapacidad-intelectual-es-mejor-que-vayan-acompanados\\\/\"},\"wordCount\":1269,\"articleSection\":[\"noticias\"],\"inLanguage\":\"es\"},{\"@type\":\"WebPage\",\"@id\":\"https:\\\/\\\/sindromecharge.es\\\/index.php\\\/2024\\\/08\\\/09\\\/que-tener-cuenta-ir-playa-piscina-con-personas-con-discapacidad-intelectual-es-mejor-que-vayan-acompanados\\\/\",\"url\":\"https:\\\/\\\/sindromecharge.es\\\/index.php\\\/2024\\\/08\\\/09\\\/que-tener-cuenta-ir-playa-piscina-con-personas-con-discapacidad-intelectual-es-mejor-que-vayan-acompanados\\\/\",\"name\":\"Qu\u00e9 tener en cuenta al ir a la playa o la piscina con personas con discapacidad intelectual - Asociaci\u00f3n Espa\u00f1ola S\u00edndrome de Charge\",\"isPartOf\":{\"@id\":\"https:\\\/\\\/sindromecharge.es\\\/#website\"},\"datePublished\":\"2024-08-09T05:28:12+00:00\",\"author\":{\"@id\":\"https:\\\/\\\/sindromecharge.es\\\/#\\\/schema\\\/person\\\/39a60ebe0a2b4d5a11179701e336b039\"},\"breadcrumb\":{\"@id\":\"https:\\\/\\\/sindromecharge.es\\\/index.php\\\/2024\\\/08\\\/09\\\/que-tener-cuenta-ir-playa-piscina-con-personas-con-discapacidad-intelectual-es-mejor-que-vayan-acompanados\\\/#breadcrumb\"},\"inLanguage\":\"es\",\"potentialAction\":[{\"@type\":\"ReadAction\",\"target\":[\"https:\\\/\\\/sindromecharge.es\\\/index.php\\\/2024\\\/08\\\/09\\\/que-tener-cuenta-ir-playa-piscina-con-personas-con-discapacidad-intelectual-es-mejor-que-vayan-acompanados\\\/\"]}]},{\"@type\":\"BreadcrumbList\",\"@id\":\"https:\\\/\\\/sindromecharge.es\\\/index.php\\\/2024\\\/08\\\/09\\\/que-tener-cuenta-ir-playa-piscina-con-personas-con-discapacidad-intelectual-es-mejor-que-vayan-acompanados\\\/#breadcrumb\",\"itemListElement\":[{\"@type\":\"ListItem\",\"position\":1,\"name\":\"Portada\",\"item\":\"https:\\\/\\\/sindromecharge.es\\\/\"},{\"@type\":\"ListItem\",\"position\":2,\"name\":\"Qu\u00e9 tener en cuenta al ir a la playa o la piscina con personas con discapacidad intelectual\"}]},{\"@type\":\"WebSite\",\"@id\":\"https:\\\/\\\/sindromecharge.es\\\/#website\",\"url\":\"https:\\\/\\\/sindromecharge.es\\\/\",\"name\":\"Asociaci\u00f3n Espa\u00f1ola S\u00edndrome de Charge\",\"description\":\"\",\"potentialAction\":[{\"@type\":\"SearchAction\",\"target\":{\"@type\":\"EntryPoint\",\"urlTemplate\":\"https:\\\/\\\/sindromecharge.es\\\/?s={search_term_string}\"},\"query-input\":{\"@type\":\"PropertyValueSpecification\",\"valueRequired\":true,\"valueName\":\"search_term_string\"}}],\"inLanguage\":\"es\"},{\"@type\":\"Person\",\"@id\":\"https:\\\/\\\/sindromecharge.es\\\/#\\\/schema\\\/person\\\/39a60ebe0a2b4d5a11179701e336b039\",\"name\":\"Charge\",\"image\":{\"@type\":\"ImageObject\",\"inLanguage\":\"es\",\"@id\":\"https:\\\/\\\/secure.gravatar.com\\\/avatar\\\/c3b46e32a0fc3b093a0873fb767bf3293de856293065e84ef06b7ec7a8acfb98?s=96&d=identicon&r=x\",\"url\":\"https:\\\/\\\/secure.gravatar.com\\\/avatar\\\/c3b46e32a0fc3b093a0873fb767bf3293de856293065e84ef06b7ec7a8acfb98?s=96&d=identicon&r=x\",\"contentUrl\":\"https:\\\/\\\/secure.gravatar.com\\\/avatar\\\/c3b46e32a0fc3b093a0873fb767bf3293de856293065e84ef06b7ec7a8acfb98?s=96&d=identicon&r=x\",\"caption\":\"Charge\"},\"url\":\"https:\\\/\\\/sindromecharge.es\\\/index.php\\\/author\\\/admin\\\/\"}]}<\/script>\n<!-- \/ Yoast SEO plugin. -->","yoast_head_json":{"title":"Qu\u00e9 tener en cuenta al ir a la playa o la piscina con personas con discapacidad intelectual - Asociaci\u00f3n Espa\u00f1ola S\u00edndrome de Charge","robots":{"index":"index","follow":"follow","max-snippet":"max-snippet:-1","max-image-preview":"max-image-preview:large","max-video-preview":"max-video-preview:-1"},"canonical":"https:\/\/sindromecharge.es\/index.php\/2024\/08\/09\/que-tener-cuenta-ir-playa-piscina-con-personas-con-discapacidad-intelectual-es-mejor-que-vayan-acompanados\/","og_locale":"es_ES","og_type":"article","og_title":"Qu\u00e9 tener en cuenta al ir a la playa o la piscina con personas con discapacidad intelectual - Asociaci\u00f3n Espa\u00f1ola S\u00edndrome de Charge","og_description":"Que vayan siempre acompa\u00f1ados o comprobar que cuentan con el material necesario har\u00e1 que su ba\u00f1o sea mucho m\u00e1s seguro.","og_url":"https:\/\/sindromecharge.es\/index.php\/2024\/08\/09\/que-tener-cuenta-ir-playa-piscina-con-personas-con-discapacidad-intelectual-es-mejor-que-vayan-acompanados\/","og_site_name":"Asociaci\u00f3n Espa\u00f1ola S\u00edndrome de Charge","article_publisher":"https:\/\/www.facebook.com\/asociacionsindromecharge","article_published_time":"2024-08-09T05:28:12+00:00","og_image":[{"width":300,"height":98,"url":"https:\/\/sindromecharge.es\/wp-content\/uploads\/2013\/09\/logodecharge300x98.png","type":"image\/png"}],"author":"Charge","twitter_card":"summary_large_image","twitter_creator":"@sindromecharge","twitter_site":"@sindromecharge","twitter_misc":{"Escrito por":"Charge","Tiempo de lectura":"6 minutos"},"schema":{"@context":"https:\/\/schema.org","@graph":[{"@type":"Article","@id":"https:\/\/sindromecharge.es\/index.php\/2024\/08\/09\/que-tener-cuenta-ir-playa-piscina-con-personas-con-discapacidad-intelectual-es-mejor-que-vayan-acompanados\/#article","isPartOf":{"@id":"https:\/\/sindromecharge.es\/index.php\/2024\/08\/09\/que-tener-cuenta-ir-playa-piscina-con-personas-con-discapacidad-intelectual-es-mejor-que-vayan-acompanados\/"},"author":{"name":"Charge","@id":"https:\/\/sindromecharge.es\/#\/schema\/person\/39a60ebe0a2b4d5a11179701e336b039"},"headline":"Qu\u00e9 tener en cuenta al ir a la playa o la piscina con personas con discapacidad intelectual","datePublished":"2024-08-09T05:28:12+00:00","mainEntityOfPage":{"@id":"https:\/\/sindromecharge.es\/index.php\/2024\/08\/09\/que-tener-cuenta-ir-playa-piscina-con-personas-con-discapacidad-intelectual-es-mejor-que-vayan-acompanados\/"},"wordCount":1269,"articleSection":["noticias"],"inLanguage":"es"},{"@type":"WebPage","@id":"https:\/\/sindromecharge.es\/index.php\/2024\/08\/09\/que-tener-cuenta-ir-playa-piscina-con-personas-con-discapacidad-intelectual-es-mejor-que-vayan-acompanados\/","url":"https:\/\/sindromecharge.es\/index.php\/2024\/08\/09\/que-tener-cuenta-ir-playa-piscina-con-personas-con-discapacidad-intelectual-es-mejor-que-vayan-acompanados\/","name":"Qu\u00e9 tener en cuenta al ir a la playa o la piscina con personas con discapacidad intelectual - Asociaci\u00f3n Espa\u00f1ola S\u00edndrome de Charge","isPartOf":{"@id":"https:\/\/sindromecharge.es\/#website"},"datePublished":"2024-08-09T05:28:12+00:00","author":{"@id":"https:\/\/sindromecharge.es\/#\/schema\/person\/39a60ebe0a2b4d5a11179701e336b039"},"breadcrumb":{"@id":"https:\/\/sindromecharge.es\/index.php\/2024\/08\/09\/que-tener-cuenta-ir-playa-piscina-con-personas-con-discapacidad-intelectual-es-mejor-que-vayan-acompanados\/#breadcrumb"},"inLanguage":"es","potentialAction":[{"@type":"ReadAction","target":["https:\/\/sindromecharge.es\/index.php\/2024\/08\/09\/que-tener-cuenta-ir-playa-piscina-con-personas-con-discapacidad-intelectual-es-mejor-que-vayan-acompanados\/"]}]},{"@type":"BreadcrumbList","@id":"https:\/\/sindromecharge.es\/index.php\/2024\/08\/09\/que-tener-cuenta-ir-playa-piscina-con-personas-con-discapacidad-intelectual-es-mejor-que-vayan-acompanados\/#breadcrumb","itemListElement":[{"@type":"ListItem","position":1,"name":"Portada","item":"https:\/\/sindromecharge.es\/"},{"@type":"ListItem","position":2,"name":"Qu\u00e9 tener en cuenta al ir a la playa o la piscina con personas con discapacidad intelectual"}]},{"@type":"WebSite","@id":"https:\/\/sindromecharge.es\/#website","url":"https:\/\/sindromecharge.es\/","name":"Asociaci\u00f3n Espa\u00f1ola S\u00edndrome de Charge","description":"","potentialAction":[{"@type":"SearchAction","target":{"@type":"EntryPoint","urlTemplate":"https:\/\/sindromecharge.es\/?s={search_term_string}"},"query-input":{"@type":"PropertyValueSpecification","valueRequired":true,"valueName":"search_term_string"}}],"inLanguage":"es"},{"@type":"Person","@id":"https:\/\/sindromecharge.es\/#\/schema\/person\/39a60ebe0a2b4d5a11179701e336b039","name":"Charge","image":{"@type":"ImageObject","inLanguage":"es","@id":"https:\/\/secure.gravatar.com\/avatar\/c3b46e32a0fc3b093a0873fb767bf3293de856293065e84ef06b7ec7a8acfb98?s=96&d=identicon&r=x","url":"https:\/\/secure.gravatar.com\/avatar\/c3b46e32a0fc3b093a0873fb767bf3293de856293065e84ef06b7ec7a8acfb98?s=96&d=identicon&r=x","contentUrl":"https:\/\/secure.gravatar.com\/avatar\/c3b46e32a0fc3b093a0873fb767bf3293de856293065e84ef06b7ec7a8acfb98?s=96&d=identicon&r=x","caption":"Charge"},"url":"https:\/\/sindromecharge.es\/index.php\/author\/admin\/"}]}},"_links":{"self":[{"href":"https:\/\/sindromecharge.es\/index.php\/wp-json\/wp\/v2\/posts\/10232","targetHints":{"allow":["GET"]}}],"collection":[{"href":"https:\/\/sindromecharge.es\/index.php\/wp-json\/wp\/v2\/posts"}],"about":[{"href":"https:\/\/sindromecharge.es\/index.php\/wp-json\/wp\/v2\/types\/post"}],"author":[{"embeddable":true,"href":"https:\/\/sindromecharge.es\/index.php\/wp-json\/wp\/v2\/users\/1"}],"replies":[{"embeddable":true,"href":"https:\/\/sindromecharge.es\/index.php\/wp-json\/wp\/v2\/comments?post=10232"}],"version-history":[{"count":0,"href":"https:\/\/sindromecharge.es\/index.php\/wp-json\/wp\/v2\/posts\/10232\/revisions"}],"wp:attachment":[{"href":"https:\/\/sindromecharge.es\/index.php\/wp-json\/wp\/v2\/media?parent=10232"}],"wp:term":[{"taxonomy":"category","embeddable":true,"href":"https:\/\/sindromecharge.es\/index.php\/wp-json\/wp\/v2\/categories?post=10232"},{"taxonomy":"post_tag","embeddable":true,"href":"https:\/\/sindromecharge.es\/index.php\/wp-json\/wp\/v2\/tags?post=10232"}],"curies":[{"name":"wp","href":"https:\/\/api.w.org\/{rel}","templated":true}]}}