{"id":10228,"date":"2024-08-07T05:12:08","date_gmt":"2024-08-07T05:12:08","guid":{"rendered":"https:\/\/sindromecharge.es\/index.php\/2024\/08\/07\/personas-con-discapacidad-intelectual-ejercen-recomendadores-musicales-con-plena-inclusion-madrid-repetiria-seguro\/"},"modified":"2024-08-07T05:12:08","modified_gmt":"2024-08-07T05:12:08","slug":"personas-con-discapacidad-intelectual-ejercen-recomendadores-musicales-con-plena-inclusion-madrid-repetiria-seguro","status":"publish","type":"post","link":"https:\/\/sindromecharge.es\/index.php\/2024\/08\/07\/personas-con-discapacidad-intelectual-ejercen-recomendadores-musicales-con-plena-inclusion-madrid-repetiria-seguro\/","title":{"rendered":"Personas con discapacidad intelectual ejercen de &#8216;recomendadores&#8217; musicales: \u00abHay mucho que mejorar en accesibilidad\u00bb"},"content":{"rendered":"<p>Leemos en Discapacidad la siguiente noticia que os reproducimos de forma \u00edntegra: <\/p>\n<div>\n<p>Personas con <a href=\"https:\/\/www.20minutos.es\/minuteca\/discapacidad-intelectual\/\" title=\"Discapacidad intelectual\">discapacidad intelectual<\/a> o del desarrollo se convierten este verano en &#8216;<b>recomendadores&#8217; musicales de la mano de Plena Inclusi\u00f3n Madrid<\/b>, que les brinda la posibilidad de acudir a conciertos y ejercer posteriormente tanto de cr\u00edticos musicales como de evaluadores de la accesibilidad que ofrecen estos eventos.<\/p>\n<p><b>Miguel y Thais son dos de estos recomendadores<\/b>, quienes el pasado 23 de julio acudieron para desempe\u00f1ar esta labor al ReggaeMad 2024, celebrado en Autocine Madrid. \u00abRepetir\u00eda seguro\u00bb, se\u00f1ala Thais sobre su experiencia, aunque coincide con Miguel en las mejoras pendientes sobre <a href=\"https:\/\/www.20minutos.es\/minuteca\/accesibilidad\/\" title=\"Accesibilidad\">accesibilidad<\/a>, sobre todo cognitiva, a muchos de estos eventos.<b> \u00abNi de broma podr\u00eda ir yo solo\u00bb<\/b>, sentencia.<\/p>\n<p>Ambos participan en los<b> talleres culturales que ofrece la Fundaci\u00f3n Juan XXIII<\/b>, entidad dedicada desde hace m\u00e1s de 55 a\u00f1os a apostar por la inclusi\u00f3n socio laboral de las personas en riesgo de vulnerabilidad psicosocial, especialmente personas con discapacidad intelectual y de la que se benefician de forma directa m\u00e1s de 3.000 personas.<\/p>\n<p>Thais y Miguel se\u00f1alan lo positivo de la experiencia y <b>la utilidad que estas rese\u00f1as pueden tener para otras personas <\/b>con discapacidad intelectual o del desarrollo a la hora de asistir a un concierto.<\/p>\n<p>De hecho Miguel -que admite que su referente como cr\u00edtico musical es el m\u00edtico locutor y periodista Joaqu\u00edn Luqui (1948-2005)- explica que<b> tiene \u00abun listado\u00bb de eventos a los que asistir <\/b>en el futuro. \u00abS\u00ed que repetir\u00eda\u00bb, afirma.<\/p>\n<p>Por su parte, Thais, que se enter\u00f3 por Miguel de la posibilidad de participar en esta iniciativa, defiende esta \u00aboportunidad\u00bb y<b> subraya lo mucho que le gusta ir a conciertos<\/b>, a menudo en compa\u00f1\u00eda de su familia. Ella se declara fan de la m\u00fasica pop en espa\u00f1ol, especialmente de artistas como Mal\u00fa, David Bisbal, Estopa o Pignoise.<\/p>\n<h2>Las asignaturas pendientes<\/h2>\n<p>Sin embargo, ambos apuntan a <b>las asignaturas pendientes en materia de accesibilidad.<\/b> As\u00ed, Miguel, que atiende a Europa Press en compa\u00f1\u00eda de Julia, su persona de apoyo de la Fundaci\u00f3n Juan XXIII, subraya los problemas que muchas personas con discapacidad intelectual tienen para poder llegar hasta los lugares donde se celebran los conciertos, y si bien dentro de los recintos la accesibilidad mejora, <b>destaca otras cuestiones de tipo cognitivo <\/b>como la se\u00f1alizaci\u00f3n dentro del recinto o dificultades para adquirir alimentos en los establecimientos acondicionados. \u00abFue lo m\u00e1s complicado\u00bb, reconoce, al tiempo que destaca las actividades complementarias a los conciertos y que fue algo de lo que m\u00e1s le gust\u00f3, reconoce.<\/p>\n<p>Una de las cosas en las que coinciden tanto Miguel como Julia es la toma de conciencia en este tipo de eventos por parte de sus promotores con<b> el estado de los ba\u00f1os p\u00fablicos<\/b>, pues para muchas de estas personas \u00abes fundamental\u00bb para que puedan hacer uso de ellos.<\/p>\n<p>Tambi\u00e9n Thais coincide con su compa\u00f1ero en la necesidad de mejorar aspectos como <b>la se\u00f1alizaci\u00f3n, los accesos o la formaci\u00f3n del personal<\/b> que trabaja en los festivales. La propia Thais, reconoce,<b> tuvo una mala experiencia al regresar<\/b>, cuando fruto de la mala iluminaci\u00f3n y la irregularidad del terreno que era necesario atravesar para llegar hasta el espacio tropez\u00f3 y sufri\u00f3 una ca\u00edda. \u00abHay mucho que mejorar en <a href=\"https:\/\/www.20minutos.es\/minuteca\/accesibilidad\/\" title=\"Accesibilidad\">accesibilidad<\/a> en los conciertos\u00bb, asevera.<\/p>\n<p><b>El proyecto &#8216;Recomendadores musicales&#8217;<\/b> de Plena Inclusi\u00f3n Madrid persigue, apuntan sus responsables, a reivindicar el acceso a la cultura de las personas con discapacidad intelectual y del desarrollo a trav\u00e9s de la experiencia cultural.<\/p>\n<p>Tambi\u00e9n pone el foco en<b> \u00abel derecho a la participaci\u00f3n cultural\u00bb<\/b>, habitando el espacio cultural como espectadoras de la cultura, y desarrollar una participaci\u00f3n cultural \u00abactiva y cr\u00edtica\u00bb a trav\u00e9s de la redacci\u00f3n de cr\u00edticas y recomendaciones musicales.<\/p>\n<p>As\u00ed, <b>entre los meses de julio y noviembre de 2024 <\/b>se llevar\u00e1n a cabo diferentes salidas culturales a salas de concierto, auditorios o teatros de la Comunidad de Madrid para disfrutar de la experiencia de la m\u00fasica en vivo.<\/p>\n<p>Posteriormente, los participantes, como ya han hecho Thais y Miguel, deber\u00e1n completar una ficha en la que valorar del uno al cinco el ambiente del concierto, la accesibilidad del espacio, la coordinaci\u00f3n o el apoyo recibido durante el mismo, pero tambi\u00e9n la actuaci\u00f3n del artista, de las instalaciones o la satisfacci\u00f3n general.<\/p>\n<p>CR\u00cdTICA MUSICAL<\/p>\n<p>Lo mejor y lo peor del evento son otras de las evaluaciones que deben recoger estos &#8216;recomendadores&#8217;, quienes adem\u00e1s redactan una cr\u00edtica musical de la actuaci\u00f3n, incluidos los \u00abmomentos destacados\u00bb del espect\u00e1culo.<\/p>\n<p>Tambi\u00e9n para los artistas esta iniciativa supone una oportunidad para compartir experiencias con otro p\u00fablico, como recuerda la cantante y compositora Sof\u00eda Comas, quien este s\u00e1bado actu\u00f3 en la sala Esc\u00e1ndalo del Hotel Canopy de la capital en un concierto ac\u00fastico en el que tambi\u00e9n hubo entre el p\u00fablico &#8216;recomendadores&#8217; de Plena Inclusi\u00f3n Madrid.<\/p>\n<p>En declaraciones a Europa Press, esta artista cuya m\u00fasica desborda la etiqueta &#8216;indie&#8217;, confiesa la \u00abilusi\u00f3n\u00bb que le causa participar en esta iniciativa \u00abfant\u00e1stica\u00bb que ayuda a \u00abvisibilizar\u00bb la presencia de personas con discapacidad intelectual en los conciertos y demostrando que \u00abson espacios para ellos\u00bb, lo que puede \u00abanimar a otras personas\u00bb a acudir tambi\u00e9n.<\/p>\n<p>Cofundadora de la banda madrile\u00f1a Tucan y directora musical de la compa\u00f1\u00eda de danza Zuk en varios espect\u00e1culos, en 2020 lanz\u00f3 su primer disco en solitario en 2020, &#8216;El verano ser\u00e1 eterno&#8217; (Industrias Bala). Comas ofrece un recital en ac\u00fastico al que asisten estos &#8216;recomendadores&#8217; despu\u00e9s de que se lo propusiera un conocido del mundo musical que formaba parte de la iniciativa.<\/p>\n<p>\u00abEs acercarse a la m\u00fasica de otra manera, conocer al artista, que tu voz tenga un espacio. Recordarnos que el p\u00fablico es un participante. Tengo una discapacidad intelectual, \u00bfy qu\u00e9?\u00bb, remarca la artista, quien defiende la importancia de avanzar con iniciativas como \u00e9sta en la \u00absensibilizaci\u00f3n\u00bb de toda la poblaci\u00f3n, incluso el mundo de la m\u00fasica.<\/p>\n<p>As\u00ed, defiende que la cultura es \u00abun lugar de reuni\u00f3n y de compartir sentires\u00bb, por lo que reivindica la idoneidad de la m\u00fasica para proyectos as\u00ed, que ponen el foco en la accesibilidad de los lugares, al hilo de lo cual llama a apostar por espacios, como el escogido por ella para su concierto del s\u00e1bado, que permitan ese acceso m\u00e1s sencillo a todos los p\u00fablicos y que favorezcan otra forma de escuchar la m\u00fasica, lejos de formatos actuales, advierte, que \u00abinvitan a la fiesta, a hacerse la foto y a beber\u00bb, lo cual respeta pero puntualiza que \u00abla m\u00fasica no es solo eso\u00bb.<\/p>\n<p>Por todo ello, se muestra encantada con su participaci\u00f3n en esta iniciativa de Plena Inclusi\u00f3n Madrid que acaba de nacer que permiten \u00abcompartir el amor por la m\u00fasica\u00bb. \u00abSin iniciativas as\u00ed, hasta que no se vuelve algo cercano, no eres consciente\u00bb, sentencia.<\/p>\n<\/div>\n<p>Fuente: Discapacidad https:\/\/www.20minutos.es\/noticia\/5549515\/0\/personas-con-discapacidad-intelectual-ejercen-recomendadores-musicales-con-plena-inclusion-madrid-repetiria-seguro\/<\/p>\n","protected":false},"excerpt":{"rendered":"<p>Personas con discapacidad intelectual o del desarrollo se convierten este verano en &#8216;recomendadores&#8217; musicales de la mano de Plena Inclusi\u00f3n Madrid, que les&#8230;<\/p>\n","protected":false},"author":1,"featured_media":0,"comment_status":"closed","ping_status":"closed","sticky":false,"template":"","format":"standard","meta":{"footnotes":""},"categories":[8],"tags":[],"class_list":["post-10228","post","type-post","status-publish","format-standard","hentry","category-noticias"],"yoast_head":"<!-- This site is optimized with the Yoast SEO plugin v27.5 - https:\/\/yoast.com\/product\/yoast-seo-wordpress\/ -->\n<title>Personas con discapacidad intelectual ejercen de &#039;recomendadores&#039; musicales: &quot;Hay mucho que mejorar en accesibilidad&quot; - Asociaci\u00f3n Espa\u00f1ola S\u00edndrome de Charge<\/title>\n<meta name=\"robots\" content=\"index, follow, max-snippet:-1, max-image-preview:large, max-video-preview:-1\" \/>\n<link rel=\"canonical\" href=\"https:\/\/sindromecharge.es\/index.php\/2024\/08\/07\/personas-con-discapacidad-intelectual-ejercen-recomendadores-musicales-con-plena-inclusion-madrid-repetiria-seguro\/\" \/>\n<meta property=\"og:locale\" content=\"es_ES\" \/>\n<meta property=\"og:type\" content=\"article\" \/>\n<meta property=\"og:title\" content=\"Personas con discapacidad intelectual ejercen de &#039;recomendadores&#039; musicales: &quot;Hay mucho que mejorar en accesibilidad&quot; - Asociaci\u00f3n Espa\u00f1ola S\u00edndrome de Charge\" \/>\n<meta property=\"og:description\" content=\"Personas con discapacidad intelectual o del desarrollo se convierten este verano en &#8216;recomendadores&#8217; musicales de la mano de Plena Inclusi\u00f3n Madrid, que les&#8230;\" \/>\n<meta property=\"og:url\" content=\"https:\/\/sindromecharge.es\/index.php\/2024\/08\/07\/personas-con-discapacidad-intelectual-ejercen-recomendadores-musicales-con-plena-inclusion-madrid-repetiria-seguro\/\" \/>\n<meta property=\"og:site_name\" content=\"Asociaci\u00f3n Espa\u00f1ola S\u00edndrome de Charge\" \/>\n<meta property=\"article:publisher\" content=\"https:\/\/www.facebook.com\/asociacionsindromecharge\" \/>\n<meta property=\"article:published_time\" content=\"2024-08-07T05:12:08+00:00\" \/>\n<meta property=\"og:image\" content=\"https:\/\/sindromecharge.es\/wp-content\/uploads\/2013\/09\/logodecharge300x98.png\" \/>\n\t<meta property=\"og:image:width\" content=\"300\" \/>\n\t<meta property=\"og:image:height\" content=\"98\" \/>\n\t<meta property=\"og:image:type\" content=\"image\/png\" \/>\n<meta name=\"author\" content=\"Charge\" \/>\n<meta name=\"twitter:card\" content=\"summary_large_image\" \/>\n<meta name=\"twitter:creator\" content=\"@sindromecharge\" \/>\n<meta name=\"twitter:site\" content=\"@sindromecharge\" \/>\n<meta name=\"twitter:label1\" content=\"Escrito por\" \/>\n\t<meta name=\"twitter:data1\" content=\"Charge\" \/>\n\t<meta name=\"twitter:label2\" content=\"Tiempo de lectura\" \/>\n\t<meta name=\"twitter:data2\" content=\"6 minutos\" \/>\n<script type=\"application\/ld+json\" class=\"yoast-schema-graph\">{\"@context\":\"https:\\\/\\\/schema.org\",\"@graph\":[{\"@type\":\"Article\",\"@id\":\"https:\\\/\\\/sindromecharge.es\\\/index.php\\\/2024\\\/08\\\/07\\\/personas-con-discapacidad-intelectual-ejercen-recomendadores-musicales-con-plena-inclusion-madrid-repetiria-seguro\\\/#article\",\"isPartOf\":{\"@id\":\"https:\\\/\\\/sindromecharge.es\\\/index.php\\\/2024\\\/08\\\/07\\\/personas-con-discapacidad-intelectual-ejercen-recomendadores-musicales-con-plena-inclusion-madrid-repetiria-seguro\\\/\"},\"author\":{\"name\":\"Charge\",\"@id\":\"https:\\\/\\\/sindromecharge.es\\\/#\\\/schema\\\/person\\\/39a60ebe0a2b4d5a11179701e336b039\"},\"headline\":\"Personas con discapacidad intelectual ejercen de &#8216;recomendadores&#8217; musicales: \u00abHay mucho que mejorar en accesibilidad\u00bb\",\"datePublished\":\"2024-08-07T05:12:08+00:00\",\"mainEntityOfPage\":{\"@id\":\"https:\\\/\\\/sindromecharge.es\\\/index.php\\\/2024\\\/08\\\/07\\\/personas-con-discapacidad-intelectual-ejercen-recomendadores-musicales-con-plena-inclusion-madrid-repetiria-seguro\\\/\"},\"wordCount\":1209,\"articleSection\":[\"noticias\"],\"inLanguage\":\"es\"},{\"@type\":\"WebPage\",\"@id\":\"https:\\\/\\\/sindromecharge.es\\\/index.php\\\/2024\\\/08\\\/07\\\/personas-con-discapacidad-intelectual-ejercen-recomendadores-musicales-con-plena-inclusion-madrid-repetiria-seguro\\\/\",\"url\":\"https:\\\/\\\/sindromecharge.es\\\/index.php\\\/2024\\\/08\\\/07\\\/personas-con-discapacidad-intelectual-ejercen-recomendadores-musicales-con-plena-inclusion-madrid-repetiria-seguro\\\/\",\"name\":\"Personas con discapacidad intelectual ejercen de 'recomendadores' musicales: \\\"Hay mucho que mejorar en accesibilidad\\\" - Asociaci\u00f3n Espa\u00f1ola S\u00edndrome de Charge\",\"isPartOf\":{\"@id\":\"https:\\\/\\\/sindromecharge.es\\\/#website\"},\"datePublished\":\"2024-08-07T05:12:08+00:00\",\"author\":{\"@id\":\"https:\\\/\\\/sindromecharge.es\\\/#\\\/schema\\\/person\\\/39a60ebe0a2b4d5a11179701e336b039\"},\"breadcrumb\":{\"@id\":\"https:\\\/\\\/sindromecharge.es\\\/index.php\\\/2024\\\/08\\\/07\\\/personas-con-discapacidad-intelectual-ejercen-recomendadores-musicales-con-plena-inclusion-madrid-repetiria-seguro\\\/#breadcrumb\"},\"inLanguage\":\"es\",\"potentialAction\":[{\"@type\":\"ReadAction\",\"target\":[\"https:\\\/\\\/sindromecharge.es\\\/index.php\\\/2024\\\/08\\\/07\\\/personas-con-discapacidad-intelectual-ejercen-recomendadores-musicales-con-plena-inclusion-madrid-repetiria-seguro\\\/\"]}]},{\"@type\":\"BreadcrumbList\",\"@id\":\"https:\\\/\\\/sindromecharge.es\\\/index.php\\\/2024\\\/08\\\/07\\\/personas-con-discapacidad-intelectual-ejercen-recomendadores-musicales-con-plena-inclusion-madrid-repetiria-seguro\\\/#breadcrumb\",\"itemListElement\":[{\"@type\":\"ListItem\",\"position\":1,\"name\":\"Portada\",\"item\":\"https:\\\/\\\/sindromecharge.es\\\/\"},{\"@type\":\"ListItem\",\"position\":2,\"name\":\"Personas con discapacidad intelectual ejercen de &#8216;recomendadores&#8217; musicales: &#8220;Hay mucho que mejorar en accesibilidad&#8221;\"}]},{\"@type\":\"WebSite\",\"@id\":\"https:\\\/\\\/sindromecharge.es\\\/#website\",\"url\":\"https:\\\/\\\/sindromecharge.es\\\/\",\"name\":\"Asociaci\u00f3n Espa\u00f1ola S\u00edndrome de Charge\",\"description\":\"\",\"potentialAction\":[{\"@type\":\"SearchAction\",\"target\":{\"@type\":\"EntryPoint\",\"urlTemplate\":\"https:\\\/\\\/sindromecharge.es\\\/?s={search_term_string}\"},\"query-input\":{\"@type\":\"PropertyValueSpecification\",\"valueRequired\":true,\"valueName\":\"search_term_string\"}}],\"inLanguage\":\"es\"},{\"@type\":\"Person\",\"@id\":\"https:\\\/\\\/sindromecharge.es\\\/#\\\/schema\\\/person\\\/39a60ebe0a2b4d5a11179701e336b039\",\"name\":\"Charge\",\"image\":{\"@type\":\"ImageObject\",\"inLanguage\":\"es\",\"@id\":\"https:\\\/\\\/secure.gravatar.com\\\/avatar\\\/c3b46e32a0fc3b093a0873fb767bf3293de856293065e84ef06b7ec7a8acfb98?s=96&d=identicon&r=x\",\"url\":\"https:\\\/\\\/secure.gravatar.com\\\/avatar\\\/c3b46e32a0fc3b093a0873fb767bf3293de856293065e84ef06b7ec7a8acfb98?s=96&d=identicon&r=x\",\"contentUrl\":\"https:\\\/\\\/secure.gravatar.com\\\/avatar\\\/c3b46e32a0fc3b093a0873fb767bf3293de856293065e84ef06b7ec7a8acfb98?s=96&d=identicon&r=x\",\"caption\":\"Charge\"},\"url\":\"https:\\\/\\\/sindromecharge.es\\\/index.php\\\/author\\\/admin\\\/\"}]}<\/script>\n<!-- \/ Yoast SEO plugin. -->","yoast_head_json":{"title":"Personas con discapacidad intelectual ejercen de 'recomendadores' musicales: \"Hay mucho que mejorar en accesibilidad\" - Asociaci\u00f3n Espa\u00f1ola S\u00edndrome de Charge","robots":{"index":"index","follow":"follow","max-snippet":"max-snippet:-1","max-image-preview":"max-image-preview:large","max-video-preview":"max-video-preview:-1"},"canonical":"https:\/\/sindromecharge.es\/index.php\/2024\/08\/07\/personas-con-discapacidad-intelectual-ejercen-recomendadores-musicales-con-plena-inclusion-madrid-repetiria-seguro\/","og_locale":"es_ES","og_type":"article","og_title":"Personas con discapacidad intelectual ejercen de 'recomendadores' musicales: \"Hay mucho que mejorar en accesibilidad\" - Asociaci\u00f3n Espa\u00f1ola S\u00edndrome de Charge","og_description":"Personas con discapacidad intelectual o del desarrollo se convierten este verano en &#8216;recomendadores&#8217; musicales de la mano de Plena Inclusi\u00f3n Madrid, que les&#8230;","og_url":"https:\/\/sindromecharge.es\/index.php\/2024\/08\/07\/personas-con-discapacidad-intelectual-ejercen-recomendadores-musicales-con-plena-inclusion-madrid-repetiria-seguro\/","og_site_name":"Asociaci\u00f3n Espa\u00f1ola S\u00edndrome de Charge","article_publisher":"https:\/\/www.facebook.com\/asociacionsindromecharge","article_published_time":"2024-08-07T05:12:08+00:00","og_image":[{"width":300,"height":98,"url":"https:\/\/sindromecharge.es\/wp-content\/uploads\/2013\/09\/logodecharge300x98.png","type":"image\/png"}],"author":"Charge","twitter_card":"summary_large_image","twitter_creator":"@sindromecharge","twitter_site":"@sindromecharge","twitter_misc":{"Escrito por":"Charge","Tiempo de lectura":"6 minutos"},"schema":{"@context":"https:\/\/schema.org","@graph":[{"@type":"Article","@id":"https:\/\/sindromecharge.es\/index.php\/2024\/08\/07\/personas-con-discapacidad-intelectual-ejercen-recomendadores-musicales-con-plena-inclusion-madrid-repetiria-seguro\/#article","isPartOf":{"@id":"https:\/\/sindromecharge.es\/index.php\/2024\/08\/07\/personas-con-discapacidad-intelectual-ejercen-recomendadores-musicales-con-plena-inclusion-madrid-repetiria-seguro\/"},"author":{"name":"Charge","@id":"https:\/\/sindromecharge.es\/#\/schema\/person\/39a60ebe0a2b4d5a11179701e336b039"},"headline":"Personas con discapacidad intelectual ejercen de &#8216;recomendadores&#8217; musicales: \u00abHay mucho que mejorar en accesibilidad\u00bb","datePublished":"2024-08-07T05:12:08+00:00","mainEntityOfPage":{"@id":"https:\/\/sindromecharge.es\/index.php\/2024\/08\/07\/personas-con-discapacidad-intelectual-ejercen-recomendadores-musicales-con-plena-inclusion-madrid-repetiria-seguro\/"},"wordCount":1209,"articleSection":["noticias"],"inLanguage":"es"},{"@type":"WebPage","@id":"https:\/\/sindromecharge.es\/index.php\/2024\/08\/07\/personas-con-discapacidad-intelectual-ejercen-recomendadores-musicales-con-plena-inclusion-madrid-repetiria-seguro\/","url":"https:\/\/sindromecharge.es\/index.php\/2024\/08\/07\/personas-con-discapacidad-intelectual-ejercen-recomendadores-musicales-con-plena-inclusion-madrid-repetiria-seguro\/","name":"Personas con discapacidad intelectual ejercen de 'recomendadores' musicales: \"Hay mucho que mejorar en accesibilidad\" - Asociaci\u00f3n Espa\u00f1ola S\u00edndrome de Charge","isPartOf":{"@id":"https:\/\/sindromecharge.es\/#website"},"datePublished":"2024-08-07T05:12:08+00:00","author":{"@id":"https:\/\/sindromecharge.es\/#\/schema\/person\/39a60ebe0a2b4d5a11179701e336b039"},"breadcrumb":{"@id":"https:\/\/sindromecharge.es\/index.php\/2024\/08\/07\/personas-con-discapacidad-intelectual-ejercen-recomendadores-musicales-con-plena-inclusion-madrid-repetiria-seguro\/#breadcrumb"},"inLanguage":"es","potentialAction":[{"@type":"ReadAction","target":["https:\/\/sindromecharge.es\/index.php\/2024\/08\/07\/personas-con-discapacidad-intelectual-ejercen-recomendadores-musicales-con-plena-inclusion-madrid-repetiria-seguro\/"]}]},{"@type":"BreadcrumbList","@id":"https:\/\/sindromecharge.es\/index.php\/2024\/08\/07\/personas-con-discapacidad-intelectual-ejercen-recomendadores-musicales-con-plena-inclusion-madrid-repetiria-seguro\/#breadcrumb","itemListElement":[{"@type":"ListItem","position":1,"name":"Portada","item":"https:\/\/sindromecharge.es\/"},{"@type":"ListItem","position":2,"name":"Personas con discapacidad intelectual ejercen de &#8216;recomendadores&#8217; musicales: &#8220;Hay mucho que mejorar en accesibilidad&#8221;"}]},{"@type":"WebSite","@id":"https:\/\/sindromecharge.es\/#website","url":"https:\/\/sindromecharge.es\/","name":"Asociaci\u00f3n Espa\u00f1ola S\u00edndrome de Charge","description":"","potentialAction":[{"@type":"SearchAction","target":{"@type":"EntryPoint","urlTemplate":"https:\/\/sindromecharge.es\/?s={search_term_string}"},"query-input":{"@type":"PropertyValueSpecification","valueRequired":true,"valueName":"search_term_string"}}],"inLanguage":"es"},{"@type":"Person","@id":"https:\/\/sindromecharge.es\/#\/schema\/person\/39a60ebe0a2b4d5a11179701e336b039","name":"Charge","image":{"@type":"ImageObject","inLanguage":"es","@id":"https:\/\/secure.gravatar.com\/avatar\/c3b46e32a0fc3b093a0873fb767bf3293de856293065e84ef06b7ec7a8acfb98?s=96&d=identicon&r=x","url":"https:\/\/secure.gravatar.com\/avatar\/c3b46e32a0fc3b093a0873fb767bf3293de856293065e84ef06b7ec7a8acfb98?s=96&d=identicon&r=x","contentUrl":"https:\/\/secure.gravatar.com\/avatar\/c3b46e32a0fc3b093a0873fb767bf3293de856293065e84ef06b7ec7a8acfb98?s=96&d=identicon&r=x","caption":"Charge"},"url":"https:\/\/sindromecharge.es\/index.php\/author\/admin\/"}]}},"_links":{"self":[{"href":"https:\/\/sindromecharge.es\/index.php\/wp-json\/wp\/v2\/posts\/10228","targetHints":{"allow":["GET"]}}],"collection":[{"href":"https:\/\/sindromecharge.es\/index.php\/wp-json\/wp\/v2\/posts"}],"about":[{"href":"https:\/\/sindromecharge.es\/index.php\/wp-json\/wp\/v2\/types\/post"}],"author":[{"embeddable":true,"href":"https:\/\/sindromecharge.es\/index.php\/wp-json\/wp\/v2\/users\/1"}],"replies":[{"embeddable":true,"href":"https:\/\/sindromecharge.es\/index.php\/wp-json\/wp\/v2\/comments?post=10228"}],"version-history":[{"count":0,"href":"https:\/\/sindromecharge.es\/index.php\/wp-json\/wp\/v2\/posts\/10228\/revisions"}],"wp:attachment":[{"href":"https:\/\/sindromecharge.es\/index.php\/wp-json\/wp\/v2\/media?parent=10228"}],"wp:term":[{"taxonomy":"category","embeddable":true,"href":"https:\/\/sindromecharge.es\/index.php\/wp-json\/wp\/v2\/categories?post=10228"},{"taxonomy":"post_tag","embeddable":true,"href":"https:\/\/sindromecharge.es\/index.php\/wp-json\/wp\/v2\/tags?post=10228"}],"curies":[{"name":"wp","href":"https:\/\/api.w.org\/{rel}","templated":true}]}}