{"id":10227,"date":"2024-08-07T05:11:53","date_gmt":"2024-08-07T05:11:53","guid":{"rendered":"https:\/\/sindromecharge.es\/index.php\/2024\/08\/07\/asier-mediavilla-violonchelista-disfruton-musica-es-mi-gran-pasion-no-me-imagino-vivir-sin-ella\/"},"modified":"2024-08-07T05:11:53","modified_gmt":"2024-08-07T05:11:53","slug":"asier-mediavilla-violonchelista-disfruton-musica-es-mi-gran-pasion-no-me-imagino-vivir-sin-ella","status":"publish","type":"post","link":"https:\/\/sindromecharge.es\/index.php\/2024\/08\/07\/asier-mediavilla-violonchelista-disfruton-musica-es-mi-gran-pasion-no-me-imagino-vivir-sin-ella\/","title":{"rendered":"Asier Mediavilla, violonchelista con Down: \u00abLa m\u00fasica es mi gran pasi\u00f3n, no me imagino vivir sin ella\u00bb"},"content":{"rendered":"<p>Leemos en Discapacidad la siguiente noticia que os reproducimos de forma \u00edntegra: <\/p>\n<div>\n<p><b>Asier Mediavila tiene 18 a\u00f1os <\/b>y si hay algo que tiene claro en la vida es que quiere dedicarse a la m\u00fasica, \u00abes mi gran pasi\u00f3n\u00bb, nos dijo el primer d\u00eda de sus vacaciones, a pocas horas de irse a su pueblo, en Palencia, la que es otra de sus pasiones.<\/p>\n<p>Aunque Asier, vaya donde vaya, no se olvida nunca de meter en el maletero su fiel compa\u00f1ero, su violonchelo, <b>\u00abno deja de ensayar ni en vacaciones<\/b>, hasta tenemos que llevarnos dos coches para poder meterlo\u00bb, asegura Nuria, su madre.<\/p>\n<p>Ya desde muy ni\u00f1o, mostr\u00f3 un inter\u00e9s desmedido por la m\u00fasica, \u00able encantaba, ten\u00edamos, por casualidad dos CDs de m\u00fasica cl\u00e1sica que nos lo ped\u00eda constantemente\u00bb. Sin embargo, el tema de la m\u00fasica, entre tanta terapia, <b>no entraba en los planes de la familia<\/b>, \u00abcuando hay otras prioridades, como la logopedia, la atenci\u00f3n temprana\u2026, lo ves -err\u00f3neamente- como algo superfluo, pero su abuelo insisti\u00f3 porque ve\u00eda que le gustaba mucho, y finalmente lo apuntamos a la escuela de m\u00fasica\u00bb.<\/p>\n<p>Con 9 a\u00f1os empez\u00f3 a estudiar Lenguaje Musical en una academia de m\u00fasica y <b>con 11 entr\u00f3 en el Conservatorio Profesional de M\u00fasica de Burgos<\/b> en la especialidad de violoncello, \u00abestuvo siete a\u00f1os, hasta el a\u00f1o pasado, porque no puede estar m\u00e1s. Ha llegado hasta tercero de elemental\u00bb, cuenta su madre, \u00aby ahora mismo sigue estudiando en la escuela de m\u00fasica municipal, adem\u00e1s de ensayar y estudiar mucho por su cuenta\u00bb.<\/p>\n<p>Asier, que cumple 19 este a\u00f1o,<b> lo compagina con sus estudios<\/b>, \u00abuna FP de auxiliar administrativo, en un instituto ordinario. Es una <b>FP adaptada experimental<\/b> en un instituto p\u00fablico, y est\u00e1 aprendiendo mucho. Antes hab\u00edamos pasado por un <b>colegio ordinario<\/b>, pero conforme van avanzando los cursos, se iba quedando m\u00e1s atr\u00e1s. Al instituto fue dos a\u00f1os y luego <b>estuvo en educaci\u00f3n especial otros dos<\/b>, pero se le quedaba corto, y fue cuando decidimos apuntarlo a este FP experimental para chavales con <a href=\"https:\/\/www.20minutos.es\/minuteca\/discapacidad\/\" title=\"Discapacidad\" target=\"_blank\" rel=\"noopener\">discapacidad<\/a>. Son dos a\u00f1os, el a\u00f1o que viene va a hacer tambi\u00e9n pr\u00e1cticas\u00bb, cuenta su madre.<\/p>\n<blockquote class=\"instagram-media\" data-instgrm-captioned data-instgrm-permalink=\"https:\/\/www.instagram.com\/p\/C9hGv3eNvET\/?utm_source=ig_embed&amp;utm_campaign=loading\" data-instgrm-version=\"14\" style=\" background:#FFF; border:0; border-radius:3px; box-shadow:0 0 1px 0 rgba(0,0,0,0.5),0 1px 10px 0 rgba(0,0,0,0.15); margin: 1px; max-width:540px; min-width:326px; padding:0; width:99.375%; width:-webkit-calc(100% - 2px); width:calc(100% - 2px);\">\n<div style=\"padding:16px;\"> <a href=\"https:\/\/www.instagram.com\/p\/C9hGv3eNvET\/?utm_source=ig_embed&amp;utm_campaign=loading\" style=\" background:#FFFFFF; line-height:0; padding:0 0; text-align:center; text-decoration:none; width:100%;\" target=\"_blank\" rel=\"noopener\"> <\/p>\n<div style=\" display: flex; flex-direction: row; align-items: center;\">\n<div style=\"background-color: #F4F4F4; border-radius: 50%; flex-grow: 0; height: 40px; margin-right: 14px; width: 40px;\"><\/div>\n<div style=\"display: flex; flex-direction: column; flex-grow: 1; justify-content: center;\">\n<div style=\" background-color: #F4F4F4; border-radius: 4px; flex-grow: 0; height: 14px; margin-bottom: 6px; width: 100px;\"><\/div>\n<div style=\" background-color: #F4F4F4; border-radius: 4px; flex-grow: 0; height: 14px; width: 60px;\"><\/div>\n<\/div>\n<\/div>\n<div style=\"padding: 19% 0;\"><\/div>\n<div style=\"display:block; height:50px; margin:0 auto 12px; width:50px;\"><svg width=\"50px\" height=\"50px\" viewbox=\"0 0 60 60\" version=\"1.1\" xmlns=\"https:\/\/www.w3.org\/2000\/svg\" xmlns:xlink=\"https:\/\/www.w3.org\/1999\/xlink\"><g stroke=\"none\" stroke-width=\"1\" fill=\"none\" fill-rule=\"evenodd\"><g transform=\"translate(-511.000000, -20.000000)\" fill=\"#000000\"><g><path d=\"M556.869,30.41 C554.814,30.41 553.148,32.076 553.148,34.131 C553.148,36.186 554.814,37.852 556.869,37.852 C558.924,37.852 560.59,36.186 560.59,34.131 C560.59,32.076 558.924,30.41 556.869,30.41 M541,60.657 C535.114,60.657 530.342,55.887 530.342,50 C530.342,44.114 535.114,39.342 541,39.342 C546.887,39.342 551.658,44.114 551.658,50 C551.658,55.887 546.887,60.657 541,60.657 M541,33.886 C532.1,33.886 524.886,41.1 524.886,50 C524.886,58.899 532.1,66.113 541,66.113 C549.9,66.113 557.115,58.899 557.115,50 C557.115,41.1 549.9,33.886 541,33.886 M565.378,62.101 C565.244,65.022 564.756,66.606 564.346,67.663 C563.803,69.06 563.154,70.057 562.106,71.106 C561.058,72.155 560.06,72.803 558.662,73.347 C557.607,73.757 556.021,74.244 553.102,74.378 C549.944,74.521 548.997,74.552 541,74.552 C533.003,74.552 532.056,74.521 528.898,74.378 C525.979,74.244 524.393,73.757 523.338,73.347 C521.94,72.803 520.942,72.155 519.894,71.106 C518.846,70.057 518.197,69.06 517.654,67.663 C517.244,66.606 516.755,65.022 516.623,62.101 C516.479,58.943 516.448,57.996 516.448,50 C516.448,42.003 516.479,41.056 516.623,37.899 C516.755,34.978 517.244,33.391 517.654,32.338 C518.197,30.938 518.846,29.942 519.894,28.894 C520.942,27.846 521.94,27.196 523.338,26.654 C524.393,26.244 525.979,25.756 528.898,25.623 C532.057,25.479 533.004,25.448 541,25.448 C548.997,25.448 549.943,25.479 553.102,25.623 C556.021,25.756 557.607,26.244 558.662,26.654 C560.06,27.196 561.058,27.846 562.106,28.894 C563.154,29.942 563.803,30.938 564.346,32.338 C564.756,33.391 565.244,34.978 565.378,37.899 C565.522,41.056 565.552,42.003 565.552,50 C565.552,57.996 565.522,58.943 565.378,62.101 M570.82,37.631 C570.674,34.438 570.167,32.258 569.425,30.349 C568.659,28.377 567.633,26.702 565.965,25.035 C564.297,23.368 562.623,22.342 560.652,21.575 C558.743,20.834 556.562,20.326 553.369,20.18 C550.169,20.033 549.148,20 541,20 C532.853,20 531.831,20.033 528.631,20.18 C525.438,20.326 523.257,20.834 521.349,21.575 C519.376,22.342 517.703,23.368 516.035,25.035 C514.368,26.702 513.342,28.377 512.574,30.349 C511.834,32.258 511.326,34.438 511.181,37.631 C511.035,40.831 511,41.851 511,50 C511,58.147 511.035,59.17 511.181,62.369 C511.326,65.562 511.834,67.743 512.574,69.651 C513.342,71.625 514.368,73.296 516.035,74.965 C517.703,76.634 519.376,77.658 521.349,78.425 C523.257,79.167 525.438,79.673 528.631,79.82 C531.831,79.965 532.853,80.001 541,80.001 C549.148,80.001 550.169,79.965 553.369,79.82 C556.562,79.673 558.743,79.167 560.652,78.425 C562.623,77.658 564.297,76.634 565.965,74.965 C567.633,73.296 568.659,71.625 569.425,69.651 C570.167,67.743 570.674,65.562 570.82,62.369 C570.966,59.17 571,58.147 571,50 C571,41.851 570.966,40.831 570.82,37.631\"><\/path><\/g><\/g><\/g><\/svg><\/div>\n<div style=\"padding-top: 8px;\">\n<div style=\" color:#3897f0; font-family:Arial,sans-serif; font-size:14px; font-style:normal; font-weight:550; line-height:18px;\">Ver esta publicaci\u00f3n en Instagram<\/div>\n<\/div>\n<div style=\"padding: 12.5% 0;\"><\/div>\n<div style=\"display: flex; flex-direction: row; margin-bottom: 14px; align-items: center;\">\n<div>\n<div style=\"background-color: #F4F4F4; border-radius: 50%; height: 12.5px; width: 12.5px; transform: translateX(0px) translateY(7px);\"><\/div>\n<div style=\"background-color: #F4F4F4; height: 12.5px; transform: rotate(-45deg) translateX(3px) translateY(1px); width: 12.5px; flex-grow: 0; margin-right: 14px; margin-left: 2px;\"><\/div>\n<div style=\"background-color: #F4F4F4; border-radius: 50%; height: 12.5px; width: 12.5px; transform: translateX(9px) translateY(-18px);\"><\/div>\n<\/div>\n<div style=\"margin-left: 8px;\">\n<div style=\" background-color: #F4F4F4; border-radius: 50%; flex-grow: 0; height: 20px; width: 20px;\"><\/div>\n<div style=\" width: 0; height: 0; border-top: 2px solid transparent; border-left: 6px solid #f4f4f4; border-bottom: 2px solid transparent; transform: translateX(16px) translateY(-4px) rotate(30deg)\"><\/div>\n<\/div>\n<div style=\"margin-left: auto;\">\n<div style=\" width: 0px; border-top: 8px solid #F4F4F4; border-right: 8px solid transparent; transform: translateY(16px);\"><\/div>\n<div style=\" background-color: #F4F4F4; flex-grow: 0; height: 12px; width: 16px; transform: translateY(-4px);\"><\/div>\n<div style=\" width: 0; height: 0; border-top: 8px solid #F4F4F4; border-left: 8px solid transparent; transform: translateY(-4px) translateX(8px);\"><\/div>\n<\/div>\n<\/div>\n<div style=\"display: flex; flex-direction: column; flex-grow: 1; justify-content: center; margin-bottom: 24px;\">\n<div style=\" background-color: #F4F4F4; border-radius: 4px; flex-grow: 0; height: 14px; margin-bottom: 6px; width: 224px;\"><\/div>\n<div style=\" background-color: #F4F4F4; border-radius: 4px; flex-grow: 0; height: 14px; width: 144px;\"><\/div>\n<\/div>\n<p><\/a><\/p>\n<p style=\" color:#c9c8cd; font-family:Arial,sans-serif; font-size:14px; line-height:17px; margin-bottom:0; margin-top:8px; overflow:hidden; padding:8px 0 7px; text-align:center; text-overflow:ellipsis; white-space:nowrap;\"><a href=\"https:\/\/www.instagram.com\/p\/C9hGv3eNvET\/?utm_source=ig_embed&amp;utm_campaign=loading\" style=\" color:#c9c8cd; font-family:Arial,sans-serif; font-size:14px; font-style:normal; font-weight:normal; line-height:17px; text-decoration:none;\" target=\"_blank\" rel=\"noopener\">Una publicaci\u00f3n compartida de \ud835\udc34\ud835\udc46\ud835\udc3c\ud835\udc38\ud835\udc45 \ud835\udc40\ud835\udc38\ud835\udc37\ud835\udc3c\ud835\udc34\ud835\udc49\ud835\udc3c\ud835\udc3f\ud835\udc3f\ud835\udc34 (@asier_mediavilla)<\/a><\/p>\n<\/div>\n<\/blockquote>\n<p><script async src=\"\/\/www.instagram.com\/embed.js\"><\/script><\/p>\n<p>Le gusta administraci\u00f3n y quiere acabarlo, pero quiere dejar claro que lo suyo es la m\u00fasica, y que luchar\u00e1 por dedicarse a ella. Por eso, cuando se enter\u00f3 de que fue uno de los afortunados en conseguir una beca SuperArte, del grupo SIFU, sinti\u00f3 \u00abuna tremenda alegr\u00eda\u00bb, porque le permitir\u00eda <b>seguir form\u00e1ndose y conseguir actuar en bolos y galas<\/b>. Y es que, por desgracia, <b>en el conservatorio no ha podido llegar m\u00e1s lejos<\/b>, \u00abha estado 7 a\u00f1os, los m\u00e1ximos que ha podido. En elemental solo se puede repetir una vez, pero de manera excepcional, tuvimos que pedir que le dejaran repetir\u00bb.<\/p>\n<h1>\u00bfPor qu\u00e9 en el conservatorio, si para que estudie un alumno en sillas de ruedas ponen una rampa, no hacen lo mismo con un alumno con dificultades cognitivas?<\/h1>\n<p>Y no ha podido avanzar m\u00e1s por falta de adaptaciones, a pesar de todo lo que ha luchado Nuria, \u00abpara intentar hacer algo, me met\u00ed en el AMPA del conservatorio, pero, aunque la direcci\u00f3n siempre ha sido muy facilitadora, me dec\u00edan que se basaban en la ley, y como no es una formaci\u00f3n obligatoria<b>, no est\u00e1n obligados a adaptar nada<\/b> ni a poner apoyos. Gracias a que las clases de chelo son individuales, ha aprendido mucho, pero en el resto ten\u00eda dificultades\u00bb, reconoce.<\/p>\n<p>Nuria cree que es una discriminaci\u00f3n y un impedimento para poder desarrollar un talento que, evidentemente, Asier tiene, \u00abno entiendo por qu\u00e9 si hay unas escaleras y hay un alumno en sillas de ruedas ponen una rampa, que es perfecto, pero no hacen lo mismo con <b>un alumno con dificultades de otro tipo, como las cognitivas<\/b>. Y no ven que adem\u00e1s es un derecho, porque puede ser una salida laboral para personas como Asier\u00bb.<\/p>\n<p>En la familia, no saben si Asier acabar\u00e1 trabajando de m\u00fasico o no, pero lo que tienen claro es que para ellos es una prioridad, porque le encanta, tiene talento y le ha beneficiado en muchas cosas: \u00ab<b>La m\u00fasica le ha proporcionado autoestima<\/b>, le ayuda en la atenci\u00f3n, le ha dado <b>autonom\u00eda<\/b>\u2026 \u00e9l va solo a las clases, se prepara solo las partituras, la cartera\u2026 le ha ayudado a ser lo que es, es lo que es gracias a la m\u00fasica\u00bb. <\/p>\n<p>Gracias a la beca de SIFU y a la empresa Alma Carraovejas, que la financia, \u00abha actuado en algunas galas y le ha servido para seguir form\u00e1ndose. Este verano, por ejemplo, le ha servido para formarse durante una semana en el Summercamp de Escuela Superior de M\u00fasica Reina Sof\u00eda, con profesores muy buenos. Son cursos muy caros que de otra forma no podr\u00eda haber hecho. Y el a\u00f1o pasado lo usamos <b>para que se pagara la escuela de m\u00fasica<\/b> del ayuntamiento de Burgos, a la que asiste despu\u00e9s del conservatorio\u00bb, dice su madre.<\/p>\n<h1>Me veo como un m\u00fasico profesional, me gustar\u00eda dedicarme a esto porque la m\u00fasica es muy importante en mi vida. Es mi vocaci\u00f3n<\/h1>\n<p>\u00c9l, lo tiene clar\u00edsimo, \u00abme quiero seguir formando, dando conciertos, estudio casi todos los d\u00edas para eso porque me encanta, es mi pasi\u00f3n. Me veo como un m\u00fasico profesional, me gustar\u00eda dedicarme a esto porque la m\u00fasica es muy importante en mi vida. Es mi vocaci\u00f3n. <b>No me imagino la vida sin m\u00fasica<\/b>\u00ab, insiste Asier, que se &#8216;enamor\u00f3&#8217; del chelo en cuanto se lo presentaron, \u00abme gusta mucho su sonido, su voz, es como si me hablara\u00bb, asegura.<\/p>\n<p>Y mientras se lo permitan, seguir\u00e1 dando rienda suelta a su pasi\u00f3n, si es tocando canciones de Disney, sus favoritas, a\u00fan mejor, \u00abAsier es un &#8216;disfrut\u00f3n&#8217;, le encanta disfrutar de la vida. Y <b>como m\u00e1s disfruta es tocando<\/b>, y demostrando que todos tenemos capacidades. Se sabe todas las canciones sin partitura, tiene un don, y disfruta tanto\u2026 Con esfuerzo, tes\u00f3n y pasi\u00f3n, todo es posible, por eso nosotros no le ponemos l\u00edmites\u00bb, insiste Nuria emocionada. <\/p>\n<\/div>\n<p>Fuente: Discapacidad https:\/\/www.20minutos.es\/noticia\/5542364\/0\/asier-mediavilla-violonchelista-disfruton-musica-es-mi-gran-pasion-no-me-imagino-vivir-sin-ella\/<\/p>\n","protected":false},"excerpt":{"rendered":"<p>A Asier, ni s\u00edndrome de Down ni una cardiopat\u00eda le han impedido dar rienda suelta a su pasi\u00f3n por la m\u00fasica.<\/p>\n","protected":false},"author":1,"featured_media":0,"comment_status":"closed","ping_status":"closed","sticky":false,"template":"","format":"standard","meta":{"footnotes":""},"categories":[8],"tags":[],"class_list":["post-10227","post","type-post","status-publish","format-standard","hentry","category-noticias"],"yoast_head":"<!-- This site is optimized with the Yoast SEO plugin v27.5 - https:\/\/yoast.com\/product\/yoast-seo-wordpress\/ -->\n<title>Asier Mediavilla, violonchelista con Down: &quot;La m\u00fasica es mi gran pasi\u00f3n, no me imagino vivir sin ella&quot; - Asociaci\u00f3n Espa\u00f1ola S\u00edndrome de Charge<\/title>\n<meta name=\"robots\" content=\"index, follow, max-snippet:-1, max-image-preview:large, max-video-preview:-1\" \/>\n<link rel=\"canonical\" href=\"https:\/\/sindromecharge.es\/index.php\/2024\/08\/07\/asier-mediavilla-violonchelista-disfruton-musica-es-mi-gran-pasion-no-me-imagino-vivir-sin-ella\/\" \/>\n<meta property=\"og:locale\" content=\"es_ES\" \/>\n<meta property=\"og:type\" content=\"article\" \/>\n<meta property=\"og:title\" content=\"Asier Mediavilla, violonchelista con Down: &quot;La m\u00fasica es mi gran pasi\u00f3n, no me imagino vivir sin ella&quot; - Asociaci\u00f3n Espa\u00f1ola S\u00edndrome de Charge\" \/>\n<meta property=\"og:description\" content=\"A Asier, ni s\u00edndrome de Down ni una cardiopat\u00eda le han impedido dar rienda suelta a su pasi\u00f3n por la m\u00fasica.\" \/>\n<meta property=\"og:url\" content=\"https:\/\/sindromecharge.es\/index.php\/2024\/08\/07\/asier-mediavilla-violonchelista-disfruton-musica-es-mi-gran-pasion-no-me-imagino-vivir-sin-ella\/\" \/>\n<meta property=\"og:site_name\" content=\"Asociaci\u00f3n Espa\u00f1ola S\u00edndrome de Charge\" \/>\n<meta property=\"article:publisher\" content=\"https:\/\/www.facebook.com\/asociacionsindromecharge\" \/>\n<meta property=\"article:published_time\" content=\"2024-08-07T05:11:53+00:00\" \/>\n<meta property=\"og:image\" content=\"https:\/\/sindromecharge.es\/wp-content\/uploads\/2013\/09\/logodecharge300x98.png\" \/>\n\t<meta property=\"og:image:width\" content=\"300\" \/>\n\t<meta property=\"og:image:height\" content=\"98\" \/>\n\t<meta property=\"og:image:type\" content=\"image\/png\" \/>\n<meta name=\"author\" content=\"Charge\" \/>\n<meta name=\"twitter:card\" content=\"summary_large_image\" \/>\n<meta name=\"twitter:creator\" content=\"@sindromecharge\" \/>\n<meta name=\"twitter:site\" content=\"@sindromecharge\" \/>\n<meta name=\"twitter:label1\" content=\"Escrito por\" \/>\n\t<meta name=\"twitter:data1\" content=\"Charge\" \/>\n\t<meta name=\"twitter:label2\" content=\"Tiempo de lectura\" \/>\n\t<meta name=\"twitter:data2\" content=\"5 minutos\" \/>\n<script type=\"application\/ld+json\" class=\"yoast-schema-graph\">{\"@context\":\"https:\\\/\\\/schema.org\",\"@graph\":[{\"@type\":\"Article\",\"@id\":\"https:\\\/\\\/sindromecharge.es\\\/index.php\\\/2024\\\/08\\\/07\\\/asier-mediavilla-violonchelista-disfruton-musica-es-mi-gran-pasion-no-me-imagino-vivir-sin-ella\\\/#article\",\"isPartOf\":{\"@id\":\"https:\\\/\\\/sindromecharge.es\\\/index.php\\\/2024\\\/08\\\/07\\\/asier-mediavilla-violonchelista-disfruton-musica-es-mi-gran-pasion-no-me-imagino-vivir-sin-ella\\\/\"},\"author\":{\"name\":\"Charge\",\"@id\":\"https:\\\/\\\/sindromecharge.es\\\/#\\\/schema\\\/person\\\/39a60ebe0a2b4d5a11179701e336b039\"},\"headline\":\"Asier Mediavilla, violonchelista con Down: \u00abLa m\u00fasica es mi gran pasi\u00f3n, no me imagino vivir sin ella\u00bb\",\"datePublished\":\"2024-08-07T05:11:53+00:00\",\"mainEntityOfPage\":{\"@id\":\"https:\\\/\\\/sindromecharge.es\\\/index.php\\\/2024\\\/08\\\/07\\\/asier-mediavilla-violonchelista-disfruton-musica-es-mi-gran-pasion-no-me-imagino-vivir-sin-ella\\\/\"},\"wordCount\":1104,\"articleSection\":[\"noticias\"],\"inLanguage\":\"es\"},{\"@type\":\"WebPage\",\"@id\":\"https:\\\/\\\/sindromecharge.es\\\/index.php\\\/2024\\\/08\\\/07\\\/asier-mediavilla-violonchelista-disfruton-musica-es-mi-gran-pasion-no-me-imagino-vivir-sin-ella\\\/\",\"url\":\"https:\\\/\\\/sindromecharge.es\\\/index.php\\\/2024\\\/08\\\/07\\\/asier-mediavilla-violonchelista-disfruton-musica-es-mi-gran-pasion-no-me-imagino-vivir-sin-ella\\\/\",\"name\":\"Asier Mediavilla, violonchelista con Down: \\\"La m\u00fasica es mi gran pasi\u00f3n, no me imagino vivir sin ella\\\" - Asociaci\u00f3n Espa\u00f1ola S\u00edndrome de Charge\",\"isPartOf\":{\"@id\":\"https:\\\/\\\/sindromecharge.es\\\/#website\"},\"datePublished\":\"2024-08-07T05:11:53+00:00\",\"author\":{\"@id\":\"https:\\\/\\\/sindromecharge.es\\\/#\\\/schema\\\/person\\\/39a60ebe0a2b4d5a11179701e336b039\"},\"breadcrumb\":{\"@id\":\"https:\\\/\\\/sindromecharge.es\\\/index.php\\\/2024\\\/08\\\/07\\\/asier-mediavilla-violonchelista-disfruton-musica-es-mi-gran-pasion-no-me-imagino-vivir-sin-ella\\\/#breadcrumb\"},\"inLanguage\":\"es\",\"potentialAction\":[{\"@type\":\"ReadAction\",\"target\":[\"https:\\\/\\\/sindromecharge.es\\\/index.php\\\/2024\\\/08\\\/07\\\/asier-mediavilla-violonchelista-disfruton-musica-es-mi-gran-pasion-no-me-imagino-vivir-sin-ella\\\/\"]}]},{\"@type\":\"BreadcrumbList\",\"@id\":\"https:\\\/\\\/sindromecharge.es\\\/index.php\\\/2024\\\/08\\\/07\\\/asier-mediavilla-violonchelista-disfruton-musica-es-mi-gran-pasion-no-me-imagino-vivir-sin-ella\\\/#breadcrumb\",\"itemListElement\":[{\"@type\":\"ListItem\",\"position\":1,\"name\":\"Portada\",\"item\":\"https:\\\/\\\/sindromecharge.es\\\/\"},{\"@type\":\"ListItem\",\"position\":2,\"name\":\"Asier Mediavilla, violonchelista con Down: &#8220;La m\u00fasica es mi gran pasi\u00f3n, no me imagino vivir sin ella&#8221;\"}]},{\"@type\":\"WebSite\",\"@id\":\"https:\\\/\\\/sindromecharge.es\\\/#website\",\"url\":\"https:\\\/\\\/sindromecharge.es\\\/\",\"name\":\"Asociaci\u00f3n Espa\u00f1ola S\u00edndrome de Charge\",\"description\":\"\",\"potentialAction\":[{\"@type\":\"SearchAction\",\"target\":{\"@type\":\"EntryPoint\",\"urlTemplate\":\"https:\\\/\\\/sindromecharge.es\\\/?s={search_term_string}\"},\"query-input\":{\"@type\":\"PropertyValueSpecification\",\"valueRequired\":true,\"valueName\":\"search_term_string\"}}],\"inLanguage\":\"es\"},{\"@type\":\"Person\",\"@id\":\"https:\\\/\\\/sindromecharge.es\\\/#\\\/schema\\\/person\\\/39a60ebe0a2b4d5a11179701e336b039\",\"name\":\"Charge\",\"image\":{\"@type\":\"ImageObject\",\"inLanguage\":\"es\",\"@id\":\"https:\\\/\\\/secure.gravatar.com\\\/avatar\\\/c3b46e32a0fc3b093a0873fb767bf3293de856293065e84ef06b7ec7a8acfb98?s=96&d=identicon&r=x\",\"url\":\"https:\\\/\\\/secure.gravatar.com\\\/avatar\\\/c3b46e32a0fc3b093a0873fb767bf3293de856293065e84ef06b7ec7a8acfb98?s=96&d=identicon&r=x\",\"contentUrl\":\"https:\\\/\\\/secure.gravatar.com\\\/avatar\\\/c3b46e32a0fc3b093a0873fb767bf3293de856293065e84ef06b7ec7a8acfb98?s=96&d=identicon&r=x\",\"caption\":\"Charge\"},\"url\":\"https:\\\/\\\/sindromecharge.es\\\/index.php\\\/author\\\/admin\\\/\"}]}<\/script>\n<!-- \/ Yoast SEO plugin. -->","yoast_head_json":{"title":"Asier Mediavilla, violonchelista con Down: \"La m\u00fasica es mi gran pasi\u00f3n, no me imagino vivir sin ella\" - Asociaci\u00f3n Espa\u00f1ola S\u00edndrome de Charge","robots":{"index":"index","follow":"follow","max-snippet":"max-snippet:-1","max-image-preview":"max-image-preview:large","max-video-preview":"max-video-preview:-1"},"canonical":"https:\/\/sindromecharge.es\/index.php\/2024\/08\/07\/asier-mediavilla-violonchelista-disfruton-musica-es-mi-gran-pasion-no-me-imagino-vivir-sin-ella\/","og_locale":"es_ES","og_type":"article","og_title":"Asier Mediavilla, violonchelista con Down: \"La m\u00fasica es mi gran pasi\u00f3n, no me imagino vivir sin ella\" - Asociaci\u00f3n Espa\u00f1ola S\u00edndrome de Charge","og_description":"A Asier, ni s\u00edndrome de Down ni una cardiopat\u00eda le han impedido dar rienda suelta a su pasi\u00f3n por la m\u00fasica.","og_url":"https:\/\/sindromecharge.es\/index.php\/2024\/08\/07\/asier-mediavilla-violonchelista-disfruton-musica-es-mi-gran-pasion-no-me-imagino-vivir-sin-ella\/","og_site_name":"Asociaci\u00f3n Espa\u00f1ola S\u00edndrome de Charge","article_publisher":"https:\/\/www.facebook.com\/asociacionsindromecharge","article_published_time":"2024-08-07T05:11:53+00:00","og_image":[{"width":300,"height":98,"url":"https:\/\/sindromecharge.es\/wp-content\/uploads\/2013\/09\/logodecharge300x98.png","type":"image\/png"}],"author":"Charge","twitter_card":"summary_large_image","twitter_creator":"@sindromecharge","twitter_site":"@sindromecharge","twitter_misc":{"Escrito por":"Charge","Tiempo de lectura":"5 minutos"},"schema":{"@context":"https:\/\/schema.org","@graph":[{"@type":"Article","@id":"https:\/\/sindromecharge.es\/index.php\/2024\/08\/07\/asier-mediavilla-violonchelista-disfruton-musica-es-mi-gran-pasion-no-me-imagino-vivir-sin-ella\/#article","isPartOf":{"@id":"https:\/\/sindromecharge.es\/index.php\/2024\/08\/07\/asier-mediavilla-violonchelista-disfruton-musica-es-mi-gran-pasion-no-me-imagino-vivir-sin-ella\/"},"author":{"name":"Charge","@id":"https:\/\/sindromecharge.es\/#\/schema\/person\/39a60ebe0a2b4d5a11179701e336b039"},"headline":"Asier Mediavilla, violonchelista con Down: \u00abLa m\u00fasica es mi gran pasi\u00f3n, no me imagino vivir sin ella\u00bb","datePublished":"2024-08-07T05:11:53+00:00","mainEntityOfPage":{"@id":"https:\/\/sindromecharge.es\/index.php\/2024\/08\/07\/asier-mediavilla-violonchelista-disfruton-musica-es-mi-gran-pasion-no-me-imagino-vivir-sin-ella\/"},"wordCount":1104,"articleSection":["noticias"],"inLanguage":"es"},{"@type":"WebPage","@id":"https:\/\/sindromecharge.es\/index.php\/2024\/08\/07\/asier-mediavilla-violonchelista-disfruton-musica-es-mi-gran-pasion-no-me-imagino-vivir-sin-ella\/","url":"https:\/\/sindromecharge.es\/index.php\/2024\/08\/07\/asier-mediavilla-violonchelista-disfruton-musica-es-mi-gran-pasion-no-me-imagino-vivir-sin-ella\/","name":"Asier Mediavilla, violonchelista con Down: \"La m\u00fasica es mi gran pasi\u00f3n, no me imagino vivir sin ella\" - Asociaci\u00f3n Espa\u00f1ola S\u00edndrome de Charge","isPartOf":{"@id":"https:\/\/sindromecharge.es\/#website"},"datePublished":"2024-08-07T05:11:53+00:00","author":{"@id":"https:\/\/sindromecharge.es\/#\/schema\/person\/39a60ebe0a2b4d5a11179701e336b039"},"breadcrumb":{"@id":"https:\/\/sindromecharge.es\/index.php\/2024\/08\/07\/asier-mediavilla-violonchelista-disfruton-musica-es-mi-gran-pasion-no-me-imagino-vivir-sin-ella\/#breadcrumb"},"inLanguage":"es","potentialAction":[{"@type":"ReadAction","target":["https:\/\/sindromecharge.es\/index.php\/2024\/08\/07\/asier-mediavilla-violonchelista-disfruton-musica-es-mi-gran-pasion-no-me-imagino-vivir-sin-ella\/"]}]},{"@type":"BreadcrumbList","@id":"https:\/\/sindromecharge.es\/index.php\/2024\/08\/07\/asier-mediavilla-violonchelista-disfruton-musica-es-mi-gran-pasion-no-me-imagino-vivir-sin-ella\/#breadcrumb","itemListElement":[{"@type":"ListItem","position":1,"name":"Portada","item":"https:\/\/sindromecharge.es\/"},{"@type":"ListItem","position":2,"name":"Asier Mediavilla, violonchelista con Down: &#8220;La m\u00fasica es mi gran pasi\u00f3n, no me imagino vivir sin ella&#8221;"}]},{"@type":"WebSite","@id":"https:\/\/sindromecharge.es\/#website","url":"https:\/\/sindromecharge.es\/","name":"Asociaci\u00f3n Espa\u00f1ola S\u00edndrome de Charge","description":"","potentialAction":[{"@type":"SearchAction","target":{"@type":"EntryPoint","urlTemplate":"https:\/\/sindromecharge.es\/?s={search_term_string}"},"query-input":{"@type":"PropertyValueSpecification","valueRequired":true,"valueName":"search_term_string"}}],"inLanguage":"es"},{"@type":"Person","@id":"https:\/\/sindromecharge.es\/#\/schema\/person\/39a60ebe0a2b4d5a11179701e336b039","name":"Charge","image":{"@type":"ImageObject","inLanguage":"es","@id":"https:\/\/secure.gravatar.com\/avatar\/c3b46e32a0fc3b093a0873fb767bf3293de856293065e84ef06b7ec7a8acfb98?s=96&d=identicon&r=x","url":"https:\/\/secure.gravatar.com\/avatar\/c3b46e32a0fc3b093a0873fb767bf3293de856293065e84ef06b7ec7a8acfb98?s=96&d=identicon&r=x","contentUrl":"https:\/\/secure.gravatar.com\/avatar\/c3b46e32a0fc3b093a0873fb767bf3293de856293065e84ef06b7ec7a8acfb98?s=96&d=identicon&r=x","caption":"Charge"},"url":"https:\/\/sindromecharge.es\/index.php\/author\/admin\/"}]}},"_links":{"self":[{"href":"https:\/\/sindromecharge.es\/index.php\/wp-json\/wp\/v2\/posts\/10227","targetHints":{"allow":["GET"]}}],"collection":[{"href":"https:\/\/sindromecharge.es\/index.php\/wp-json\/wp\/v2\/posts"}],"about":[{"href":"https:\/\/sindromecharge.es\/index.php\/wp-json\/wp\/v2\/types\/post"}],"author":[{"embeddable":true,"href":"https:\/\/sindromecharge.es\/index.php\/wp-json\/wp\/v2\/users\/1"}],"replies":[{"embeddable":true,"href":"https:\/\/sindromecharge.es\/index.php\/wp-json\/wp\/v2\/comments?post=10227"}],"version-history":[{"count":0,"href":"https:\/\/sindromecharge.es\/index.php\/wp-json\/wp\/v2\/posts\/10227\/revisions"}],"wp:attachment":[{"href":"https:\/\/sindromecharge.es\/index.php\/wp-json\/wp\/v2\/media?parent=10227"}],"wp:term":[{"taxonomy":"category","embeddable":true,"href":"https:\/\/sindromecharge.es\/index.php\/wp-json\/wp\/v2\/categories?post=10227"},{"taxonomy":"post_tag","embeddable":true,"href":"https:\/\/sindromecharge.es\/index.php\/wp-json\/wp\/v2\/tags?post=10227"}],"curies":[{"name":"wp","href":"https:\/\/api.w.org\/{rel}","templated":true}]}}