{"id":10226,"date":"2024-08-06T07:51:45","date_gmt":"2024-08-06T07:51:45","guid":{"rendered":"https:\/\/sindromecharge.es\/index.php\/2024\/08\/06\/seguridad-social-analizara-posibilidad-modificar-jubilacion-anticipada-trabajadores-con-discapacidad-65\/"},"modified":"2024-08-06T07:51:45","modified_gmt":"2024-08-06T07:51:45","slug":"seguridad-social-analizara-posibilidad-modificar-jubilacion-anticipada-trabajadores-con-discapacidad-65","status":"publish","type":"post","link":"https:\/\/sindromecharge.es\/index.php\/2024\/08\/06\/seguridad-social-analizara-posibilidad-modificar-jubilacion-anticipada-trabajadores-con-discapacidad-65\/","title":{"rendered":"La Seguridad Social analizar\u00e1 modificar la jubilaci\u00f3n anticipada de trabajadores con una discapacidad del 65%"},"content":{"rendered":"<p>Leemos en Discapacidad la siguiente noticia que os reproducimos de forma \u00edntegra: <\/p>\n<div>\n<p>La Direcci\u00f3n General de Ordenaci\u00f3n de la <a href=\"https:\/\/www.20minutos.es\/minuteca\/seguridad-social\/\" title=\"Seguridad Social\">Seguridad Social<\/a> ha respondido al <a href=\"https:\/\/www.20minutos.es\/minuteca\/cermi\/\" title=\"Cermi\">Comit\u00e9 Espa\u00f1ol de Representantes de Personas con Discapacidad (Cermi)<\/a> que analizar\u00e1 la posibilidad de <b>modificar la jubilaci\u00f3n anticipada de trabajadores con discapacidad <\/b>con grado igual o superior al 65%, regulada en el Real Decreto 1539\/2003.<\/p>\n<p>Este centro directivo de la Seguridad Social ha contestado as\u00ed a la propuesta del Cermi de proceder a reformar esta normativa reglamentaria, en la l\u00ednea de lo ordenado por la disposici\u00f3n adicional 4\u00aa de la Ley Disposici\u00f3n adicional cuarta de la Ley 21\/2021, de 28 de diciembre,<b> a fin de favorecer el acceso a esta modalidad de jubilaci\u00f3n de estos trabajadores<\/b>.<\/p>\n<p>En su respuesta, el organismo oficial indica que \u201cen relaci\u00f3n con la petici\u00f3n de una modificaci\u00f3n normativa del Real Decreto 1539\/2003, de 5 de diciembre, se ha de se\u00f1alar que las reformas normativas<b> deben ser analizadas en el marco del di\u00e1logo social del Pacto de Toledo<\/b>\u201d.<\/p>\n<p>Y a\u00f1ade que \u201cen concreto, se ha de dar cumplimiento a la recomendaci\u00f3n n\u00famero 18 referida a las personas con discapacidad, en la que, entre otros aspectos, se recoge que<b> se analizar\u00e1 la problem\u00e1tica<\/b> en el acceso anticipado a la pensi\u00f3n de jubilaci\u00f3n de las personas trabajadoras con discapacidad <b>en relaci\u00f3n con las exigencias en el tiempo de cotizaci\u00f3n requerido<\/b>, as\u00ed como para resolver las dificultades que se presentan respecto a la acreditaci\u00f3n de este\u201d.<\/p>\n<p>En su propuesta,<b> el Cermi planteaba modificar el citado Real Decreto en al menos tres cuestiones:<\/b> <b>la rebaja del tiempo requerido<\/b> en que se exige la cotizaci\u00f3n con el grado de discapacidad del 65%; la extensi\u00f3n de esta modalidad a los trabajadores <b>aut\u00f3nomos <\/b>con discapacidad, ahora excluidos; y el <b>cambio de terminolog\u00eda<\/b>, para adaptarlo a la que impone el nuevo art\u00edculo 49 de la Constituci\u00f3n Espa\u00f1ola.<\/p>\n<\/div>\n<p>Fuente: Discapacidad https:\/\/www.20minutos.es\/noticia\/5549408\/0\/seguridad-social-analizara-posibilidad-modificar-jubilacion-anticipada-trabajadores-con-discapacidad-65\/<\/p>\n","protected":false},"excerpt":{"rendered":"<p>La Direcci\u00f3n General de Ordenaci\u00f3n de la Seguridad Social ha respondido al Comit\u00e9 Espa\u00f1ol de Representantes de Personas con Discapacidad (Cermi) que analizar\u00e1 la posibilidad<\/p>\n","protected":false},"author":1,"featured_media":0,"comment_status":"closed","ping_status":"closed","sticky":false,"template":"","format":"standard","meta":{"footnotes":""},"categories":[8],"tags":[],"class_list":["post-10226","post","type-post","status-publish","format-standard","hentry","category-noticias"],"yoast_head":"<!-- This site is optimized with the Yoast SEO plugin v27.5 - https:\/\/yoast.com\/product\/yoast-seo-wordpress\/ -->\n<title>La Seguridad Social analizar\u00e1 modificar la jubilaci\u00f3n anticipada de trabajadores con una discapacidad del 65% - Asociaci\u00f3n Espa\u00f1ola S\u00edndrome de Charge<\/title>\n<meta name=\"robots\" content=\"index, follow, max-snippet:-1, max-image-preview:large, max-video-preview:-1\" \/>\n<link rel=\"canonical\" href=\"https:\/\/sindromecharge.es\/index.php\/2024\/08\/06\/seguridad-social-analizara-posibilidad-modificar-jubilacion-anticipada-trabajadores-con-discapacidad-65\/\" \/>\n<meta property=\"og:locale\" content=\"es_ES\" \/>\n<meta property=\"og:type\" content=\"article\" \/>\n<meta property=\"og:title\" content=\"La Seguridad Social analizar\u00e1 modificar la jubilaci\u00f3n anticipada de trabajadores con una discapacidad del 65% - Asociaci\u00f3n Espa\u00f1ola S\u00edndrome de Charge\" \/>\n<meta property=\"og:description\" content=\"La Direcci\u00f3n General de Ordenaci\u00f3n de la Seguridad Social ha respondido al Comit\u00e9 Espa\u00f1ol de Representantes de Personas con Discapacidad (Cermi) que analizar\u00e1 la posibilidad\" \/>\n<meta property=\"og:url\" content=\"https:\/\/sindromecharge.es\/index.php\/2024\/08\/06\/seguridad-social-analizara-posibilidad-modificar-jubilacion-anticipada-trabajadores-con-discapacidad-65\/\" \/>\n<meta property=\"og:site_name\" content=\"Asociaci\u00f3n Espa\u00f1ola S\u00edndrome de Charge\" \/>\n<meta property=\"article:publisher\" content=\"https:\/\/www.facebook.com\/asociacionsindromecharge\" \/>\n<meta property=\"article:published_time\" content=\"2024-08-06T07:51:45+00:00\" \/>\n<meta property=\"og:image\" content=\"https:\/\/sindromecharge.es\/wp-content\/uploads\/2013\/09\/logodecharge300x98.png\" \/>\n\t<meta property=\"og:image:width\" content=\"300\" \/>\n\t<meta property=\"og:image:height\" content=\"98\" \/>\n\t<meta property=\"og:image:type\" content=\"image\/png\" \/>\n<meta name=\"author\" content=\"Charge\" \/>\n<meta name=\"twitter:card\" content=\"summary_large_image\" \/>\n<meta name=\"twitter:creator\" content=\"@sindromecharge\" \/>\n<meta name=\"twitter:site\" content=\"@sindromecharge\" \/>\n<meta name=\"twitter:label1\" content=\"Escrito por\" \/>\n\t<meta name=\"twitter:data1\" content=\"Charge\" \/>\n\t<meta name=\"twitter:label2\" content=\"Tiempo de lectura\" \/>\n\t<meta name=\"twitter:data2\" content=\"2 minutos\" \/>\n<script type=\"application\/ld+json\" class=\"yoast-schema-graph\">{\"@context\":\"https:\\\/\\\/schema.org\",\"@graph\":[{\"@type\":\"Article\",\"@id\":\"https:\\\/\\\/sindromecharge.es\\\/index.php\\\/2024\\\/08\\\/06\\\/seguridad-social-analizara-posibilidad-modificar-jubilacion-anticipada-trabajadores-con-discapacidad-65\\\/#article\",\"isPartOf\":{\"@id\":\"https:\\\/\\\/sindromecharge.es\\\/index.php\\\/2024\\\/08\\\/06\\\/seguridad-social-analizara-posibilidad-modificar-jubilacion-anticipada-trabajadores-con-discapacidad-65\\\/\"},\"author\":{\"name\":\"Charge\",\"@id\":\"https:\\\/\\\/sindromecharge.es\\\/#\\\/schema\\\/person\\\/39a60ebe0a2b4d5a11179701e336b039\"},\"headline\":\"La Seguridad Social analizar\u00e1 modificar la jubilaci\u00f3n anticipada de trabajadores con una discapacidad del 65%\",\"datePublished\":\"2024-08-06T07:51:45+00:00\",\"mainEntityOfPage\":{\"@id\":\"https:\\\/\\\/sindromecharge.es\\\/index.php\\\/2024\\\/08\\\/06\\\/seguridad-social-analizara-posibilidad-modificar-jubilacion-anticipada-trabajadores-con-discapacidad-65\\\/\"},\"wordCount\":349,\"articleSection\":[\"noticias\"],\"inLanguage\":\"es\"},{\"@type\":\"WebPage\",\"@id\":\"https:\\\/\\\/sindromecharge.es\\\/index.php\\\/2024\\\/08\\\/06\\\/seguridad-social-analizara-posibilidad-modificar-jubilacion-anticipada-trabajadores-con-discapacidad-65\\\/\",\"url\":\"https:\\\/\\\/sindromecharge.es\\\/index.php\\\/2024\\\/08\\\/06\\\/seguridad-social-analizara-posibilidad-modificar-jubilacion-anticipada-trabajadores-con-discapacidad-65\\\/\",\"name\":\"La Seguridad Social analizar\u00e1 modificar la jubilaci\u00f3n anticipada de trabajadores con una discapacidad del 65% - Asociaci\u00f3n Espa\u00f1ola S\u00edndrome de Charge\",\"isPartOf\":{\"@id\":\"https:\\\/\\\/sindromecharge.es\\\/#website\"},\"datePublished\":\"2024-08-06T07:51:45+00:00\",\"author\":{\"@id\":\"https:\\\/\\\/sindromecharge.es\\\/#\\\/schema\\\/person\\\/39a60ebe0a2b4d5a11179701e336b039\"},\"breadcrumb\":{\"@id\":\"https:\\\/\\\/sindromecharge.es\\\/index.php\\\/2024\\\/08\\\/06\\\/seguridad-social-analizara-posibilidad-modificar-jubilacion-anticipada-trabajadores-con-discapacidad-65\\\/#breadcrumb\"},\"inLanguage\":\"es\",\"potentialAction\":[{\"@type\":\"ReadAction\",\"target\":[\"https:\\\/\\\/sindromecharge.es\\\/index.php\\\/2024\\\/08\\\/06\\\/seguridad-social-analizara-posibilidad-modificar-jubilacion-anticipada-trabajadores-con-discapacidad-65\\\/\"]}]},{\"@type\":\"BreadcrumbList\",\"@id\":\"https:\\\/\\\/sindromecharge.es\\\/index.php\\\/2024\\\/08\\\/06\\\/seguridad-social-analizara-posibilidad-modificar-jubilacion-anticipada-trabajadores-con-discapacidad-65\\\/#breadcrumb\",\"itemListElement\":[{\"@type\":\"ListItem\",\"position\":1,\"name\":\"Portada\",\"item\":\"https:\\\/\\\/sindromecharge.es\\\/\"},{\"@type\":\"ListItem\",\"position\":2,\"name\":\"La Seguridad Social analizar\u00e1 modificar la jubilaci\u00f3n anticipada de trabajadores con una discapacidad del 65%\"}]},{\"@type\":\"WebSite\",\"@id\":\"https:\\\/\\\/sindromecharge.es\\\/#website\",\"url\":\"https:\\\/\\\/sindromecharge.es\\\/\",\"name\":\"Asociaci\u00f3n Espa\u00f1ola S\u00edndrome de Charge\",\"description\":\"\",\"potentialAction\":[{\"@type\":\"SearchAction\",\"target\":{\"@type\":\"EntryPoint\",\"urlTemplate\":\"https:\\\/\\\/sindromecharge.es\\\/?s={search_term_string}\"},\"query-input\":{\"@type\":\"PropertyValueSpecification\",\"valueRequired\":true,\"valueName\":\"search_term_string\"}}],\"inLanguage\":\"es\"},{\"@type\":\"Person\",\"@id\":\"https:\\\/\\\/sindromecharge.es\\\/#\\\/schema\\\/person\\\/39a60ebe0a2b4d5a11179701e336b039\",\"name\":\"Charge\",\"image\":{\"@type\":\"ImageObject\",\"inLanguage\":\"es\",\"@id\":\"https:\\\/\\\/secure.gravatar.com\\\/avatar\\\/c3b46e32a0fc3b093a0873fb767bf3293de856293065e84ef06b7ec7a8acfb98?s=96&d=identicon&r=x\",\"url\":\"https:\\\/\\\/secure.gravatar.com\\\/avatar\\\/c3b46e32a0fc3b093a0873fb767bf3293de856293065e84ef06b7ec7a8acfb98?s=96&d=identicon&r=x\",\"contentUrl\":\"https:\\\/\\\/secure.gravatar.com\\\/avatar\\\/c3b46e32a0fc3b093a0873fb767bf3293de856293065e84ef06b7ec7a8acfb98?s=96&d=identicon&r=x\",\"caption\":\"Charge\"},\"url\":\"https:\\\/\\\/sindromecharge.es\\\/index.php\\\/author\\\/admin\\\/\"}]}<\/script>\n<!-- \/ Yoast SEO plugin. -->","yoast_head_json":{"title":"La Seguridad Social analizar\u00e1 modificar la jubilaci\u00f3n anticipada de trabajadores con una discapacidad del 65% - Asociaci\u00f3n Espa\u00f1ola S\u00edndrome de Charge","robots":{"index":"index","follow":"follow","max-snippet":"max-snippet:-1","max-image-preview":"max-image-preview:large","max-video-preview":"max-video-preview:-1"},"canonical":"https:\/\/sindromecharge.es\/index.php\/2024\/08\/06\/seguridad-social-analizara-posibilidad-modificar-jubilacion-anticipada-trabajadores-con-discapacidad-65\/","og_locale":"es_ES","og_type":"article","og_title":"La Seguridad Social analizar\u00e1 modificar la jubilaci\u00f3n anticipada de trabajadores con una discapacidad del 65% - Asociaci\u00f3n Espa\u00f1ola S\u00edndrome de Charge","og_description":"La Direcci\u00f3n General de Ordenaci\u00f3n de la Seguridad Social ha respondido al Comit\u00e9 Espa\u00f1ol de Representantes de Personas con Discapacidad (Cermi) que analizar\u00e1 la posibilidad","og_url":"https:\/\/sindromecharge.es\/index.php\/2024\/08\/06\/seguridad-social-analizara-posibilidad-modificar-jubilacion-anticipada-trabajadores-con-discapacidad-65\/","og_site_name":"Asociaci\u00f3n Espa\u00f1ola S\u00edndrome de Charge","article_publisher":"https:\/\/www.facebook.com\/asociacionsindromecharge","article_published_time":"2024-08-06T07:51:45+00:00","og_image":[{"width":300,"height":98,"url":"https:\/\/sindromecharge.es\/wp-content\/uploads\/2013\/09\/logodecharge300x98.png","type":"image\/png"}],"author":"Charge","twitter_card":"summary_large_image","twitter_creator":"@sindromecharge","twitter_site":"@sindromecharge","twitter_misc":{"Escrito por":"Charge","Tiempo de lectura":"2 minutos"},"schema":{"@context":"https:\/\/schema.org","@graph":[{"@type":"Article","@id":"https:\/\/sindromecharge.es\/index.php\/2024\/08\/06\/seguridad-social-analizara-posibilidad-modificar-jubilacion-anticipada-trabajadores-con-discapacidad-65\/#article","isPartOf":{"@id":"https:\/\/sindromecharge.es\/index.php\/2024\/08\/06\/seguridad-social-analizara-posibilidad-modificar-jubilacion-anticipada-trabajadores-con-discapacidad-65\/"},"author":{"name":"Charge","@id":"https:\/\/sindromecharge.es\/#\/schema\/person\/39a60ebe0a2b4d5a11179701e336b039"},"headline":"La Seguridad Social analizar\u00e1 modificar la jubilaci\u00f3n anticipada de trabajadores con una discapacidad del 65%","datePublished":"2024-08-06T07:51:45+00:00","mainEntityOfPage":{"@id":"https:\/\/sindromecharge.es\/index.php\/2024\/08\/06\/seguridad-social-analizara-posibilidad-modificar-jubilacion-anticipada-trabajadores-con-discapacidad-65\/"},"wordCount":349,"articleSection":["noticias"],"inLanguage":"es"},{"@type":"WebPage","@id":"https:\/\/sindromecharge.es\/index.php\/2024\/08\/06\/seguridad-social-analizara-posibilidad-modificar-jubilacion-anticipada-trabajadores-con-discapacidad-65\/","url":"https:\/\/sindromecharge.es\/index.php\/2024\/08\/06\/seguridad-social-analizara-posibilidad-modificar-jubilacion-anticipada-trabajadores-con-discapacidad-65\/","name":"La Seguridad Social analizar\u00e1 modificar la jubilaci\u00f3n anticipada de trabajadores con una discapacidad del 65% - Asociaci\u00f3n Espa\u00f1ola S\u00edndrome de Charge","isPartOf":{"@id":"https:\/\/sindromecharge.es\/#website"},"datePublished":"2024-08-06T07:51:45+00:00","author":{"@id":"https:\/\/sindromecharge.es\/#\/schema\/person\/39a60ebe0a2b4d5a11179701e336b039"},"breadcrumb":{"@id":"https:\/\/sindromecharge.es\/index.php\/2024\/08\/06\/seguridad-social-analizara-posibilidad-modificar-jubilacion-anticipada-trabajadores-con-discapacidad-65\/#breadcrumb"},"inLanguage":"es","potentialAction":[{"@type":"ReadAction","target":["https:\/\/sindromecharge.es\/index.php\/2024\/08\/06\/seguridad-social-analizara-posibilidad-modificar-jubilacion-anticipada-trabajadores-con-discapacidad-65\/"]}]},{"@type":"BreadcrumbList","@id":"https:\/\/sindromecharge.es\/index.php\/2024\/08\/06\/seguridad-social-analizara-posibilidad-modificar-jubilacion-anticipada-trabajadores-con-discapacidad-65\/#breadcrumb","itemListElement":[{"@type":"ListItem","position":1,"name":"Portada","item":"https:\/\/sindromecharge.es\/"},{"@type":"ListItem","position":2,"name":"La Seguridad Social analizar\u00e1 modificar la jubilaci\u00f3n anticipada de trabajadores con una discapacidad del 65%"}]},{"@type":"WebSite","@id":"https:\/\/sindromecharge.es\/#website","url":"https:\/\/sindromecharge.es\/","name":"Asociaci\u00f3n Espa\u00f1ola S\u00edndrome de Charge","description":"","potentialAction":[{"@type":"SearchAction","target":{"@type":"EntryPoint","urlTemplate":"https:\/\/sindromecharge.es\/?s={search_term_string}"},"query-input":{"@type":"PropertyValueSpecification","valueRequired":true,"valueName":"search_term_string"}}],"inLanguage":"es"},{"@type":"Person","@id":"https:\/\/sindromecharge.es\/#\/schema\/person\/39a60ebe0a2b4d5a11179701e336b039","name":"Charge","image":{"@type":"ImageObject","inLanguage":"es","@id":"https:\/\/secure.gravatar.com\/avatar\/c3b46e32a0fc3b093a0873fb767bf3293de856293065e84ef06b7ec7a8acfb98?s=96&d=identicon&r=x","url":"https:\/\/secure.gravatar.com\/avatar\/c3b46e32a0fc3b093a0873fb767bf3293de856293065e84ef06b7ec7a8acfb98?s=96&d=identicon&r=x","contentUrl":"https:\/\/secure.gravatar.com\/avatar\/c3b46e32a0fc3b093a0873fb767bf3293de856293065e84ef06b7ec7a8acfb98?s=96&d=identicon&r=x","caption":"Charge"},"url":"https:\/\/sindromecharge.es\/index.php\/author\/admin\/"}]}},"_links":{"self":[{"href":"https:\/\/sindromecharge.es\/index.php\/wp-json\/wp\/v2\/posts\/10226","targetHints":{"allow":["GET"]}}],"collection":[{"href":"https:\/\/sindromecharge.es\/index.php\/wp-json\/wp\/v2\/posts"}],"about":[{"href":"https:\/\/sindromecharge.es\/index.php\/wp-json\/wp\/v2\/types\/post"}],"author":[{"embeddable":true,"href":"https:\/\/sindromecharge.es\/index.php\/wp-json\/wp\/v2\/users\/1"}],"replies":[{"embeddable":true,"href":"https:\/\/sindromecharge.es\/index.php\/wp-json\/wp\/v2\/comments?post=10226"}],"version-history":[{"count":0,"href":"https:\/\/sindromecharge.es\/index.php\/wp-json\/wp\/v2\/posts\/10226\/revisions"}],"wp:attachment":[{"href":"https:\/\/sindromecharge.es\/index.php\/wp-json\/wp\/v2\/media?parent=10226"}],"wp:term":[{"taxonomy":"category","embeddable":true,"href":"https:\/\/sindromecharge.es\/index.php\/wp-json\/wp\/v2\/categories?post=10226"},{"taxonomy":"post_tag","embeddable":true,"href":"https:\/\/sindromecharge.es\/index.php\/wp-json\/wp\/v2\/tags?post=10226"}],"curies":[{"name":"wp","href":"https:\/\/api.w.org\/{rel}","templated":true}]}}