{"id":10225,"date":"2024-08-06T05:17:12","date_gmt":"2024-08-06T05:17:12","guid":{"rendered":"https:\/\/sindromecharge.es\/index.php\/2024\/08\/06\/que-tener-cuenta-hora-viajar-con-discapacidad-visual\/"},"modified":"2024-08-06T05:17:12","modified_gmt":"2024-08-06T05:17:12","slug":"que-tener-cuenta-hora-viajar-con-discapacidad-visual","status":"publish","type":"post","link":"https:\/\/sindromecharge.es\/index.php\/2024\/08\/06\/que-tener-cuenta-hora-viajar-con-discapacidad-visual\/","title":{"rendered":"Qu\u00e9 tener en cuenta al viajar con discapacidad visual: \u00abLas plataformas de reservas no suelen ser accesibles\u00bb"},"content":{"rendered":"<p>Leemos en Discapacidad la siguiente noticia que os reproducimos de forma \u00edntegra: <\/p>\n<div>\n<p><b>F\u00e1tima Peinado, responsable de Afiliaci\u00f3n de la ONCE en Madrid<\/b>, asegura que las personas con <b>discapacidad visua<\/b>l a\u00fan se encuentran con comentarios o insinuaciones del tipo \u2018\u00bfQu\u00e9 sentido tiene viajar si no vas a ver nada?\u2019. Por supuesto, se trata de prejuicios que nada tienen que ver con la realidad, puesto que las personas con discapacidad visual, incluso si tienen ceguera total, no solo pueden disfrutar de los viajes como cualquier persona vidente, sino que lo hacen tanto o m\u00e1s que el resto, \u00aben la <a href=\"https:\/\/www.20minutos.es\/minuteca\/once\/\" title=\"ONCE\" target=\"_blank\" rel=\"noopener\">ONCE<\/a> Madrid organizamos dos viajes al a\u00f1o no subvencionados, en el que nosotros podemos los monitores, pero tienen que pagarlo ellos, y todos los a\u00f1os tenemos que hacer varios turnos porque se llenan, incluso el que hacemos en el extranjero. Y<b> tambi\u00e9n hay mucha gente que se va por su cuenta o que viaja sola\u00bb<\/b>, asegura.<\/p>\n<p>Los viajes despiertan mucho inter\u00e9s porque viajar, como a\u00f1ade Peinado, <b>es mucho m\u00e1s que ver<\/b>, \u00abes salir, moverse, disfrutar\u2026 porque al final son ambientes distintos, es otra gastronom\u00eda, otra cultura, de salir de tu entorno habitual\u2026 y cada lugar tiene su propio olor, sus sonidos\u2026 viajar es estimulante para todos\u00bb. <\/p>\n<p>Aun as\u00ed, las personas con <a href=\"https:\/\/www.20minutos.es\/minuteca\/discapacidad\/\" title=\"Discapacidad\" target=\"_blank\" rel=\"noopener\">discapacidad<\/a> visual no pueden viajar todo lo que les gustar\u00eda o al menos hacerlo en igual de condiciones, pues como les ocurre a todas las personas con discapacidad, se siguen encontrando con multitud de barreras que, en muchos casos, dificultan la experiencia, \u00abal final es un tema de la <a href=\"https:\/\/www.20minutos.es\/minuteca\/accesibilidad\/\" title=\"Accesibilidad\" target=\"_blank\" rel=\"noopener\">accesibilidad<\/a>, como ocurre en cualquier tipo de entorno, servicio o producto\u00bb. <\/p>\n<h2>Para reservar, mejor con una agencia<\/h2>\n<p>Las personas con discapacidad visual pueden encontrarse <b>barreras ya desde el inicio <\/b>de preparar el viaje debido a esta falta de accesibilidad, \u00absi tengo que buscar un vuelo, un tren, un autob\u00fas, un hotel\u2026 \u00bfC\u00f3mo lo hago? Porque las <b>plataformas de reservas de viajes<\/b>, hoteles\u2026<b> no son accesibles en la mayor\u00eda de los casos<\/b> con los revisores o magnificadores de pantalla que utilizamos las personas con discapacidad visual. Esto nos impide ser aut\u00f3nomos a la hora de reservar nuestras vacaciones\u00bb, se queja F\u00e1tima. <\/p>\n<p>Para que esto no ocurra, aunque es cierto que hay plataformas que s\u00ed son accesibles, <b>recomienda acudir a una agencia<\/b>, \u00abo recurrimos a terceras personas que nos ayuden o a una agencia de viajes, que es lo que acabamos haciendo por comodidad, y lo que recomendamos porque incluso hay ya muchas especializadas discapacidad\u00bb.<\/p>\n<h1>Hay gente que coge las ofertas de \u00faltima hora a muy buen precio, pero nosotros eso no lo podemos hacer, no podemos improvisar<\/h1>\n<p>Este tipo de agencias, adem\u00e1s, no solo te ayudan a reservar, sino que se aseguran de que todos los<b> destinos y actividades que se vayan a realizar durante el viaje sean accesibles <\/b>para personas con discapacidad visual, \u00abcon su ayuda, podemos encontrar actividades dentro de los destinos que sean compatibles con la discapacidad visual. Por ejemplo, puedes ir a un sitio donde adem\u00e1s de tener una visita guiada, te permitan tocar, que sea una visita de tipo m\u00e1s sensorial\u00bb, recomienda F\u00e1tima.<\/p>\n<p>La responsable de afiliaci\u00f3n de la ONCE en Madrid tambi\u00e9n recomienda que, en la medida de lo posible,<b> no se improvise<\/b>, y se conozca muy bien, de antemano, el lugar que vamos a visitar, \u00abtener un poco conocimiento de d\u00f3nde vas, de qu\u00e9 se puede hacer\u2026 facilitar\u00e1 y mejorar\u00e1 mucho la experiencia\u00bb.<\/p>\n<p>Facilita y encarece, \u00abcontratar con una agencia y llevar todo planificado de antemano contribuye a<b> encarecer el viaje<\/b>. Hay gente que se mete en cualquier plataforma de estas de viajes y coge las ofertas de \u00faltima hora, as\u00ed que consiguen viajes estupendos de precio, pero nosotros eso no lo podemos hacer, no podemos improvisar porque no sabemos si va a ser muy accesible\u00bb. <\/p>\n<h2>El transporte, cada vez con m\u00e1s apoyo<\/h2>\n<p>A no ser que se vaya acompa\u00f1ado por una persona sin discapacidad visual, el tema del transporte puede convertirse en una odisea para las personas que s\u00ed la tienen. Por suerte, al menos si nos movemos desde ciudades grandes<b>, viajar en avi\u00f3n y tren es f\u00e1cil<\/b>, pues grandes compa\u00f1\u00edas como Renfe y AENA, cuentan con asistencia en estaciones y aeropuertos para personas con discapacidad, \u00absi yo s\u00e9 los datos del avi\u00f3n que voy a coger: n\u00famero de vuelo, la fecha, horario, destino, etc\u00e9tera., llamo a <b>AENA y les digo que necesito asistencia<\/b>. Al aeropuerto tenemos que ir dos horas y media antes y situarnos en un monolito hay en las terminales. All\u00ed toco el bot\u00f3n y viene la asistencia a buscarme. Me acompa\u00f1an a facturar el equipaje, a la puerta de embarque, me suben la primera al avi\u00f3n, y en el destino me van a me van a buscar, al menos en los aeropuertos espa\u00f1oles. Y <b>en Renfe igual, tienen Acerca<\/b>, con el que te acompa\u00f1an al tren, te sit\u00faan en tu asiento y te recogen en destino, te ayudan con el equipaje\u2026 Esto est\u00e1 muy bien y es muy necesario, sobre todo en los aeropuertos, porque son sitios muy grandes y que no solemos conocer porque es un sitio al que vamos de vez en cuando\u201d.<\/p>\n<h1>Si no tienes pactado con el hotel que vengan a buscarte, lo mejor es coger un taxi, sobre todo cuando se trata de un aeropuerto<\/h1>\n<p><b>En el autob\u00fas<\/b>, aunque F\u00e1tima reconoce que <b>el apoyo es m\u00e1s escaso<\/b>, tambi\u00e9n cuentan con ayuda en las estaciones grandes, como la de M\u00e9ndez \u00c1lvaro de Madrid, \u00absi vas al mostrador de atenci\u00f3n al cliente, te ayudan a llegar a tu d\u00e1rsena y a localizar tu autob\u00fas. Pero es verdad que cuando llegas a destino es m\u00e1s complicado\u00bb, reconoce.<\/p>\n<p>Y es que, en destino, tanto si es en bus, como en tren o avi\u00f3n, especialmente fuera de Espa\u00f1a, F\u00e1tima reconoce que <b>lo m\u00e1s seguro es siempre un taxi<\/b>, \u00absi no tienes pactado con el hotel que vengan a buscarte, lo mejor es coger un taxi, sobre todo cuando se trata de un aeropuerto, que suelen estar a las afueras de las ciudades\u00bb. <\/p>\n<p>Esto, como advierte, encarece mucho los viajes, pero es algo que recomienda tambi\u00e9n para moverte por el destino, \u00abnosotros conocemos el transporte p\u00fablico de la ciudad por la que nos movemos habitualmente, pero no la red de la ciudad que vamos a visitar una vez, que es la primera vez que vamos\u2026 y si encima no conoces el idioma&#8230;\u00bb.<\/p>\n<h2>Hoteles, visitas\u2026 y el arte de pedir lo que necesitas<\/h2>\n<p>Una vez llegan al alojamiento, comienza, como cuenta F\u00e1tima, otra peque\u00f1a odisea, \u00abel 90% de la informaci\u00f3n que obtenemos nos llega a trav\u00e9s de la vista. Si no tienes discapacidad visual, llegas a un hotel y sabes d\u00f3nde est\u00e1 la recepci\u00f3n, el mostrador, la zona del lobby de los sillones, los ascensores\u2026 Una persona con discapacidad visual, en cambio, se tiene que ubicar, tiene que saber d\u00f3nde est\u00e1 el mostrador, hacer el check in\u2026 as\u00ed que tiene que pedir que, al menos, le acompa\u00f1en al ascensor, le expliquen m\u00ednimamente lo que hay en el lobby, d\u00f3nde est\u00e1 el comedor, que<b> le acompa\u00f1en a la habitaci\u00f3n<\/b>, tiene que aprenderse el recorrido desde el ascensor a la habitaci\u00f3n\u2026\u00bb. <\/p>\n<p>F\u00e1tima Peinado, adem\u00e1s de pedir esta ayuda b\u00e1sica, da algunos consejos, como \u00ab<b>poner en tu puerta alguna marquita t\u00e1ctil<\/b> -como una pegatina- para que sepas cu\u00e1l es tu habitaci\u00f3n, tambi\u00e9n en la tarjeta, para que sepas por d\u00f3nde hay que introducirla para abrir o activar la luz\u2026 son peque\u00f1as cosas a las que los hoteles no suelen poner problemas\u00bb.<\/p>\n<h1>Tenemos que asegurarnos de que haya personal en los sitios de inter\u00e9s tur\u00edstico dispuestos a echar una mano, ayudar, acompa\u00f1ar o explicarte las cosas<\/h1>\n<p>Tambi\u00e9n recomienda que no se corten y<b> que digan en todo momento qu\u00e9 necesitan<\/b>, \u00abmuchas veces, sobre todo cuando hablamos de ceguera total, hay personas que no saben c\u00f3mo tratarte, qu\u00e9 informaci\u00f3n necesitas, no saber c\u00f3mo atenderte\u2026 lo mismo son excesivamente serviciales o lo contrario, as\u00ed que tambi\u00e9n <b>tenemos que ser nosotros los que digamos qu\u00e9 necesitamos<\/b>, al menos lo b\u00e1sico, para tener cubiertas esas cosas b\u00e1sicas, como poder moverte por el hotel, manejarme en una recepci\u00f3n, el ascensor, la habitaci\u00f3n, el comedor, la cafeter\u00eda\u2026 porque, por ejemplo, los bufets de los hoteles suelen ser muy complicados para nosotros, y necesitamos que nos ayuden\u00bb, recalca.<\/p>\n<p>Otras cosas que facilitan o ayudan en los destinos son \u00abaveriguar si hay descuentos para personas con discapacidad en las visitas que vayamos a hacer, que<b> las visitas sean siempre guiadas<\/b>, contratar un veh\u00edculo para moverte -si hay varias personas con discapacidad visual en el grupo se puede contratar uno entre todos-, que se opte -en casos de personas con resto visual- por hoteles o restaurante con contrastes\u2026 Y, como apuntaba antes, decir siempre lo que necesitamos y asegurarnos de que, esas cosas que necesitamos y que nos hacen el viaje m\u00e1s f\u00e1cil, <b>van a estar disponibles donde vayamos<\/b>, que haya personal en los hoteles o en los restaurantes o en los sitios de inter\u00e9s tur\u00edstico dispuestos a echar una mano, ayudarte, acompa\u00f1arte o explicarte las cosas\u00bb.<\/p>\n<p>Con estas peque\u00f1as-grandes cosas, las barreras ser\u00e1n mucho m\u00e1s franqueables y el<b> viaje mucho m\u00e1s agradable<\/b>. <\/p>\n<\/div>\n<p>Fuente: Discapacidad https:\/\/www.20minutos.es\/noticia\/5533784\/0\/que-tener-cuenta-hora-viajar-con-discapacidad-visual\/<\/p>\n","protected":false},"excerpt":{"rendered":"<p>F\u00e1tima Peinado, responsable de afiliaci\u00f3n de la ONCE da algunas claves para facilitar los viajes a personas con discapacidad visual.<\/p>\n","protected":false},"author":1,"featured_media":0,"comment_status":"closed","ping_status":"closed","sticky":false,"template":"","format":"standard","meta":{"footnotes":""},"categories":[8],"tags":[],"class_list":["post-10225","post","type-post","status-publish","format-standard","hentry","category-noticias"],"yoast_head":"<!-- This site is optimized with the Yoast SEO plugin v27.5 - https:\/\/yoast.com\/product\/yoast-seo-wordpress\/ -->\n<title>Qu\u00e9 tener en cuenta al viajar con discapacidad visual: &quot;Las plataformas de reservas no suelen ser accesibles&quot; - Asociaci\u00f3n Espa\u00f1ola S\u00edndrome de Charge<\/title>\n<meta name=\"robots\" content=\"index, follow, max-snippet:-1, max-image-preview:large, max-video-preview:-1\" \/>\n<link rel=\"canonical\" href=\"https:\/\/sindromecharge.es\/index.php\/2024\/08\/06\/que-tener-cuenta-hora-viajar-con-discapacidad-visual\/\" \/>\n<meta property=\"og:locale\" content=\"es_ES\" \/>\n<meta property=\"og:type\" content=\"article\" \/>\n<meta property=\"og:title\" content=\"Qu\u00e9 tener en cuenta al viajar con discapacidad visual: &quot;Las plataformas de reservas no suelen ser accesibles&quot; - Asociaci\u00f3n Espa\u00f1ola S\u00edndrome de Charge\" \/>\n<meta property=\"og:description\" content=\"F\u00e1tima Peinado, responsable de afiliaci\u00f3n de la ONCE da algunas claves para facilitar los viajes a personas con discapacidad visual.\" \/>\n<meta property=\"og:url\" content=\"https:\/\/sindromecharge.es\/index.php\/2024\/08\/06\/que-tener-cuenta-hora-viajar-con-discapacidad-visual\/\" \/>\n<meta property=\"og:site_name\" content=\"Asociaci\u00f3n Espa\u00f1ola S\u00edndrome de Charge\" \/>\n<meta property=\"article:publisher\" content=\"https:\/\/www.facebook.com\/asociacionsindromecharge\" \/>\n<meta property=\"article:published_time\" content=\"2024-08-06T05:17:12+00:00\" \/>\n<meta property=\"og:image\" content=\"https:\/\/sindromecharge.es\/wp-content\/uploads\/2013\/09\/logodecharge300x98.png\" \/>\n\t<meta property=\"og:image:width\" content=\"300\" \/>\n\t<meta property=\"og:image:height\" content=\"98\" \/>\n\t<meta property=\"og:image:type\" content=\"image\/png\" \/>\n<meta name=\"author\" content=\"Charge\" \/>\n<meta name=\"twitter:card\" content=\"summary_large_image\" \/>\n<meta name=\"twitter:creator\" content=\"@sindromecharge\" \/>\n<meta name=\"twitter:site\" content=\"@sindromecharge\" \/>\n<meta name=\"twitter:label1\" content=\"Escrito por\" \/>\n\t<meta name=\"twitter:data1\" content=\"Charge\" \/>\n\t<meta name=\"twitter:label2\" content=\"Tiempo de lectura\" \/>\n\t<meta name=\"twitter:data2\" content=\"8 minutos\" \/>\n<script type=\"application\/ld+json\" class=\"yoast-schema-graph\">{\"@context\":\"https:\\\/\\\/schema.org\",\"@graph\":[{\"@type\":\"Article\",\"@id\":\"https:\\\/\\\/sindromecharge.es\\\/index.php\\\/2024\\\/08\\\/06\\\/que-tener-cuenta-hora-viajar-con-discapacidad-visual\\\/#article\",\"isPartOf\":{\"@id\":\"https:\\\/\\\/sindromecharge.es\\\/index.php\\\/2024\\\/08\\\/06\\\/que-tener-cuenta-hora-viajar-con-discapacidad-visual\\\/\"},\"author\":{\"name\":\"Charge\",\"@id\":\"https:\\\/\\\/sindromecharge.es\\\/#\\\/schema\\\/person\\\/39a60ebe0a2b4d5a11179701e336b039\"},\"headline\":\"Qu\u00e9 tener en cuenta al viajar con discapacidad visual: \u00abLas plataformas de reservas no suelen ser accesibles\u00bb\",\"datePublished\":\"2024-08-06T05:17:12+00:00\",\"mainEntityOfPage\":{\"@id\":\"https:\\\/\\\/sindromecharge.es\\\/index.php\\\/2024\\\/08\\\/06\\\/que-tener-cuenta-hora-viajar-con-discapacidad-visual\\\/\"},\"wordCount\":1638,\"articleSection\":[\"noticias\"],\"inLanguage\":\"es\"},{\"@type\":\"WebPage\",\"@id\":\"https:\\\/\\\/sindromecharge.es\\\/index.php\\\/2024\\\/08\\\/06\\\/que-tener-cuenta-hora-viajar-con-discapacidad-visual\\\/\",\"url\":\"https:\\\/\\\/sindromecharge.es\\\/index.php\\\/2024\\\/08\\\/06\\\/que-tener-cuenta-hora-viajar-con-discapacidad-visual\\\/\",\"name\":\"Qu\u00e9 tener en cuenta al viajar con discapacidad visual: \\\"Las plataformas de reservas no suelen ser accesibles\\\" - Asociaci\u00f3n Espa\u00f1ola S\u00edndrome de Charge\",\"isPartOf\":{\"@id\":\"https:\\\/\\\/sindromecharge.es\\\/#website\"},\"datePublished\":\"2024-08-06T05:17:12+00:00\",\"author\":{\"@id\":\"https:\\\/\\\/sindromecharge.es\\\/#\\\/schema\\\/person\\\/39a60ebe0a2b4d5a11179701e336b039\"},\"breadcrumb\":{\"@id\":\"https:\\\/\\\/sindromecharge.es\\\/index.php\\\/2024\\\/08\\\/06\\\/que-tener-cuenta-hora-viajar-con-discapacidad-visual\\\/#breadcrumb\"},\"inLanguage\":\"es\",\"potentialAction\":[{\"@type\":\"ReadAction\",\"target\":[\"https:\\\/\\\/sindromecharge.es\\\/index.php\\\/2024\\\/08\\\/06\\\/que-tener-cuenta-hora-viajar-con-discapacidad-visual\\\/\"]}]},{\"@type\":\"BreadcrumbList\",\"@id\":\"https:\\\/\\\/sindromecharge.es\\\/index.php\\\/2024\\\/08\\\/06\\\/que-tener-cuenta-hora-viajar-con-discapacidad-visual\\\/#breadcrumb\",\"itemListElement\":[{\"@type\":\"ListItem\",\"position\":1,\"name\":\"Portada\",\"item\":\"https:\\\/\\\/sindromecharge.es\\\/\"},{\"@type\":\"ListItem\",\"position\":2,\"name\":\"Qu\u00e9 tener en cuenta al viajar con discapacidad visual: &#8220;Las plataformas de reservas no suelen ser accesibles&#8221;\"}]},{\"@type\":\"WebSite\",\"@id\":\"https:\\\/\\\/sindromecharge.es\\\/#website\",\"url\":\"https:\\\/\\\/sindromecharge.es\\\/\",\"name\":\"Asociaci\u00f3n Espa\u00f1ola S\u00edndrome de Charge\",\"description\":\"\",\"potentialAction\":[{\"@type\":\"SearchAction\",\"target\":{\"@type\":\"EntryPoint\",\"urlTemplate\":\"https:\\\/\\\/sindromecharge.es\\\/?s={search_term_string}\"},\"query-input\":{\"@type\":\"PropertyValueSpecification\",\"valueRequired\":true,\"valueName\":\"search_term_string\"}}],\"inLanguage\":\"es\"},{\"@type\":\"Person\",\"@id\":\"https:\\\/\\\/sindromecharge.es\\\/#\\\/schema\\\/person\\\/39a60ebe0a2b4d5a11179701e336b039\",\"name\":\"Charge\",\"image\":{\"@type\":\"ImageObject\",\"inLanguage\":\"es\",\"@id\":\"https:\\\/\\\/secure.gravatar.com\\\/avatar\\\/c3b46e32a0fc3b093a0873fb767bf3293de856293065e84ef06b7ec7a8acfb98?s=96&d=identicon&r=x\",\"url\":\"https:\\\/\\\/secure.gravatar.com\\\/avatar\\\/c3b46e32a0fc3b093a0873fb767bf3293de856293065e84ef06b7ec7a8acfb98?s=96&d=identicon&r=x\",\"contentUrl\":\"https:\\\/\\\/secure.gravatar.com\\\/avatar\\\/c3b46e32a0fc3b093a0873fb767bf3293de856293065e84ef06b7ec7a8acfb98?s=96&d=identicon&r=x\",\"caption\":\"Charge\"},\"url\":\"https:\\\/\\\/sindromecharge.es\\\/index.php\\\/author\\\/admin\\\/\"}]}<\/script>\n<!-- \/ Yoast SEO plugin. -->","yoast_head_json":{"title":"Qu\u00e9 tener en cuenta al viajar con discapacidad visual: \"Las plataformas de reservas no suelen ser accesibles\" - Asociaci\u00f3n Espa\u00f1ola S\u00edndrome de Charge","robots":{"index":"index","follow":"follow","max-snippet":"max-snippet:-1","max-image-preview":"max-image-preview:large","max-video-preview":"max-video-preview:-1"},"canonical":"https:\/\/sindromecharge.es\/index.php\/2024\/08\/06\/que-tener-cuenta-hora-viajar-con-discapacidad-visual\/","og_locale":"es_ES","og_type":"article","og_title":"Qu\u00e9 tener en cuenta al viajar con discapacidad visual: \"Las plataformas de reservas no suelen ser accesibles\" - Asociaci\u00f3n Espa\u00f1ola S\u00edndrome de Charge","og_description":"F\u00e1tima Peinado, responsable de afiliaci\u00f3n de la ONCE da algunas claves para facilitar los viajes a personas con discapacidad visual.","og_url":"https:\/\/sindromecharge.es\/index.php\/2024\/08\/06\/que-tener-cuenta-hora-viajar-con-discapacidad-visual\/","og_site_name":"Asociaci\u00f3n Espa\u00f1ola S\u00edndrome de Charge","article_publisher":"https:\/\/www.facebook.com\/asociacionsindromecharge","article_published_time":"2024-08-06T05:17:12+00:00","og_image":[{"width":300,"height":98,"url":"https:\/\/sindromecharge.es\/wp-content\/uploads\/2013\/09\/logodecharge300x98.png","type":"image\/png"}],"author":"Charge","twitter_card":"summary_large_image","twitter_creator":"@sindromecharge","twitter_site":"@sindromecharge","twitter_misc":{"Escrito por":"Charge","Tiempo de lectura":"8 minutos"},"schema":{"@context":"https:\/\/schema.org","@graph":[{"@type":"Article","@id":"https:\/\/sindromecharge.es\/index.php\/2024\/08\/06\/que-tener-cuenta-hora-viajar-con-discapacidad-visual\/#article","isPartOf":{"@id":"https:\/\/sindromecharge.es\/index.php\/2024\/08\/06\/que-tener-cuenta-hora-viajar-con-discapacidad-visual\/"},"author":{"name":"Charge","@id":"https:\/\/sindromecharge.es\/#\/schema\/person\/39a60ebe0a2b4d5a11179701e336b039"},"headline":"Qu\u00e9 tener en cuenta al viajar con discapacidad visual: \u00abLas plataformas de reservas no suelen ser accesibles\u00bb","datePublished":"2024-08-06T05:17:12+00:00","mainEntityOfPage":{"@id":"https:\/\/sindromecharge.es\/index.php\/2024\/08\/06\/que-tener-cuenta-hora-viajar-con-discapacidad-visual\/"},"wordCount":1638,"articleSection":["noticias"],"inLanguage":"es"},{"@type":"WebPage","@id":"https:\/\/sindromecharge.es\/index.php\/2024\/08\/06\/que-tener-cuenta-hora-viajar-con-discapacidad-visual\/","url":"https:\/\/sindromecharge.es\/index.php\/2024\/08\/06\/que-tener-cuenta-hora-viajar-con-discapacidad-visual\/","name":"Qu\u00e9 tener en cuenta al viajar con discapacidad visual: \"Las plataformas de reservas no suelen ser accesibles\" - Asociaci\u00f3n Espa\u00f1ola S\u00edndrome de Charge","isPartOf":{"@id":"https:\/\/sindromecharge.es\/#website"},"datePublished":"2024-08-06T05:17:12+00:00","author":{"@id":"https:\/\/sindromecharge.es\/#\/schema\/person\/39a60ebe0a2b4d5a11179701e336b039"},"breadcrumb":{"@id":"https:\/\/sindromecharge.es\/index.php\/2024\/08\/06\/que-tener-cuenta-hora-viajar-con-discapacidad-visual\/#breadcrumb"},"inLanguage":"es","potentialAction":[{"@type":"ReadAction","target":["https:\/\/sindromecharge.es\/index.php\/2024\/08\/06\/que-tener-cuenta-hora-viajar-con-discapacidad-visual\/"]}]},{"@type":"BreadcrumbList","@id":"https:\/\/sindromecharge.es\/index.php\/2024\/08\/06\/que-tener-cuenta-hora-viajar-con-discapacidad-visual\/#breadcrumb","itemListElement":[{"@type":"ListItem","position":1,"name":"Portada","item":"https:\/\/sindromecharge.es\/"},{"@type":"ListItem","position":2,"name":"Qu\u00e9 tener en cuenta al viajar con discapacidad visual: &#8220;Las plataformas de reservas no suelen ser accesibles&#8221;"}]},{"@type":"WebSite","@id":"https:\/\/sindromecharge.es\/#website","url":"https:\/\/sindromecharge.es\/","name":"Asociaci\u00f3n Espa\u00f1ola S\u00edndrome de Charge","description":"","potentialAction":[{"@type":"SearchAction","target":{"@type":"EntryPoint","urlTemplate":"https:\/\/sindromecharge.es\/?s={search_term_string}"},"query-input":{"@type":"PropertyValueSpecification","valueRequired":true,"valueName":"search_term_string"}}],"inLanguage":"es"},{"@type":"Person","@id":"https:\/\/sindromecharge.es\/#\/schema\/person\/39a60ebe0a2b4d5a11179701e336b039","name":"Charge","image":{"@type":"ImageObject","inLanguage":"es","@id":"https:\/\/secure.gravatar.com\/avatar\/c3b46e32a0fc3b093a0873fb767bf3293de856293065e84ef06b7ec7a8acfb98?s=96&d=identicon&r=x","url":"https:\/\/secure.gravatar.com\/avatar\/c3b46e32a0fc3b093a0873fb767bf3293de856293065e84ef06b7ec7a8acfb98?s=96&d=identicon&r=x","contentUrl":"https:\/\/secure.gravatar.com\/avatar\/c3b46e32a0fc3b093a0873fb767bf3293de856293065e84ef06b7ec7a8acfb98?s=96&d=identicon&r=x","caption":"Charge"},"url":"https:\/\/sindromecharge.es\/index.php\/author\/admin\/"}]}},"_links":{"self":[{"href":"https:\/\/sindromecharge.es\/index.php\/wp-json\/wp\/v2\/posts\/10225","targetHints":{"allow":["GET"]}}],"collection":[{"href":"https:\/\/sindromecharge.es\/index.php\/wp-json\/wp\/v2\/posts"}],"about":[{"href":"https:\/\/sindromecharge.es\/index.php\/wp-json\/wp\/v2\/types\/post"}],"author":[{"embeddable":true,"href":"https:\/\/sindromecharge.es\/index.php\/wp-json\/wp\/v2\/users\/1"}],"replies":[{"embeddable":true,"href":"https:\/\/sindromecharge.es\/index.php\/wp-json\/wp\/v2\/comments?post=10225"}],"version-history":[{"count":0,"href":"https:\/\/sindromecharge.es\/index.php\/wp-json\/wp\/v2\/posts\/10225\/revisions"}],"wp:attachment":[{"href":"https:\/\/sindromecharge.es\/index.php\/wp-json\/wp\/v2\/media?parent=10225"}],"wp:term":[{"taxonomy":"category","embeddable":true,"href":"https:\/\/sindromecharge.es\/index.php\/wp-json\/wp\/v2\/categories?post=10225"},{"taxonomy":"post_tag","embeddable":true,"href":"https:\/\/sindromecharge.es\/index.php\/wp-json\/wp\/v2\/tags?post=10225"}],"curies":[{"name":"wp","href":"https:\/\/api.w.org\/{rel}","templated":true}]}}