{"id":10224,"date":"2024-08-06T05:16:55","date_gmt":"2024-08-06T05:16:55","guid":{"rendered":"https:\/\/sindromecharge.es\/index.php\/2024\/08\/06\/viajar-con-personas-discapacidad-intelectual\/"},"modified":"2024-08-06T05:16:55","modified_gmt":"2024-08-06T05:16:55","slug":"viajar-con-personas-discapacidad-intelectual","status":"publish","type":"post","link":"https:\/\/sindromecharge.es\/index.php\/2024\/08\/06\/viajar-con-personas-discapacidad-intelectual\/","title":{"rendered":"Claves para viajar con \u00e9xito con discapacidad intelectual: \u00abLa gente se te queda mirando por desconocimiento\u00bb"},"content":{"rendered":"<p>Leemos en Discapacidad la siguiente noticia que os reproducimos de forma \u00edntegra: <\/p>\n<div>\n<p>Pese a las barreras de todo tipo que todav\u00eda se siguen encontrando,<b> las personas con discapacidad cada vez viajan m\u00e1s<\/b>, incluso las que tienen grandes necesidades de apoyo, con menos oportunidades de viajar. Esto se debe, sobre todo, al papel de las asociaciones de personas con discapacidad, que cada vez dan m\u00e1s importancia a los programas de ocio y turismo por el gran beneficio que les proporciona, \u00abel programa de turismo es uno de los que m\u00e1s satisfacci\u00f3n les da, porque viajar les aporta diversi\u00f3n, como a todos, pero tambi\u00e9n independencia, autonom\u00eda, conocer gente fuera de su entorno\u2026\u00bb, asegura <b>Rosa Rold\u00e1n, Directora de ocio de la provincia de Albacete de Asprona, de Plena Inclusi\u00f3n Castilla -La Mancha. <\/b><\/p>\n<p>\u00abEn general, a\u00f1ade Rosa, ellos tienen muy pocas oportunidades de ir de viaje, por eso, cuando lo hacen, <b>vienen como si hubieran estado en el cielo<\/b>, sobre todo cuando tienen la posibilidad de elegir qu\u00e9 hacer, d\u00f3nde ir\u2026 por eso tiene tanto \u00e9xito este programa, no les importa gastarse dinero en viajar\u00bb. <\/p>\n<p>En <b>Asprona<\/b>, entidad en la que lleva a\u00f1os trabajando, son unos aut\u00e9nticos expertos en organizar viajes para personas con discapacidad intelectual y con grandes necesidades de apoyo, \u00abnos encargamos de hacer ocio en comunidad y del turismo y organizamos unos 40-50 viajes durante todo el a\u00f1o, por eso tenemos que planificarlos por trimestres, porque organizamos a lo largo de todo el a\u00f1o\u00bb. <\/p>\n<p>Es cierto que atienden a muchas personas, unas 1.000 en toda la provincia de Albacete, y de ellas,<b> entre 150 y 180 viajan con cierta regularidad<\/b>, \u00ablos viajes los organizamos en grupos peque\u00f1os, por eso tenemos que hacer muchos, porque a todas esas personas tenemos que darle cobertura de viajes, y no solo uno al a\u00f1o\u00bb. <\/p>\n<p>Adem\u00e1s, para lo que son un poco m\u00e1s aut\u00f3nomo, tienen la \u2018viajeteca\u2019, \u00abun programa en el que se les ense\u00f1a, por ejemplo, a coger un avi\u00f3n, a comparar precios\u2026 hacemos mucha mediaci\u00f3n\u00bb. <\/p>\n<p>Rosa Rold\u00e1n nos da algunas de las claves del \u00e9xito de este programa pionero.<\/p>\n<h2>Mejor en grupos peque\u00f1os y con personal especializado<\/h2>\n<p>Las personas para las que m\u00e1s viajes organizan desde Asprona son aquellas con grandes necesidades de apoyo, que son adem\u00e1s las que tienen menos oportunidades de viajar, <b>\u00absiempre tienen que viajar con apoyo<\/b>, un apoyo que les proporcionamos nosotros\u00bb, explica Rosa Rold\u00e1n.<\/p>\n<p>Por eso, entre otros motivos, los viajes que organizan son siempre en grupos peque\u00f1os, \u00abnuestra recomendaci\u00f3n es que sean de entre 2 y 8 personas, y nunca m\u00e1s de 10\u00bb. Viajar as\u00ed, como confirma Rosa, tiene muchas ventajas, \u00abes la mejor forma de que<b> viajen de manera inclusiva<\/b> porque queremos que tengan la misma experiencia de viaje que el resto de las personas, queremos que sus viajes sean lo m\u00e1s parecido posible al de un grupo de amigos, que elijan, siempre que sea posible, el destino, que se relacionen con otras personas de fuera del grupo, etc.\u00bb.<\/p>\n<h1>Queremos que tengan la misma experiencia de viaje que el resto de las personas<\/h1>\n<p>Esto permite tambi\u00e9n que los apoyos que necesiten<b> sean menos numerosos y m\u00e1s profesionalizados<\/b>, algo que desde Asprona defienden desde hace a\u00f1os, \u00abcontamos con voluntariado, que es muy valioso, pero al ser personas con grandes necesidades de apoyo, tiene que ser gente especializada. Y lo cierto es que hay muy poca. A veces se hacen burradas por el tema de la falta de recursos que tienen las asociaciones y el tema de las adaptaciones para el turismo\u00bb, reconoce. Esto, adem\u00e1s, da mucha calidad al viaje en todos los sentidos, \u00abal viajar menos personas, vas a encontrar sitio en todas partes, en una visita, en una mesa en una terraza\u00bb<\/p>\n<h2>Apoyos escasos en trenes, buses y hoteles<\/h2>\n<p>En el programa de ocio de Asprona, son los profesionales los que se encargan de buscar la mejor manera de viajar y de alojarse para grupos de personas con discapacidad intelectual. Su intenci\u00f3n, como incide Rosa Rold\u00e1n, es <b>que las personas con discapacidad viajen como todo el mundo<\/b>, y eso requiere, reconoce, toda una labor de investigaci\u00f3n, pues tiene que buscar servicios que cuenten con los apoyos suficientes, algo que, lamenta, ocurre muy poco, \u00abes cierto que cada vez hay m\u00e1s, o as\u00ed lo venden, pero son muchas veces <b>servicios muy pobres<\/b>, servicios que tenemos que suplir o complementar con nuestro apoyo. Lo que veo, en base a mi experiencia, es que se anuncian mucho las medidas de <a href=\"https:\/\/www.20minutos.es\/minuteca\/accesibilidad\/\" title=\"Accesibilidad\" target=\"_blank\" rel=\"noopener\">accesibilidad<\/a> para que las personas con discapacidad viajen, pero <b>el servicio no es de calidad<\/b>, al menos en las personas con discapacidad intelectual. Adem\u00e1s, se nota mucho la saturaci\u00f3n y masificaci\u00f3n general que hay en el turismo\u00bb. <\/p>\n<p>Esto ocurre tanto en el transporte como en los hoteles, pero esa falta de apoyos de los servicios p\u00fablicos no les suele tirar para atr\u00e1s, \u00abnosotros ya hace tiempo que dejamos de coger autobuses solo para nosotros, desde el momento en el que se decidi\u00f3 hacer grupos reducidos, as\u00ed que utilizamos todos los servicios del transporte p\u00fablico. <b>En Adif, por ejemplo, existe el servicio Acerca<\/b>, que a veces no da el servicio que deber\u00eda, y en los autobuses, hay que buscar los apoyos y servicios con los que cuenta cada empresa para <b>personas con <a href=\"https:\/\/www.20minutos.es\/minuteca\/discapacidad\/\" title=\"Discapacidad\" target=\"_blank\" rel=\"noopener\">discapacidad<\/a><\/b>, y no solo f\u00edsica, que es la que cuenta con m\u00e1s apoyos, tambi\u00e9n cognitiva e <a href=\"https:\/\/www.20minutos.es\/minuteca\/discapacidad-intelectual\/\" title=\"Discapacidad intelectual\" target=\"_blank\" rel=\"noopener\">intelectual<\/a>. En este sentido, por ejemplo, nosotros tenemos que buscar que tengan ba\u00f1o en el autob\u00fas, porque muchas de estas personas lo necesitan\u00bb, explica.<\/p>\n<h1>Se anuncian mucho las medidas de accesibilidad para que las personas con discapacidad viajen, pero el servicio no es de calidad<\/h1>\n<p>En los hoteles, el panorama que se encuentran no es mucho mejor, \u00abnecesitan folletos en <a href=\"https:\/\/www.20minutos.es\/minuteca\/lectura-facil\/\" title=\"Lectura f\u00e1cil\" target=\"_blank\" rel=\"noopener\">lectura f\u00e1cil<\/a>, que alguien les explique de manera personal d\u00f3nde est\u00e1n las cosas, como funcionan las cosas\u2026 porque muchas veces se ponen indicaciones que<b> no son, para nada, accesibles para personas con discapacidad intelectual<\/b>. Por eso, esa <b>accesibilidad cognitiva <\/b>que necesitan para entender su entorno tiene que hacerse de manera personal. El personal de los hoteles <b>tiene que saber que hay un grupo de personas con discapacidad que va a necesitar m\u00e1s atenci\u00f3n<\/b> y sin tener que pagar m\u00e1s, porque ya se paga m\u00e1s por una habitaci\u00f3n adaptada, que es m\u00e1s cara que una normal\u00bb.<\/p>\n<h2>Mucho recorrido, mucho por recorrer<\/h2>\n<p>A pesar de lo que todav\u00eda falta para que las personas con discapacidad pudieran viajar de manera aut\u00f3noma, la directora de ocio de Asprona Albacete reconoce que <b>se ha avanzado mucho<\/b>, especialmente en cuanto a c\u00f3mo la gente reacciona cuando ve viajando a un grupo de personas con discapacidad, \u00abcuando te subes en un autob\u00fas, la gente se te queda mirando, pero es solo un rato, y siempre por desconocimiento y miedo\u00bb.<\/p>\n<p>Un miedo y desconocimiento que se va disipando a medida que comparten espacios de turismo con personas con discapacidad intelectual, \u00ab<b>las miradas son siempre por ese motivo, por desconocimiento<\/b>, una barrera que la mejor manera de romper es demostrando que no son lo que los dem\u00e1s piensan. Muchas veces, por ejemplo, en un hotel o un apartamento, la gente piensa que van a ser m\u00e1s ruidosos, y para nada, pero hasta que no ven que no es as\u00ed&#8230;\u00bb.<\/p>\n<h1>Hemos cambiado nuestra forma de salir, ya no vamos en grupos grandes, como antes. Ahora son m\u00e1s mixtos, m\u00e1s inclusivos\u2026<\/h1>\n<p>Por eso es importante que viajen, y que lo hagan, adem\u00e1s, en grupos reducidos \u00aby en la comunidad. Esto sirve para que el resto los vea, para romper barreras, prejuicios\u2026<b> para que vean que son unos turistas m\u00e1s<\/b>\u00ab. <\/p>\n<p>Atr\u00e1s quedaron, o al menos ocurre mucho menos, que se les negara la entrada a ciertos espacios, como pubs o discotecas, \u00abhasta hace poco, era una realidad, no era ni mucho menos una noticia aislada. En ese sentido, ahora la sociedad es un poquito m\u00e1s abierta\u00bb. <\/p>\n<p>Las asociaciones tambien han tenido mucho que ver en eso, \u00abhemos cambiado nuestra forma de salir, ya no vamos en grupos grandes, como antes.<b> Ahora son m\u00e1s mixtos, m\u00e1s inclusivos<\/b>\u2026\u00bb<\/p>\n<p>Y, lo m\u00e1s importante, no se cierran a ninguna posibilidad, \u00abse tiende a pensar que por ir con personas con discapacidad no se pueden hacer ciertas cosas, como <b>un crucero<\/b>. Hace poco nos fuimos de crucero y la empresa con la que lo contratamos nos confes\u00f3 que \u00e9ramos el primer grupo de personas con discapacidad que contrataban ese viaje, y en el barco nos dijeron que nunca hab\u00edan tenido un grupo de personas con discapacidad\u00bb.<\/p>\n<p>Viajar con ella, como quiere dejar claro Rosa Rold\u00e1n, <b>\u00abno es dif\u00edcil, solo hay que apostar por ello. <\/b>Las asociaciones tienen que hacerlo, y encontrar profesionales <b>especializados en ocio y turismo y discapacidad<\/b>. En Asprona hemos luchado mucho para que sea as\u00ed, porque hemos visto que, si lo hacemos as\u00ed, al final siempre sale bien\u00bb, concluye optimista. <\/p>\n<\/div>\n<p>Fuente: Discapacidad https:\/\/www.20minutos.es\/noticia\/5536071\/0\/viajar-con-personas-discapacidad-intelectual\/<\/p>\n","protected":false},"excerpt":{"rendered":"<p>Rosa Rold\u00e1n, experta en viajes de Asprona, nos da algunas claves para que los viajes sean un \u00e9xito.<\/p>\n","protected":false},"author":1,"featured_media":0,"comment_status":"closed","ping_status":"closed","sticky":false,"template":"","format":"standard","meta":{"footnotes":""},"categories":[8],"tags":[],"class_list":["post-10224","post","type-post","status-publish","format-standard","hentry","category-noticias"],"yoast_head":"<!-- This site is optimized with the Yoast SEO plugin v27.5 - https:\/\/yoast.com\/product\/yoast-seo-wordpress\/ -->\n<title>Claves para viajar con \u00e9xito con discapacidad intelectual: &quot;La gente se te queda mirando por desconocimiento&quot; - Asociaci\u00f3n Espa\u00f1ola S\u00edndrome de Charge<\/title>\n<meta name=\"robots\" content=\"index, follow, max-snippet:-1, max-image-preview:large, max-video-preview:-1\" \/>\n<link rel=\"canonical\" href=\"https:\/\/sindromecharge.es\/index.php\/2024\/08\/06\/viajar-con-personas-discapacidad-intelectual\/\" \/>\n<meta property=\"og:locale\" content=\"es_ES\" \/>\n<meta property=\"og:type\" content=\"article\" \/>\n<meta property=\"og:title\" content=\"Claves para viajar con \u00e9xito con discapacidad intelectual: &quot;La gente se te queda mirando por desconocimiento&quot; - Asociaci\u00f3n Espa\u00f1ola S\u00edndrome de Charge\" \/>\n<meta property=\"og:description\" content=\"Rosa Rold\u00e1n, experta en viajes de Asprona, nos da algunas claves para que los viajes sean un \u00e9xito.\" \/>\n<meta property=\"og:url\" content=\"https:\/\/sindromecharge.es\/index.php\/2024\/08\/06\/viajar-con-personas-discapacidad-intelectual\/\" \/>\n<meta property=\"og:site_name\" content=\"Asociaci\u00f3n Espa\u00f1ola S\u00edndrome de Charge\" \/>\n<meta property=\"article:publisher\" content=\"https:\/\/www.facebook.com\/asociacionsindromecharge\" \/>\n<meta property=\"article:published_time\" content=\"2024-08-06T05:16:55+00:00\" \/>\n<meta property=\"og:image\" content=\"https:\/\/sindromecharge.es\/wp-content\/uploads\/2013\/09\/logodecharge300x98.png\" \/>\n\t<meta property=\"og:image:width\" content=\"300\" \/>\n\t<meta property=\"og:image:height\" content=\"98\" \/>\n\t<meta property=\"og:image:type\" content=\"image\/png\" \/>\n<meta name=\"author\" content=\"Charge\" \/>\n<meta name=\"twitter:card\" content=\"summary_large_image\" \/>\n<meta name=\"twitter:creator\" content=\"@sindromecharge\" \/>\n<meta name=\"twitter:site\" content=\"@sindromecharge\" \/>\n<meta name=\"twitter:label1\" content=\"Escrito por\" \/>\n\t<meta name=\"twitter:data1\" content=\"Charge\" \/>\n\t<meta name=\"twitter:label2\" content=\"Tiempo de lectura\" \/>\n\t<meta name=\"twitter:data2\" content=\"8 minutos\" \/>\n<script type=\"application\/ld+json\" class=\"yoast-schema-graph\">{\"@context\":\"https:\\\/\\\/schema.org\",\"@graph\":[{\"@type\":\"Article\",\"@id\":\"https:\\\/\\\/sindromecharge.es\\\/index.php\\\/2024\\\/08\\\/06\\\/viajar-con-personas-discapacidad-intelectual\\\/#article\",\"isPartOf\":{\"@id\":\"https:\\\/\\\/sindromecharge.es\\\/index.php\\\/2024\\\/08\\\/06\\\/viajar-con-personas-discapacidad-intelectual\\\/\"},\"author\":{\"name\":\"Charge\",\"@id\":\"https:\\\/\\\/sindromecharge.es\\\/#\\\/schema\\\/person\\\/39a60ebe0a2b4d5a11179701e336b039\"},\"headline\":\"Claves para viajar con \u00e9xito con discapacidad intelectual: \u00abLa gente se te queda mirando por desconocimiento\u00bb\",\"datePublished\":\"2024-08-06T05:16:55+00:00\",\"mainEntityOfPage\":{\"@id\":\"https:\\\/\\\/sindromecharge.es\\\/index.php\\\/2024\\\/08\\\/06\\\/viajar-con-personas-discapacidad-intelectual\\\/\"},\"wordCount\":1561,\"articleSection\":[\"noticias\"],\"inLanguage\":\"es\"},{\"@type\":\"WebPage\",\"@id\":\"https:\\\/\\\/sindromecharge.es\\\/index.php\\\/2024\\\/08\\\/06\\\/viajar-con-personas-discapacidad-intelectual\\\/\",\"url\":\"https:\\\/\\\/sindromecharge.es\\\/index.php\\\/2024\\\/08\\\/06\\\/viajar-con-personas-discapacidad-intelectual\\\/\",\"name\":\"Claves para viajar con \u00e9xito con discapacidad intelectual: \\\"La gente se te queda mirando por desconocimiento\\\" - Asociaci\u00f3n Espa\u00f1ola S\u00edndrome de Charge\",\"isPartOf\":{\"@id\":\"https:\\\/\\\/sindromecharge.es\\\/#website\"},\"datePublished\":\"2024-08-06T05:16:55+00:00\",\"author\":{\"@id\":\"https:\\\/\\\/sindromecharge.es\\\/#\\\/schema\\\/person\\\/39a60ebe0a2b4d5a11179701e336b039\"},\"breadcrumb\":{\"@id\":\"https:\\\/\\\/sindromecharge.es\\\/index.php\\\/2024\\\/08\\\/06\\\/viajar-con-personas-discapacidad-intelectual\\\/#breadcrumb\"},\"inLanguage\":\"es\",\"potentialAction\":[{\"@type\":\"ReadAction\",\"target\":[\"https:\\\/\\\/sindromecharge.es\\\/index.php\\\/2024\\\/08\\\/06\\\/viajar-con-personas-discapacidad-intelectual\\\/\"]}]},{\"@type\":\"BreadcrumbList\",\"@id\":\"https:\\\/\\\/sindromecharge.es\\\/index.php\\\/2024\\\/08\\\/06\\\/viajar-con-personas-discapacidad-intelectual\\\/#breadcrumb\",\"itemListElement\":[{\"@type\":\"ListItem\",\"position\":1,\"name\":\"Portada\",\"item\":\"https:\\\/\\\/sindromecharge.es\\\/\"},{\"@type\":\"ListItem\",\"position\":2,\"name\":\"Claves para viajar con \u00e9xito con discapacidad intelectual: &#8220;La gente se te queda mirando por desconocimiento&#8221;\"}]},{\"@type\":\"WebSite\",\"@id\":\"https:\\\/\\\/sindromecharge.es\\\/#website\",\"url\":\"https:\\\/\\\/sindromecharge.es\\\/\",\"name\":\"Asociaci\u00f3n Espa\u00f1ola S\u00edndrome de Charge\",\"description\":\"\",\"potentialAction\":[{\"@type\":\"SearchAction\",\"target\":{\"@type\":\"EntryPoint\",\"urlTemplate\":\"https:\\\/\\\/sindromecharge.es\\\/?s={search_term_string}\"},\"query-input\":{\"@type\":\"PropertyValueSpecification\",\"valueRequired\":true,\"valueName\":\"search_term_string\"}}],\"inLanguage\":\"es\"},{\"@type\":\"Person\",\"@id\":\"https:\\\/\\\/sindromecharge.es\\\/#\\\/schema\\\/person\\\/39a60ebe0a2b4d5a11179701e336b039\",\"name\":\"Charge\",\"image\":{\"@type\":\"ImageObject\",\"inLanguage\":\"es\",\"@id\":\"https:\\\/\\\/secure.gravatar.com\\\/avatar\\\/c3b46e32a0fc3b093a0873fb767bf3293de856293065e84ef06b7ec7a8acfb98?s=96&d=identicon&r=x\",\"url\":\"https:\\\/\\\/secure.gravatar.com\\\/avatar\\\/c3b46e32a0fc3b093a0873fb767bf3293de856293065e84ef06b7ec7a8acfb98?s=96&d=identicon&r=x\",\"contentUrl\":\"https:\\\/\\\/secure.gravatar.com\\\/avatar\\\/c3b46e32a0fc3b093a0873fb767bf3293de856293065e84ef06b7ec7a8acfb98?s=96&d=identicon&r=x\",\"caption\":\"Charge\"},\"url\":\"https:\\\/\\\/sindromecharge.es\\\/index.php\\\/author\\\/admin\\\/\"}]}<\/script>\n<!-- \/ Yoast SEO plugin. -->","yoast_head_json":{"title":"Claves para viajar con \u00e9xito con discapacidad intelectual: \"La gente se te queda mirando por desconocimiento\" - Asociaci\u00f3n Espa\u00f1ola S\u00edndrome de Charge","robots":{"index":"index","follow":"follow","max-snippet":"max-snippet:-1","max-image-preview":"max-image-preview:large","max-video-preview":"max-video-preview:-1"},"canonical":"https:\/\/sindromecharge.es\/index.php\/2024\/08\/06\/viajar-con-personas-discapacidad-intelectual\/","og_locale":"es_ES","og_type":"article","og_title":"Claves para viajar con \u00e9xito con discapacidad intelectual: \"La gente se te queda mirando por desconocimiento\" - Asociaci\u00f3n Espa\u00f1ola S\u00edndrome de Charge","og_description":"Rosa Rold\u00e1n, experta en viajes de Asprona, nos da algunas claves para que los viajes sean un \u00e9xito.","og_url":"https:\/\/sindromecharge.es\/index.php\/2024\/08\/06\/viajar-con-personas-discapacidad-intelectual\/","og_site_name":"Asociaci\u00f3n Espa\u00f1ola S\u00edndrome de Charge","article_publisher":"https:\/\/www.facebook.com\/asociacionsindromecharge","article_published_time":"2024-08-06T05:16:55+00:00","og_image":[{"width":300,"height":98,"url":"https:\/\/sindromecharge.es\/wp-content\/uploads\/2013\/09\/logodecharge300x98.png","type":"image\/png"}],"author":"Charge","twitter_card":"summary_large_image","twitter_creator":"@sindromecharge","twitter_site":"@sindromecharge","twitter_misc":{"Escrito por":"Charge","Tiempo de lectura":"8 minutos"},"schema":{"@context":"https:\/\/schema.org","@graph":[{"@type":"Article","@id":"https:\/\/sindromecharge.es\/index.php\/2024\/08\/06\/viajar-con-personas-discapacidad-intelectual\/#article","isPartOf":{"@id":"https:\/\/sindromecharge.es\/index.php\/2024\/08\/06\/viajar-con-personas-discapacidad-intelectual\/"},"author":{"name":"Charge","@id":"https:\/\/sindromecharge.es\/#\/schema\/person\/39a60ebe0a2b4d5a11179701e336b039"},"headline":"Claves para viajar con \u00e9xito con discapacidad intelectual: \u00abLa gente se te queda mirando por desconocimiento\u00bb","datePublished":"2024-08-06T05:16:55+00:00","mainEntityOfPage":{"@id":"https:\/\/sindromecharge.es\/index.php\/2024\/08\/06\/viajar-con-personas-discapacidad-intelectual\/"},"wordCount":1561,"articleSection":["noticias"],"inLanguage":"es"},{"@type":"WebPage","@id":"https:\/\/sindromecharge.es\/index.php\/2024\/08\/06\/viajar-con-personas-discapacidad-intelectual\/","url":"https:\/\/sindromecharge.es\/index.php\/2024\/08\/06\/viajar-con-personas-discapacidad-intelectual\/","name":"Claves para viajar con \u00e9xito con discapacidad intelectual: \"La gente se te queda mirando por desconocimiento\" - Asociaci\u00f3n Espa\u00f1ola S\u00edndrome de Charge","isPartOf":{"@id":"https:\/\/sindromecharge.es\/#website"},"datePublished":"2024-08-06T05:16:55+00:00","author":{"@id":"https:\/\/sindromecharge.es\/#\/schema\/person\/39a60ebe0a2b4d5a11179701e336b039"},"breadcrumb":{"@id":"https:\/\/sindromecharge.es\/index.php\/2024\/08\/06\/viajar-con-personas-discapacidad-intelectual\/#breadcrumb"},"inLanguage":"es","potentialAction":[{"@type":"ReadAction","target":["https:\/\/sindromecharge.es\/index.php\/2024\/08\/06\/viajar-con-personas-discapacidad-intelectual\/"]}]},{"@type":"BreadcrumbList","@id":"https:\/\/sindromecharge.es\/index.php\/2024\/08\/06\/viajar-con-personas-discapacidad-intelectual\/#breadcrumb","itemListElement":[{"@type":"ListItem","position":1,"name":"Portada","item":"https:\/\/sindromecharge.es\/"},{"@type":"ListItem","position":2,"name":"Claves para viajar con \u00e9xito con discapacidad intelectual: &#8220;La gente se te queda mirando por desconocimiento&#8221;"}]},{"@type":"WebSite","@id":"https:\/\/sindromecharge.es\/#website","url":"https:\/\/sindromecharge.es\/","name":"Asociaci\u00f3n Espa\u00f1ola S\u00edndrome de Charge","description":"","potentialAction":[{"@type":"SearchAction","target":{"@type":"EntryPoint","urlTemplate":"https:\/\/sindromecharge.es\/?s={search_term_string}"},"query-input":{"@type":"PropertyValueSpecification","valueRequired":true,"valueName":"search_term_string"}}],"inLanguage":"es"},{"@type":"Person","@id":"https:\/\/sindromecharge.es\/#\/schema\/person\/39a60ebe0a2b4d5a11179701e336b039","name":"Charge","image":{"@type":"ImageObject","inLanguage":"es","@id":"https:\/\/secure.gravatar.com\/avatar\/c3b46e32a0fc3b093a0873fb767bf3293de856293065e84ef06b7ec7a8acfb98?s=96&d=identicon&r=x","url":"https:\/\/secure.gravatar.com\/avatar\/c3b46e32a0fc3b093a0873fb767bf3293de856293065e84ef06b7ec7a8acfb98?s=96&d=identicon&r=x","contentUrl":"https:\/\/secure.gravatar.com\/avatar\/c3b46e32a0fc3b093a0873fb767bf3293de856293065e84ef06b7ec7a8acfb98?s=96&d=identicon&r=x","caption":"Charge"},"url":"https:\/\/sindromecharge.es\/index.php\/author\/admin\/"}]}},"_links":{"self":[{"href":"https:\/\/sindromecharge.es\/index.php\/wp-json\/wp\/v2\/posts\/10224","targetHints":{"allow":["GET"]}}],"collection":[{"href":"https:\/\/sindromecharge.es\/index.php\/wp-json\/wp\/v2\/posts"}],"about":[{"href":"https:\/\/sindromecharge.es\/index.php\/wp-json\/wp\/v2\/types\/post"}],"author":[{"embeddable":true,"href":"https:\/\/sindromecharge.es\/index.php\/wp-json\/wp\/v2\/users\/1"}],"replies":[{"embeddable":true,"href":"https:\/\/sindromecharge.es\/index.php\/wp-json\/wp\/v2\/comments?post=10224"}],"version-history":[{"count":0,"href":"https:\/\/sindromecharge.es\/index.php\/wp-json\/wp\/v2\/posts\/10224\/revisions"}],"wp:attachment":[{"href":"https:\/\/sindromecharge.es\/index.php\/wp-json\/wp\/v2\/media?parent=10224"}],"wp:term":[{"taxonomy":"category","embeddable":true,"href":"https:\/\/sindromecharge.es\/index.php\/wp-json\/wp\/v2\/categories?post=10224"},{"taxonomy":"post_tag","embeddable":true,"href":"https:\/\/sindromecharge.es\/index.php\/wp-json\/wp\/v2\/tags?post=10224"}],"curies":[{"name":"wp","href":"https:\/\/api.w.org\/{rel}","templated":true}]}}