{"id":10223,"date":"2024-08-05T05:15:08","date_gmt":"2024-08-05T05:15:08","guid":{"rendered":"https:\/\/sindromecharge.es\/index.php\/2024\/08\/05\/isabel-cuidadora-iker-con-autismo-como-madres-les-damos-todo-amor-mundo-pero-necesitamos-apoyo\/"},"modified":"2024-08-05T05:15:08","modified_gmt":"2024-08-05T05:15:08","slug":"isabel-cuidadora-iker-con-autismo-como-madres-les-damos-todo-amor-mundo-pero-necesitamos-apoyo","status":"publish","type":"post","link":"https:\/\/sindromecharge.es\/index.php\/2024\/08\/05\/isabel-cuidadora-iker-con-autismo-como-madres-les-damos-todo-amor-mundo-pero-necesitamos-apoyo\/","title":{"rendered":"Isabel, cuidadora de Iker, con autismo: \u00abComo madres, les damos todo el amor del mundo, pero necesitamos apoyo\u00bb"},"content":{"rendered":"<p>Leemos en Discapacidad la siguiente noticia que os reproducimos de forma \u00edntegra: <\/p>\n<div>\n<p><b>Isabel Gorostiaga Maguregui tiene 49 a\u00f1os<\/b>, y desde hace 22 a\u00f1os cuida de su hijo Iker Morales, una tarea dura, pues se trata de una persona con <b><a href=\"https:\/\/www.20minutos.es\/minuteca\/autismo\/\" title=\"Autismo\" target=\"_blank\" rel=\"noopener\">autismo<\/a> severo, no verbal y con grandes necesidades de apoyo<\/b>, dependiente en grado 3 y con un 81% de <a href=\"https:\/\/www.20minutos.es\/minuteca\/discapacidad\/\" title=\"Discapacidad\" target=\"_blank\" rel=\"noopener\">discapacidad<\/a>. Su situaci\u00f3n se agrav\u00f3 m\u00e1s hace 10 a\u00f1os, cuando se qued\u00f3 viuda y tuvo que encargarse sola de su hijo.<\/p>\n<p>Con la familia puede contar a veces, pero a medida que Iker fue creciendo, se complic\u00f3 mucho poder dejarlo con otras personas, por eso hace unos a\u00f1os tuvo que tomar una decisi\u00f3n dr\u00e1stica, \u00abtrabajar se convirti\u00f3 en algo inviable. He trabajado toda la vida y lo tuve que dejar porque, sobre todo el verano, no ve\u00eda c\u00f3mo hacerlo. Hasta entonces, ten\u00eda una reducci\u00f3n de jornada y me iba apa\u00f1ando, pero al crecer, es m\u00e1s dif\u00edcil de manejar,<b> las conductas de agravan, tiene problemas con el sue\u00f1o\u2026 <\/b>y ya no puede ayudarte nadie, pues <b>los abuelos ya no pueden con \u00e9l<\/b>. Me vi sola, y tuve que sacar fuerzas de d\u00f3nde no hay\u00bb, recuerda.<\/p>\n<p>Ahora mismo, reconoce, no puede dejarlo con nadie, \u00abm\u00e1s o menos tiene buena salud y hace ocho a\u00f1os que no tiene ataques de <a href=\"https:\/\/www.20minutos.es\/minuteca\/epilepsia\/\" title=\"Epilepsia\" target=\"_blank\" rel=\"noopener\">epilepsia<\/a>, pero hay que controlarlo constantemente: tiene mucha ansiedad por la comida, a ratos se pone muy nervioso, no tiene conciencia del peligro\u2026<b> Tiene cuerpo de hombre, pero es un ni\u00f1o<\/b>\u00ab, asegura.<\/p>\n<p>Desde que dej\u00f3 de trabajar, sobreviven con la <b>pensi\u00f3n de viudedad <\/b>de Isabel, que es escasa, y las ayudas que le dan a Iker, \u00abvamos tirando, porque la dependencia est\u00e1 pr\u00e1cticamente congelada desde hace a\u00f1os y tambi\u00e9n necesita sus terapias\u00bb. A pesar de todo, en algunos aspectos se siente privilegiada porque su hijo consigui\u00f3 el a\u00f1o pasado plaza en un centro ocupacional y ella ha podido conservar <b>la ayuda a la dependencia<\/b> en el entorno familiar y la cotizaci\u00f3n a la Seguridad Social, \u00aben Catalu\u00f1a, por suerte, no ocurre, pero en muchas comunidades son incompatibles. Si tienes un centro, te quitan la dependencia y las cotizaciones, y no es justo, porque el centro de d\u00eda son unas horas y los cuidados son 24\/7 y 365 d\u00edas al a\u00f1o\u00bb. <\/p>\n<h1>Si tienes un centro de d\u00eda, te quitan la dependencia y las cotizaciones, y no es justo, porque el centro son unas horas y los cuidados son 24\/7 y 365 d\u00edas al a\u00f1o<\/h1>\n<p>Una tarea que reconoce agotadora, \u00abtienes que renunciar a tu vida laboral, a tu vida social\u2026 Cuando la gran discapacidad llega a tu vida, tienes que dar un giro de 180 grados. Tienes tu vida hipotecada. Tienes que aprender a vivir a su ritmo, a sus necesidades\u2026 porque en el autismo no hay un patr\u00f3n, tienes que amoldarte a \u00e9l. <b>Nosotras cuidamos con mucho amor, pero agota f\u00edsica y psicol\u00f3gicamente<\/b>. Unos d\u00edas lo llevas mejor, pero es una gotita que no deja de caer en el vaso\u00bb.<\/p>\n<p>Tan agotadora como poco reconocida, porque como tantas mujeres que renuncian a todo para cuidar<b>, Isabel se siente invisible<\/b>, \u00ablo que queremos es que se nos visibilice, a nosotros y a nuestros derechos, porque un cuidador no es una, sino dos vidas\u00bb.<\/p>\n<h2>Sueldo, derechos y respiros<\/h2>\n<p>Dos vidas valiosas, pero que parece que<b> ni para la sociedad ni para las administraciones tienen valor<\/b>, \u00abno nos gusta que nos llamen cuidadoras no profesionales, porque de \u2018no profesionales\u2019 no tenemos nada. Nos gustar\u00eda que nos valoraran, que reconocieran el trabajo que hacemos, porque uno no elige la vida que le toca\u00bb, se queja, \u00aby la mejor manera de valorarnos es con un sueldo, con derechos&#8230; Nuestros, porque hacemos un trabajo, y de nuestros hijos, porque<b> los grandes dependientes necesitan cuidados<\/b> y terapias desde que nacen hasta que mueren\u00bb.<\/p>\n<p>Isabel, como otras madres que forman parte de la plataforma de cuidadoras principales, quieren que la anunciada reforma de la<a href=\"https:\/\/www.20minutos.es\/minuteca\/ley-de-dependencia\/\" title=\"Ley de Dependencia\" target=\"_blank\" rel=\"noopener\"> ley de dependencia <\/a>se aproveche para saldar una<b> deuda hist\u00f3rica que se tiene con ellas<\/b>, pero no apart\u00e1ndolas de los cuidados, no quieren que otras m\u00e1s \u2018profesionales\u2019 cuiden de los suyos, sino que <b>quieren derechos<\/b>, como un sueldo digno por hacerlo, cotizaciones o que se acabe con incompatibilidades, entre otras cosas, \u00abnos gustar\u00eda que en la reforma de la ley de dependencia se nos contemple y que se estudie cada caso, porque cada caso es distinto.<b> Se tienen que estudiar las necesidades de cada familia<\/b> y amoldar los recursos a las necesidades de cada una, de cada dependiente\u2026y que estos recursos fueran de unos m\u00ednimos en toda Espa\u00f1a, no como ahora, que cada comunidad aut\u00f3noma lo maneja de una forma\u00bb.<\/p>\n<h1>Mi hijo es el motor de mi vida, y lo cuido con todo el amor, pero el amor a veces no es suficiente, necesitamos ayuda para cuidarles y cuidarnos<\/h1>\n<p>Tambi\u00e9n piden <b>respiros para poder vivir<\/b>, \u00aben casi ninguna comunidad existen p\u00fablicos, y son muy importantes para que nosotras podamos descansar y desconectar de vez en cuando, pero el tema del ocio ni se contempla, ni para ellos ni para los cuidadores. Un cuidador son dos vidas, y hay que cuidar al cuidador para que pueda cuidar mejor. Como madres, les damos todo el amor del mundo, pero necesitamos apoyo\u00bb, reivindica.<\/p>\n<p>En su caso, adem\u00e1s, al tratarse de una familia monoparental, su situaci\u00f3n es a\u00fan de m\u00e1s vulnerabilidad, \u00abnecesitamos a\u00fan m\u00e1s apoyo\u00bb, demanda, un apoyo que le ayude a, al menos, poder disfrutar de los momentos que la vida le regale junto a su hijo sin tener que pensar qu\u00e9 ser\u00e1 de ellos ma\u00f1ana, \u00abestar con una persona gran dependiente <b>te ayuda a ver las cosas importantes de la vida<\/b>, a aprovechar los momentos de alegr\u00eda, que tambi\u00e9n los hay y se valoran mucho. Porque para m\u00ed, su sonrisa es todo, vale m\u00e1s que mil palabras\u2026 Mi hijo es el motor de mi vida, y lo cuido con todo el amor, pero el amor no es suficiente, necesitamos ayuda para cuidarles y cuidarnos\u00bb, termina emocionada. <\/p>\n<\/div>\n<p>Fuente: Discapacidad https:\/\/www.20minutos.es\/noticia\/5536576\/0\/isabel-cuidadora-iker-con-autismo-como-madres-les-damos-todo-amor-mundo-pero-necesitamos-apoyo\/<\/p>\n","protected":false},"excerpt":{"rendered":"<p>Isabel Gorostiaga cuida sola de su hijo Iker Morales, con autismo severo y un 81% de discapacidad.<\/p>\n","protected":false},"author":1,"featured_media":0,"comment_status":"closed","ping_status":"closed","sticky":false,"template":"","format":"standard","meta":{"footnotes":""},"categories":[8],"tags":[],"class_list":["post-10223","post","type-post","status-publish","format-standard","hentry","category-noticias"],"yoast_head":"<!-- This site is optimized with the Yoast SEO plugin v27.5 - https:\/\/yoast.com\/product\/yoast-seo-wordpress\/ -->\n<title>Isabel, cuidadora de Iker, con autismo: &quot;Como madres, les damos todo el amor del mundo, pero necesitamos apoyo&quot; - Asociaci\u00f3n Espa\u00f1ola S\u00edndrome de Charge<\/title>\n<meta name=\"robots\" content=\"index, follow, max-snippet:-1, max-image-preview:large, max-video-preview:-1\" \/>\n<link rel=\"canonical\" href=\"https:\/\/sindromecharge.es\/index.php\/2024\/08\/05\/isabel-cuidadora-iker-con-autismo-como-madres-les-damos-todo-amor-mundo-pero-necesitamos-apoyo\/\" \/>\n<meta property=\"og:locale\" content=\"es_ES\" \/>\n<meta property=\"og:type\" content=\"article\" \/>\n<meta property=\"og:title\" content=\"Isabel, cuidadora de Iker, con autismo: &quot;Como madres, les damos todo el amor del mundo, pero necesitamos apoyo&quot; - Asociaci\u00f3n Espa\u00f1ola S\u00edndrome de Charge\" \/>\n<meta property=\"og:description\" content=\"Isabel Gorostiaga cuida sola de su hijo Iker Morales, con autismo severo y un 81% de discapacidad.\" \/>\n<meta property=\"og:url\" content=\"https:\/\/sindromecharge.es\/index.php\/2024\/08\/05\/isabel-cuidadora-iker-con-autismo-como-madres-les-damos-todo-amor-mundo-pero-necesitamos-apoyo\/\" \/>\n<meta property=\"og:site_name\" content=\"Asociaci\u00f3n Espa\u00f1ola S\u00edndrome de Charge\" \/>\n<meta property=\"article:publisher\" content=\"https:\/\/www.facebook.com\/asociacionsindromecharge\" \/>\n<meta property=\"article:published_time\" content=\"2024-08-05T05:15:08+00:00\" \/>\n<meta property=\"og:image\" content=\"https:\/\/sindromecharge.es\/wp-content\/uploads\/2013\/09\/logodecharge300x98.png\" \/>\n\t<meta property=\"og:image:width\" content=\"300\" \/>\n\t<meta property=\"og:image:height\" content=\"98\" \/>\n\t<meta property=\"og:image:type\" content=\"image\/png\" \/>\n<meta name=\"author\" content=\"Charge\" \/>\n<meta name=\"twitter:card\" content=\"summary_large_image\" \/>\n<meta name=\"twitter:creator\" content=\"@sindromecharge\" \/>\n<meta name=\"twitter:site\" content=\"@sindromecharge\" \/>\n<meta name=\"twitter:label1\" content=\"Escrito por\" \/>\n\t<meta name=\"twitter:data1\" content=\"Charge\" \/>\n\t<meta name=\"twitter:label2\" content=\"Tiempo de lectura\" \/>\n\t<meta name=\"twitter:data2\" content=\"5 minutos\" \/>\n<script type=\"application\/ld+json\" class=\"yoast-schema-graph\">{\"@context\":\"https:\\\/\\\/schema.org\",\"@graph\":[{\"@type\":\"Article\",\"@id\":\"https:\\\/\\\/sindromecharge.es\\\/index.php\\\/2024\\\/08\\\/05\\\/isabel-cuidadora-iker-con-autismo-como-madres-les-damos-todo-amor-mundo-pero-necesitamos-apoyo\\\/#article\",\"isPartOf\":{\"@id\":\"https:\\\/\\\/sindromecharge.es\\\/index.php\\\/2024\\\/08\\\/05\\\/isabel-cuidadora-iker-con-autismo-como-madres-les-damos-todo-amor-mundo-pero-necesitamos-apoyo\\\/\"},\"author\":{\"name\":\"Charge\",\"@id\":\"https:\\\/\\\/sindromecharge.es\\\/#\\\/schema\\\/person\\\/39a60ebe0a2b4d5a11179701e336b039\"},\"headline\":\"Isabel, cuidadora de Iker, con autismo: \u00abComo madres, les damos todo el amor del mundo, pero necesitamos apoyo\u00bb\",\"datePublished\":\"2024-08-05T05:15:08+00:00\",\"mainEntityOfPage\":{\"@id\":\"https:\\\/\\\/sindromecharge.es\\\/index.php\\\/2024\\\/08\\\/05\\\/isabel-cuidadora-iker-con-autismo-como-madres-les-damos-todo-amor-mundo-pero-necesitamos-apoyo\\\/\"},\"wordCount\":1069,\"articleSection\":[\"noticias\"],\"inLanguage\":\"es\"},{\"@type\":\"WebPage\",\"@id\":\"https:\\\/\\\/sindromecharge.es\\\/index.php\\\/2024\\\/08\\\/05\\\/isabel-cuidadora-iker-con-autismo-como-madres-les-damos-todo-amor-mundo-pero-necesitamos-apoyo\\\/\",\"url\":\"https:\\\/\\\/sindromecharge.es\\\/index.php\\\/2024\\\/08\\\/05\\\/isabel-cuidadora-iker-con-autismo-como-madres-les-damos-todo-amor-mundo-pero-necesitamos-apoyo\\\/\",\"name\":\"Isabel, cuidadora de Iker, con autismo: \\\"Como madres, les damos todo el amor del mundo, pero necesitamos apoyo\\\" - Asociaci\u00f3n Espa\u00f1ola S\u00edndrome de Charge\",\"isPartOf\":{\"@id\":\"https:\\\/\\\/sindromecharge.es\\\/#website\"},\"datePublished\":\"2024-08-05T05:15:08+00:00\",\"author\":{\"@id\":\"https:\\\/\\\/sindromecharge.es\\\/#\\\/schema\\\/person\\\/39a60ebe0a2b4d5a11179701e336b039\"},\"breadcrumb\":{\"@id\":\"https:\\\/\\\/sindromecharge.es\\\/index.php\\\/2024\\\/08\\\/05\\\/isabel-cuidadora-iker-con-autismo-como-madres-les-damos-todo-amor-mundo-pero-necesitamos-apoyo\\\/#breadcrumb\"},\"inLanguage\":\"es\",\"potentialAction\":[{\"@type\":\"ReadAction\",\"target\":[\"https:\\\/\\\/sindromecharge.es\\\/index.php\\\/2024\\\/08\\\/05\\\/isabel-cuidadora-iker-con-autismo-como-madres-les-damos-todo-amor-mundo-pero-necesitamos-apoyo\\\/\"]}]},{\"@type\":\"BreadcrumbList\",\"@id\":\"https:\\\/\\\/sindromecharge.es\\\/index.php\\\/2024\\\/08\\\/05\\\/isabel-cuidadora-iker-con-autismo-como-madres-les-damos-todo-amor-mundo-pero-necesitamos-apoyo\\\/#breadcrumb\",\"itemListElement\":[{\"@type\":\"ListItem\",\"position\":1,\"name\":\"Portada\",\"item\":\"https:\\\/\\\/sindromecharge.es\\\/\"},{\"@type\":\"ListItem\",\"position\":2,\"name\":\"Isabel, cuidadora de Iker, con autismo: &#8220;Como madres, les damos todo el amor del mundo, pero necesitamos apoyo&#8221;\"}]},{\"@type\":\"WebSite\",\"@id\":\"https:\\\/\\\/sindromecharge.es\\\/#website\",\"url\":\"https:\\\/\\\/sindromecharge.es\\\/\",\"name\":\"Asociaci\u00f3n Espa\u00f1ola S\u00edndrome de Charge\",\"description\":\"\",\"potentialAction\":[{\"@type\":\"SearchAction\",\"target\":{\"@type\":\"EntryPoint\",\"urlTemplate\":\"https:\\\/\\\/sindromecharge.es\\\/?s={search_term_string}\"},\"query-input\":{\"@type\":\"PropertyValueSpecification\",\"valueRequired\":true,\"valueName\":\"search_term_string\"}}],\"inLanguage\":\"es\"},{\"@type\":\"Person\",\"@id\":\"https:\\\/\\\/sindromecharge.es\\\/#\\\/schema\\\/person\\\/39a60ebe0a2b4d5a11179701e336b039\",\"name\":\"Charge\",\"image\":{\"@type\":\"ImageObject\",\"inLanguage\":\"es\",\"@id\":\"https:\\\/\\\/secure.gravatar.com\\\/avatar\\\/c3b46e32a0fc3b093a0873fb767bf3293de856293065e84ef06b7ec7a8acfb98?s=96&d=identicon&r=x\",\"url\":\"https:\\\/\\\/secure.gravatar.com\\\/avatar\\\/c3b46e32a0fc3b093a0873fb767bf3293de856293065e84ef06b7ec7a8acfb98?s=96&d=identicon&r=x\",\"contentUrl\":\"https:\\\/\\\/secure.gravatar.com\\\/avatar\\\/c3b46e32a0fc3b093a0873fb767bf3293de856293065e84ef06b7ec7a8acfb98?s=96&d=identicon&r=x\",\"caption\":\"Charge\"},\"url\":\"https:\\\/\\\/sindromecharge.es\\\/index.php\\\/author\\\/admin\\\/\"}]}<\/script>\n<!-- \/ Yoast SEO plugin. -->","yoast_head_json":{"title":"Isabel, cuidadora de Iker, con autismo: \"Como madres, les damos todo el amor del mundo, pero necesitamos apoyo\" - Asociaci\u00f3n Espa\u00f1ola S\u00edndrome de Charge","robots":{"index":"index","follow":"follow","max-snippet":"max-snippet:-1","max-image-preview":"max-image-preview:large","max-video-preview":"max-video-preview:-1"},"canonical":"https:\/\/sindromecharge.es\/index.php\/2024\/08\/05\/isabel-cuidadora-iker-con-autismo-como-madres-les-damos-todo-amor-mundo-pero-necesitamos-apoyo\/","og_locale":"es_ES","og_type":"article","og_title":"Isabel, cuidadora de Iker, con autismo: \"Como madres, les damos todo el amor del mundo, pero necesitamos apoyo\" - Asociaci\u00f3n Espa\u00f1ola S\u00edndrome de Charge","og_description":"Isabel Gorostiaga cuida sola de su hijo Iker Morales, con autismo severo y un 81% de discapacidad.","og_url":"https:\/\/sindromecharge.es\/index.php\/2024\/08\/05\/isabel-cuidadora-iker-con-autismo-como-madres-les-damos-todo-amor-mundo-pero-necesitamos-apoyo\/","og_site_name":"Asociaci\u00f3n Espa\u00f1ola S\u00edndrome de Charge","article_publisher":"https:\/\/www.facebook.com\/asociacionsindromecharge","article_published_time":"2024-08-05T05:15:08+00:00","og_image":[{"width":300,"height":98,"url":"https:\/\/sindromecharge.es\/wp-content\/uploads\/2013\/09\/logodecharge300x98.png","type":"image\/png"}],"author":"Charge","twitter_card":"summary_large_image","twitter_creator":"@sindromecharge","twitter_site":"@sindromecharge","twitter_misc":{"Escrito por":"Charge","Tiempo de lectura":"5 minutos"},"schema":{"@context":"https:\/\/schema.org","@graph":[{"@type":"Article","@id":"https:\/\/sindromecharge.es\/index.php\/2024\/08\/05\/isabel-cuidadora-iker-con-autismo-como-madres-les-damos-todo-amor-mundo-pero-necesitamos-apoyo\/#article","isPartOf":{"@id":"https:\/\/sindromecharge.es\/index.php\/2024\/08\/05\/isabel-cuidadora-iker-con-autismo-como-madres-les-damos-todo-amor-mundo-pero-necesitamos-apoyo\/"},"author":{"name":"Charge","@id":"https:\/\/sindromecharge.es\/#\/schema\/person\/39a60ebe0a2b4d5a11179701e336b039"},"headline":"Isabel, cuidadora de Iker, con autismo: \u00abComo madres, les damos todo el amor del mundo, pero necesitamos apoyo\u00bb","datePublished":"2024-08-05T05:15:08+00:00","mainEntityOfPage":{"@id":"https:\/\/sindromecharge.es\/index.php\/2024\/08\/05\/isabel-cuidadora-iker-con-autismo-como-madres-les-damos-todo-amor-mundo-pero-necesitamos-apoyo\/"},"wordCount":1069,"articleSection":["noticias"],"inLanguage":"es"},{"@type":"WebPage","@id":"https:\/\/sindromecharge.es\/index.php\/2024\/08\/05\/isabel-cuidadora-iker-con-autismo-como-madres-les-damos-todo-amor-mundo-pero-necesitamos-apoyo\/","url":"https:\/\/sindromecharge.es\/index.php\/2024\/08\/05\/isabel-cuidadora-iker-con-autismo-como-madres-les-damos-todo-amor-mundo-pero-necesitamos-apoyo\/","name":"Isabel, cuidadora de Iker, con autismo: \"Como madres, les damos todo el amor del mundo, pero necesitamos apoyo\" - Asociaci\u00f3n Espa\u00f1ola S\u00edndrome de Charge","isPartOf":{"@id":"https:\/\/sindromecharge.es\/#website"},"datePublished":"2024-08-05T05:15:08+00:00","author":{"@id":"https:\/\/sindromecharge.es\/#\/schema\/person\/39a60ebe0a2b4d5a11179701e336b039"},"breadcrumb":{"@id":"https:\/\/sindromecharge.es\/index.php\/2024\/08\/05\/isabel-cuidadora-iker-con-autismo-como-madres-les-damos-todo-amor-mundo-pero-necesitamos-apoyo\/#breadcrumb"},"inLanguage":"es","potentialAction":[{"@type":"ReadAction","target":["https:\/\/sindromecharge.es\/index.php\/2024\/08\/05\/isabel-cuidadora-iker-con-autismo-como-madres-les-damos-todo-amor-mundo-pero-necesitamos-apoyo\/"]}]},{"@type":"BreadcrumbList","@id":"https:\/\/sindromecharge.es\/index.php\/2024\/08\/05\/isabel-cuidadora-iker-con-autismo-como-madres-les-damos-todo-amor-mundo-pero-necesitamos-apoyo\/#breadcrumb","itemListElement":[{"@type":"ListItem","position":1,"name":"Portada","item":"https:\/\/sindromecharge.es\/"},{"@type":"ListItem","position":2,"name":"Isabel, cuidadora de Iker, con autismo: &#8220;Como madres, les damos todo el amor del mundo, pero necesitamos apoyo&#8221;"}]},{"@type":"WebSite","@id":"https:\/\/sindromecharge.es\/#website","url":"https:\/\/sindromecharge.es\/","name":"Asociaci\u00f3n Espa\u00f1ola S\u00edndrome de Charge","description":"","potentialAction":[{"@type":"SearchAction","target":{"@type":"EntryPoint","urlTemplate":"https:\/\/sindromecharge.es\/?s={search_term_string}"},"query-input":{"@type":"PropertyValueSpecification","valueRequired":true,"valueName":"search_term_string"}}],"inLanguage":"es"},{"@type":"Person","@id":"https:\/\/sindromecharge.es\/#\/schema\/person\/39a60ebe0a2b4d5a11179701e336b039","name":"Charge","image":{"@type":"ImageObject","inLanguage":"es","@id":"https:\/\/secure.gravatar.com\/avatar\/c3b46e32a0fc3b093a0873fb767bf3293de856293065e84ef06b7ec7a8acfb98?s=96&d=identicon&r=x","url":"https:\/\/secure.gravatar.com\/avatar\/c3b46e32a0fc3b093a0873fb767bf3293de856293065e84ef06b7ec7a8acfb98?s=96&d=identicon&r=x","contentUrl":"https:\/\/secure.gravatar.com\/avatar\/c3b46e32a0fc3b093a0873fb767bf3293de856293065e84ef06b7ec7a8acfb98?s=96&d=identicon&r=x","caption":"Charge"},"url":"https:\/\/sindromecharge.es\/index.php\/author\/admin\/"}]}},"_links":{"self":[{"href":"https:\/\/sindromecharge.es\/index.php\/wp-json\/wp\/v2\/posts\/10223","targetHints":{"allow":["GET"]}}],"collection":[{"href":"https:\/\/sindromecharge.es\/index.php\/wp-json\/wp\/v2\/posts"}],"about":[{"href":"https:\/\/sindromecharge.es\/index.php\/wp-json\/wp\/v2\/types\/post"}],"author":[{"embeddable":true,"href":"https:\/\/sindromecharge.es\/index.php\/wp-json\/wp\/v2\/users\/1"}],"replies":[{"embeddable":true,"href":"https:\/\/sindromecharge.es\/index.php\/wp-json\/wp\/v2\/comments?post=10223"}],"version-history":[{"count":0,"href":"https:\/\/sindromecharge.es\/index.php\/wp-json\/wp\/v2\/posts\/10223\/revisions"}],"wp:attachment":[{"href":"https:\/\/sindromecharge.es\/index.php\/wp-json\/wp\/v2\/media?parent=10223"}],"wp:term":[{"taxonomy":"category","embeddable":true,"href":"https:\/\/sindromecharge.es\/index.php\/wp-json\/wp\/v2\/categories?post=10223"},{"taxonomy":"post_tag","embeddable":true,"href":"https:\/\/sindromecharge.es\/index.php\/wp-json\/wp\/v2\/tags?post=10223"}],"curies":[{"name":"wp","href":"https:\/\/api.w.org\/{rel}","templated":true}]}}