{"id":10222,"date":"2024-08-05T10:44:04","date_gmt":"2024-08-05T10:44:04","guid":{"rendered":"https:\/\/sindromecharge.es\/index.php\/2024\/08\/05\/conoce-diario-campamento-de-adolescentes-2024-menudos-corazones\/"},"modified":"2024-08-05T10:44:04","modified_gmt":"2024-08-05T10:44:04","slug":"conoce-diario-campamento-de-adolescentes-2024-menudos-corazones","status":"publish","type":"post","link":"https:\/\/sindromecharge.es\/index.php\/2024\/08\/05\/conoce-diario-campamento-de-adolescentes-2024-menudos-corazones\/","title":{"rendered":"Conoce en estos diarios el campamento de integraci\u00f3n Menudos Corazones 2024 para adolescentes"},"content":{"rendered":"<p>Leemos en Menudos Corazones la siguiente noticia que os reproducimos de forma \u00edntegra: <\/p>\n<div>\n<h3>Son muchas las actividades que se desarrollan \u00a0este verano 2024, en Hondarribia (Guip\u00fazcoa), en el<a href=\"https:\/\/www.menudoscorazones.org\/wp-content\/uploads\/2024\/02\/Campamento-adolescentes-Menudos-2024.pdf\"> campamento de Menudos Corazones para adolescentes con cardiopat\u00edas cong\u00e9nitas.\u00a0<\/a>\u00a1Con\u00f3celas!<\/h3>\n<p>\u00a0<\/p>\n<p><a href=\"https:\/\/www.menudoscorazones.org\/wp-content\/uploads\/2024\/08\/Domingo-4-de-agosto.pdf\"><img fetchpriority=\"high\" decoding=\"async\" class=\"alignnone wp-image-39913 size-medium\" src=\"https:\/\/www.menudoscorazones.org\/wp-content\/uploads\/2024\/08\/Domingo-4-de-agosto-300x300.png\" alt=\"\" width=\"300\" height=\"300\" srcset=\"https:\/\/www.menudoscorazones.org\/wp-content\/uploads\/2024\/08\/Domingo-4-de-agosto-300x300.png 300w, https:\/\/www.menudoscorazones.org\/wp-content\/uploads\/2024\/08\/Domingo-4-de-agosto-150x150.png 150w, https:\/\/www.menudoscorazones.org\/wp-content\/uploads\/2024\/08\/Domingo-4-de-agosto-500x500.png 500w, https:\/\/www.menudoscorazones.org\/wp-content\/uploads\/2024\/08\/Domingo-4-de-agosto-180x180.png 180w, https:\/\/www.menudoscorazones.org\/wp-content\/uploads\/2024\/08\/Domingo-4-de-agosto-50x50.png 50w, https:\/\/www.menudoscorazones.org\/wp-content\/uploads\/2024\/08\/Domingo-4-de-agosto-100x100.png 100w, https:\/\/www.menudoscorazones.org\/wp-content\/uploads\/2024\/08\/Domingo-4-de-agosto.png 600w\" sizes=\"(max-width: 300px) 100vw, 300px\"><\/a><\/p>\n<p>\u00a0<\/p>\n<p><img loading=\"lazy\" decoding=\"async\" class=\"aligncenter size-full wp-image-39912\" src=\"https:\/\/www.menudoscorazones.org\/wp-content\/uploads\/2024\/08\/Colaboradores-campa-adolescentes-2024.png\" alt=\"\" width=\"5500\" height=\"1310\" srcset=\"https:\/\/www.menudoscorazones.org\/wp-content\/uploads\/2024\/08\/Colaboradores-campa-adolescentes-2024.png 5500w, https:\/\/www.menudoscorazones.org\/wp-content\/uploads\/2024\/08\/Colaboradores-campa-adolescentes-2024-300x71.png 300w, https:\/\/www.menudoscorazones.org\/wp-content\/uploads\/2024\/08\/Colaboradores-campa-adolescentes-2024-1024x244.png 1024w, https:\/\/www.menudoscorazones.org\/wp-content\/uploads\/2024\/08\/Colaboradores-campa-adolescentes-2024-768x183.png 768w, https:\/\/www.menudoscorazones.org\/wp-content\/uploads\/2024\/08\/Colaboradores-campa-adolescentes-2024-1536x366.png 1536w, https:\/\/www.menudoscorazones.org\/wp-content\/uploads\/2024\/08\/Colaboradores-campa-adolescentes-2024-2048x488.png 2048w, https:\/\/www.menudoscorazones.org\/wp-content\/uploads\/2024\/08\/Colaboradores-campa-adolescentes-2024-655x156.png 655w\" sizes=\"auto, (max-width: 5500px) 100vw, 5500px\"><\/p>\n<p>La entrada <a href=\"https:\/\/www.menudoscorazones.org\/2024\/conoce-diario-campamento-de-adolescentes-2024-menudos-corazones\/\">Conoce en estos diarios el campamento de integraci\u00f3n Menudos Corazones 2024 para adolescentes<\/a> aparece primero en <a href=\"https:\/\/www.menudoscorazones.org\/\">Menudos Corazones<\/a>.<\/p>\n<\/div>\n<p>Fuente: Menudos Corazones https:\/\/www.menudoscorazones.org\/2024\/conoce-diario-campamento-de-adolescentes-2024-menudos-corazones\/<\/p>\n","protected":false},"excerpt":{"rendered":"<p>As\u00ed disfrutan, en Hondarribia (Guip\u00fazcoa), los adolescentes con cardiopat\u00edas que participan en el campamento de Menudos Corazones. La entrada Conoce en estos diarios el campamento de integraci\u00f3n Menudos Corazones 2024 para adolescentes aparece primero en Menudos Corazones.<\/p>\n","protected":false},"author":1,"featured_media":0,"comment_status":"closed","ping_status":"closed","sticky":false,"template":"","format":"standard","meta":{"footnotes":""},"categories":[8],"tags":[],"class_list":["post-10222","post","type-post","status-publish","format-standard","hentry","category-noticias"],"yoast_head":"<!-- This site is optimized with the Yoast SEO plugin v27.5 - https:\/\/yoast.com\/product\/yoast-seo-wordpress\/ -->\n<title>Conoce en estos diarios el campamento de integraci\u00f3n Menudos Corazones 2024 para adolescentes - Asociaci\u00f3n Espa\u00f1ola S\u00edndrome de Charge<\/title>\n<meta name=\"robots\" content=\"index, follow, max-snippet:-1, max-image-preview:large, max-video-preview:-1\" \/>\n<link rel=\"canonical\" href=\"https:\/\/sindromecharge.es\/index.php\/2024\/08\/05\/conoce-diario-campamento-de-adolescentes-2024-menudos-corazones\/\" \/>\n<meta property=\"og:locale\" content=\"es_ES\" \/>\n<meta property=\"og:type\" content=\"article\" \/>\n<meta property=\"og:title\" content=\"Conoce en estos diarios el campamento de integraci\u00f3n Menudos Corazones 2024 para adolescentes - Asociaci\u00f3n Espa\u00f1ola S\u00edndrome de Charge\" \/>\n<meta property=\"og:description\" content=\"As\u00ed disfrutan, en Hondarribia (Guip\u00fazcoa), los adolescentes con cardiopat\u00edas que participan en el campamento de Menudos Corazones. La entrada Conoce en estos diarios el campamento de integraci\u00f3n Menudos Corazones 2024 para adolescentes aparece primero en Menudos Corazones.\" \/>\n<meta property=\"og:url\" content=\"https:\/\/sindromecharge.es\/index.php\/2024\/08\/05\/conoce-diario-campamento-de-adolescentes-2024-menudos-corazones\/\" \/>\n<meta property=\"og:site_name\" content=\"Asociaci\u00f3n Espa\u00f1ola S\u00edndrome de Charge\" \/>\n<meta property=\"article:publisher\" content=\"https:\/\/www.facebook.com\/asociacionsindromecharge\" \/>\n<meta property=\"article:published_time\" content=\"2024-08-05T10:44:04+00:00\" \/>\n<meta property=\"og:image\" content=\"https:\/\/www.menudoscorazones.org\/wp-content\/uploads\/2024\/08\/Domingo-4-de-agosto-300x300.png\" \/>\n<meta name=\"author\" content=\"Charge\" \/>\n<meta name=\"twitter:card\" content=\"summary_large_image\" \/>\n<meta name=\"twitter:creator\" content=\"@sindromecharge\" \/>\n<meta name=\"twitter:site\" content=\"@sindromecharge\" \/>\n<meta name=\"twitter:label1\" content=\"Escrito por\" \/>\n\t<meta name=\"twitter:data1\" content=\"Charge\" \/>\n<script type=\"application\/ld+json\" class=\"yoast-schema-graph\">{\"@context\":\"https:\\\/\\\/schema.org\",\"@graph\":[{\"@type\":\"Article\",\"@id\":\"https:\\\/\\\/sindromecharge.es\\\/index.php\\\/2024\\\/08\\\/05\\\/conoce-diario-campamento-de-adolescentes-2024-menudos-corazones\\\/#article\",\"isPartOf\":{\"@id\":\"https:\\\/\\\/sindromecharge.es\\\/index.php\\\/2024\\\/08\\\/05\\\/conoce-diario-campamento-de-adolescentes-2024-menudos-corazones\\\/\"},\"author\":{\"name\":\"Charge\",\"@id\":\"https:\\\/\\\/sindromecharge.es\\\/#\\\/schema\\\/person\\\/39a60ebe0a2b4d5a11179701e336b039\"},\"headline\":\"Conoce en estos diarios el campamento de integraci\u00f3n Menudos Corazones 2024 para adolescentes\",\"datePublished\":\"2024-08-05T10:44:04+00:00\",\"mainEntityOfPage\":{\"@id\":\"https:\\\/\\\/sindromecharge.es\\\/index.php\\\/2024\\\/08\\\/05\\\/conoce-diario-campamento-de-adolescentes-2024-menudos-corazones\\\/\"},\"wordCount\":83,\"image\":{\"@id\":\"https:\\\/\\\/sindromecharge.es\\\/index.php\\\/2024\\\/08\\\/05\\\/conoce-diario-campamento-de-adolescentes-2024-menudos-corazones\\\/#primaryimage\"},\"thumbnailUrl\":\"https:\\\/\\\/www.menudoscorazones.org\\\/wp-content\\\/uploads\\\/2024\\\/08\\\/Domingo-4-de-agosto-300x300.png\",\"articleSection\":[\"noticias\"],\"inLanguage\":\"es\"},{\"@type\":\"WebPage\",\"@id\":\"https:\\\/\\\/sindromecharge.es\\\/index.php\\\/2024\\\/08\\\/05\\\/conoce-diario-campamento-de-adolescentes-2024-menudos-corazones\\\/\",\"url\":\"https:\\\/\\\/sindromecharge.es\\\/index.php\\\/2024\\\/08\\\/05\\\/conoce-diario-campamento-de-adolescentes-2024-menudos-corazones\\\/\",\"name\":\"Conoce en estos diarios el campamento de integraci\u00f3n Menudos Corazones 2024 para adolescentes - Asociaci\u00f3n Espa\u00f1ola S\u00edndrome de Charge\",\"isPartOf\":{\"@id\":\"https:\\\/\\\/sindromecharge.es\\\/#website\"},\"primaryImageOfPage\":{\"@id\":\"https:\\\/\\\/sindromecharge.es\\\/index.php\\\/2024\\\/08\\\/05\\\/conoce-diario-campamento-de-adolescentes-2024-menudos-corazones\\\/#primaryimage\"},\"image\":{\"@id\":\"https:\\\/\\\/sindromecharge.es\\\/index.php\\\/2024\\\/08\\\/05\\\/conoce-diario-campamento-de-adolescentes-2024-menudos-corazones\\\/#primaryimage\"},\"thumbnailUrl\":\"https:\\\/\\\/www.menudoscorazones.org\\\/wp-content\\\/uploads\\\/2024\\\/08\\\/Domingo-4-de-agosto-300x300.png\",\"datePublished\":\"2024-08-05T10:44:04+00:00\",\"author\":{\"@id\":\"https:\\\/\\\/sindromecharge.es\\\/#\\\/schema\\\/person\\\/39a60ebe0a2b4d5a11179701e336b039\"},\"breadcrumb\":{\"@id\":\"https:\\\/\\\/sindromecharge.es\\\/index.php\\\/2024\\\/08\\\/05\\\/conoce-diario-campamento-de-adolescentes-2024-menudos-corazones\\\/#breadcrumb\"},\"inLanguage\":\"es\",\"potentialAction\":[{\"@type\":\"ReadAction\",\"target\":[\"https:\\\/\\\/sindromecharge.es\\\/index.php\\\/2024\\\/08\\\/05\\\/conoce-diario-campamento-de-adolescentes-2024-menudos-corazones\\\/\"]}]},{\"@type\":\"ImageObject\",\"inLanguage\":\"es\",\"@id\":\"https:\\\/\\\/sindromecharge.es\\\/index.php\\\/2024\\\/08\\\/05\\\/conoce-diario-campamento-de-adolescentes-2024-menudos-corazones\\\/#primaryimage\",\"url\":\"https:\\\/\\\/www.menudoscorazones.org\\\/wp-content\\\/uploads\\\/2024\\\/08\\\/Domingo-4-de-agosto-300x300.png\",\"contentUrl\":\"https:\\\/\\\/www.menudoscorazones.org\\\/wp-content\\\/uploads\\\/2024\\\/08\\\/Domingo-4-de-agosto-300x300.png\"},{\"@type\":\"BreadcrumbList\",\"@id\":\"https:\\\/\\\/sindromecharge.es\\\/index.php\\\/2024\\\/08\\\/05\\\/conoce-diario-campamento-de-adolescentes-2024-menudos-corazones\\\/#breadcrumb\",\"itemListElement\":[{\"@type\":\"ListItem\",\"position\":1,\"name\":\"Portada\",\"item\":\"https:\\\/\\\/sindromecharge.es\\\/\"},{\"@type\":\"ListItem\",\"position\":2,\"name\":\"Conoce en estos diarios el campamento de integraci\u00f3n Menudos Corazones 2024 para adolescentes\"}]},{\"@type\":\"WebSite\",\"@id\":\"https:\\\/\\\/sindromecharge.es\\\/#website\",\"url\":\"https:\\\/\\\/sindromecharge.es\\\/\",\"name\":\"Asociaci\u00f3n Espa\u00f1ola S\u00edndrome de Charge\",\"description\":\"\",\"potentialAction\":[{\"@type\":\"SearchAction\",\"target\":{\"@type\":\"EntryPoint\",\"urlTemplate\":\"https:\\\/\\\/sindromecharge.es\\\/?s={search_term_string}\"},\"query-input\":{\"@type\":\"PropertyValueSpecification\",\"valueRequired\":true,\"valueName\":\"search_term_string\"}}],\"inLanguage\":\"es\"},{\"@type\":\"Person\",\"@id\":\"https:\\\/\\\/sindromecharge.es\\\/#\\\/schema\\\/person\\\/39a60ebe0a2b4d5a11179701e336b039\",\"name\":\"Charge\",\"image\":{\"@type\":\"ImageObject\",\"inLanguage\":\"es\",\"@id\":\"https:\\\/\\\/secure.gravatar.com\\\/avatar\\\/c3b46e32a0fc3b093a0873fb767bf3293de856293065e84ef06b7ec7a8acfb98?s=96&d=identicon&r=x\",\"url\":\"https:\\\/\\\/secure.gravatar.com\\\/avatar\\\/c3b46e32a0fc3b093a0873fb767bf3293de856293065e84ef06b7ec7a8acfb98?s=96&d=identicon&r=x\",\"contentUrl\":\"https:\\\/\\\/secure.gravatar.com\\\/avatar\\\/c3b46e32a0fc3b093a0873fb767bf3293de856293065e84ef06b7ec7a8acfb98?s=96&d=identicon&r=x\",\"caption\":\"Charge\"},\"url\":\"https:\\\/\\\/sindromecharge.es\\\/index.php\\\/author\\\/admin\\\/\"}]}<\/script>\n<!-- \/ Yoast SEO plugin. -->","yoast_head_json":{"title":"Conoce en estos diarios el campamento de integraci\u00f3n Menudos Corazones 2024 para adolescentes - Asociaci\u00f3n Espa\u00f1ola S\u00edndrome de Charge","robots":{"index":"index","follow":"follow","max-snippet":"max-snippet:-1","max-image-preview":"max-image-preview:large","max-video-preview":"max-video-preview:-1"},"canonical":"https:\/\/sindromecharge.es\/index.php\/2024\/08\/05\/conoce-diario-campamento-de-adolescentes-2024-menudos-corazones\/","og_locale":"es_ES","og_type":"article","og_title":"Conoce en estos diarios el campamento de integraci\u00f3n Menudos Corazones 2024 para adolescentes - Asociaci\u00f3n Espa\u00f1ola S\u00edndrome de Charge","og_description":"As\u00ed disfrutan, en Hondarribia (Guip\u00fazcoa), los adolescentes con cardiopat\u00edas que participan en el campamento de Menudos Corazones. La entrada Conoce en estos diarios el campamento de integraci\u00f3n Menudos Corazones 2024 para adolescentes aparece primero en Menudos Corazones.","og_url":"https:\/\/sindromecharge.es\/index.php\/2024\/08\/05\/conoce-diario-campamento-de-adolescentes-2024-menudos-corazones\/","og_site_name":"Asociaci\u00f3n Espa\u00f1ola S\u00edndrome de Charge","article_publisher":"https:\/\/www.facebook.com\/asociacionsindromecharge","article_published_time":"2024-08-05T10:44:04+00:00","og_image":[{"url":"https:\/\/www.menudoscorazones.org\/wp-content\/uploads\/2024\/08\/Domingo-4-de-agosto-300x300.png","type":"","width":"","height":""}],"author":"Charge","twitter_card":"summary_large_image","twitter_creator":"@sindromecharge","twitter_site":"@sindromecharge","twitter_misc":{"Escrito por":"Charge"},"schema":{"@context":"https:\/\/schema.org","@graph":[{"@type":"Article","@id":"https:\/\/sindromecharge.es\/index.php\/2024\/08\/05\/conoce-diario-campamento-de-adolescentes-2024-menudos-corazones\/#article","isPartOf":{"@id":"https:\/\/sindromecharge.es\/index.php\/2024\/08\/05\/conoce-diario-campamento-de-adolescentes-2024-menudos-corazones\/"},"author":{"name":"Charge","@id":"https:\/\/sindromecharge.es\/#\/schema\/person\/39a60ebe0a2b4d5a11179701e336b039"},"headline":"Conoce en estos diarios el campamento de integraci\u00f3n Menudos Corazones 2024 para adolescentes","datePublished":"2024-08-05T10:44:04+00:00","mainEntityOfPage":{"@id":"https:\/\/sindromecharge.es\/index.php\/2024\/08\/05\/conoce-diario-campamento-de-adolescentes-2024-menudos-corazones\/"},"wordCount":83,"image":{"@id":"https:\/\/sindromecharge.es\/index.php\/2024\/08\/05\/conoce-diario-campamento-de-adolescentes-2024-menudos-corazones\/#primaryimage"},"thumbnailUrl":"https:\/\/www.menudoscorazones.org\/wp-content\/uploads\/2024\/08\/Domingo-4-de-agosto-300x300.png","articleSection":["noticias"],"inLanguage":"es"},{"@type":"WebPage","@id":"https:\/\/sindromecharge.es\/index.php\/2024\/08\/05\/conoce-diario-campamento-de-adolescentes-2024-menudos-corazones\/","url":"https:\/\/sindromecharge.es\/index.php\/2024\/08\/05\/conoce-diario-campamento-de-adolescentes-2024-menudos-corazones\/","name":"Conoce en estos diarios el campamento de integraci\u00f3n Menudos Corazones 2024 para adolescentes - Asociaci\u00f3n Espa\u00f1ola S\u00edndrome de Charge","isPartOf":{"@id":"https:\/\/sindromecharge.es\/#website"},"primaryImageOfPage":{"@id":"https:\/\/sindromecharge.es\/index.php\/2024\/08\/05\/conoce-diario-campamento-de-adolescentes-2024-menudos-corazones\/#primaryimage"},"image":{"@id":"https:\/\/sindromecharge.es\/index.php\/2024\/08\/05\/conoce-diario-campamento-de-adolescentes-2024-menudos-corazones\/#primaryimage"},"thumbnailUrl":"https:\/\/www.menudoscorazones.org\/wp-content\/uploads\/2024\/08\/Domingo-4-de-agosto-300x300.png","datePublished":"2024-08-05T10:44:04+00:00","author":{"@id":"https:\/\/sindromecharge.es\/#\/schema\/person\/39a60ebe0a2b4d5a11179701e336b039"},"breadcrumb":{"@id":"https:\/\/sindromecharge.es\/index.php\/2024\/08\/05\/conoce-diario-campamento-de-adolescentes-2024-menudos-corazones\/#breadcrumb"},"inLanguage":"es","potentialAction":[{"@type":"ReadAction","target":["https:\/\/sindromecharge.es\/index.php\/2024\/08\/05\/conoce-diario-campamento-de-adolescentes-2024-menudos-corazones\/"]}]},{"@type":"ImageObject","inLanguage":"es","@id":"https:\/\/sindromecharge.es\/index.php\/2024\/08\/05\/conoce-diario-campamento-de-adolescentes-2024-menudos-corazones\/#primaryimage","url":"https:\/\/www.menudoscorazones.org\/wp-content\/uploads\/2024\/08\/Domingo-4-de-agosto-300x300.png","contentUrl":"https:\/\/www.menudoscorazones.org\/wp-content\/uploads\/2024\/08\/Domingo-4-de-agosto-300x300.png"},{"@type":"BreadcrumbList","@id":"https:\/\/sindromecharge.es\/index.php\/2024\/08\/05\/conoce-diario-campamento-de-adolescentes-2024-menudos-corazones\/#breadcrumb","itemListElement":[{"@type":"ListItem","position":1,"name":"Portada","item":"https:\/\/sindromecharge.es\/"},{"@type":"ListItem","position":2,"name":"Conoce en estos diarios el campamento de integraci\u00f3n Menudos Corazones 2024 para adolescentes"}]},{"@type":"WebSite","@id":"https:\/\/sindromecharge.es\/#website","url":"https:\/\/sindromecharge.es\/","name":"Asociaci\u00f3n Espa\u00f1ola S\u00edndrome de Charge","description":"","potentialAction":[{"@type":"SearchAction","target":{"@type":"EntryPoint","urlTemplate":"https:\/\/sindromecharge.es\/?s={search_term_string}"},"query-input":{"@type":"PropertyValueSpecification","valueRequired":true,"valueName":"search_term_string"}}],"inLanguage":"es"},{"@type":"Person","@id":"https:\/\/sindromecharge.es\/#\/schema\/person\/39a60ebe0a2b4d5a11179701e336b039","name":"Charge","image":{"@type":"ImageObject","inLanguage":"es","@id":"https:\/\/secure.gravatar.com\/avatar\/c3b46e32a0fc3b093a0873fb767bf3293de856293065e84ef06b7ec7a8acfb98?s=96&d=identicon&r=x","url":"https:\/\/secure.gravatar.com\/avatar\/c3b46e32a0fc3b093a0873fb767bf3293de856293065e84ef06b7ec7a8acfb98?s=96&d=identicon&r=x","contentUrl":"https:\/\/secure.gravatar.com\/avatar\/c3b46e32a0fc3b093a0873fb767bf3293de856293065e84ef06b7ec7a8acfb98?s=96&d=identicon&r=x","caption":"Charge"},"url":"https:\/\/sindromecharge.es\/index.php\/author\/admin\/"}]}},"_links":{"self":[{"href":"https:\/\/sindromecharge.es\/index.php\/wp-json\/wp\/v2\/posts\/10222","targetHints":{"allow":["GET"]}}],"collection":[{"href":"https:\/\/sindromecharge.es\/index.php\/wp-json\/wp\/v2\/posts"}],"about":[{"href":"https:\/\/sindromecharge.es\/index.php\/wp-json\/wp\/v2\/types\/post"}],"author":[{"embeddable":true,"href":"https:\/\/sindromecharge.es\/index.php\/wp-json\/wp\/v2\/users\/1"}],"replies":[{"embeddable":true,"href":"https:\/\/sindromecharge.es\/index.php\/wp-json\/wp\/v2\/comments?post=10222"}],"version-history":[{"count":0,"href":"https:\/\/sindromecharge.es\/index.php\/wp-json\/wp\/v2\/posts\/10222\/revisions"}],"wp:attachment":[{"href":"https:\/\/sindromecharge.es\/index.php\/wp-json\/wp\/v2\/media?parent=10222"}],"wp:term":[{"taxonomy":"category","embeddable":true,"href":"https:\/\/sindromecharge.es\/index.php\/wp-json\/wp\/v2\/categories?post=10222"},{"taxonomy":"post_tag","embeddable":true,"href":"https:\/\/sindromecharge.es\/index.php\/wp-json\/wp\/v2\/tags?post=10222"}],"curies":[{"name":"wp","href":"https:\/\/api.w.org\/{rel}","templated":true}]}}