{"id":10221,"date":"2024-08-04T15:26:05","date_gmt":"2024-08-04T15:26:05","guid":{"rendered":"https:\/\/sindromecharge.es\/index.php\/2024\/08\/04\/hermanos-saharauis-discapacidad-recurren-denegacion-asilo-alegan-discriminacion-aeropuerto-barajas\/"},"modified":"2024-08-04T15:26:05","modified_gmt":"2024-08-04T15:26:05","slug":"hermanos-saharauis-discapacidad-recurren-denegacion-asilo-alegan-discriminacion-aeropuerto-barajas","status":"publish","type":"post","link":"https:\/\/sindromecharge.es\/index.php\/2024\/08\/04\/hermanos-saharauis-discapacidad-recurren-denegacion-asilo-alegan-discriminacion-aeropuerto-barajas\/","title":{"rendered":"Los hermanos saharauis con discapacidad recurren la denegaci\u00f3n de asilo y alegan discriminaci\u00f3n"},"content":{"rendered":"<p>Leemos en Discapacidad la siguiente noticia que os reproducimos de forma \u00edntegra: <\/p>\n<div>\n<p>Los<b> <a href=\"https:\/\/www.20minutos.es\/noticia\/5542716\/0\/interior-deniega-solicitud-asilo-hermanos-saharauis-discapacitados\/\">hermanos saharauis<\/a><\/b> Jalil y Rabad El Elidrissi, que desde hace cinco d\u00edas se encuentran en la sala de inadmisiones del Aeropuerto de <a href=\"https:\/\/www.20minutos.es\/minuteca\/aeropuerto-de-madrid-barajas\/\" title=\"Aeropuerto de Madrid-Barajas\">Barajas <\/a>procedentes de El Aai\u00fan, han recurrido la denegaci\u00f3n de asilo y han alegado \u00ab<b>discriminaci\u00f3n <\/b>por parte de las autoridades marroqu\u00edes por ser ciudadanos saharauis\u00bb.<\/p>\n<p>Seg\u00fan ha informado su abogada Fatim El Galia, \u00abesta discriminaci\u00f3n la sufren los hermanos por pertenecer a un <b>grupo social reducido<\/b>, lo que hace que no se respeten sus derechos fundamentales y, dentro de ellos, el tema sanitario\u00bb.<\/p>\n<p>La letrada ha explicado que en el recurso, presentado este domingo en la jefatura de Fronteras del <a href=\"https:\/\/www.20minutos.es\/minuteca\/li-aeropuertos\/\" title=\"Aeropuertos\">aeropuerto<\/a>, dependiente de Interior, se pide <b>protecci\u00f3n internacional<\/b> para ambos \u00abpor pertenecer a un grupo reducido y discriminado\u00bb, y adem\u00e1s solicitan el estatuto de ap\u00e1trida argumentando que \u00abla nacionalidad marroqu\u00ed es una imposici\u00f3n\u00bb. Interior dispone ahora de dos d\u00edas para resolver sobre este recurso y decidir si los dos hermanos son o no deportados a <a href=\"https:\/\/www.20minutos.es\/minuteca\/marruecos\/\" title=\"Marruecos\">Marruecos<\/a>.<\/p>\n<p>En la petici\u00f3n de asilo Jalil, de 28 a\u00f1os, manifiesta padecer una <b>discapacidad f\u00edsica<\/b>, para la cual precisa tratamiento m\u00e9dico que no puede recibir en<a href=\"https:\/\/www.20minutos.es\/minuteca\/el-aaiun\/\" title=\"El Aai\u00fan\"> El Aai\u00fan<\/a>. Tambi\u00e9n padece asma y una deformidad cong\u00e9nita, con crecimiento anormal de partes del cuerpo que le causa rechazo y burlas. Para todo ello adjunta historial m\u00e9dico.<\/p>\n<p>Tambi\u00e9n Rabad, de 30 a\u00f1os, alega, en su caso, <b>discapacidad f\u00edsica<\/b> para lo cual precisaban tratamientos m\u00e9dicos, inaccesibles en su pa\u00eds. Estos cinco d\u00edas los dos j\u00f3venes han permanecido en la<b> sala de inadmitidos<\/b> del aeropuerto, en la T1, atendidos por <a href=\"https:\/\/www.20minutos.es\/minuteca\/li-cruz-roja\/\" title=\"Cruz Roja\">Cruz Roja<\/a>. Ahora est\u00e1n a la espera de que su recurso sea visto por Interior y resuelto.<\/p>\n<p>Seg\u00fan la letra, <a href=\"https:\/\/www.20minutos.es\/minuteca\/acnur\/\" title=\"Acnur\">ACNUR <\/a>ha emitido un informe relativo a la solicitud de protecci\u00f3n internacional en el que recomienda que dadas las limitaciones de los plazos para el procedimiento de ap\u00e1trida \u00aby no siendo factible que se resuelva en un tiempo razonable durante la estancia en el aeropuerto\u00bb, <b>se autorice la entrada de ambos<\/b> en <a href=\"https:\/\/www.20minutos.es\/minuteca\/li-espana\/\" title=\"Espa\u00f1a\">Espa\u00f1a<\/a>. Sugiere ACNUR que de forma que se puede continuar con el procedimiento de ap\u00e1trida con los saharauis ya en Espa\u00f1a y recibiendo atenci\u00f3n m\u00e9dica.<\/p>\n<\/div>\n<p>Fuente: Discapacidad https:\/\/www.20minutos.es\/noticia\/5542803\/0\/hermanos-saharauis-discapacidad-recurren-denegacion-asilo-alegan-discriminacion-aeropuerto-barajas\/<\/p>\n","protected":false},"excerpt":{"rendered":"<p>Su abogada Fatim El Galia informa que les han discriminado \u00abpor pertenecer a un grupo social reducido\u00bb.<\/p>\n","protected":false},"author":1,"featured_media":0,"comment_status":"closed","ping_status":"closed","sticky":false,"template":"","format":"standard","meta":{"footnotes":""},"categories":[8],"tags":[],"class_list":["post-10221","post","type-post","status-publish","format-standard","hentry","category-noticias"],"yoast_head":"<!-- This site is optimized with the Yoast SEO plugin v27.5 - https:\/\/yoast.com\/product\/yoast-seo-wordpress\/ -->\n<title>Los hermanos saharauis con discapacidad recurren la denegaci\u00f3n de asilo y alegan discriminaci\u00f3n - Asociaci\u00f3n Espa\u00f1ola S\u00edndrome de Charge<\/title>\n<meta name=\"robots\" content=\"index, follow, max-snippet:-1, max-image-preview:large, max-video-preview:-1\" \/>\n<link rel=\"canonical\" href=\"https:\/\/sindromecharge.es\/index.php\/2024\/08\/04\/hermanos-saharauis-discapacidad-recurren-denegacion-asilo-alegan-discriminacion-aeropuerto-barajas\/\" \/>\n<meta property=\"og:locale\" content=\"es_ES\" \/>\n<meta property=\"og:type\" content=\"article\" \/>\n<meta property=\"og:title\" content=\"Los hermanos saharauis con discapacidad recurren la denegaci\u00f3n de asilo y alegan discriminaci\u00f3n - Asociaci\u00f3n Espa\u00f1ola S\u00edndrome de Charge\" \/>\n<meta property=\"og:description\" content=\"Su abogada Fatim El Galia informa que les han discriminado \u00abpor pertenecer a un grupo social reducido\u00bb.\" \/>\n<meta property=\"og:url\" content=\"https:\/\/sindromecharge.es\/index.php\/2024\/08\/04\/hermanos-saharauis-discapacidad-recurren-denegacion-asilo-alegan-discriminacion-aeropuerto-barajas\/\" \/>\n<meta property=\"og:site_name\" content=\"Asociaci\u00f3n Espa\u00f1ola S\u00edndrome de Charge\" \/>\n<meta property=\"article:publisher\" content=\"https:\/\/www.facebook.com\/asociacionsindromecharge\" \/>\n<meta property=\"article:published_time\" content=\"2024-08-04T15:26:05+00:00\" \/>\n<meta property=\"og:image\" content=\"https:\/\/sindromecharge.es\/wp-content\/uploads\/2013\/09\/logodecharge300x98.png\" \/>\n\t<meta property=\"og:image:width\" content=\"300\" \/>\n\t<meta property=\"og:image:height\" content=\"98\" \/>\n\t<meta property=\"og:image:type\" content=\"image\/png\" \/>\n<meta name=\"author\" content=\"Charge\" \/>\n<meta name=\"twitter:card\" content=\"summary_large_image\" \/>\n<meta name=\"twitter:creator\" content=\"@sindromecharge\" \/>\n<meta name=\"twitter:site\" content=\"@sindromecharge\" \/>\n<meta name=\"twitter:label1\" content=\"Escrito por\" \/>\n\t<meta name=\"twitter:data1\" content=\"Charge\" \/>\n\t<meta name=\"twitter:label2\" content=\"Tiempo de lectura\" \/>\n\t<meta name=\"twitter:data2\" content=\"2 minutos\" \/>\n<script type=\"application\/ld+json\" class=\"yoast-schema-graph\">{\"@context\":\"https:\\\/\\\/schema.org\",\"@graph\":[{\"@type\":\"Article\",\"@id\":\"https:\\\/\\\/sindromecharge.es\\\/index.php\\\/2024\\\/08\\\/04\\\/hermanos-saharauis-discapacidad-recurren-denegacion-asilo-alegan-discriminacion-aeropuerto-barajas\\\/#article\",\"isPartOf\":{\"@id\":\"https:\\\/\\\/sindromecharge.es\\\/index.php\\\/2024\\\/08\\\/04\\\/hermanos-saharauis-discapacidad-recurren-denegacion-asilo-alegan-discriminacion-aeropuerto-barajas\\\/\"},\"author\":{\"name\":\"Charge\",\"@id\":\"https:\\\/\\\/sindromecharge.es\\\/#\\\/schema\\\/person\\\/39a60ebe0a2b4d5a11179701e336b039\"},\"headline\":\"Los hermanos saharauis con discapacidad recurren la denegaci\u00f3n de asilo y alegan discriminaci\u00f3n\",\"datePublished\":\"2024-08-04T15:26:05+00:00\",\"mainEntityOfPage\":{\"@id\":\"https:\\\/\\\/sindromecharge.es\\\/index.php\\\/2024\\\/08\\\/04\\\/hermanos-saharauis-discapacidad-recurren-denegacion-asilo-alegan-discriminacion-aeropuerto-barajas\\\/\"},\"wordCount\":419,\"articleSection\":[\"noticias\"],\"inLanguage\":\"es\"},{\"@type\":\"WebPage\",\"@id\":\"https:\\\/\\\/sindromecharge.es\\\/index.php\\\/2024\\\/08\\\/04\\\/hermanos-saharauis-discapacidad-recurren-denegacion-asilo-alegan-discriminacion-aeropuerto-barajas\\\/\",\"url\":\"https:\\\/\\\/sindromecharge.es\\\/index.php\\\/2024\\\/08\\\/04\\\/hermanos-saharauis-discapacidad-recurren-denegacion-asilo-alegan-discriminacion-aeropuerto-barajas\\\/\",\"name\":\"Los hermanos saharauis con discapacidad recurren la denegaci\u00f3n de asilo y alegan discriminaci\u00f3n - Asociaci\u00f3n Espa\u00f1ola S\u00edndrome de Charge\",\"isPartOf\":{\"@id\":\"https:\\\/\\\/sindromecharge.es\\\/#website\"},\"datePublished\":\"2024-08-04T15:26:05+00:00\",\"author\":{\"@id\":\"https:\\\/\\\/sindromecharge.es\\\/#\\\/schema\\\/person\\\/39a60ebe0a2b4d5a11179701e336b039\"},\"breadcrumb\":{\"@id\":\"https:\\\/\\\/sindromecharge.es\\\/index.php\\\/2024\\\/08\\\/04\\\/hermanos-saharauis-discapacidad-recurren-denegacion-asilo-alegan-discriminacion-aeropuerto-barajas\\\/#breadcrumb\"},\"inLanguage\":\"es\",\"potentialAction\":[{\"@type\":\"ReadAction\",\"target\":[\"https:\\\/\\\/sindromecharge.es\\\/index.php\\\/2024\\\/08\\\/04\\\/hermanos-saharauis-discapacidad-recurren-denegacion-asilo-alegan-discriminacion-aeropuerto-barajas\\\/\"]}]},{\"@type\":\"BreadcrumbList\",\"@id\":\"https:\\\/\\\/sindromecharge.es\\\/index.php\\\/2024\\\/08\\\/04\\\/hermanos-saharauis-discapacidad-recurren-denegacion-asilo-alegan-discriminacion-aeropuerto-barajas\\\/#breadcrumb\",\"itemListElement\":[{\"@type\":\"ListItem\",\"position\":1,\"name\":\"Portada\",\"item\":\"https:\\\/\\\/sindromecharge.es\\\/\"},{\"@type\":\"ListItem\",\"position\":2,\"name\":\"Los hermanos saharauis con discapacidad recurren la denegaci\u00f3n de asilo y alegan discriminaci\u00f3n\"}]},{\"@type\":\"WebSite\",\"@id\":\"https:\\\/\\\/sindromecharge.es\\\/#website\",\"url\":\"https:\\\/\\\/sindromecharge.es\\\/\",\"name\":\"Asociaci\u00f3n Espa\u00f1ola S\u00edndrome de Charge\",\"description\":\"\",\"potentialAction\":[{\"@type\":\"SearchAction\",\"target\":{\"@type\":\"EntryPoint\",\"urlTemplate\":\"https:\\\/\\\/sindromecharge.es\\\/?s={search_term_string}\"},\"query-input\":{\"@type\":\"PropertyValueSpecification\",\"valueRequired\":true,\"valueName\":\"search_term_string\"}}],\"inLanguage\":\"es\"},{\"@type\":\"Person\",\"@id\":\"https:\\\/\\\/sindromecharge.es\\\/#\\\/schema\\\/person\\\/39a60ebe0a2b4d5a11179701e336b039\",\"name\":\"Charge\",\"image\":{\"@type\":\"ImageObject\",\"inLanguage\":\"es\",\"@id\":\"https:\\\/\\\/secure.gravatar.com\\\/avatar\\\/c3b46e32a0fc3b093a0873fb767bf3293de856293065e84ef06b7ec7a8acfb98?s=96&d=identicon&r=x\",\"url\":\"https:\\\/\\\/secure.gravatar.com\\\/avatar\\\/c3b46e32a0fc3b093a0873fb767bf3293de856293065e84ef06b7ec7a8acfb98?s=96&d=identicon&r=x\",\"contentUrl\":\"https:\\\/\\\/secure.gravatar.com\\\/avatar\\\/c3b46e32a0fc3b093a0873fb767bf3293de856293065e84ef06b7ec7a8acfb98?s=96&d=identicon&r=x\",\"caption\":\"Charge\"},\"url\":\"https:\\\/\\\/sindromecharge.es\\\/index.php\\\/author\\\/admin\\\/\"}]}<\/script>\n<!-- \/ Yoast SEO plugin. -->","yoast_head_json":{"title":"Los hermanos saharauis con discapacidad recurren la denegaci\u00f3n de asilo y alegan discriminaci\u00f3n - Asociaci\u00f3n Espa\u00f1ola S\u00edndrome de Charge","robots":{"index":"index","follow":"follow","max-snippet":"max-snippet:-1","max-image-preview":"max-image-preview:large","max-video-preview":"max-video-preview:-1"},"canonical":"https:\/\/sindromecharge.es\/index.php\/2024\/08\/04\/hermanos-saharauis-discapacidad-recurren-denegacion-asilo-alegan-discriminacion-aeropuerto-barajas\/","og_locale":"es_ES","og_type":"article","og_title":"Los hermanos saharauis con discapacidad recurren la denegaci\u00f3n de asilo y alegan discriminaci\u00f3n - Asociaci\u00f3n Espa\u00f1ola S\u00edndrome de Charge","og_description":"Su abogada Fatim El Galia informa que les han discriminado \u00abpor pertenecer a un grupo social reducido\u00bb.","og_url":"https:\/\/sindromecharge.es\/index.php\/2024\/08\/04\/hermanos-saharauis-discapacidad-recurren-denegacion-asilo-alegan-discriminacion-aeropuerto-barajas\/","og_site_name":"Asociaci\u00f3n Espa\u00f1ola S\u00edndrome de Charge","article_publisher":"https:\/\/www.facebook.com\/asociacionsindromecharge","article_published_time":"2024-08-04T15:26:05+00:00","og_image":[{"width":300,"height":98,"url":"https:\/\/sindromecharge.es\/wp-content\/uploads\/2013\/09\/logodecharge300x98.png","type":"image\/png"}],"author":"Charge","twitter_card":"summary_large_image","twitter_creator":"@sindromecharge","twitter_site":"@sindromecharge","twitter_misc":{"Escrito por":"Charge","Tiempo de lectura":"2 minutos"},"schema":{"@context":"https:\/\/schema.org","@graph":[{"@type":"Article","@id":"https:\/\/sindromecharge.es\/index.php\/2024\/08\/04\/hermanos-saharauis-discapacidad-recurren-denegacion-asilo-alegan-discriminacion-aeropuerto-barajas\/#article","isPartOf":{"@id":"https:\/\/sindromecharge.es\/index.php\/2024\/08\/04\/hermanos-saharauis-discapacidad-recurren-denegacion-asilo-alegan-discriminacion-aeropuerto-barajas\/"},"author":{"name":"Charge","@id":"https:\/\/sindromecharge.es\/#\/schema\/person\/39a60ebe0a2b4d5a11179701e336b039"},"headline":"Los hermanos saharauis con discapacidad recurren la denegaci\u00f3n de asilo y alegan discriminaci\u00f3n","datePublished":"2024-08-04T15:26:05+00:00","mainEntityOfPage":{"@id":"https:\/\/sindromecharge.es\/index.php\/2024\/08\/04\/hermanos-saharauis-discapacidad-recurren-denegacion-asilo-alegan-discriminacion-aeropuerto-barajas\/"},"wordCount":419,"articleSection":["noticias"],"inLanguage":"es"},{"@type":"WebPage","@id":"https:\/\/sindromecharge.es\/index.php\/2024\/08\/04\/hermanos-saharauis-discapacidad-recurren-denegacion-asilo-alegan-discriminacion-aeropuerto-barajas\/","url":"https:\/\/sindromecharge.es\/index.php\/2024\/08\/04\/hermanos-saharauis-discapacidad-recurren-denegacion-asilo-alegan-discriminacion-aeropuerto-barajas\/","name":"Los hermanos saharauis con discapacidad recurren la denegaci\u00f3n de asilo y alegan discriminaci\u00f3n - Asociaci\u00f3n Espa\u00f1ola S\u00edndrome de Charge","isPartOf":{"@id":"https:\/\/sindromecharge.es\/#website"},"datePublished":"2024-08-04T15:26:05+00:00","author":{"@id":"https:\/\/sindromecharge.es\/#\/schema\/person\/39a60ebe0a2b4d5a11179701e336b039"},"breadcrumb":{"@id":"https:\/\/sindromecharge.es\/index.php\/2024\/08\/04\/hermanos-saharauis-discapacidad-recurren-denegacion-asilo-alegan-discriminacion-aeropuerto-barajas\/#breadcrumb"},"inLanguage":"es","potentialAction":[{"@type":"ReadAction","target":["https:\/\/sindromecharge.es\/index.php\/2024\/08\/04\/hermanos-saharauis-discapacidad-recurren-denegacion-asilo-alegan-discriminacion-aeropuerto-barajas\/"]}]},{"@type":"BreadcrumbList","@id":"https:\/\/sindromecharge.es\/index.php\/2024\/08\/04\/hermanos-saharauis-discapacidad-recurren-denegacion-asilo-alegan-discriminacion-aeropuerto-barajas\/#breadcrumb","itemListElement":[{"@type":"ListItem","position":1,"name":"Portada","item":"https:\/\/sindromecharge.es\/"},{"@type":"ListItem","position":2,"name":"Los hermanos saharauis con discapacidad recurren la denegaci\u00f3n de asilo y alegan discriminaci\u00f3n"}]},{"@type":"WebSite","@id":"https:\/\/sindromecharge.es\/#website","url":"https:\/\/sindromecharge.es\/","name":"Asociaci\u00f3n Espa\u00f1ola S\u00edndrome de Charge","description":"","potentialAction":[{"@type":"SearchAction","target":{"@type":"EntryPoint","urlTemplate":"https:\/\/sindromecharge.es\/?s={search_term_string}"},"query-input":{"@type":"PropertyValueSpecification","valueRequired":true,"valueName":"search_term_string"}}],"inLanguage":"es"},{"@type":"Person","@id":"https:\/\/sindromecharge.es\/#\/schema\/person\/39a60ebe0a2b4d5a11179701e336b039","name":"Charge","image":{"@type":"ImageObject","inLanguage":"es","@id":"https:\/\/secure.gravatar.com\/avatar\/c3b46e32a0fc3b093a0873fb767bf3293de856293065e84ef06b7ec7a8acfb98?s=96&d=identicon&r=x","url":"https:\/\/secure.gravatar.com\/avatar\/c3b46e32a0fc3b093a0873fb767bf3293de856293065e84ef06b7ec7a8acfb98?s=96&d=identicon&r=x","contentUrl":"https:\/\/secure.gravatar.com\/avatar\/c3b46e32a0fc3b093a0873fb767bf3293de856293065e84ef06b7ec7a8acfb98?s=96&d=identicon&r=x","caption":"Charge"},"url":"https:\/\/sindromecharge.es\/index.php\/author\/admin\/"}]}},"_links":{"self":[{"href":"https:\/\/sindromecharge.es\/index.php\/wp-json\/wp\/v2\/posts\/10221","targetHints":{"allow":["GET"]}}],"collection":[{"href":"https:\/\/sindromecharge.es\/index.php\/wp-json\/wp\/v2\/posts"}],"about":[{"href":"https:\/\/sindromecharge.es\/index.php\/wp-json\/wp\/v2\/types\/post"}],"author":[{"embeddable":true,"href":"https:\/\/sindromecharge.es\/index.php\/wp-json\/wp\/v2\/users\/1"}],"replies":[{"embeddable":true,"href":"https:\/\/sindromecharge.es\/index.php\/wp-json\/wp\/v2\/comments?post=10221"}],"version-history":[{"count":0,"href":"https:\/\/sindromecharge.es\/index.php\/wp-json\/wp\/v2\/posts\/10221\/revisions"}],"wp:attachment":[{"href":"https:\/\/sindromecharge.es\/index.php\/wp-json\/wp\/v2\/media?parent=10221"}],"wp:term":[{"taxonomy":"category","embeddable":true,"href":"https:\/\/sindromecharge.es\/index.php\/wp-json\/wp\/v2\/categories?post=10221"},{"taxonomy":"post_tag","embeddable":true,"href":"https:\/\/sindromecharge.es\/index.php\/wp-json\/wp\/v2\/tags?post=10221"}],"curies":[{"name":"wp","href":"https:\/\/api.w.org\/{rel}","templated":true}]}}