{"id":10219,"date":"2024-08-04T06:19:33","date_gmt":"2024-08-04T06:19:33","guid":{"rendered":"https:\/\/sindromecharge.es\/index.php\/2024\/08\/04\/patricia-pozo-neurologa-migrana-es-una-las-enfermedades-mas-incapacitantes-pero-esta-banalizada-estigmatizada\/"},"modified":"2024-08-04T06:19:33","modified_gmt":"2024-08-04T06:19:33","slug":"patricia-pozo-neurologa-migrana-es-una-las-enfermedades-mas-incapacitantes-pero-esta-banalizada-estigmatizada","status":"publish","type":"post","link":"https:\/\/sindromecharge.es\/index.php\/2024\/08\/04\/patricia-pozo-neurologa-migrana-es-una-las-enfermedades-mas-incapacitantes-pero-esta-banalizada-estigmatizada\/","title":{"rendered":"Patricia Pozo, neur\u00f3loga: \u00abLa migra\u00f1a es una de las enfermedades m\u00e1s incapacitantes, pero est\u00e1 banalizada y estigmatizada\u00bb"},"content":{"rendered":"<p>Leemos en Discapacidad la siguiente noticia que os reproducimos de forma \u00edntegra: <\/p>\n<div>\n<p>Seg\u00fan c\u00e1lculos de la <b>Sociedad Espa\u00f1ola de Neurolog\u00eda (SEN)<\/b>, m\u00e1s de cinco millones de personas tienen migra\u00f1a en Espa\u00f1a, 1,5 millones de manera cr\u00f3nica y experimentando dolor m\u00e1s de 15 d\u00edas al mes.<\/p>\n<p>Sin embargo, la <a href=\"https:\/\/www.20minutos.es\/minuteca\/migrana\/\" title=\"Migra\u00f1a\" target=\"_blank\" rel=\"noopener\">migra\u00f1a<\/a> sigue sin reconocerse como una enfermedad cr\u00f3nica y sin ser contemplada como tal a la hora de reconocer la <b><a href=\"https:\/\/www.20minutos.es\/minuteca\/discapacidad\/\" title=\"Discapacidad\" target=\"_blank\" rel=\"noopener\">discapacidad<\/a> y la incapacidad<\/b>. Esta es precisamente una de las reivindicaciones de la<b> Dra. Patricia Pozo Rosich<\/b>, ganadora del premio SEN en la subespecialidad de cefaleas, un galard\u00f3n otorgado por su \u00abprol\u00edfica actividad cient\u00edfica e investigadora en cefaleas\u00bb, actividad que realiza desde el <b>Migraine Adaptive Brain Center<\/b>, un centro asistencial y de investigaci\u00f3n que pertenece al <a href=\"https:\/\/www.20minutos.es\/minuteca\/hospital-vall-dhebron\/\" title=\"Hospital Vall d'Hebron\" target=\"_blank\" rel=\"noopener\">Vall d&#8217;Hebron<\/a> y que fue cre\u00f3 ella misma hace ahora cinco a\u00f1os. <\/p>\n<h1>Eleg\u00ed las cefaleas porque pens\u00e9 que, si entend\u00eda c\u00f3mo funcionaba la migra\u00f1a, entender\u00eda c\u00f3mo funcionaba el cerebro<\/h1>\n<h1>Adem\u00e1s de ser muy incapacitante, la migra\u00f1a es un factor de riesgo vascular, algo que para m\u00ed no es nada banal<\/h1>\n<h1>La migra\u00f1a puede que no te limite el tiempo de tu vida, por eso no se prioriza en investigaci\u00f3n, pero s\u00ed quita mucha calidad de vida<\/h1>\n<\/div>\n<p>Fuente: Discapacidad https:\/\/www.20minutos.es\/noticia\/5526954\/0\/patricia-pozo-neurologa-migrana-es-una-las-enfermedades-mas-incapacitantes-pero-esta-banalizada-estigmatizada\/<\/p>\n","protected":false},"excerpt":{"rendered":"<p>La Dra. Patricia Pozo Rosich acaba de recibir el premio de la SEN por sus investigaciones sobre cefalea.<\/p>\n","protected":false},"author":1,"featured_media":0,"comment_status":"closed","ping_status":"closed","sticky":false,"template":"","format":"standard","meta":{"footnotes":""},"categories":[8],"tags":[],"class_list":["post-10219","post","type-post","status-publish","format-standard","hentry","category-noticias"],"yoast_head":"<!-- This site is optimized with the Yoast SEO plugin v27.5 - https:\/\/yoast.com\/product\/yoast-seo-wordpress\/ -->\n<title>Patricia Pozo, neur\u00f3loga: &quot;La migra\u00f1a es una de las enfermedades m\u00e1s incapacitantes, pero est\u00e1 banalizada y estigmatizada&quot; - Asociaci\u00f3n Espa\u00f1ola S\u00edndrome de Charge<\/title>\n<meta name=\"robots\" content=\"index, follow, max-snippet:-1, max-image-preview:large, max-video-preview:-1\" \/>\n<link rel=\"canonical\" href=\"https:\/\/sindromecharge.es\/index.php\/2024\/08\/04\/patricia-pozo-neurologa-migrana-es-una-las-enfermedades-mas-incapacitantes-pero-esta-banalizada-estigmatizada\/\" \/>\n<meta property=\"og:locale\" content=\"es_ES\" \/>\n<meta property=\"og:type\" content=\"article\" \/>\n<meta property=\"og:title\" content=\"Patricia Pozo, neur\u00f3loga: &quot;La migra\u00f1a es una de las enfermedades m\u00e1s incapacitantes, pero est\u00e1 banalizada y estigmatizada&quot; - Asociaci\u00f3n Espa\u00f1ola S\u00edndrome de Charge\" \/>\n<meta property=\"og:description\" content=\"La Dra. Patricia Pozo Rosich acaba de recibir el premio de la SEN por sus investigaciones sobre cefalea.\" \/>\n<meta property=\"og:url\" content=\"https:\/\/sindromecharge.es\/index.php\/2024\/08\/04\/patricia-pozo-neurologa-migrana-es-una-las-enfermedades-mas-incapacitantes-pero-esta-banalizada-estigmatizada\/\" \/>\n<meta property=\"og:site_name\" content=\"Asociaci\u00f3n Espa\u00f1ola S\u00edndrome de Charge\" \/>\n<meta property=\"article:publisher\" content=\"https:\/\/www.facebook.com\/asociacionsindromecharge\" \/>\n<meta property=\"article:published_time\" content=\"2024-08-04T06:19:33+00:00\" \/>\n<meta property=\"og:image\" content=\"https:\/\/sindromecharge.es\/wp-content\/uploads\/2013\/09\/logodecharge300x98.png\" \/>\n\t<meta property=\"og:image:width\" content=\"300\" \/>\n\t<meta property=\"og:image:height\" content=\"98\" \/>\n\t<meta property=\"og:image:type\" content=\"image\/png\" \/>\n<meta name=\"author\" content=\"Charge\" \/>\n<meta name=\"twitter:card\" content=\"summary_large_image\" \/>\n<meta name=\"twitter:creator\" content=\"@sindromecharge\" \/>\n<meta name=\"twitter:site\" content=\"@sindromecharge\" \/>\n<meta name=\"twitter:label1\" content=\"Escrito por\" \/>\n\t<meta name=\"twitter:data1\" content=\"Charge\" \/>\n\t<meta name=\"twitter:label2\" content=\"Tiempo de lectura\" \/>\n\t<meta name=\"twitter:data2\" content=\"1 minuto\" \/>\n<script type=\"application\/ld+json\" class=\"yoast-schema-graph\">{\"@context\":\"https:\\\/\\\/schema.org\",\"@graph\":[{\"@type\":\"Article\",\"@id\":\"https:\\\/\\\/sindromecharge.es\\\/index.php\\\/2024\\\/08\\\/04\\\/patricia-pozo-neurologa-migrana-es-una-las-enfermedades-mas-incapacitantes-pero-esta-banalizada-estigmatizada\\\/#article\",\"isPartOf\":{\"@id\":\"https:\\\/\\\/sindromecharge.es\\\/index.php\\\/2024\\\/08\\\/04\\\/patricia-pozo-neurologa-migrana-es-una-las-enfermedades-mas-incapacitantes-pero-esta-banalizada-estigmatizada\\\/\"},\"author\":{\"name\":\"Charge\",\"@id\":\"https:\\\/\\\/sindromecharge.es\\\/#\\\/schema\\\/person\\\/39a60ebe0a2b4d5a11179701e336b039\"},\"headline\":\"Patricia Pozo, neur\u00f3loga: \u00abLa migra\u00f1a es una de las enfermedades m\u00e1s incapacitantes, pero est\u00e1 banalizada y estigmatizada\u00bb\",\"datePublished\":\"2024-08-04T06:19:33+00:00\",\"mainEntityOfPage\":{\"@id\":\"https:\\\/\\\/sindromecharge.es\\\/index.php\\\/2024\\\/08\\\/04\\\/patricia-pozo-neurologa-migrana-es-una-las-enfermedades-mas-incapacitantes-pero-esta-banalizada-estigmatizada\\\/\"},\"wordCount\":252,\"articleSection\":[\"noticias\"],\"inLanguage\":\"es\"},{\"@type\":\"WebPage\",\"@id\":\"https:\\\/\\\/sindromecharge.es\\\/index.php\\\/2024\\\/08\\\/04\\\/patricia-pozo-neurologa-migrana-es-una-las-enfermedades-mas-incapacitantes-pero-esta-banalizada-estigmatizada\\\/\",\"url\":\"https:\\\/\\\/sindromecharge.es\\\/index.php\\\/2024\\\/08\\\/04\\\/patricia-pozo-neurologa-migrana-es-una-las-enfermedades-mas-incapacitantes-pero-esta-banalizada-estigmatizada\\\/\",\"name\":\"Patricia Pozo, neur\u00f3loga: \\\"La migra\u00f1a es una de las enfermedades m\u00e1s incapacitantes, pero est\u00e1 banalizada y estigmatizada\\\" - Asociaci\u00f3n Espa\u00f1ola S\u00edndrome de Charge\",\"isPartOf\":{\"@id\":\"https:\\\/\\\/sindromecharge.es\\\/#website\"},\"datePublished\":\"2024-08-04T06:19:33+00:00\",\"author\":{\"@id\":\"https:\\\/\\\/sindromecharge.es\\\/#\\\/schema\\\/person\\\/39a60ebe0a2b4d5a11179701e336b039\"},\"breadcrumb\":{\"@id\":\"https:\\\/\\\/sindromecharge.es\\\/index.php\\\/2024\\\/08\\\/04\\\/patricia-pozo-neurologa-migrana-es-una-las-enfermedades-mas-incapacitantes-pero-esta-banalizada-estigmatizada\\\/#breadcrumb\"},\"inLanguage\":\"es\",\"potentialAction\":[{\"@type\":\"ReadAction\",\"target\":[\"https:\\\/\\\/sindromecharge.es\\\/index.php\\\/2024\\\/08\\\/04\\\/patricia-pozo-neurologa-migrana-es-una-las-enfermedades-mas-incapacitantes-pero-esta-banalizada-estigmatizada\\\/\"]}]},{\"@type\":\"BreadcrumbList\",\"@id\":\"https:\\\/\\\/sindromecharge.es\\\/index.php\\\/2024\\\/08\\\/04\\\/patricia-pozo-neurologa-migrana-es-una-las-enfermedades-mas-incapacitantes-pero-esta-banalizada-estigmatizada\\\/#breadcrumb\",\"itemListElement\":[{\"@type\":\"ListItem\",\"position\":1,\"name\":\"Portada\",\"item\":\"https:\\\/\\\/sindromecharge.es\\\/\"},{\"@type\":\"ListItem\",\"position\":2,\"name\":\"Patricia Pozo, neur\u00f3loga: &#8220;La migra\u00f1a es una de las enfermedades m\u00e1s incapacitantes, pero est\u00e1 banalizada y estigmatizada&#8221;\"}]},{\"@type\":\"WebSite\",\"@id\":\"https:\\\/\\\/sindromecharge.es\\\/#website\",\"url\":\"https:\\\/\\\/sindromecharge.es\\\/\",\"name\":\"Asociaci\u00f3n Espa\u00f1ola S\u00edndrome de Charge\",\"description\":\"\",\"potentialAction\":[{\"@type\":\"SearchAction\",\"target\":{\"@type\":\"EntryPoint\",\"urlTemplate\":\"https:\\\/\\\/sindromecharge.es\\\/?s={search_term_string}\"},\"query-input\":{\"@type\":\"PropertyValueSpecification\",\"valueRequired\":true,\"valueName\":\"search_term_string\"}}],\"inLanguage\":\"es\"},{\"@type\":\"Person\",\"@id\":\"https:\\\/\\\/sindromecharge.es\\\/#\\\/schema\\\/person\\\/39a60ebe0a2b4d5a11179701e336b039\",\"name\":\"Charge\",\"image\":{\"@type\":\"ImageObject\",\"inLanguage\":\"es\",\"@id\":\"https:\\\/\\\/secure.gravatar.com\\\/avatar\\\/c3b46e32a0fc3b093a0873fb767bf3293de856293065e84ef06b7ec7a8acfb98?s=96&d=identicon&r=x\",\"url\":\"https:\\\/\\\/secure.gravatar.com\\\/avatar\\\/c3b46e32a0fc3b093a0873fb767bf3293de856293065e84ef06b7ec7a8acfb98?s=96&d=identicon&r=x\",\"contentUrl\":\"https:\\\/\\\/secure.gravatar.com\\\/avatar\\\/c3b46e32a0fc3b093a0873fb767bf3293de856293065e84ef06b7ec7a8acfb98?s=96&d=identicon&r=x\",\"caption\":\"Charge\"},\"url\":\"https:\\\/\\\/sindromecharge.es\\\/index.php\\\/author\\\/admin\\\/\"}]}<\/script>\n<!-- \/ Yoast SEO plugin. -->","yoast_head_json":{"title":"Patricia Pozo, neur\u00f3loga: \"La migra\u00f1a es una de las enfermedades m\u00e1s incapacitantes, pero est\u00e1 banalizada y estigmatizada\" - Asociaci\u00f3n Espa\u00f1ola S\u00edndrome de Charge","robots":{"index":"index","follow":"follow","max-snippet":"max-snippet:-1","max-image-preview":"max-image-preview:large","max-video-preview":"max-video-preview:-1"},"canonical":"https:\/\/sindromecharge.es\/index.php\/2024\/08\/04\/patricia-pozo-neurologa-migrana-es-una-las-enfermedades-mas-incapacitantes-pero-esta-banalizada-estigmatizada\/","og_locale":"es_ES","og_type":"article","og_title":"Patricia Pozo, neur\u00f3loga: \"La migra\u00f1a es una de las enfermedades m\u00e1s incapacitantes, pero est\u00e1 banalizada y estigmatizada\" - Asociaci\u00f3n Espa\u00f1ola S\u00edndrome de Charge","og_description":"La Dra. Patricia Pozo Rosich acaba de recibir el premio de la SEN por sus investigaciones sobre cefalea.","og_url":"https:\/\/sindromecharge.es\/index.php\/2024\/08\/04\/patricia-pozo-neurologa-migrana-es-una-las-enfermedades-mas-incapacitantes-pero-esta-banalizada-estigmatizada\/","og_site_name":"Asociaci\u00f3n Espa\u00f1ola S\u00edndrome de Charge","article_publisher":"https:\/\/www.facebook.com\/asociacionsindromecharge","article_published_time":"2024-08-04T06:19:33+00:00","og_image":[{"width":300,"height":98,"url":"https:\/\/sindromecharge.es\/wp-content\/uploads\/2013\/09\/logodecharge300x98.png","type":"image\/png"}],"author":"Charge","twitter_card":"summary_large_image","twitter_creator":"@sindromecharge","twitter_site":"@sindromecharge","twitter_misc":{"Escrito por":"Charge","Tiempo de lectura":"1 minuto"},"schema":{"@context":"https:\/\/schema.org","@graph":[{"@type":"Article","@id":"https:\/\/sindromecharge.es\/index.php\/2024\/08\/04\/patricia-pozo-neurologa-migrana-es-una-las-enfermedades-mas-incapacitantes-pero-esta-banalizada-estigmatizada\/#article","isPartOf":{"@id":"https:\/\/sindromecharge.es\/index.php\/2024\/08\/04\/patricia-pozo-neurologa-migrana-es-una-las-enfermedades-mas-incapacitantes-pero-esta-banalizada-estigmatizada\/"},"author":{"name":"Charge","@id":"https:\/\/sindromecharge.es\/#\/schema\/person\/39a60ebe0a2b4d5a11179701e336b039"},"headline":"Patricia Pozo, neur\u00f3loga: \u00abLa migra\u00f1a es una de las enfermedades m\u00e1s incapacitantes, pero est\u00e1 banalizada y estigmatizada\u00bb","datePublished":"2024-08-04T06:19:33+00:00","mainEntityOfPage":{"@id":"https:\/\/sindromecharge.es\/index.php\/2024\/08\/04\/patricia-pozo-neurologa-migrana-es-una-las-enfermedades-mas-incapacitantes-pero-esta-banalizada-estigmatizada\/"},"wordCount":252,"articleSection":["noticias"],"inLanguage":"es"},{"@type":"WebPage","@id":"https:\/\/sindromecharge.es\/index.php\/2024\/08\/04\/patricia-pozo-neurologa-migrana-es-una-las-enfermedades-mas-incapacitantes-pero-esta-banalizada-estigmatizada\/","url":"https:\/\/sindromecharge.es\/index.php\/2024\/08\/04\/patricia-pozo-neurologa-migrana-es-una-las-enfermedades-mas-incapacitantes-pero-esta-banalizada-estigmatizada\/","name":"Patricia Pozo, neur\u00f3loga: \"La migra\u00f1a es una de las enfermedades m\u00e1s incapacitantes, pero est\u00e1 banalizada y estigmatizada\" - Asociaci\u00f3n Espa\u00f1ola S\u00edndrome de Charge","isPartOf":{"@id":"https:\/\/sindromecharge.es\/#website"},"datePublished":"2024-08-04T06:19:33+00:00","author":{"@id":"https:\/\/sindromecharge.es\/#\/schema\/person\/39a60ebe0a2b4d5a11179701e336b039"},"breadcrumb":{"@id":"https:\/\/sindromecharge.es\/index.php\/2024\/08\/04\/patricia-pozo-neurologa-migrana-es-una-las-enfermedades-mas-incapacitantes-pero-esta-banalizada-estigmatizada\/#breadcrumb"},"inLanguage":"es","potentialAction":[{"@type":"ReadAction","target":["https:\/\/sindromecharge.es\/index.php\/2024\/08\/04\/patricia-pozo-neurologa-migrana-es-una-las-enfermedades-mas-incapacitantes-pero-esta-banalizada-estigmatizada\/"]}]},{"@type":"BreadcrumbList","@id":"https:\/\/sindromecharge.es\/index.php\/2024\/08\/04\/patricia-pozo-neurologa-migrana-es-una-las-enfermedades-mas-incapacitantes-pero-esta-banalizada-estigmatizada\/#breadcrumb","itemListElement":[{"@type":"ListItem","position":1,"name":"Portada","item":"https:\/\/sindromecharge.es\/"},{"@type":"ListItem","position":2,"name":"Patricia Pozo, neur\u00f3loga: &#8220;La migra\u00f1a es una de las enfermedades m\u00e1s incapacitantes, pero est\u00e1 banalizada y estigmatizada&#8221;"}]},{"@type":"WebSite","@id":"https:\/\/sindromecharge.es\/#website","url":"https:\/\/sindromecharge.es\/","name":"Asociaci\u00f3n Espa\u00f1ola S\u00edndrome de Charge","description":"","potentialAction":[{"@type":"SearchAction","target":{"@type":"EntryPoint","urlTemplate":"https:\/\/sindromecharge.es\/?s={search_term_string}"},"query-input":{"@type":"PropertyValueSpecification","valueRequired":true,"valueName":"search_term_string"}}],"inLanguage":"es"},{"@type":"Person","@id":"https:\/\/sindromecharge.es\/#\/schema\/person\/39a60ebe0a2b4d5a11179701e336b039","name":"Charge","image":{"@type":"ImageObject","inLanguage":"es","@id":"https:\/\/secure.gravatar.com\/avatar\/c3b46e32a0fc3b093a0873fb767bf3293de856293065e84ef06b7ec7a8acfb98?s=96&d=identicon&r=x","url":"https:\/\/secure.gravatar.com\/avatar\/c3b46e32a0fc3b093a0873fb767bf3293de856293065e84ef06b7ec7a8acfb98?s=96&d=identicon&r=x","contentUrl":"https:\/\/secure.gravatar.com\/avatar\/c3b46e32a0fc3b093a0873fb767bf3293de856293065e84ef06b7ec7a8acfb98?s=96&d=identicon&r=x","caption":"Charge"},"url":"https:\/\/sindromecharge.es\/index.php\/author\/admin\/"}]}},"_links":{"self":[{"href":"https:\/\/sindromecharge.es\/index.php\/wp-json\/wp\/v2\/posts\/10219","targetHints":{"allow":["GET"]}}],"collection":[{"href":"https:\/\/sindromecharge.es\/index.php\/wp-json\/wp\/v2\/posts"}],"about":[{"href":"https:\/\/sindromecharge.es\/index.php\/wp-json\/wp\/v2\/types\/post"}],"author":[{"embeddable":true,"href":"https:\/\/sindromecharge.es\/index.php\/wp-json\/wp\/v2\/users\/1"}],"replies":[{"embeddable":true,"href":"https:\/\/sindromecharge.es\/index.php\/wp-json\/wp\/v2\/comments?post=10219"}],"version-history":[{"count":0,"href":"https:\/\/sindromecharge.es\/index.php\/wp-json\/wp\/v2\/posts\/10219\/revisions"}],"wp:attachment":[{"href":"https:\/\/sindromecharge.es\/index.php\/wp-json\/wp\/v2\/media?parent=10219"}],"wp:term":[{"taxonomy":"category","embeddable":true,"href":"https:\/\/sindromecharge.es\/index.php\/wp-json\/wp\/v2\/categories?post=10219"},{"taxonomy":"post_tag","embeddable":true,"href":"https:\/\/sindromecharge.es\/index.php\/wp-json\/wp\/v2\/tags?post=10219"}],"curies":[{"name":"wp","href":"https:\/\/api.w.org\/{rel}","templated":true}]}}