{"id":10218,"date":"2024-08-03T06:21:13","date_gmt":"2024-08-03T06:21:13","guid":{"rendered":"https:\/\/sindromecharge.es\/index.php\/2024\/08\/03\/adriana-sainz-vicuna-con-arte-estamos-haciendo-visible-algo-tan-invisible-las-enfermedades-raras\/"},"modified":"2024-08-03T06:21:13","modified_gmt":"2024-08-03T06:21:13","slug":"adriana-sainz-vicuna-con-arte-estamos-haciendo-visible-algo-tan-invisible-las-enfermedades-raras","status":"publish","type":"post","link":"https:\/\/sindromecharge.es\/index.php\/2024\/08\/03\/adriana-sainz-vicuna-con-arte-estamos-haciendo-visible-algo-tan-invisible-las-enfermedades-raras\/","title":{"rendered":"Adriana Sainz de Vicu\u00f1a: \u00abCon el arte estamos haciendo visible algo tan invisible las enfermedades raras\u00bb"},"content":{"rendered":"<p>Leemos en Discapacidad la siguiente noticia que os reproducimos de forma \u00edntegra: <\/p>\n<div>\n<p>Arte, sensibilidad y solidaridad. Estos son los tres ingredientes que han dado vida y forma a la nueva edici\u00f3n limitada de Waves Socks. Adriana Sainz de Vicu\u00f1a ha sido el nexo de uni\u00f3n para que todos estos puntos hayan convergido en una prenda de moda solidaria como son estos calcetines. Por un lado, su hija In\u00e9s, alumna de El Cole de Celia y Pepe, ha sido una de las dise\u00f1adoras principales de la nueva prenda. Por otro, el artista Mat\u00edas Krahn ha puesto tambi\u00e9n su sello pl\u00e1stico en estos calcetines de edici\u00f3n limitada. Charlamos con Adriana para conocer todos los detalles de esta colaboraci\u00f3n tan significativa para ella.<\/p>\n<\/div>\n<p>Fuente: Discapacidad https:\/\/www.20minutos.es\/noticia\/5534599\/0\/adriana-sainz-vicuna-con-arte-estamos-haciendo-visible-algo-tan-invisible-las-enfermedades-raras\/<\/p>\n","protected":false},"excerpt":{"rendered":"<p>Arte, sensibilidad y solidaridad. Estos son los tres ingredientes que han dado vida y forma a la nueva edici\u00f3n limitada de Waves Socks. Adriana Sainz de Vicu\u00f1a&#8230;<\/p>\n","protected":false},"author":1,"featured_media":0,"comment_status":"closed","ping_status":"closed","sticky":false,"template":"","format":"standard","meta":{"footnotes":""},"categories":[8],"tags":[],"class_list":["post-10218","post","type-post","status-publish","format-standard","hentry","category-noticias"],"yoast_head":"<!-- This site is optimized with the Yoast SEO plugin v27.5 - https:\/\/yoast.com\/product\/yoast-seo-wordpress\/ -->\n<title>Adriana Sainz de Vicu\u00f1a: &quot;Con el arte estamos haciendo visible algo tan invisible las enfermedades raras&quot; - Asociaci\u00f3n Espa\u00f1ola S\u00edndrome de Charge<\/title>\n<meta name=\"robots\" content=\"index, follow, max-snippet:-1, max-image-preview:large, max-video-preview:-1\" \/>\n<link rel=\"canonical\" href=\"https:\/\/sindromecharge.es\/index.php\/2024\/08\/03\/adriana-sainz-vicuna-con-arte-estamos-haciendo-visible-algo-tan-invisible-las-enfermedades-raras\/\" \/>\n<meta property=\"og:locale\" content=\"es_ES\" \/>\n<meta property=\"og:type\" content=\"article\" \/>\n<meta property=\"og:title\" content=\"Adriana Sainz de Vicu\u00f1a: &quot;Con el arte estamos haciendo visible algo tan invisible las enfermedades raras&quot; - Asociaci\u00f3n Espa\u00f1ola S\u00edndrome de Charge\" \/>\n<meta property=\"og:description\" content=\"Arte, sensibilidad y solidaridad. Estos son los tres ingredientes que han dado vida y forma a la nueva edici\u00f3n limitada de Waves Socks. Adriana Sainz de Vicu\u00f1a&#8230;\" \/>\n<meta property=\"og:url\" content=\"https:\/\/sindromecharge.es\/index.php\/2024\/08\/03\/adriana-sainz-vicuna-con-arte-estamos-haciendo-visible-algo-tan-invisible-las-enfermedades-raras\/\" \/>\n<meta property=\"og:site_name\" content=\"Asociaci\u00f3n Espa\u00f1ola S\u00edndrome de Charge\" \/>\n<meta property=\"article:publisher\" content=\"https:\/\/www.facebook.com\/asociacionsindromecharge\" \/>\n<meta property=\"article:published_time\" content=\"2024-08-03T06:21:13+00:00\" \/>\n<meta property=\"og:image\" content=\"https:\/\/sindromecharge.es\/wp-content\/uploads\/2013\/09\/logodecharge300x98.png\" \/>\n\t<meta property=\"og:image:width\" content=\"300\" \/>\n\t<meta property=\"og:image:height\" content=\"98\" \/>\n\t<meta property=\"og:image:type\" content=\"image\/png\" \/>\n<meta name=\"author\" content=\"Charge\" \/>\n<meta name=\"twitter:card\" content=\"summary_large_image\" \/>\n<meta name=\"twitter:creator\" content=\"@sindromecharge\" \/>\n<meta name=\"twitter:site\" content=\"@sindromecharge\" \/>\n<meta name=\"twitter:label1\" content=\"Escrito por\" \/>\n\t<meta name=\"twitter:data1\" content=\"Charge\" \/>\n\t<meta name=\"twitter:label2\" content=\"Tiempo de lectura\" \/>\n\t<meta name=\"twitter:data2\" content=\"1 minuto\" \/>\n<script type=\"application\/ld+json\" class=\"yoast-schema-graph\">{\"@context\":\"https:\\\/\\\/schema.org\",\"@graph\":[{\"@type\":\"Article\",\"@id\":\"https:\\\/\\\/sindromecharge.es\\\/index.php\\\/2024\\\/08\\\/03\\\/adriana-sainz-vicuna-con-arte-estamos-haciendo-visible-algo-tan-invisible-las-enfermedades-raras\\\/#article\",\"isPartOf\":{\"@id\":\"https:\\\/\\\/sindromecharge.es\\\/index.php\\\/2024\\\/08\\\/03\\\/adriana-sainz-vicuna-con-arte-estamos-haciendo-visible-algo-tan-invisible-las-enfermedades-raras\\\/\"},\"author\":{\"name\":\"Charge\",\"@id\":\"https:\\\/\\\/sindromecharge.es\\\/#\\\/schema\\\/person\\\/39a60ebe0a2b4d5a11179701e336b039\"},\"headline\":\"Adriana Sainz de Vicu\u00f1a: \u00abCon el arte estamos haciendo visible algo tan invisible las enfermedades raras\u00bb\",\"datePublished\":\"2024-08-03T06:21:13+00:00\",\"mainEntityOfPage\":{\"@id\":\"https:\\\/\\\/sindromecharge.es\\\/index.php\\\/2024\\\/08\\\/03\\\/adriana-sainz-vicuna-con-arte-estamos-haciendo-visible-algo-tan-invisible-las-enfermedades-raras\\\/\"},\"wordCount\":155,\"articleSection\":[\"noticias\"],\"inLanguage\":\"es\"},{\"@type\":\"WebPage\",\"@id\":\"https:\\\/\\\/sindromecharge.es\\\/index.php\\\/2024\\\/08\\\/03\\\/adriana-sainz-vicuna-con-arte-estamos-haciendo-visible-algo-tan-invisible-las-enfermedades-raras\\\/\",\"url\":\"https:\\\/\\\/sindromecharge.es\\\/index.php\\\/2024\\\/08\\\/03\\\/adriana-sainz-vicuna-con-arte-estamos-haciendo-visible-algo-tan-invisible-las-enfermedades-raras\\\/\",\"name\":\"Adriana Sainz de Vicu\u00f1a: \\\"Con el arte estamos haciendo visible algo tan invisible las enfermedades raras\\\" - Asociaci\u00f3n Espa\u00f1ola S\u00edndrome de Charge\",\"isPartOf\":{\"@id\":\"https:\\\/\\\/sindromecharge.es\\\/#website\"},\"datePublished\":\"2024-08-03T06:21:13+00:00\",\"author\":{\"@id\":\"https:\\\/\\\/sindromecharge.es\\\/#\\\/schema\\\/person\\\/39a60ebe0a2b4d5a11179701e336b039\"},\"breadcrumb\":{\"@id\":\"https:\\\/\\\/sindromecharge.es\\\/index.php\\\/2024\\\/08\\\/03\\\/adriana-sainz-vicuna-con-arte-estamos-haciendo-visible-algo-tan-invisible-las-enfermedades-raras\\\/#breadcrumb\"},\"inLanguage\":\"es\",\"potentialAction\":[{\"@type\":\"ReadAction\",\"target\":[\"https:\\\/\\\/sindromecharge.es\\\/index.php\\\/2024\\\/08\\\/03\\\/adriana-sainz-vicuna-con-arte-estamos-haciendo-visible-algo-tan-invisible-las-enfermedades-raras\\\/\"]}]},{\"@type\":\"BreadcrumbList\",\"@id\":\"https:\\\/\\\/sindromecharge.es\\\/index.php\\\/2024\\\/08\\\/03\\\/adriana-sainz-vicuna-con-arte-estamos-haciendo-visible-algo-tan-invisible-las-enfermedades-raras\\\/#breadcrumb\",\"itemListElement\":[{\"@type\":\"ListItem\",\"position\":1,\"name\":\"Portada\",\"item\":\"https:\\\/\\\/sindromecharge.es\\\/\"},{\"@type\":\"ListItem\",\"position\":2,\"name\":\"Adriana Sainz de Vicu\u00f1a: &#8220;Con el arte estamos haciendo visible algo tan invisible las enfermedades raras&#8221;\"}]},{\"@type\":\"WebSite\",\"@id\":\"https:\\\/\\\/sindromecharge.es\\\/#website\",\"url\":\"https:\\\/\\\/sindromecharge.es\\\/\",\"name\":\"Asociaci\u00f3n Espa\u00f1ola S\u00edndrome de Charge\",\"description\":\"\",\"potentialAction\":[{\"@type\":\"SearchAction\",\"target\":{\"@type\":\"EntryPoint\",\"urlTemplate\":\"https:\\\/\\\/sindromecharge.es\\\/?s={search_term_string}\"},\"query-input\":{\"@type\":\"PropertyValueSpecification\",\"valueRequired\":true,\"valueName\":\"search_term_string\"}}],\"inLanguage\":\"es\"},{\"@type\":\"Person\",\"@id\":\"https:\\\/\\\/sindromecharge.es\\\/#\\\/schema\\\/person\\\/39a60ebe0a2b4d5a11179701e336b039\",\"name\":\"Charge\",\"image\":{\"@type\":\"ImageObject\",\"inLanguage\":\"es\",\"@id\":\"https:\\\/\\\/secure.gravatar.com\\\/avatar\\\/c3b46e32a0fc3b093a0873fb767bf3293de856293065e84ef06b7ec7a8acfb98?s=96&d=identicon&r=x\",\"url\":\"https:\\\/\\\/secure.gravatar.com\\\/avatar\\\/c3b46e32a0fc3b093a0873fb767bf3293de856293065e84ef06b7ec7a8acfb98?s=96&d=identicon&r=x\",\"contentUrl\":\"https:\\\/\\\/secure.gravatar.com\\\/avatar\\\/c3b46e32a0fc3b093a0873fb767bf3293de856293065e84ef06b7ec7a8acfb98?s=96&d=identicon&r=x\",\"caption\":\"Charge\"},\"url\":\"https:\\\/\\\/sindromecharge.es\\\/index.php\\\/author\\\/admin\\\/\"}]}<\/script>\n<!-- \/ Yoast SEO plugin. -->","yoast_head_json":{"title":"Adriana Sainz de Vicu\u00f1a: \"Con el arte estamos haciendo visible algo tan invisible las enfermedades raras\" - Asociaci\u00f3n Espa\u00f1ola S\u00edndrome de Charge","robots":{"index":"index","follow":"follow","max-snippet":"max-snippet:-1","max-image-preview":"max-image-preview:large","max-video-preview":"max-video-preview:-1"},"canonical":"https:\/\/sindromecharge.es\/index.php\/2024\/08\/03\/adriana-sainz-vicuna-con-arte-estamos-haciendo-visible-algo-tan-invisible-las-enfermedades-raras\/","og_locale":"es_ES","og_type":"article","og_title":"Adriana Sainz de Vicu\u00f1a: \"Con el arte estamos haciendo visible algo tan invisible las enfermedades raras\" - Asociaci\u00f3n Espa\u00f1ola S\u00edndrome de Charge","og_description":"Arte, sensibilidad y solidaridad. Estos son los tres ingredientes que han dado vida y forma a la nueva edici\u00f3n limitada de Waves Socks. Adriana Sainz de Vicu\u00f1a&#8230;","og_url":"https:\/\/sindromecharge.es\/index.php\/2024\/08\/03\/adriana-sainz-vicuna-con-arte-estamos-haciendo-visible-algo-tan-invisible-las-enfermedades-raras\/","og_site_name":"Asociaci\u00f3n Espa\u00f1ola S\u00edndrome de Charge","article_publisher":"https:\/\/www.facebook.com\/asociacionsindromecharge","article_published_time":"2024-08-03T06:21:13+00:00","og_image":[{"width":300,"height":98,"url":"https:\/\/sindromecharge.es\/wp-content\/uploads\/2013\/09\/logodecharge300x98.png","type":"image\/png"}],"author":"Charge","twitter_card":"summary_large_image","twitter_creator":"@sindromecharge","twitter_site":"@sindromecharge","twitter_misc":{"Escrito por":"Charge","Tiempo de lectura":"1 minuto"},"schema":{"@context":"https:\/\/schema.org","@graph":[{"@type":"Article","@id":"https:\/\/sindromecharge.es\/index.php\/2024\/08\/03\/adriana-sainz-vicuna-con-arte-estamos-haciendo-visible-algo-tan-invisible-las-enfermedades-raras\/#article","isPartOf":{"@id":"https:\/\/sindromecharge.es\/index.php\/2024\/08\/03\/adriana-sainz-vicuna-con-arte-estamos-haciendo-visible-algo-tan-invisible-las-enfermedades-raras\/"},"author":{"name":"Charge","@id":"https:\/\/sindromecharge.es\/#\/schema\/person\/39a60ebe0a2b4d5a11179701e336b039"},"headline":"Adriana Sainz de Vicu\u00f1a: \u00abCon el arte estamos haciendo visible algo tan invisible las enfermedades raras\u00bb","datePublished":"2024-08-03T06:21:13+00:00","mainEntityOfPage":{"@id":"https:\/\/sindromecharge.es\/index.php\/2024\/08\/03\/adriana-sainz-vicuna-con-arte-estamos-haciendo-visible-algo-tan-invisible-las-enfermedades-raras\/"},"wordCount":155,"articleSection":["noticias"],"inLanguage":"es"},{"@type":"WebPage","@id":"https:\/\/sindromecharge.es\/index.php\/2024\/08\/03\/adriana-sainz-vicuna-con-arte-estamos-haciendo-visible-algo-tan-invisible-las-enfermedades-raras\/","url":"https:\/\/sindromecharge.es\/index.php\/2024\/08\/03\/adriana-sainz-vicuna-con-arte-estamos-haciendo-visible-algo-tan-invisible-las-enfermedades-raras\/","name":"Adriana Sainz de Vicu\u00f1a: \"Con el arte estamos haciendo visible algo tan invisible las enfermedades raras\" - Asociaci\u00f3n Espa\u00f1ola S\u00edndrome de Charge","isPartOf":{"@id":"https:\/\/sindromecharge.es\/#website"},"datePublished":"2024-08-03T06:21:13+00:00","author":{"@id":"https:\/\/sindromecharge.es\/#\/schema\/person\/39a60ebe0a2b4d5a11179701e336b039"},"breadcrumb":{"@id":"https:\/\/sindromecharge.es\/index.php\/2024\/08\/03\/adriana-sainz-vicuna-con-arte-estamos-haciendo-visible-algo-tan-invisible-las-enfermedades-raras\/#breadcrumb"},"inLanguage":"es","potentialAction":[{"@type":"ReadAction","target":["https:\/\/sindromecharge.es\/index.php\/2024\/08\/03\/adriana-sainz-vicuna-con-arte-estamos-haciendo-visible-algo-tan-invisible-las-enfermedades-raras\/"]}]},{"@type":"BreadcrumbList","@id":"https:\/\/sindromecharge.es\/index.php\/2024\/08\/03\/adriana-sainz-vicuna-con-arte-estamos-haciendo-visible-algo-tan-invisible-las-enfermedades-raras\/#breadcrumb","itemListElement":[{"@type":"ListItem","position":1,"name":"Portada","item":"https:\/\/sindromecharge.es\/"},{"@type":"ListItem","position":2,"name":"Adriana Sainz de Vicu\u00f1a: &#8220;Con el arte estamos haciendo visible algo tan invisible las enfermedades raras&#8221;"}]},{"@type":"WebSite","@id":"https:\/\/sindromecharge.es\/#website","url":"https:\/\/sindromecharge.es\/","name":"Asociaci\u00f3n Espa\u00f1ola S\u00edndrome de Charge","description":"","potentialAction":[{"@type":"SearchAction","target":{"@type":"EntryPoint","urlTemplate":"https:\/\/sindromecharge.es\/?s={search_term_string}"},"query-input":{"@type":"PropertyValueSpecification","valueRequired":true,"valueName":"search_term_string"}}],"inLanguage":"es"},{"@type":"Person","@id":"https:\/\/sindromecharge.es\/#\/schema\/person\/39a60ebe0a2b4d5a11179701e336b039","name":"Charge","image":{"@type":"ImageObject","inLanguage":"es","@id":"https:\/\/secure.gravatar.com\/avatar\/c3b46e32a0fc3b093a0873fb767bf3293de856293065e84ef06b7ec7a8acfb98?s=96&d=identicon&r=x","url":"https:\/\/secure.gravatar.com\/avatar\/c3b46e32a0fc3b093a0873fb767bf3293de856293065e84ef06b7ec7a8acfb98?s=96&d=identicon&r=x","contentUrl":"https:\/\/secure.gravatar.com\/avatar\/c3b46e32a0fc3b093a0873fb767bf3293de856293065e84ef06b7ec7a8acfb98?s=96&d=identicon&r=x","caption":"Charge"},"url":"https:\/\/sindromecharge.es\/index.php\/author\/admin\/"}]}},"_links":{"self":[{"href":"https:\/\/sindromecharge.es\/index.php\/wp-json\/wp\/v2\/posts\/10218","targetHints":{"allow":["GET"]}}],"collection":[{"href":"https:\/\/sindromecharge.es\/index.php\/wp-json\/wp\/v2\/posts"}],"about":[{"href":"https:\/\/sindromecharge.es\/index.php\/wp-json\/wp\/v2\/types\/post"}],"author":[{"embeddable":true,"href":"https:\/\/sindromecharge.es\/index.php\/wp-json\/wp\/v2\/users\/1"}],"replies":[{"embeddable":true,"href":"https:\/\/sindromecharge.es\/index.php\/wp-json\/wp\/v2\/comments?post=10218"}],"version-history":[{"count":0,"href":"https:\/\/sindromecharge.es\/index.php\/wp-json\/wp\/v2\/posts\/10218\/revisions"}],"wp:attachment":[{"href":"https:\/\/sindromecharge.es\/index.php\/wp-json\/wp\/v2\/media?parent=10218"}],"wp:term":[{"taxonomy":"category","embeddable":true,"href":"https:\/\/sindromecharge.es\/index.php\/wp-json\/wp\/v2\/categories?post=10218"},{"taxonomy":"post_tag","embeddable":true,"href":"https:\/\/sindromecharge.es\/index.php\/wp-json\/wp\/v2\/tags?post=10218"}],"curies":[{"name":"wp","href":"https:\/\/api.w.org\/{rel}","templated":true}]}}