{"id":10213,"date":"2024-07-31T05:28:20","date_gmt":"2024-07-31T05:28:20","guid":{"rendered":"https:\/\/sindromecharge.es\/index.php\/2024\/07\/31\/alumnado-discapacidad-ninos-con-discapacidad-verano-sin-campamentos-aulas-cerradas-mucho-estres-familia\/"},"modified":"2024-07-31T05:28:20","modified_gmt":"2024-07-31T05:28:20","slug":"alumnado-discapacidad-ninos-con-discapacidad-verano-sin-campamentos-aulas-cerradas-mucho-estres-familia","status":"publish","type":"post","link":"https:\/\/sindromecharge.es\/index.php\/2024\/07\/31\/alumnado-discapacidad-ninos-con-discapacidad-verano-sin-campamentos-aulas-cerradas-mucho-estres-familia\/","title":{"rendered":"Ni\u00f1os con discapacidad y verano: aulas cerradas y mucho estr\u00e9s en familia: \u00abTe sientes muy desamparada\u00bb"},"content":{"rendered":"<p>Leemos en Discapacidad la siguiente noticia que os reproducimos de forma \u00edntegra: <\/p>\n<div>\n<p>Marta tiene 14 a\u00f1os y sufre una<a href=\"https:\/\/www.20minutos.es\/salud\/minuteca\/enfermedades-raras\/\" title=\"Enfermedades raras\" target=\"_blank\" rel=\"noopener\"> enfermedad rara<\/a> con m\u00faltiples complicaciones. Con la llegada de las vacaciones desaparecen sus rutinas escolares, se aburre, no hay campamentos adecuados y su madre, Patricia, admite una \u00ababsoluta desesperaci\u00f3n\u00bb.<\/p>\n<p>\u00abLlevo tres semanas teletrabajando en la playa con la ni\u00f1a mano a mano y es una <b>absoluta desesperaci\u00f3n<\/b>, pero luego viene la navidad, la semana santa, los puentes. \u00bfQu\u00e9 hago? \u00bfLlamo a mis padres de 85 a\u00f1os? Mi hija se aburre con la tablet toda la ma\u00f1ana y no para de pelearse conmigo. T\u00fa no disfrutas y ella se frustra mucho\u00bb, explica a EFE Patricia Cavanillas.<\/p>\n<p>La historia de ambas refleja la realidad de muchas<b> familias que conviven con la discapacidad<\/b> no s\u00f3lo en verano sino tambi\u00e9n en periodos no lectivos en los que tienen que seguir trabajando pero sin apoyo del centro educativo u otras entidades especializadas.<\/p>\n<p>Seg\u00fan explica Patricia, periodista y directiva del \u00e1rea de la comunicaci\u00f3n, cada a\u00f1o que pasa comprueba que \u00ab<b>lo poco o mucho que aprenden en el colegio lo pierden en estos casi tres meses de verano<\/b> y son ni\u00f1os que no los puedes apuntar a determinadas actividades. No pido actividades de ocio sino que el centro educativo tambi\u00e9n les siga ense\u00f1ando y sigan aprendiendo a ser aut\u00f3nomos\u00bb.<\/p>\n<p>\u00ab<b>Es como si cada verano tuvieras que empezar de cero<\/b>\u00ab, confiesa Patricia, ya que los avances que logra durante el curso escolar se ven comprometidos por la falta de continuidad en su educaci\u00f3n y terapia.<\/p>\n<p>\u00abA medida que van creciendo te das m\u00e1s cuenta, porque cuando son m\u00e1s peque\u00f1os es m\u00e1s f\u00e1cil, pero una ni\u00f1a de 14 se aburre, no sab\u00e9 qu\u00e9 hacer, t\u00fa tampoco porque <b>no me puedo coger dos meses de vacaciones, entonces no comemos y soy madre soltera<\/b>\u00ab.<\/p>\n<h2>Movilizaci\u00f3n de las familias: \u00a1Colegios abiertos ya!<\/h2>\n<p>Patricia y familias de la<b> Asociaci\u00f3n Nacional del S\u00edndrome idic15 <\/b>se est\u00e1n movilizando estos d\u00edas y acaban de lanzar en la plataforma change.org la petici\u00f3n de que haya colegios abiertos todo el a\u00f1o para ni\u00f1os con necesidades especiales, no s\u00f3lo los afectados por esta patolog\u00eda.<\/p>\n<p>El s\u00edndrome de Marta est\u00e1 ocasionado por duplicaciones de regiones del cromosoma 15 y se relaciona con <b>trastornos de espectro autista<\/b>, retraso madurativo, dificultades en el aprendizaje, trastornos del desarrollo y <b>convulsiones-<a href=\"https:\/\/www.20minutos.es\/minuteca\/epilepsia\/\" title=\"Epilepsia\" target=\"_blank\" rel=\"noopener\">epilepsia<\/a><\/b>. \u00abEs como un S\u00edndrome de Down, que afecta al cromosoma 21, pero este es el 15. Siempre digo que esta enfermedad es un c\u00f3ctel molotov\u00bb.<\/p>\n<p>Para muchos, a\u00f1ade,<b> la opci\u00f3n del campamento es inviable<\/b> y no sustituye \u00abla necesidad de estos ni\u00f1os de seguir en su entorno habitual\u00bb. \u00abHay campamentos, nada f\u00e1ciles de conseguir, y a finales de agosto mi hija ir\u00e1 unos d\u00edas, pero son de ocio y est\u00e1 bien porque juegan con otros ni\u00f1os, pero lo que pedimos es mantener los colegios abiertos, donde adem\u00e1s de ocio haya tiempo dedicado a educaci\u00f3n y a las actividades que necesitan\u00bb.<\/p>\n<h2>\u00abEs cuesti\u00f3n de dinero\u00bb<\/h2>\n<p>En definitiva, recalca, <b>es cuesti\u00f3n de dinero <\/b>\u00aby me repatea tanto la cantidad de fondos europeos que hay y que no se gastan en estas cosas, se destina a tantas otras cosas que no voy a entrar porque ser\u00eda pol\u00edticamente incorrecto. Con la cantidad de gente preparada y desempleados que hay \u00bfporqu\u00e9 no los contratan en verano, en semana santa etc.?\u00bb<\/p>\n<p>Ojal\u00e1 existiera esta opci\u00f3n de <b>traer a los ni\u00f1os al colegio en esos periodos tan largos de vacaciones<\/b> y \u00absi luego te vas quince d\u00edas  con ellos de vacaciones pues fenomenal porque disfrutas de ellos de verdad\u00bb. En estas situaciones \u00abte sientes muy desamparada\u00bb, pero Patricia advierte que es \u00abmuy peleona\u00bb y \u00abno voy a quedarme quieta\u00bb.<\/p>\n<p>Aparte del lanzamiento de esta campa\u00f1a, est\u00e1 en contacto con la Comunidad de Madrid -donde reside- y con la <b>Federaci\u00f3n de Enfermedades Raras<\/b> para buscar su apoyo y soluciones.<\/p>\n<\/div>\n<p>Fuente: Discapacidad https:\/\/www.20minutos.es\/noticia\/5536295\/0\/alumnado-discapacidad-ninos-con-discapacidad-verano-sin-campamentos-aulas-cerradas-mucho-estres-familia\/<\/p>\n","protected":false},"excerpt":{"rendered":"<p>Marina Segura Ramos<\/p>\n","protected":false},"author":1,"featured_media":0,"comment_status":"closed","ping_status":"closed","sticky":false,"template":"","format":"standard","meta":{"footnotes":""},"categories":[8],"tags":[],"class_list":["post-10213","post","type-post","status-publish","format-standard","hentry","category-noticias"],"yoast_head":"<!-- This site is optimized with the Yoast SEO plugin v27.5 - https:\/\/yoast.com\/product\/yoast-seo-wordpress\/ -->\n<title>Ni\u00f1os con discapacidad y verano: aulas cerradas y mucho estr\u00e9s en familia: &quot;Te sientes muy desamparada&quot; - Asociaci\u00f3n Espa\u00f1ola S\u00edndrome de Charge<\/title>\n<meta name=\"robots\" content=\"index, follow, max-snippet:-1, max-image-preview:large, max-video-preview:-1\" \/>\n<link rel=\"canonical\" href=\"https:\/\/sindromecharge.es\/index.php\/2024\/07\/31\/alumnado-discapacidad-ninos-con-discapacidad-verano-sin-campamentos-aulas-cerradas-mucho-estres-familia\/\" \/>\n<meta property=\"og:locale\" content=\"es_ES\" \/>\n<meta property=\"og:type\" content=\"article\" \/>\n<meta property=\"og:title\" content=\"Ni\u00f1os con discapacidad y verano: aulas cerradas y mucho estr\u00e9s en familia: &quot;Te sientes muy desamparada&quot; - Asociaci\u00f3n Espa\u00f1ola S\u00edndrome de Charge\" \/>\n<meta property=\"og:description\" content=\"Marina Segura Ramos\" \/>\n<meta property=\"og:url\" content=\"https:\/\/sindromecharge.es\/index.php\/2024\/07\/31\/alumnado-discapacidad-ninos-con-discapacidad-verano-sin-campamentos-aulas-cerradas-mucho-estres-familia\/\" \/>\n<meta property=\"og:site_name\" content=\"Asociaci\u00f3n Espa\u00f1ola S\u00edndrome de Charge\" \/>\n<meta property=\"article:publisher\" content=\"https:\/\/www.facebook.com\/asociacionsindromecharge\" \/>\n<meta property=\"article:published_time\" content=\"2024-07-31T05:28:20+00:00\" \/>\n<meta property=\"og:image\" content=\"https:\/\/sindromecharge.es\/wp-content\/uploads\/2013\/09\/logodecharge300x98.png\" \/>\n\t<meta property=\"og:image:width\" content=\"300\" \/>\n\t<meta property=\"og:image:height\" content=\"98\" \/>\n\t<meta property=\"og:image:type\" content=\"image\/png\" \/>\n<meta name=\"author\" content=\"Charge\" \/>\n<meta name=\"twitter:card\" content=\"summary_large_image\" \/>\n<meta name=\"twitter:creator\" content=\"@sindromecharge\" \/>\n<meta name=\"twitter:site\" content=\"@sindromecharge\" \/>\n<meta name=\"twitter:label1\" content=\"Escrito por\" \/>\n\t<meta name=\"twitter:data1\" content=\"Charge\" \/>\n\t<meta name=\"twitter:label2\" content=\"Tiempo de lectura\" \/>\n\t<meta name=\"twitter:data2\" content=\"3 minutos\" \/>\n<script type=\"application\/ld+json\" class=\"yoast-schema-graph\">{\"@context\":\"https:\\\/\\\/schema.org\",\"@graph\":[{\"@type\":\"Article\",\"@id\":\"https:\\\/\\\/sindromecharge.es\\\/index.php\\\/2024\\\/07\\\/31\\\/alumnado-discapacidad-ninos-con-discapacidad-verano-sin-campamentos-aulas-cerradas-mucho-estres-familia\\\/#article\",\"isPartOf\":{\"@id\":\"https:\\\/\\\/sindromecharge.es\\\/index.php\\\/2024\\\/07\\\/31\\\/alumnado-discapacidad-ninos-con-discapacidad-verano-sin-campamentos-aulas-cerradas-mucho-estres-familia\\\/\"},\"author\":{\"name\":\"Charge\",\"@id\":\"https:\\\/\\\/sindromecharge.es\\\/#\\\/schema\\\/person\\\/39a60ebe0a2b4d5a11179701e336b039\"},\"headline\":\"Ni\u00f1os con discapacidad y verano: aulas cerradas y mucho estr\u00e9s en familia: \u00abTe sientes muy desamparada\u00bb\",\"datePublished\":\"2024-07-31T05:28:20+00:00\",\"mainEntityOfPage\":{\"@id\":\"https:\\\/\\\/sindromecharge.es\\\/index.php\\\/2024\\\/07\\\/31\\\/alumnado-discapacidad-ninos-con-discapacidad-verano-sin-campamentos-aulas-cerradas-mucho-estres-familia\\\/\"},\"wordCount\":712,\"articleSection\":[\"noticias\"],\"inLanguage\":\"es\"},{\"@type\":\"WebPage\",\"@id\":\"https:\\\/\\\/sindromecharge.es\\\/index.php\\\/2024\\\/07\\\/31\\\/alumnado-discapacidad-ninos-con-discapacidad-verano-sin-campamentos-aulas-cerradas-mucho-estres-familia\\\/\",\"url\":\"https:\\\/\\\/sindromecharge.es\\\/index.php\\\/2024\\\/07\\\/31\\\/alumnado-discapacidad-ninos-con-discapacidad-verano-sin-campamentos-aulas-cerradas-mucho-estres-familia\\\/\",\"name\":\"Ni\u00f1os con discapacidad y verano: aulas cerradas y mucho estr\u00e9s en familia: \\\"Te sientes muy desamparada\\\" - Asociaci\u00f3n Espa\u00f1ola S\u00edndrome de Charge\",\"isPartOf\":{\"@id\":\"https:\\\/\\\/sindromecharge.es\\\/#website\"},\"datePublished\":\"2024-07-31T05:28:20+00:00\",\"author\":{\"@id\":\"https:\\\/\\\/sindromecharge.es\\\/#\\\/schema\\\/person\\\/39a60ebe0a2b4d5a11179701e336b039\"},\"breadcrumb\":{\"@id\":\"https:\\\/\\\/sindromecharge.es\\\/index.php\\\/2024\\\/07\\\/31\\\/alumnado-discapacidad-ninos-con-discapacidad-verano-sin-campamentos-aulas-cerradas-mucho-estres-familia\\\/#breadcrumb\"},\"inLanguage\":\"es\",\"potentialAction\":[{\"@type\":\"ReadAction\",\"target\":[\"https:\\\/\\\/sindromecharge.es\\\/index.php\\\/2024\\\/07\\\/31\\\/alumnado-discapacidad-ninos-con-discapacidad-verano-sin-campamentos-aulas-cerradas-mucho-estres-familia\\\/\"]}]},{\"@type\":\"BreadcrumbList\",\"@id\":\"https:\\\/\\\/sindromecharge.es\\\/index.php\\\/2024\\\/07\\\/31\\\/alumnado-discapacidad-ninos-con-discapacidad-verano-sin-campamentos-aulas-cerradas-mucho-estres-familia\\\/#breadcrumb\",\"itemListElement\":[{\"@type\":\"ListItem\",\"position\":1,\"name\":\"Portada\",\"item\":\"https:\\\/\\\/sindromecharge.es\\\/\"},{\"@type\":\"ListItem\",\"position\":2,\"name\":\"Ni\u00f1os con discapacidad y verano: aulas cerradas y mucho estr\u00e9s en familia: &#8220;Te sientes muy desamparada&#8221;\"}]},{\"@type\":\"WebSite\",\"@id\":\"https:\\\/\\\/sindromecharge.es\\\/#website\",\"url\":\"https:\\\/\\\/sindromecharge.es\\\/\",\"name\":\"Asociaci\u00f3n Espa\u00f1ola S\u00edndrome de Charge\",\"description\":\"\",\"potentialAction\":[{\"@type\":\"SearchAction\",\"target\":{\"@type\":\"EntryPoint\",\"urlTemplate\":\"https:\\\/\\\/sindromecharge.es\\\/?s={search_term_string}\"},\"query-input\":{\"@type\":\"PropertyValueSpecification\",\"valueRequired\":true,\"valueName\":\"search_term_string\"}}],\"inLanguage\":\"es\"},{\"@type\":\"Person\",\"@id\":\"https:\\\/\\\/sindromecharge.es\\\/#\\\/schema\\\/person\\\/39a60ebe0a2b4d5a11179701e336b039\",\"name\":\"Charge\",\"image\":{\"@type\":\"ImageObject\",\"inLanguage\":\"es\",\"@id\":\"https:\\\/\\\/secure.gravatar.com\\\/avatar\\\/c3b46e32a0fc3b093a0873fb767bf3293de856293065e84ef06b7ec7a8acfb98?s=96&d=identicon&r=x\",\"url\":\"https:\\\/\\\/secure.gravatar.com\\\/avatar\\\/c3b46e32a0fc3b093a0873fb767bf3293de856293065e84ef06b7ec7a8acfb98?s=96&d=identicon&r=x\",\"contentUrl\":\"https:\\\/\\\/secure.gravatar.com\\\/avatar\\\/c3b46e32a0fc3b093a0873fb767bf3293de856293065e84ef06b7ec7a8acfb98?s=96&d=identicon&r=x\",\"caption\":\"Charge\"},\"url\":\"https:\\\/\\\/sindromecharge.es\\\/index.php\\\/author\\\/admin\\\/\"}]}<\/script>\n<!-- \/ Yoast SEO plugin. -->","yoast_head_json":{"title":"Ni\u00f1os con discapacidad y verano: aulas cerradas y mucho estr\u00e9s en familia: \"Te sientes muy desamparada\" - Asociaci\u00f3n Espa\u00f1ola S\u00edndrome de Charge","robots":{"index":"index","follow":"follow","max-snippet":"max-snippet:-1","max-image-preview":"max-image-preview:large","max-video-preview":"max-video-preview:-1"},"canonical":"https:\/\/sindromecharge.es\/index.php\/2024\/07\/31\/alumnado-discapacidad-ninos-con-discapacidad-verano-sin-campamentos-aulas-cerradas-mucho-estres-familia\/","og_locale":"es_ES","og_type":"article","og_title":"Ni\u00f1os con discapacidad y verano: aulas cerradas y mucho estr\u00e9s en familia: \"Te sientes muy desamparada\" - Asociaci\u00f3n Espa\u00f1ola S\u00edndrome de Charge","og_description":"Marina Segura Ramos","og_url":"https:\/\/sindromecharge.es\/index.php\/2024\/07\/31\/alumnado-discapacidad-ninos-con-discapacidad-verano-sin-campamentos-aulas-cerradas-mucho-estres-familia\/","og_site_name":"Asociaci\u00f3n Espa\u00f1ola S\u00edndrome de Charge","article_publisher":"https:\/\/www.facebook.com\/asociacionsindromecharge","article_published_time":"2024-07-31T05:28:20+00:00","og_image":[{"width":300,"height":98,"url":"https:\/\/sindromecharge.es\/wp-content\/uploads\/2013\/09\/logodecharge300x98.png","type":"image\/png"}],"author":"Charge","twitter_card":"summary_large_image","twitter_creator":"@sindromecharge","twitter_site":"@sindromecharge","twitter_misc":{"Escrito por":"Charge","Tiempo de lectura":"3 minutos"},"schema":{"@context":"https:\/\/schema.org","@graph":[{"@type":"Article","@id":"https:\/\/sindromecharge.es\/index.php\/2024\/07\/31\/alumnado-discapacidad-ninos-con-discapacidad-verano-sin-campamentos-aulas-cerradas-mucho-estres-familia\/#article","isPartOf":{"@id":"https:\/\/sindromecharge.es\/index.php\/2024\/07\/31\/alumnado-discapacidad-ninos-con-discapacidad-verano-sin-campamentos-aulas-cerradas-mucho-estres-familia\/"},"author":{"name":"Charge","@id":"https:\/\/sindromecharge.es\/#\/schema\/person\/39a60ebe0a2b4d5a11179701e336b039"},"headline":"Ni\u00f1os con discapacidad y verano: aulas cerradas y mucho estr\u00e9s en familia: \u00abTe sientes muy desamparada\u00bb","datePublished":"2024-07-31T05:28:20+00:00","mainEntityOfPage":{"@id":"https:\/\/sindromecharge.es\/index.php\/2024\/07\/31\/alumnado-discapacidad-ninos-con-discapacidad-verano-sin-campamentos-aulas-cerradas-mucho-estres-familia\/"},"wordCount":712,"articleSection":["noticias"],"inLanguage":"es"},{"@type":"WebPage","@id":"https:\/\/sindromecharge.es\/index.php\/2024\/07\/31\/alumnado-discapacidad-ninos-con-discapacidad-verano-sin-campamentos-aulas-cerradas-mucho-estres-familia\/","url":"https:\/\/sindromecharge.es\/index.php\/2024\/07\/31\/alumnado-discapacidad-ninos-con-discapacidad-verano-sin-campamentos-aulas-cerradas-mucho-estres-familia\/","name":"Ni\u00f1os con discapacidad y verano: aulas cerradas y mucho estr\u00e9s en familia: \"Te sientes muy desamparada\" - Asociaci\u00f3n Espa\u00f1ola S\u00edndrome de Charge","isPartOf":{"@id":"https:\/\/sindromecharge.es\/#website"},"datePublished":"2024-07-31T05:28:20+00:00","author":{"@id":"https:\/\/sindromecharge.es\/#\/schema\/person\/39a60ebe0a2b4d5a11179701e336b039"},"breadcrumb":{"@id":"https:\/\/sindromecharge.es\/index.php\/2024\/07\/31\/alumnado-discapacidad-ninos-con-discapacidad-verano-sin-campamentos-aulas-cerradas-mucho-estres-familia\/#breadcrumb"},"inLanguage":"es","potentialAction":[{"@type":"ReadAction","target":["https:\/\/sindromecharge.es\/index.php\/2024\/07\/31\/alumnado-discapacidad-ninos-con-discapacidad-verano-sin-campamentos-aulas-cerradas-mucho-estres-familia\/"]}]},{"@type":"BreadcrumbList","@id":"https:\/\/sindromecharge.es\/index.php\/2024\/07\/31\/alumnado-discapacidad-ninos-con-discapacidad-verano-sin-campamentos-aulas-cerradas-mucho-estres-familia\/#breadcrumb","itemListElement":[{"@type":"ListItem","position":1,"name":"Portada","item":"https:\/\/sindromecharge.es\/"},{"@type":"ListItem","position":2,"name":"Ni\u00f1os con discapacidad y verano: aulas cerradas y mucho estr\u00e9s en familia: &#8220;Te sientes muy desamparada&#8221;"}]},{"@type":"WebSite","@id":"https:\/\/sindromecharge.es\/#website","url":"https:\/\/sindromecharge.es\/","name":"Asociaci\u00f3n Espa\u00f1ola S\u00edndrome de Charge","description":"","potentialAction":[{"@type":"SearchAction","target":{"@type":"EntryPoint","urlTemplate":"https:\/\/sindromecharge.es\/?s={search_term_string}"},"query-input":{"@type":"PropertyValueSpecification","valueRequired":true,"valueName":"search_term_string"}}],"inLanguage":"es"},{"@type":"Person","@id":"https:\/\/sindromecharge.es\/#\/schema\/person\/39a60ebe0a2b4d5a11179701e336b039","name":"Charge","image":{"@type":"ImageObject","inLanguage":"es","@id":"https:\/\/secure.gravatar.com\/avatar\/c3b46e32a0fc3b093a0873fb767bf3293de856293065e84ef06b7ec7a8acfb98?s=96&d=identicon&r=x","url":"https:\/\/secure.gravatar.com\/avatar\/c3b46e32a0fc3b093a0873fb767bf3293de856293065e84ef06b7ec7a8acfb98?s=96&d=identicon&r=x","contentUrl":"https:\/\/secure.gravatar.com\/avatar\/c3b46e32a0fc3b093a0873fb767bf3293de856293065e84ef06b7ec7a8acfb98?s=96&d=identicon&r=x","caption":"Charge"},"url":"https:\/\/sindromecharge.es\/index.php\/author\/admin\/"}]}},"_links":{"self":[{"href":"https:\/\/sindromecharge.es\/index.php\/wp-json\/wp\/v2\/posts\/10213","targetHints":{"allow":["GET"]}}],"collection":[{"href":"https:\/\/sindromecharge.es\/index.php\/wp-json\/wp\/v2\/posts"}],"about":[{"href":"https:\/\/sindromecharge.es\/index.php\/wp-json\/wp\/v2\/types\/post"}],"author":[{"embeddable":true,"href":"https:\/\/sindromecharge.es\/index.php\/wp-json\/wp\/v2\/users\/1"}],"replies":[{"embeddable":true,"href":"https:\/\/sindromecharge.es\/index.php\/wp-json\/wp\/v2\/comments?post=10213"}],"version-history":[{"count":0,"href":"https:\/\/sindromecharge.es\/index.php\/wp-json\/wp\/v2\/posts\/10213\/revisions"}],"wp:attachment":[{"href":"https:\/\/sindromecharge.es\/index.php\/wp-json\/wp\/v2\/media?parent=10213"}],"wp:term":[{"taxonomy":"category","embeddable":true,"href":"https:\/\/sindromecharge.es\/index.php\/wp-json\/wp\/v2\/categories?post=10213"},{"taxonomy":"post_tag","embeddable":true,"href":"https:\/\/sindromecharge.es\/index.php\/wp-json\/wp\/v2\/tags?post=10213"}],"curies":[{"name":"wp","href":"https:\/\/api.w.org\/{rel}","templated":true}]}}