{"id":10212,"date":"2024-07-31T05:27:53","date_gmt":"2024-07-31T05:27:53","guid":{"rendered":"https:\/\/sindromecharge.es\/index.php\/2024\/07\/31\/buscas-destino-vacacional-estos-son-los-paises-nuestro-entorno-mas-menos-accesibles\/"},"modified":"2024-07-31T05:27:53","modified_gmt":"2024-07-31T05:27:53","slug":"buscas-destino-vacacional-estos-son-los-paises-nuestro-entorno-mas-menos-accesibles","status":"publish","type":"post","link":"https:\/\/sindromecharge.es\/index.php\/2024\/07\/31\/buscas-destino-vacacional-estos-son-los-paises-nuestro-entorno-mas-menos-accesibles\/","title":{"rendered":"\u00bfBuscas destino vacacional en Europa? Estos son los pa\u00edses m\u00e1s y menos accesibles para personas con discapacidad"},"content":{"rendered":"<p>Leemos en Discapacidad la siguiente noticia que os reproducimos de forma \u00edntegra: <\/p>\n<div>\n<p>El <a href=\"https:\/\/www.20minutos.es\/minuteca\/verano\/\" title=\"Verano\">verano <\/a>es una \u00e9poca ideal para disfrutar de unas merecidas vacaciones, pero para las personas con <a href=\"https:\/\/www.20minutos.es\/minuteca\/discapacidad\/\" title=\"Discapacidad\">discapacidad<\/a>, elegir un destino accesible puede ser un desaf\u00edo. La <b>accesibilidad<\/b> de los pa\u00edses var\u00eda significativamente, y es fundamental tener en cuenta diversos factores antes de planificar el viaje. Este art\u00edculo ofrece <b>una orientaci\u00f3n<\/b> basada en estad\u00edsticas y datos recientes sobre la accesibilidad en algunos de los pa\u00edses de nuestro entorno.<\/p>\n<h2>M\u00e1s accesibles<\/h2>\n<p><a href=\"https:\/\/www.20minutos.es\/minuteca\/espana\/\" title=\"Espa\u00f1a\">Espa\u00f1a <\/a>es conocida por su fuerte compromiso con la accesibilidad. Seg\u00fan un informe de la Fundaci\u00f3n ONCE, m\u00e1s del <b>90% de los hoteles<\/b> en las principales ciudades espa\u00f1olas cuentan con habitaciones adaptadas para personas con discapacidad. Adem\u00e1s, muchas ciudades espa\u00f1olas, como <a href=\"https:\/\/www.20minutos.es\/minuteca\/barcelona\/\" title=\"Barcelona\">Barcelona <\/a>y <a href=\"https:\/\/www.20minutos.es\/minuteca\/madrid\/\" title=\"Madrid\">Madrid<\/a>, han implementado extensos programas de accesibilidad en transporte p\u00fablico, atracciones tur\u00edsticas y espacios p\u00fablicos. La <b>costa espa\u00f1ola<\/b>, en particular, es famosa por sus <b>playas accesibles, con rampas, pasarelas y sillas anfibias<\/b>.<\/p>\n<p><a href=\"https:\/\/www.20minutos.es\/minuteca\/alemania\/\" title=\"Alemania\">Alemania <\/a>se destaca por su infraestructura accesible y su enfoque inclusivo. La mayor\u00eda de los trenes y estaciones de tren en Alemania est\u00e1n <b>adaptados para personas con movilidad reducida<\/b>. Ciudades como Berl\u00edn y M\u00fanich ofrecen numerosos servicios y facilidades para personas con discapacidad, incluyendo<b> transporte p\u00fablico accesible y atracciones tur\u00edsticas adaptadas<\/b>. El sitio web \u00abGermany Travel\u00bb proporciona informaci\u00f3n detallada sobre accesibilidad en diversos destinos alemanes.<\/p>\n<p>Los <a href=\"https:\/\/www.20minutos.es\/minuteca\/paises-bajos\/\" title=\"Pa\u00edses Bajos\">Pa\u00edses Bajos<\/a>, y en particular <b>\u00c1msterdam<\/b>, son conocidos por ser altamente accesibles. El transporte p\u00fablico en \u00c1msterdam <b>est\u00e1 casi completamente adaptado para personas con discapacidad<\/b>, y la mayor\u00eda de los museos y atracciones tur\u00edsticas cuentan con facilidades de acceso. Adem\u00e1s, los Pa\u00edses Bajos tienen una <b>extensa red de ciclov\u00edas accesibles<\/b>, lo que permite a las personas con discapacidad disfrutar de la famosa cultura ciclista del pa\u00eds.<\/p>\n<h2>Menos accesibles<\/h2>\n<p>A pesar de ser un destino tur\u00edstico popular, <a href=\"https:\/\/www.20minutos.es\/minuteca\/grecia\/\" title=\"Grecia\">Grecia <\/a>enfrenta desaf\u00edos significativos en t\u00e9rminos de accesibilidad. Las islas griegas, con sus paisajes monta\u00f1osos y estructuras antiguas, a menudo carecen de las infraestructuras necesarias para personas con movilidad reducida. Un informe de la <a href=\"https:\/\/www.20minutos.es\/minuteca\/comision-europea\/\" title=\"Comisi\u00f3n Europea\">Comisi\u00f3n Europea<\/a> de 2019 se\u00f1al\u00f3 que<b> solo el 25% de los hoteles en Grecia tienen habitaciones accesibles<\/b>. Adem\u00e1s, el transporte p\u00fablico accesible es limitado fuera de las principales ciudades como Atenas y Sal\u00f3nica.<\/p>\n<p><a href=\"https:\/\/www.20minutos.es\/minuteca\/italia\/\" title=\"Italia\">Italia<\/a>, con su patrimonio hist\u00f3rico y cultural, puede ser un destino dif\u00edcil para personas con discapacidad. Muchas ciudades italianas, como <b>Roma y Florencia<\/b>, tienen <b>calles empedradas y edificios antiguos que no son f\u00e1cilmente adaptables<\/b>. Aunque hay esfuerzos para mejorar la accesibilidad, un estudio de la Fundaci\u00f3n Vodafone Italia muestra que solo <b>el 40% de las atracciones tur\u00edsticas<\/b> en las principales ciudades italianas son accesibles. Sin embargo, algunas ciudades como Mil\u00e1n est\u00e1n liderando y avanzando significativamente en t\u00e9rminos de accesibilidad.<\/p>\n<p><a href=\"https:\/\/www.20minutos.es\/minuteca\/portugal\/\" title=\"Portugal\">Portugal <\/a>ha hecho progresos en la mejora de la accesibilidad, especialmente en <b>Lisboa y Oporto<\/b>, pero a\u00fan enfrenta desaf\u00edos. Seg\u00fan el informe de Access Portugal, aproximadamente <b>el 35% de los hoteles en el pa\u00eds est\u00e1n adaptados para personas con discapacidad<\/b>. Adem\u00e1s, siguiendo la estela espa\u00f1ola, algunas playas portuguesas ya han comenzado a implementar rampas y pasarelas para facilitar el acceso, pero la infraestructura de transporte p\u00fablico todav\u00eda requiere mejoras significativas para ser completamente accesible.<\/p>\n<h2>Planificaci\u00f3n<\/h2>\n<p>Al <b>planificar <\/b>unas vacaciones, es crucial investigar y confirmar la accesibilidad de los <b>destinos espec\u00edficos<\/b>, ya que <b>las infraestructuras y servicios pueden variar considerablemente dentro de un mismo pa\u00eds.<\/b> Utilizar recursos como gu\u00edas de viaje especializadas, contactar con hoteles y atracciones para verificar la accesibilidad, y consultar experiencias de otros viajeros con discapacidad puede ser de gran ayuda.<\/p>\n<p>Para quienes buscan destinos altamente accesibles, <b>Espa\u00f1a, Alemania y los Pa\u00edses Bajos <\/b>son opciones recomendadas. Por otro lado, quienes elijan <b>Grecia, Italia o Portugal <\/b>deben prepararse para posibles desaf\u00edos y planificar cuidadosamente para asegurar una experiencia vacacional agradable y sin contratiempos. La accesibilidad es un derecho fundamental, y cada vez m\u00e1s destinos est\u00e1n tomando medidas para garantizar que todas las personas puedan disfrutar de sus vacaciones con comodidad y dignidad, tal y como indica la Uni\u00f3n Europea.<\/p>\n<\/div>\n<p>Fuente: Discapacidad https:\/\/www.20minutos.es\/noticia\/5522829\/0\/buscas-destino-vacacional-estos-son-los-paises-nuestro-entorno-mas-menos-accesibles\/<\/p>\n","protected":false},"excerpt":{"rendered":"<p>El verano es una \u00e9poca ideal para disfrutar de unas merecidas vacaciones, pero para las personas con discapacidad, elegir un destino accesible puede ser un&#8230;<\/p>\n","protected":false},"author":1,"featured_media":0,"comment_status":"closed","ping_status":"closed","sticky":false,"template":"","format":"standard","meta":{"footnotes":""},"categories":[8],"tags":[],"class_list":["post-10212","post","type-post","status-publish","format-standard","hentry","category-noticias"],"yoast_head":"<!-- This site is optimized with the Yoast SEO plugin v27.5 - https:\/\/yoast.com\/product\/yoast-seo-wordpress\/ -->\n<title>\u00bfBuscas destino vacacional en Europa? Estos son los pa\u00edses m\u00e1s y menos accesibles para personas con discapacidad - Asociaci\u00f3n Espa\u00f1ola S\u00edndrome de Charge<\/title>\n<meta name=\"robots\" content=\"index, follow, max-snippet:-1, max-image-preview:large, max-video-preview:-1\" \/>\n<link rel=\"canonical\" href=\"https:\/\/sindromecharge.es\/index.php\/2024\/07\/31\/buscas-destino-vacacional-estos-son-los-paises-nuestro-entorno-mas-menos-accesibles\/\" \/>\n<meta property=\"og:locale\" content=\"es_ES\" \/>\n<meta property=\"og:type\" content=\"article\" \/>\n<meta property=\"og:title\" content=\"\u00bfBuscas destino vacacional en Europa? Estos son los pa\u00edses m\u00e1s y menos accesibles para personas con discapacidad - Asociaci\u00f3n Espa\u00f1ola S\u00edndrome de Charge\" \/>\n<meta property=\"og:description\" content=\"El verano es una \u00e9poca ideal para disfrutar de unas merecidas vacaciones, pero para las personas con discapacidad, elegir un destino accesible puede ser un&#8230;\" \/>\n<meta property=\"og:url\" content=\"https:\/\/sindromecharge.es\/index.php\/2024\/07\/31\/buscas-destino-vacacional-estos-son-los-paises-nuestro-entorno-mas-menos-accesibles\/\" \/>\n<meta property=\"og:site_name\" content=\"Asociaci\u00f3n Espa\u00f1ola S\u00edndrome de Charge\" \/>\n<meta property=\"article:publisher\" content=\"https:\/\/www.facebook.com\/asociacionsindromecharge\" \/>\n<meta property=\"article:published_time\" content=\"2024-07-31T05:27:53+00:00\" \/>\n<meta property=\"og:image\" content=\"https:\/\/sindromecharge.es\/wp-content\/uploads\/2013\/09\/logodecharge300x98.png\" \/>\n\t<meta property=\"og:image:width\" content=\"300\" \/>\n\t<meta property=\"og:image:height\" content=\"98\" \/>\n\t<meta property=\"og:image:type\" content=\"image\/png\" \/>\n<meta name=\"author\" content=\"Charge\" \/>\n<meta name=\"twitter:card\" content=\"summary_large_image\" \/>\n<meta name=\"twitter:creator\" content=\"@sindromecharge\" \/>\n<meta name=\"twitter:site\" content=\"@sindromecharge\" \/>\n<meta name=\"twitter:label1\" content=\"Escrito por\" \/>\n\t<meta name=\"twitter:data1\" content=\"Charge\" \/>\n\t<meta name=\"twitter:label2\" content=\"Tiempo de lectura\" \/>\n\t<meta name=\"twitter:data2\" content=\"4 minutos\" \/>\n<script type=\"application\/ld+json\" class=\"yoast-schema-graph\">{\"@context\":\"https:\\\/\\\/schema.org\",\"@graph\":[{\"@type\":\"Article\",\"@id\":\"https:\\\/\\\/sindromecharge.es\\\/index.php\\\/2024\\\/07\\\/31\\\/buscas-destino-vacacional-estos-son-los-paises-nuestro-entorno-mas-menos-accesibles\\\/#article\",\"isPartOf\":{\"@id\":\"https:\\\/\\\/sindromecharge.es\\\/index.php\\\/2024\\\/07\\\/31\\\/buscas-destino-vacacional-estos-son-los-paises-nuestro-entorno-mas-menos-accesibles\\\/\"},\"author\":{\"name\":\"Charge\",\"@id\":\"https:\\\/\\\/sindromecharge.es\\\/#\\\/schema\\\/person\\\/39a60ebe0a2b4d5a11179701e336b039\"},\"headline\":\"\u00bfBuscas destino vacacional en Europa? Estos son los pa\u00edses m\u00e1s y menos accesibles para personas con discapacidad\",\"datePublished\":\"2024-07-31T05:27:53+00:00\",\"mainEntityOfPage\":{\"@id\":\"https:\\\/\\\/sindromecharge.es\\\/index.php\\\/2024\\\/07\\\/31\\\/buscas-destino-vacacional-estos-son-los-paises-nuestro-entorno-mas-menos-accesibles\\\/\"},\"wordCount\":747,\"articleSection\":[\"noticias\"],\"inLanguage\":\"es\"},{\"@type\":\"WebPage\",\"@id\":\"https:\\\/\\\/sindromecharge.es\\\/index.php\\\/2024\\\/07\\\/31\\\/buscas-destino-vacacional-estos-son-los-paises-nuestro-entorno-mas-menos-accesibles\\\/\",\"url\":\"https:\\\/\\\/sindromecharge.es\\\/index.php\\\/2024\\\/07\\\/31\\\/buscas-destino-vacacional-estos-son-los-paises-nuestro-entorno-mas-menos-accesibles\\\/\",\"name\":\"\u00bfBuscas destino vacacional en Europa? Estos son los pa\u00edses m\u00e1s y menos accesibles para personas con discapacidad - Asociaci\u00f3n Espa\u00f1ola S\u00edndrome de Charge\",\"isPartOf\":{\"@id\":\"https:\\\/\\\/sindromecharge.es\\\/#website\"},\"datePublished\":\"2024-07-31T05:27:53+00:00\",\"author\":{\"@id\":\"https:\\\/\\\/sindromecharge.es\\\/#\\\/schema\\\/person\\\/39a60ebe0a2b4d5a11179701e336b039\"},\"breadcrumb\":{\"@id\":\"https:\\\/\\\/sindromecharge.es\\\/index.php\\\/2024\\\/07\\\/31\\\/buscas-destino-vacacional-estos-son-los-paises-nuestro-entorno-mas-menos-accesibles\\\/#breadcrumb\"},\"inLanguage\":\"es\",\"potentialAction\":[{\"@type\":\"ReadAction\",\"target\":[\"https:\\\/\\\/sindromecharge.es\\\/index.php\\\/2024\\\/07\\\/31\\\/buscas-destino-vacacional-estos-son-los-paises-nuestro-entorno-mas-menos-accesibles\\\/\"]}]},{\"@type\":\"BreadcrumbList\",\"@id\":\"https:\\\/\\\/sindromecharge.es\\\/index.php\\\/2024\\\/07\\\/31\\\/buscas-destino-vacacional-estos-son-los-paises-nuestro-entorno-mas-menos-accesibles\\\/#breadcrumb\",\"itemListElement\":[{\"@type\":\"ListItem\",\"position\":1,\"name\":\"Portada\",\"item\":\"https:\\\/\\\/sindromecharge.es\\\/\"},{\"@type\":\"ListItem\",\"position\":2,\"name\":\"\u00bfBuscas destino vacacional en Europa? Estos son los pa\u00edses m\u00e1s y menos accesibles para personas con discapacidad\"}]},{\"@type\":\"WebSite\",\"@id\":\"https:\\\/\\\/sindromecharge.es\\\/#website\",\"url\":\"https:\\\/\\\/sindromecharge.es\\\/\",\"name\":\"Asociaci\u00f3n Espa\u00f1ola S\u00edndrome de Charge\",\"description\":\"\",\"potentialAction\":[{\"@type\":\"SearchAction\",\"target\":{\"@type\":\"EntryPoint\",\"urlTemplate\":\"https:\\\/\\\/sindromecharge.es\\\/?s={search_term_string}\"},\"query-input\":{\"@type\":\"PropertyValueSpecification\",\"valueRequired\":true,\"valueName\":\"search_term_string\"}}],\"inLanguage\":\"es\"},{\"@type\":\"Person\",\"@id\":\"https:\\\/\\\/sindromecharge.es\\\/#\\\/schema\\\/person\\\/39a60ebe0a2b4d5a11179701e336b039\",\"name\":\"Charge\",\"image\":{\"@type\":\"ImageObject\",\"inLanguage\":\"es\",\"@id\":\"https:\\\/\\\/secure.gravatar.com\\\/avatar\\\/c3b46e32a0fc3b093a0873fb767bf3293de856293065e84ef06b7ec7a8acfb98?s=96&d=identicon&r=x\",\"url\":\"https:\\\/\\\/secure.gravatar.com\\\/avatar\\\/c3b46e32a0fc3b093a0873fb767bf3293de856293065e84ef06b7ec7a8acfb98?s=96&d=identicon&r=x\",\"contentUrl\":\"https:\\\/\\\/secure.gravatar.com\\\/avatar\\\/c3b46e32a0fc3b093a0873fb767bf3293de856293065e84ef06b7ec7a8acfb98?s=96&d=identicon&r=x\",\"caption\":\"Charge\"},\"url\":\"https:\\\/\\\/sindromecharge.es\\\/index.php\\\/author\\\/admin\\\/\"}]}<\/script>\n<!-- \/ Yoast SEO plugin. -->","yoast_head_json":{"title":"\u00bfBuscas destino vacacional en Europa? Estos son los pa\u00edses m\u00e1s y menos accesibles para personas con discapacidad - Asociaci\u00f3n Espa\u00f1ola S\u00edndrome de Charge","robots":{"index":"index","follow":"follow","max-snippet":"max-snippet:-1","max-image-preview":"max-image-preview:large","max-video-preview":"max-video-preview:-1"},"canonical":"https:\/\/sindromecharge.es\/index.php\/2024\/07\/31\/buscas-destino-vacacional-estos-son-los-paises-nuestro-entorno-mas-menos-accesibles\/","og_locale":"es_ES","og_type":"article","og_title":"\u00bfBuscas destino vacacional en Europa? Estos son los pa\u00edses m\u00e1s y menos accesibles para personas con discapacidad - Asociaci\u00f3n Espa\u00f1ola S\u00edndrome de Charge","og_description":"El verano es una \u00e9poca ideal para disfrutar de unas merecidas vacaciones, pero para las personas con discapacidad, elegir un destino accesible puede ser un&#8230;","og_url":"https:\/\/sindromecharge.es\/index.php\/2024\/07\/31\/buscas-destino-vacacional-estos-son-los-paises-nuestro-entorno-mas-menos-accesibles\/","og_site_name":"Asociaci\u00f3n Espa\u00f1ola S\u00edndrome de Charge","article_publisher":"https:\/\/www.facebook.com\/asociacionsindromecharge","article_published_time":"2024-07-31T05:27:53+00:00","og_image":[{"width":300,"height":98,"url":"https:\/\/sindromecharge.es\/wp-content\/uploads\/2013\/09\/logodecharge300x98.png","type":"image\/png"}],"author":"Charge","twitter_card":"summary_large_image","twitter_creator":"@sindromecharge","twitter_site":"@sindromecharge","twitter_misc":{"Escrito por":"Charge","Tiempo de lectura":"4 minutos"},"schema":{"@context":"https:\/\/schema.org","@graph":[{"@type":"Article","@id":"https:\/\/sindromecharge.es\/index.php\/2024\/07\/31\/buscas-destino-vacacional-estos-son-los-paises-nuestro-entorno-mas-menos-accesibles\/#article","isPartOf":{"@id":"https:\/\/sindromecharge.es\/index.php\/2024\/07\/31\/buscas-destino-vacacional-estos-son-los-paises-nuestro-entorno-mas-menos-accesibles\/"},"author":{"name":"Charge","@id":"https:\/\/sindromecharge.es\/#\/schema\/person\/39a60ebe0a2b4d5a11179701e336b039"},"headline":"\u00bfBuscas destino vacacional en Europa? Estos son los pa\u00edses m\u00e1s y menos accesibles para personas con discapacidad","datePublished":"2024-07-31T05:27:53+00:00","mainEntityOfPage":{"@id":"https:\/\/sindromecharge.es\/index.php\/2024\/07\/31\/buscas-destino-vacacional-estos-son-los-paises-nuestro-entorno-mas-menos-accesibles\/"},"wordCount":747,"articleSection":["noticias"],"inLanguage":"es"},{"@type":"WebPage","@id":"https:\/\/sindromecharge.es\/index.php\/2024\/07\/31\/buscas-destino-vacacional-estos-son-los-paises-nuestro-entorno-mas-menos-accesibles\/","url":"https:\/\/sindromecharge.es\/index.php\/2024\/07\/31\/buscas-destino-vacacional-estos-son-los-paises-nuestro-entorno-mas-menos-accesibles\/","name":"\u00bfBuscas destino vacacional en Europa? Estos son los pa\u00edses m\u00e1s y menos accesibles para personas con discapacidad - Asociaci\u00f3n Espa\u00f1ola S\u00edndrome de Charge","isPartOf":{"@id":"https:\/\/sindromecharge.es\/#website"},"datePublished":"2024-07-31T05:27:53+00:00","author":{"@id":"https:\/\/sindromecharge.es\/#\/schema\/person\/39a60ebe0a2b4d5a11179701e336b039"},"breadcrumb":{"@id":"https:\/\/sindromecharge.es\/index.php\/2024\/07\/31\/buscas-destino-vacacional-estos-son-los-paises-nuestro-entorno-mas-menos-accesibles\/#breadcrumb"},"inLanguage":"es","potentialAction":[{"@type":"ReadAction","target":["https:\/\/sindromecharge.es\/index.php\/2024\/07\/31\/buscas-destino-vacacional-estos-son-los-paises-nuestro-entorno-mas-menos-accesibles\/"]}]},{"@type":"BreadcrumbList","@id":"https:\/\/sindromecharge.es\/index.php\/2024\/07\/31\/buscas-destino-vacacional-estos-son-los-paises-nuestro-entorno-mas-menos-accesibles\/#breadcrumb","itemListElement":[{"@type":"ListItem","position":1,"name":"Portada","item":"https:\/\/sindromecharge.es\/"},{"@type":"ListItem","position":2,"name":"\u00bfBuscas destino vacacional en Europa? Estos son los pa\u00edses m\u00e1s y menos accesibles para personas con discapacidad"}]},{"@type":"WebSite","@id":"https:\/\/sindromecharge.es\/#website","url":"https:\/\/sindromecharge.es\/","name":"Asociaci\u00f3n Espa\u00f1ola S\u00edndrome de Charge","description":"","potentialAction":[{"@type":"SearchAction","target":{"@type":"EntryPoint","urlTemplate":"https:\/\/sindromecharge.es\/?s={search_term_string}"},"query-input":{"@type":"PropertyValueSpecification","valueRequired":true,"valueName":"search_term_string"}}],"inLanguage":"es"},{"@type":"Person","@id":"https:\/\/sindromecharge.es\/#\/schema\/person\/39a60ebe0a2b4d5a11179701e336b039","name":"Charge","image":{"@type":"ImageObject","inLanguage":"es","@id":"https:\/\/secure.gravatar.com\/avatar\/c3b46e32a0fc3b093a0873fb767bf3293de856293065e84ef06b7ec7a8acfb98?s=96&d=identicon&r=x","url":"https:\/\/secure.gravatar.com\/avatar\/c3b46e32a0fc3b093a0873fb767bf3293de856293065e84ef06b7ec7a8acfb98?s=96&d=identicon&r=x","contentUrl":"https:\/\/secure.gravatar.com\/avatar\/c3b46e32a0fc3b093a0873fb767bf3293de856293065e84ef06b7ec7a8acfb98?s=96&d=identicon&r=x","caption":"Charge"},"url":"https:\/\/sindromecharge.es\/index.php\/author\/admin\/"}]}},"_links":{"self":[{"href":"https:\/\/sindromecharge.es\/index.php\/wp-json\/wp\/v2\/posts\/10212","targetHints":{"allow":["GET"]}}],"collection":[{"href":"https:\/\/sindromecharge.es\/index.php\/wp-json\/wp\/v2\/posts"}],"about":[{"href":"https:\/\/sindromecharge.es\/index.php\/wp-json\/wp\/v2\/types\/post"}],"author":[{"embeddable":true,"href":"https:\/\/sindromecharge.es\/index.php\/wp-json\/wp\/v2\/users\/1"}],"replies":[{"embeddable":true,"href":"https:\/\/sindromecharge.es\/index.php\/wp-json\/wp\/v2\/comments?post=10212"}],"version-history":[{"count":0,"href":"https:\/\/sindromecharge.es\/index.php\/wp-json\/wp\/v2\/posts\/10212\/revisions"}],"wp:attachment":[{"href":"https:\/\/sindromecharge.es\/index.php\/wp-json\/wp\/v2\/media?parent=10212"}],"wp:term":[{"taxonomy":"category","embeddable":true,"href":"https:\/\/sindromecharge.es\/index.php\/wp-json\/wp\/v2\/categories?post=10212"},{"taxonomy":"post_tag","embeddable":true,"href":"https:\/\/sindromecharge.es\/index.php\/wp-json\/wp\/v2\/tags?post=10212"}],"curies":[{"name":"wp","href":"https:\/\/api.w.org\/{rel}","templated":true}]}}