{"id":10211,"date":"2024-07-31T09:03:29","date_gmt":"2024-07-31T09:03:29","guid":{"rendered":"https:\/\/sindromecharge.es\/index.php\/2024\/07\/31\/index-php-107\/"},"modified":"2024-07-31T09:03:29","modified_gmt":"2024-07-31T09:03:29","slug":"index-php-107","status":"publish","type":"post","link":"https:\/\/sindromecharge.es\/index.php\/2024\/07\/31\/index-php-107\/","title":{"rendered":"Procedimiento ante un siniestro del procesador del I.C. durante el mes de Agosto"},"content":{"rendered":"<p>Leemos en Federaci\u00f3n de Asociaciones de Implantados Cocleares de Espa\u00f1a. Federaci\u00f3n AICE la siguiente noticia que os reproducimos de forma \u00edntegra: <\/p>\n<div>\n<table style=\"width: 750px;\" summary=\"Procedimiento ante un siniestro del procesador del I.C.\" cellspacing=\"5\" cellpadding=\"1\" border=\"0\">\n<caption align=\"center\">Procedimiento ante un siniestro del procesador del I.C. durante el mes de Agosto<\/caption>\n<tbody>\n<tr>\n<td><a class=\"jcepopup\" title=\"Procedimiento ante un siniestro del procesador del I.C. durante el mes de Agosto\" href=\"http:\/\/www.implantecoclear.org\/images\/servicios\/Procedimiento_1.png\" target=\"_blank\" rel=\"noopener\"><img loading=\"lazy\" decoding=\"async\" style=\"margin: 5px; float: left;\" src=\"http:\/\/www.implantecoclear.org\/images\/servicios\/Procedimiento_1.png\" alt=\"Sede Federaci\u00f3n cerrada 1 al 31 de agosto\" width=\"250\" height=\"250\"><\/a><\/td>\n<td>\n<p><strong>La sede de la Federaci\u00f3n AICE estar\u00e1 cerrada por vacaciones del 1 al 31 de agosto.<\/strong><br \/><strong>Los socios que tengan contratado el seguro del procesador externo y sufran alg\u00fan percance deber\u00e1n enviar un escrito informando de lo sucedido.<br \/>Opci\u00f3n 1: Correo electr\u00f3nico <a title=\"Correo siniestros IC durante el mes de agosto\" href=\"mailto:aice@implantecoclear.org\">aice@implantecoclear.org<\/a><br \/>Opci\u00f3n 2: Correo postal Federaci\u00f3n AICE C\/ Fern\u00e1ndez Dur\u00f3, 24 08014 Barcelona<\/strong><\/p>\n<p><strong> <\/strong><\/td>\n<\/tr>\n<tr>\n<td><a class=\"jcepopup\" title=\"Llevarlo a reparar a la casa comercial correspondiente. La fecha se tramitar\u00e1 con fecha del escrito.\" href=\"http:\/\/www.implantecoclear.org\/images\/servicios\/Procedimiento_3.png\" target=\"_blank\" rel=\"noopener\"><img loading=\"lazy\" decoding=\"async\" style=\"margin: 5px; float: left;\" src=\"http:\/\/www.implantecoclear.org\/images\/servicios\/Procedimiento_3.png\" alt=\"Sede Federaci\u00f3n cerrada 1 al 31 de agosto\" width=\"250\" height=\"250\"><\/a><\/td>\n<td><strong>Llevarlo a reparar a la casa comercial correspondiente. La fecha se tramitar\u00e1 con fecha del escrito.<\/strong><\/td>\n<\/tr>\n<tr>\n<td><a class=\"jcepopup\" title=\"En cuanto volvamos de vacaciones, el departamento se pondr\u00e1 en contacto con vosotros sin ning\u00fan problema\" href=\"http:\/\/www.implantecoclear.org\/images\/servicios\/Procedimiento_4.png\" target=\"_blank\" rel=\"noopener\"><img loading=\"lazy\" decoding=\"async\" style=\"margin: 5px; float: left;\" src=\"http:\/\/www.implantecoclear.org\/images\/servicios\/Procedimiento_4.png\" alt=\"Sede Federaci\u00f3n cerrada 1 al 31 de agosto\" width=\"250\" height=\"250\"><\/a><\/td>\n<td><strong>En cuanto volvamos de vacaciones, el departamento se pondr\u00e1 en contacto con vosotros sin ning\u00fan problema.<\/strong><\/td>\n<\/tr>\n<\/tbody>\n<\/table>\n<p><!--\n\n\n<p><img loading=\"lazy\" decoding=\"async\" height=\"16\" width=\"16\" alt=\"pdf button\" src=\"http:\/\/implantecoclear.org\/images\/iconos\/pdf_button.png\"    style=\"margin-right: 10px; vertical-align: middle;\"    \/><a target=\"_blank\" href=\"http:\/\/www.implantecoclear.org\/images\/servicios\/Procedimiento%20Siniestro%20Procesador.pdf\" title=\"Procedimiento ante un siniestro del procesador del I.C. Abre nueva ventana\" rel=\"noopener\">Procedimiento ante un siniestro del procesador del I.C. durante el mes de agosto documento en PDF<\/a><\/p>\n\n\n--><\/div>\n<p>Fuente: Federaci\u00f3n de Asociaciones de Implantados Cocleares de Espa\u00f1a. Federaci\u00f3n AICE http:\/\/implantecoclear.org\/index.php?option=com_content&#038;view=article&#038;id=708:procedimiento-ante-un-siniestro-del-procesador-del-ic-durante-el-mes-de-agosto&#038;catid=1:latest-news<\/p>\n","protected":false},"excerpt":{"rendered":"<p>Procedimiento ante un siniestro del procesador del I.C. durante el mes de Agosto La sede de la Federaci\u00f3n AICE estar\u00e1 cerrada por vacaciones del 1 al 31 de agosto.Los socios que tengan contratado el seguro del procesador externo y sufran alg\u00fan percance deber\u00e1n enviar un escrito informando de lo sucedido.Opci\u00f3n 1: Correo electr\u00f3nico aice@implantecoclear.orgOpci\u00f3n 2: [&hellip;]<\/p>\n","protected":false},"author":1,"featured_media":0,"comment_status":"closed","ping_status":"closed","sticky":false,"template":"","format":"standard","meta":{"footnotes":""},"categories":[8],"tags":[],"class_list":["post-10211","post","type-post","status-publish","format-standard","hentry","category-noticias"],"yoast_head":"<!-- This site is optimized with the Yoast SEO plugin v27.5 - https:\/\/yoast.com\/product\/yoast-seo-wordpress\/ -->\n<title>Procedimiento ante un siniestro del procesador del I.C. durante el mes de Agosto - Asociaci\u00f3n Espa\u00f1ola S\u00edndrome de Charge<\/title>\n<meta name=\"robots\" content=\"index, follow, max-snippet:-1, max-image-preview:large, max-video-preview:-1\" \/>\n<link rel=\"canonical\" href=\"https:\/\/sindromecharge.es\/index.php\/2024\/07\/31\/index-php-107\/\" \/>\n<meta property=\"og:locale\" content=\"es_ES\" \/>\n<meta property=\"og:type\" content=\"article\" \/>\n<meta property=\"og:title\" content=\"Procedimiento ante un siniestro del procesador del I.C. durante el mes de Agosto - Asociaci\u00f3n Espa\u00f1ola S\u00edndrome de Charge\" \/>\n<meta property=\"og:description\" content=\"Procedimiento ante un siniestro del procesador del I.C. durante el mes de Agosto La sede de la Federaci\u00f3n AICE estar\u00e1 cerrada por vacaciones del 1 al 31 de agosto.Los socios que tengan contratado el seguro del procesador externo y sufran alg\u00fan percance deber\u00e1n enviar un escrito informando de lo sucedido.Opci\u00f3n 1: Correo electr\u00f3nico aice@implantecoclear.orgOpci\u00f3n 2: [&hellip;]\" \/>\n<meta property=\"og:url\" content=\"https:\/\/sindromecharge.es\/index.php\/2024\/07\/31\/index-php-107\/\" \/>\n<meta property=\"og:site_name\" content=\"Asociaci\u00f3n Espa\u00f1ola S\u00edndrome de Charge\" \/>\n<meta property=\"article:publisher\" content=\"https:\/\/www.facebook.com\/asociacionsindromecharge\" \/>\n<meta property=\"article:published_time\" content=\"2024-07-31T09:03:29+00:00\" \/>\n<meta property=\"og:image\" content=\"http:\/\/www.implantecoclear.org\/images\/servicios\/Procedimiento_1.png\" \/>\n<meta name=\"author\" content=\"Charge\" \/>\n<meta name=\"twitter:card\" content=\"summary_large_image\" \/>\n<meta name=\"twitter:creator\" content=\"@sindromecharge\" \/>\n<meta name=\"twitter:site\" content=\"@sindromecharge\" \/>\n<meta name=\"twitter:label1\" content=\"Escrito por\" \/>\n\t<meta name=\"twitter:data1\" content=\"Charge\" \/>\n\t<meta name=\"twitter:label2\" content=\"Tiempo de lectura\" \/>\n\t<meta name=\"twitter:data2\" content=\"1 minuto\" \/>\n<script type=\"application\/ld+json\" class=\"yoast-schema-graph\">{\"@context\":\"https:\\\/\\\/schema.org\",\"@graph\":[{\"@type\":\"Article\",\"@id\":\"https:\\\/\\\/sindromecharge.es\\\/index.php\\\/2024\\\/07\\\/31\\\/index-php-107\\\/#article\",\"isPartOf\":{\"@id\":\"https:\\\/\\\/sindromecharge.es\\\/index.php\\\/2024\\\/07\\\/31\\\/index-php-107\\\/\"},\"author\":{\"name\":\"Charge\",\"@id\":\"https:\\\/\\\/sindromecharge.es\\\/#\\\/schema\\\/person\\\/39a60ebe0a2b4d5a11179701e336b039\"},\"headline\":\"Procedimiento ante un siniestro del procesador del I.C. durante el mes de Agosto\",\"datePublished\":\"2024-07-31T09:03:29+00:00\",\"mainEntityOfPage\":{\"@id\":\"https:\\\/\\\/sindromecharge.es\\\/index.php\\\/2024\\\/07\\\/31\\\/index-php-107\\\/\"},\"wordCount\":172,\"image\":{\"@id\":\"https:\\\/\\\/sindromecharge.es\\\/index.php\\\/2024\\\/07\\\/31\\\/index-php-107\\\/#primaryimage\"},\"thumbnailUrl\":\"http:\\\/\\\/www.implantecoclear.org\\\/images\\\/servicios\\\/Procedimiento_1.png\",\"articleSection\":[\"noticias\"],\"inLanguage\":\"es\"},{\"@type\":\"WebPage\",\"@id\":\"https:\\\/\\\/sindromecharge.es\\\/index.php\\\/2024\\\/07\\\/31\\\/index-php-107\\\/\",\"url\":\"https:\\\/\\\/sindromecharge.es\\\/index.php\\\/2024\\\/07\\\/31\\\/index-php-107\\\/\",\"name\":\"Procedimiento ante un siniestro del procesador del I.C. durante el mes de Agosto - Asociaci\u00f3n Espa\u00f1ola S\u00edndrome de Charge\",\"isPartOf\":{\"@id\":\"https:\\\/\\\/sindromecharge.es\\\/#website\"},\"primaryImageOfPage\":{\"@id\":\"https:\\\/\\\/sindromecharge.es\\\/index.php\\\/2024\\\/07\\\/31\\\/index-php-107\\\/#primaryimage\"},\"image\":{\"@id\":\"https:\\\/\\\/sindromecharge.es\\\/index.php\\\/2024\\\/07\\\/31\\\/index-php-107\\\/#primaryimage\"},\"thumbnailUrl\":\"http:\\\/\\\/www.implantecoclear.org\\\/images\\\/servicios\\\/Procedimiento_1.png\",\"datePublished\":\"2024-07-31T09:03:29+00:00\",\"author\":{\"@id\":\"https:\\\/\\\/sindromecharge.es\\\/#\\\/schema\\\/person\\\/39a60ebe0a2b4d5a11179701e336b039\"},\"breadcrumb\":{\"@id\":\"https:\\\/\\\/sindromecharge.es\\\/index.php\\\/2024\\\/07\\\/31\\\/index-php-107\\\/#breadcrumb\"},\"inLanguage\":\"es\",\"potentialAction\":[{\"@type\":\"ReadAction\",\"target\":[\"https:\\\/\\\/sindromecharge.es\\\/index.php\\\/2024\\\/07\\\/31\\\/index-php-107\\\/\"]}]},{\"@type\":\"ImageObject\",\"inLanguage\":\"es\",\"@id\":\"https:\\\/\\\/sindromecharge.es\\\/index.php\\\/2024\\\/07\\\/31\\\/index-php-107\\\/#primaryimage\",\"url\":\"http:\\\/\\\/www.implantecoclear.org\\\/images\\\/servicios\\\/Procedimiento_1.png\",\"contentUrl\":\"http:\\\/\\\/www.implantecoclear.org\\\/images\\\/servicios\\\/Procedimiento_1.png\"},{\"@type\":\"BreadcrumbList\",\"@id\":\"https:\\\/\\\/sindromecharge.es\\\/index.php\\\/2024\\\/07\\\/31\\\/index-php-107\\\/#breadcrumb\",\"itemListElement\":[{\"@type\":\"ListItem\",\"position\":1,\"name\":\"Portada\",\"item\":\"https:\\\/\\\/sindromecharge.es\\\/\"},{\"@type\":\"ListItem\",\"position\":2,\"name\":\"Procedimiento ante un siniestro del procesador del I.C. durante el mes de Agosto\"}]},{\"@type\":\"WebSite\",\"@id\":\"https:\\\/\\\/sindromecharge.es\\\/#website\",\"url\":\"https:\\\/\\\/sindromecharge.es\\\/\",\"name\":\"Asociaci\u00f3n Espa\u00f1ola S\u00edndrome de Charge\",\"description\":\"\",\"potentialAction\":[{\"@type\":\"SearchAction\",\"target\":{\"@type\":\"EntryPoint\",\"urlTemplate\":\"https:\\\/\\\/sindromecharge.es\\\/?s={search_term_string}\"},\"query-input\":{\"@type\":\"PropertyValueSpecification\",\"valueRequired\":true,\"valueName\":\"search_term_string\"}}],\"inLanguage\":\"es\"},{\"@type\":\"Person\",\"@id\":\"https:\\\/\\\/sindromecharge.es\\\/#\\\/schema\\\/person\\\/39a60ebe0a2b4d5a11179701e336b039\",\"name\":\"Charge\",\"image\":{\"@type\":\"ImageObject\",\"inLanguage\":\"es\",\"@id\":\"https:\\\/\\\/secure.gravatar.com\\\/avatar\\\/c3b46e32a0fc3b093a0873fb767bf3293de856293065e84ef06b7ec7a8acfb98?s=96&d=identicon&r=x\",\"url\":\"https:\\\/\\\/secure.gravatar.com\\\/avatar\\\/c3b46e32a0fc3b093a0873fb767bf3293de856293065e84ef06b7ec7a8acfb98?s=96&d=identicon&r=x\",\"contentUrl\":\"https:\\\/\\\/secure.gravatar.com\\\/avatar\\\/c3b46e32a0fc3b093a0873fb767bf3293de856293065e84ef06b7ec7a8acfb98?s=96&d=identicon&r=x\",\"caption\":\"Charge\"},\"url\":\"https:\\\/\\\/sindromecharge.es\\\/index.php\\\/author\\\/admin\\\/\"}]}<\/script>\n<!-- \/ Yoast SEO plugin. -->","yoast_head_json":{"title":"Procedimiento ante un siniestro del procesador del I.C. durante el mes de Agosto - Asociaci\u00f3n Espa\u00f1ola S\u00edndrome de Charge","robots":{"index":"index","follow":"follow","max-snippet":"max-snippet:-1","max-image-preview":"max-image-preview:large","max-video-preview":"max-video-preview:-1"},"canonical":"https:\/\/sindromecharge.es\/index.php\/2024\/07\/31\/index-php-107\/","og_locale":"es_ES","og_type":"article","og_title":"Procedimiento ante un siniestro del procesador del I.C. durante el mes de Agosto - Asociaci\u00f3n Espa\u00f1ola S\u00edndrome de Charge","og_description":"Procedimiento ante un siniestro del procesador del I.C. durante el mes de Agosto La sede de la Federaci\u00f3n AICE estar\u00e1 cerrada por vacaciones del 1 al 31 de agosto.Los socios que tengan contratado el seguro del procesador externo y sufran alg\u00fan percance deber\u00e1n enviar un escrito informando de lo sucedido.Opci\u00f3n 1: Correo electr\u00f3nico aice@implantecoclear.orgOpci\u00f3n 2: [&hellip;]","og_url":"https:\/\/sindromecharge.es\/index.php\/2024\/07\/31\/index-php-107\/","og_site_name":"Asociaci\u00f3n Espa\u00f1ola S\u00edndrome de Charge","article_publisher":"https:\/\/www.facebook.com\/asociacionsindromecharge","article_published_time":"2024-07-31T09:03:29+00:00","og_image":[{"url":"http:\/\/www.implantecoclear.org\/images\/servicios\/Procedimiento_1.png","type":"","width":"","height":""}],"author":"Charge","twitter_card":"summary_large_image","twitter_creator":"@sindromecharge","twitter_site":"@sindromecharge","twitter_misc":{"Escrito por":"Charge","Tiempo de lectura":"1 minuto"},"schema":{"@context":"https:\/\/schema.org","@graph":[{"@type":"Article","@id":"https:\/\/sindromecharge.es\/index.php\/2024\/07\/31\/index-php-107\/#article","isPartOf":{"@id":"https:\/\/sindromecharge.es\/index.php\/2024\/07\/31\/index-php-107\/"},"author":{"name":"Charge","@id":"https:\/\/sindromecharge.es\/#\/schema\/person\/39a60ebe0a2b4d5a11179701e336b039"},"headline":"Procedimiento ante un siniestro del procesador del I.C. durante el mes de Agosto","datePublished":"2024-07-31T09:03:29+00:00","mainEntityOfPage":{"@id":"https:\/\/sindromecharge.es\/index.php\/2024\/07\/31\/index-php-107\/"},"wordCount":172,"image":{"@id":"https:\/\/sindromecharge.es\/index.php\/2024\/07\/31\/index-php-107\/#primaryimage"},"thumbnailUrl":"http:\/\/www.implantecoclear.org\/images\/servicios\/Procedimiento_1.png","articleSection":["noticias"],"inLanguage":"es"},{"@type":"WebPage","@id":"https:\/\/sindromecharge.es\/index.php\/2024\/07\/31\/index-php-107\/","url":"https:\/\/sindromecharge.es\/index.php\/2024\/07\/31\/index-php-107\/","name":"Procedimiento ante un siniestro del procesador del I.C. durante el mes de Agosto - Asociaci\u00f3n Espa\u00f1ola S\u00edndrome de Charge","isPartOf":{"@id":"https:\/\/sindromecharge.es\/#website"},"primaryImageOfPage":{"@id":"https:\/\/sindromecharge.es\/index.php\/2024\/07\/31\/index-php-107\/#primaryimage"},"image":{"@id":"https:\/\/sindromecharge.es\/index.php\/2024\/07\/31\/index-php-107\/#primaryimage"},"thumbnailUrl":"http:\/\/www.implantecoclear.org\/images\/servicios\/Procedimiento_1.png","datePublished":"2024-07-31T09:03:29+00:00","author":{"@id":"https:\/\/sindromecharge.es\/#\/schema\/person\/39a60ebe0a2b4d5a11179701e336b039"},"breadcrumb":{"@id":"https:\/\/sindromecharge.es\/index.php\/2024\/07\/31\/index-php-107\/#breadcrumb"},"inLanguage":"es","potentialAction":[{"@type":"ReadAction","target":["https:\/\/sindromecharge.es\/index.php\/2024\/07\/31\/index-php-107\/"]}]},{"@type":"ImageObject","inLanguage":"es","@id":"https:\/\/sindromecharge.es\/index.php\/2024\/07\/31\/index-php-107\/#primaryimage","url":"http:\/\/www.implantecoclear.org\/images\/servicios\/Procedimiento_1.png","contentUrl":"http:\/\/www.implantecoclear.org\/images\/servicios\/Procedimiento_1.png"},{"@type":"BreadcrumbList","@id":"https:\/\/sindromecharge.es\/index.php\/2024\/07\/31\/index-php-107\/#breadcrumb","itemListElement":[{"@type":"ListItem","position":1,"name":"Portada","item":"https:\/\/sindromecharge.es\/"},{"@type":"ListItem","position":2,"name":"Procedimiento ante un siniestro del procesador del I.C. durante el mes de Agosto"}]},{"@type":"WebSite","@id":"https:\/\/sindromecharge.es\/#website","url":"https:\/\/sindromecharge.es\/","name":"Asociaci\u00f3n Espa\u00f1ola S\u00edndrome de Charge","description":"","potentialAction":[{"@type":"SearchAction","target":{"@type":"EntryPoint","urlTemplate":"https:\/\/sindromecharge.es\/?s={search_term_string}"},"query-input":{"@type":"PropertyValueSpecification","valueRequired":true,"valueName":"search_term_string"}}],"inLanguage":"es"},{"@type":"Person","@id":"https:\/\/sindromecharge.es\/#\/schema\/person\/39a60ebe0a2b4d5a11179701e336b039","name":"Charge","image":{"@type":"ImageObject","inLanguage":"es","@id":"https:\/\/secure.gravatar.com\/avatar\/c3b46e32a0fc3b093a0873fb767bf3293de856293065e84ef06b7ec7a8acfb98?s=96&d=identicon&r=x","url":"https:\/\/secure.gravatar.com\/avatar\/c3b46e32a0fc3b093a0873fb767bf3293de856293065e84ef06b7ec7a8acfb98?s=96&d=identicon&r=x","contentUrl":"https:\/\/secure.gravatar.com\/avatar\/c3b46e32a0fc3b093a0873fb767bf3293de856293065e84ef06b7ec7a8acfb98?s=96&d=identicon&r=x","caption":"Charge"},"url":"https:\/\/sindromecharge.es\/index.php\/author\/admin\/"}]}},"_links":{"self":[{"href":"https:\/\/sindromecharge.es\/index.php\/wp-json\/wp\/v2\/posts\/10211","targetHints":{"allow":["GET"]}}],"collection":[{"href":"https:\/\/sindromecharge.es\/index.php\/wp-json\/wp\/v2\/posts"}],"about":[{"href":"https:\/\/sindromecharge.es\/index.php\/wp-json\/wp\/v2\/types\/post"}],"author":[{"embeddable":true,"href":"https:\/\/sindromecharge.es\/index.php\/wp-json\/wp\/v2\/users\/1"}],"replies":[{"embeddable":true,"href":"https:\/\/sindromecharge.es\/index.php\/wp-json\/wp\/v2\/comments?post=10211"}],"version-history":[{"count":0,"href":"https:\/\/sindromecharge.es\/index.php\/wp-json\/wp\/v2\/posts\/10211\/revisions"}],"wp:attachment":[{"href":"https:\/\/sindromecharge.es\/index.php\/wp-json\/wp\/v2\/media?parent=10211"}],"wp:term":[{"taxonomy":"category","embeddable":true,"href":"https:\/\/sindromecharge.es\/index.php\/wp-json\/wp\/v2\/categories?post=10211"},{"taxonomy":"post_tag","embeddable":true,"href":"https:\/\/sindromecharge.es\/index.php\/wp-json\/wp\/v2\/tags?post=10211"}],"curies":[{"name":"wp","href":"https:\/\/api.w.org\/{rel}","templated":true}]}}