{"id":10210,"date":"2024-07-30T06:09:32","date_gmt":"2024-07-30T06:09:32","guid":{"rendered":"https:\/\/sindromecharge.es\/index.php\/2024\/07\/30\/playa-gran-palamos-girona-primera-contar-con-sistema-que-permite-acceso-autonomo-beneficia-toda-poblacion\/"},"modified":"2024-07-30T06:09:32","modified_gmt":"2024-07-30T06:09:32","slug":"playa-gran-palamos-girona-primera-contar-con-sistema-que-permite-acceso-autonomo-beneficia-toda-poblacion","status":"publish","type":"post","link":"https:\/\/sindromecharge.es\/index.php\/2024\/07\/30\/playa-gran-palamos-girona-primera-contar-con-sistema-que-permite-acceso-autonomo-beneficia-toda-poblacion\/","title":{"rendered":"Una playa de Girona, primera con un sistema de acceso aut\u00f3nomo en silla de ruedas: \u00abBeneficia a todos\u00bb"},"content":{"rendered":"<p>Leemos en Discapacidad la siguiente noticia que os reproducimos de forma \u00edntegra: <\/p>\n<div>\n<p>La semana pasada se pudo en marcha en la <b>playa Gran de Palam\u00f3s (Girona)<\/b>, un nuevo sistema que permite dar acceso al agua, de forma aut\u00f3noma y segura, a<b> personas con movilidad reducida<\/b>. Se trata de un sistema pionero en todo el litoral espa\u00f1ol que garantiza el acceso al agua de personas con cualquier tipo de movilidad reducida, ya sean personas con discapacidad motora, ancianos o personas con alguna lesi\u00f3n temporal, de manera aut\u00f3noma, es decir, sin requerir la asistencia de otras personas, por lo que no habr\u00e1 acompa\u00f1amiento dentro del agua de trabajadores municipales o del servicio de socorrismo.<\/p>\n<p>Como cuenta <b>Marta Bordas, arquitecta con discapacidad<\/b> y una de los impulsores del proyecto, esta idea naci\u00f3 \u00aben una comida informal con Pep Esteba -Consultor independiente en<a href=\"https:\/\/www.20minutos.es\/minuteca\/accesibilidad\/\" title=\"Accesibilidad\" target=\"_blank\" rel=\"noopener\"> Accesibilidad<\/a> Universal y tambi\u00e9n impulsor del proyecto-. Despu\u00e9s de habernos conocido en una reuni\u00f3n de accesibilidad organizada en el COAC (Colegio de Arquitectos de Catalu\u00f1a), quedamos para comer y seguir charlando y compartiendo ideas en el \u00e1mbito de la accesibilidad. Cuando surgi\u00f3 el tema de la <b>accesibilidad en las playas<\/b>, casi contestamos al un\u00edsono. Lo ten\u00edamos clar\u00edsimo, ambos ten\u00edamos la misma idea, s\u00f3lo faltaba conseguir ejecutarla\u00bb, recuerda.<\/p>\n<p>Lo que les rondaba por la cabeza era una plataforma construida con aluminio y acero galvanizado, con una superficie plana y di\u00e1fana de unos 12m\u00b2, hecha con pl\u00e1stico reciclado y madera sint\u00e9tica antideslizante. Este pantal\u00e1n se ha situado sobre el agua mediante un<b> sistema de flotaci\u00f3n<\/b>, debidamente sujetado al fondo, y al que se accede por una pasarela fija que lo conecta a la playa. La plataforma cuenta con barandilla en todo su per\u00edmetro, e incluye una <b>silla elevadora hidr\u00e1ulica<\/b>, con capacidad de hasta 120 kilos y funcionamiento con bater\u00edas, que <b>facilita la entrada y salida del agua del usuario, de manera aut\u00f3noma, c\u00f3moda y segura<\/b>.<\/p>\n<p>Adem\u00e1s, tambi\u00e9n se incluye <b>una escalera de dise\u00f1o ergon\u00f3mico con barandilla<\/b>, para poder ser utilizada de acuerdo con el grado de dificultad en la movilidad de cada persona usuaria, que <b>no tiene por qu\u00e9 ser exclusivamente una persona con discapacidad<\/b>, \u00ablas soluciones de accesibilidad universal, cierto es que en muchas ocasiones surgen a ra\u00edz de tener que resolver un problema muy concreto para un colectivo determinado, pero la respuesta siempre beneficia a toda la poblaci\u00f3n en general. Y lo podr\u00edamos ilustrar con much\u00edsimos ejemplos, como en el caso del acceso al tren: cuando se resolvi\u00f3 su accesibilidad mediante el dise\u00f1o de vagones de piso bajo, no s\u00f3lo se benefici\u00f3 el colectivo que no pod\u00eda subir pelda\u00f1os, sino que result\u00f3 que todo el mundo pod\u00eda <b>embarcar y desembarcar con mayor facilidad<\/b>, hecho que conllev\u00f3 un aumento de la frecuencia de trenes y, por ende, satisfacci\u00f3n ciudadana general\u00bb, asegura Marta Bordas.<\/p>\n<h1>Las soluciones de accesibilidad universal, aunque surjan para resolver un problema para un colectivo determinado, la respuesta siempre beneficia a toda la poblaci\u00f3n<\/h1>\n<p>Lo mismo sucede con la<b> plataforma de acceso al mar <\/b>que han dise\u00f1ado, una pasarela que no termina unos metros antes de llegar a la orilla como es habitual, sino que \u00abse mete en el agua y est\u00e1 equipada con escaleras c\u00f3modas, silla hidr\u00e1ulica, toldo y taquillas: es una soluci\u00f3n que no s\u00f3lo permite el ba\u00f1o a personas usuarias de<a href=\"https:\/\/www.20minutos.es\/minuteca\/silla-de-ruedas\/\" title=\"Silla de ruedas\" target=\"_blank\" rel=\"noopener\"> silla de ruedas<\/a>, sino que facilita acceder y disfrutar del agua<b> a todas las personas por igual<\/b>, en mayores condiciones de seguridad\u00bb, insiste.<\/p>\n<p>Hasta la creaci\u00f3n de este innovador elemento, la accesibilidad de las playas espa\u00f1olas terminaba al lado de la orilla. Este dispositivo, en cambio, favorece la autonom\u00eda m\u00e1s all\u00e1, y<b> permite que todo el ba\u00f1o se realice de manera aut\u00f3noma<\/b>, \u00abla accesibilidad en las playas terminaba a escasos metros de la orilla, teniendo que hacer los \u00faltimos pasos sobre una superficie posiblemente irregular y ardiendo, o entrar al mar aguantando la fuerza de las olas al romper. En el mejor de los casos, si eres capaz de andar. En caso contrario, la soluci\u00f3n no era otra que <b>depender de terceros <\/b>para que te empujen estos \u00faltimos metros hasta el agua\u00bb, lamenta.<\/p>\n<p>Con la soluci\u00f3n que tanto ella como Pep Esteba proponen, \u00abtoda persona, independientemente que sea un ni\u00f1o peque\u00f1o o una persona mayor, de que tenga problemas de equilibrio, poca fuerza, fatiga o se desplace en silla de ruedas, ser\u00e1 capaz de acceder al agua de forma segura y aut\u00f3noma. A la vez, esto permitir\u00e1<b> descargar el servicio de asistencia<\/b>, que se podr\u00e1 centrar en los usuarios con m\u00e1s necesidades de apoyo que s\u00ed que requieren asistencia de una tercera persona en su d\u00eda a d\u00eda\u00bb.<\/p>\n<p>Al acto de presentaci\u00f3n de este elemento <b>acudieron varias personalidades<\/b>. En primer lugar, sus creadores, Pep Esteba y Marta Bordas, pero tambi\u00e9n el alcalde de Palam\u00f3s, Llu\u00eds Puig; la vicepresidenta tercera de la Diputaci\u00f3n de Girona, presidenta de Dipsalut y concejala de Medio Ambiente del Ayuntamiento de Palam\u00f3s, Maria Puig; y del presidente de la entidad Cocemfe Catalunya, Frederic Crespo.<\/p>\n<p>Tampoco quisieron perd\u00e9rsela algunos <b>deportistas lesionados medulares<\/b>, como Jordi Cargol, regatista palamosense de vela adaptada, y el corredor del Dakar, el andorrano Albert Llovera.<\/p>\n<p>Esta instalaci\u00f3n est\u00e1 dirigida exclusivamente a personas con movilidad reducida y su horario de uso es de 6:00 a 22:00. Como explican, \u00abla escalera con barandilla podr\u00e1 ser utilizada libremente, mientras que para acceder al <b>uso de la silla elevadora hidr\u00e1ulica<\/b> se deber\u00e1 aplicar un c\u00f3digo que se deber\u00e1 haber solicitado previamente en las dependencias de la Oficina de Turismo de la localidad. El usuario tambi\u00e9n podr\u00e1 utilizar una taquilla, seg\u00fan disponibilidad, con el mismo c\u00f3digo de acceso que el de la silla\u00bb.<\/p>\n<p>La Playa Gran de Palam\u00f3s cuenta, adem\u00e1s, con otras medidas de accesibilidad, como <b>ba\u00f1o asistido<\/b>, dotado con personal exclusivo para ayuda al ba\u00f1o,<b> sillas anfibias<\/b>, <b>muletas acu\u00e1ticas<\/b>, gr\u00faa de apoyo para traslado y chalecos salvavidas.<\/p>\n<\/div>\n<p>Fuente: Discapacidad https:\/\/www.20minutos.es\/noticia\/5536154\/0\/playa-gran-palamos-girona-primera-contar-con-sistema-que-permite-acceso-autonomo-beneficia-toda-poblacion\/<\/p>\n","protected":false},"excerpt":{"rendered":"<p>El dispositivo permite que las personas con movilidad reducida puedan ba\u00f1arse de manera aut\u00f3noma, sin necesidad de asistencia.<\/p>\n","protected":false},"author":1,"featured_media":0,"comment_status":"closed","ping_status":"closed","sticky":false,"template":"","format":"standard","meta":{"footnotes":""},"categories":[8],"tags":[],"class_list":["post-10210","post","type-post","status-publish","format-standard","hentry","category-noticias"],"yoast_head":"<!-- This site is optimized with the Yoast SEO plugin v27.5 - https:\/\/yoast.com\/product\/yoast-seo-wordpress\/ -->\n<title>Una playa de Girona, primera con un sistema de acceso aut\u00f3nomo en silla de ruedas: &quot;Beneficia a todos&quot; - Asociaci\u00f3n Espa\u00f1ola S\u00edndrome de Charge<\/title>\n<meta name=\"robots\" content=\"index, follow, max-snippet:-1, max-image-preview:large, max-video-preview:-1\" \/>\n<link rel=\"canonical\" href=\"https:\/\/sindromecharge.es\/index.php\/2024\/07\/30\/playa-gran-palamos-girona-primera-contar-con-sistema-que-permite-acceso-autonomo-beneficia-toda-poblacion\/\" \/>\n<meta property=\"og:locale\" content=\"es_ES\" \/>\n<meta property=\"og:type\" content=\"article\" \/>\n<meta property=\"og:title\" content=\"Una playa de Girona, primera con un sistema de acceso aut\u00f3nomo en silla de ruedas: &quot;Beneficia a todos&quot; - Asociaci\u00f3n Espa\u00f1ola S\u00edndrome de Charge\" \/>\n<meta property=\"og:description\" content=\"El dispositivo permite que las personas con movilidad reducida puedan ba\u00f1arse de manera aut\u00f3noma, sin necesidad de asistencia.\" \/>\n<meta property=\"og:url\" content=\"https:\/\/sindromecharge.es\/index.php\/2024\/07\/30\/playa-gran-palamos-girona-primera-contar-con-sistema-que-permite-acceso-autonomo-beneficia-toda-poblacion\/\" \/>\n<meta property=\"og:site_name\" content=\"Asociaci\u00f3n Espa\u00f1ola S\u00edndrome de Charge\" \/>\n<meta property=\"article:publisher\" content=\"https:\/\/www.facebook.com\/asociacionsindromecharge\" \/>\n<meta property=\"article:published_time\" content=\"2024-07-30T06:09:32+00:00\" \/>\n<meta property=\"og:image\" content=\"https:\/\/sindromecharge.es\/wp-content\/uploads\/2013\/09\/logodecharge300x98.png\" \/>\n\t<meta property=\"og:image:width\" content=\"300\" \/>\n\t<meta property=\"og:image:height\" content=\"98\" \/>\n\t<meta property=\"og:image:type\" content=\"image\/png\" \/>\n<meta name=\"author\" content=\"Charge\" \/>\n<meta name=\"twitter:card\" content=\"summary_large_image\" \/>\n<meta name=\"twitter:creator\" content=\"@sindromecharge\" \/>\n<meta name=\"twitter:site\" content=\"@sindromecharge\" \/>\n<meta name=\"twitter:label1\" content=\"Escrito por\" \/>\n\t<meta name=\"twitter:data1\" content=\"Charge\" \/>\n\t<meta name=\"twitter:label2\" content=\"Tiempo de lectura\" \/>\n\t<meta name=\"twitter:data2\" content=\"5 minutos\" \/>\n<script type=\"application\/ld+json\" class=\"yoast-schema-graph\">{\"@context\":\"https:\\\/\\\/schema.org\",\"@graph\":[{\"@type\":\"Article\",\"@id\":\"https:\\\/\\\/sindromecharge.es\\\/index.php\\\/2024\\\/07\\\/30\\\/playa-gran-palamos-girona-primera-contar-con-sistema-que-permite-acceso-autonomo-beneficia-toda-poblacion\\\/#article\",\"isPartOf\":{\"@id\":\"https:\\\/\\\/sindromecharge.es\\\/index.php\\\/2024\\\/07\\\/30\\\/playa-gran-palamos-girona-primera-contar-con-sistema-que-permite-acceso-autonomo-beneficia-toda-poblacion\\\/\"},\"author\":{\"name\":\"Charge\",\"@id\":\"https:\\\/\\\/sindromecharge.es\\\/#\\\/schema\\\/person\\\/39a60ebe0a2b4d5a11179701e336b039\"},\"headline\":\"Una playa de Girona, primera con un sistema de acceso aut\u00f3nomo en silla de ruedas: \u00abBeneficia a todos\u00bb\",\"datePublished\":\"2024-07-30T06:09:32+00:00\",\"mainEntityOfPage\":{\"@id\":\"https:\\\/\\\/sindromecharge.es\\\/index.php\\\/2024\\\/07\\\/30\\\/playa-gran-palamos-girona-primera-contar-con-sistema-que-permite-acceso-autonomo-beneficia-toda-poblacion\\\/\"},\"wordCount\":1067,\"articleSection\":[\"noticias\"],\"inLanguage\":\"es\"},{\"@type\":\"WebPage\",\"@id\":\"https:\\\/\\\/sindromecharge.es\\\/index.php\\\/2024\\\/07\\\/30\\\/playa-gran-palamos-girona-primera-contar-con-sistema-que-permite-acceso-autonomo-beneficia-toda-poblacion\\\/\",\"url\":\"https:\\\/\\\/sindromecharge.es\\\/index.php\\\/2024\\\/07\\\/30\\\/playa-gran-palamos-girona-primera-contar-con-sistema-que-permite-acceso-autonomo-beneficia-toda-poblacion\\\/\",\"name\":\"Una playa de Girona, primera con un sistema de acceso aut\u00f3nomo en silla de ruedas: \\\"Beneficia a todos\\\" - Asociaci\u00f3n Espa\u00f1ola S\u00edndrome de Charge\",\"isPartOf\":{\"@id\":\"https:\\\/\\\/sindromecharge.es\\\/#website\"},\"datePublished\":\"2024-07-30T06:09:32+00:00\",\"author\":{\"@id\":\"https:\\\/\\\/sindromecharge.es\\\/#\\\/schema\\\/person\\\/39a60ebe0a2b4d5a11179701e336b039\"},\"breadcrumb\":{\"@id\":\"https:\\\/\\\/sindromecharge.es\\\/index.php\\\/2024\\\/07\\\/30\\\/playa-gran-palamos-girona-primera-contar-con-sistema-que-permite-acceso-autonomo-beneficia-toda-poblacion\\\/#breadcrumb\"},\"inLanguage\":\"es\",\"potentialAction\":[{\"@type\":\"ReadAction\",\"target\":[\"https:\\\/\\\/sindromecharge.es\\\/index.php\\\/2024\\\/07\\\/30\\\/playa-gran-palamos-girona-primera-contar-con-sistema-que-permite-acceso-autonomo-beneficia-toda-poblacion\\\/\"]}]},{\"@type\":\"BreadcrumbList\",\"@id\":\"https:\\\/\\\/sindromecharge.es\\\/index.php\\\/2024\\\/07\\\/30\\\/playa-gran-palamos-girona-primera-contar-con-sistema-que-permite-acceso-autonomo-beneficia-toda-poblacion\\\/#breadcrumb\",\"itemListElement\":[{\"@type\":\"ListItem\",\"position\":1,\"name\":\"Portada\",\"item\":\"https:\\\/\\\/sindromecharge.es\\\/\"},{\"@type\":\"ListItem\",\"position\":2,\"name\":\"Una playa de Girona, primera con un sistema de acceso aut\u00f3nomo en silla de ruedas: &#8220;Beneficia a todos&#8221;\"}]},{\"@type\":\"WebSite\",\"@id\":\"https:\\\/\\\/sindromecharge.es\\\/#website\",\"url\":\"https:\\\/\\\/sindromecharge.es\\\/\",\"name\":\"Asociaci\u00f3n Espa\u00f1ola S\u00edndrome de Charge\",\"description\":\"\",\"potentialAction\":[{\"@type\":\"SearchAction\",\"target\":{\"@type\":\"EntryPoint\",\"urlTemplate\":\"https:\\\/\\\/sindromecharge.es\\\/?s={search_term_string}\"},\"query-input\":{\"@type\":\"PropertyValueSpecification\",\"valueRequired\":true,\"valueName\":\"search_term_string\"}}],\"inLanguage\":\"es\"},{\"@type\":\"Person\",\"@id\":\"https:\\\/\\\/sindromecharge.es\\\/#\\\/schema\\\/person\\\/39a60ebe0a2b4d5a11179701e336b039\",\"name\":\"Charge\",\"image\":{\"@type\":\"ImageObject\",\"inLanguage\":\"es\",\"@id\":\"https:\\\/\\\/secure.gravatar.com\\\/avatar\\\/c3b46e32a0fc3b093a0873fb767bf3293de856293065e84ef06b7ec7a8acfb98?s=96&d=identicon&r=x\",\"url\":\"https:\\\/\\\/secure.gravatar.com\\\/avatar\\\/c3b46e32a0fc3b093a0873fb767bf3293de856293065e84ef06b7ec7a8acfb98?s=96&d=identicon&r=x\",\"contentUrl\":\"https:\\\/\\\/secure.gravatar.com\\\/avatar\\\/c3b46e32a0fc3b093a0873fb767bf3293de856293065e84ef06b7ec7a8acfb98?s=96&d=identicon&r=x\",\"caption\":\"Charge\"},\"url\":\"https:\\\/\\\/sindromecharge.es\\\/index.php\\\/author\\\/admin\\\/\"}]}<\/script>\n<!-- \/ Yoast SEO plugin. -->","yoast_head_json":{"title":"Una playa de Girona, primera con un sistema de acceso aut\u00f3nomo en silla de ruedas: \"Beneficia a todos\" - Asociaci\u00f3n Espa\u00f1ola S\u00edndrome de Charge","robots":{"index":"index","follow":"follow","max-snippet":"max-snippet:-1","max-image-preview":"max-image-preview:large","max-video-preview":"max-video-preview:-1"},"canonical":"https:\/\/sindromecharge.es\/index.php\/2024\/07\/30\/playa-gran-palamos-girona-primera-contar-con-sistema-que-permite-acceso-autonomo-beneficia-toda-poblacion\/","og_locale":"es_ES","og_type":"article","og_title":"Una playa de Girona, primera con un sistema de acceso aut\u00f3nomo en silla de ruedas: \"Beneficia a todos\" - Asociaci\u00f3n Espa\u00f1ola S\u00edndrome de Charge","og_description":"El dispositivo permite que las personas con movilidad reducida puedan ba\u00f1arse de manera aut\u00f3noma, sin necesidad de asistencia.","og_url":"https:\/\/sindromecharge.es\/index.php\/2024\/07\/30\/playa-gran-palamos-girona-primera-contar-con-sistema-que-permite-acceso-autonomo-beneficia-toda-poblacion\/","og_site_name":"Asociaci\u00f3n Espa\u00f1ola S\u00edndrome de Charge","article_publisher":"https:\/\/www.facebook.com\/asociacionsindromecharge","article_published_time":"2024-07-30T06:09:32+00:00","og_image":[{"width":300,"height":98,"url":"https:\/\/sindromecharge.es\/wp-content\/uploads\/2013\/09\/logodecharge300x98.png","type":"image\/png"}],"author":"Charge","twitter_card":"summary_large_image","twitter_creator":"@sindromecharge","twitter_site":"@sindromecharge","twitter_misc":{"Escrito por":"Charge","Tiempo de lectura":"5 minutos"},"schema":{"@context":"https:\/\/schema.org","@graph":[{"@type":"Article","@id":"https:\/\/sindromecharge.es\/index.php\/2024\/07\/30\/playa-gran-palamos-girona-primera-contar-con-sistema-que-permite-acceso-autonomo-beneficia-toda-poblacion\/#article","isPartOf":{"@id":"https:\/\/sindromecharge.es\/index.php\/2024\/07\/30\/playa-gran-palamos-girona-primera-contar-con-sistema-que-permite-acceso-autonomo-beneficia-toda-poblacion\/"},"author":{"name":"Charge","@id":"https:\/\/sindromecharge.es\/#\/schema\/person\/39a60ebe0a2b4d5a11179701e336b039"},"headline":"Una playa de Girona, primera con un sistema de acceso aut\u00f3nomo en silla de ruedas: \u00abBeneficia a todos\u00bb","datePublished":"2024-07-30T06:09:32+00:00","mainEntityOfPage":{"@id":"https:\/\/sindromecharge.es\/index.php\/2024\/07\/30\/playa-gran-palamos-girona-primera-contar-con-sistema-que-permite-acceso-autonomo-beneficia-toda-poblacion\/"},"wordCount":1067,"articleSection":["noticias"],"inLanguage":"es"},{"@type":"WebPage","@id":"https:\/\/sindromecharge.es\/index.php\/2024\/07\/30\/playa-gran-palamos-girona-primera-contar-con-sistema-que-permite-acceso-autonomo-beneficia-toda-poblacion\/","url":"https:\/\/sindromecharge.es\/index.php\/2024\/07\/30\/playa-gran-palamos-girona-primera-contar-con-sistema-que-permite-acceso-autonomo-beneficia-toda-poblacion\/","name":"Una playa de Girona, primera con un sistema de acceso aut\u00f3nomo en silla de ruedas: \"Beneficia a todos\" - Asociaci\u00f3n Espa\u00f1ola S\u00edndrome de Charge","isPartOf":{"@id":"https:\/\/sindromecharge.es\/#website"},"datePublished":"2024-07-30T06:09:32+00:00","author":{"@id":"https:\/\/sindromecharge.es\/#\/schema\/person\/39a60ebe0a2b4d5a11179701e336b039"},"breadcrumb":{"@id":"https:\/\/sindromecharge.es\/index.php\/2024\/07\/30\/playa-gran-palamos-girona-primera-contar-con-sistema-que-permite-acceso-autonomo-beneficia-toda-poblacion\/#breadcrumb"},"inLanguage":"es","potentialAction":[{"@type":"ReadAction","target":["https:\/\/sindromecharge.es\/index.php\/2024\/07\/30\/playa-gran-palamos-girona-primera-contar-con-sistema-que-permite-acceso-autonomo-beneficia-toda-poblacion\/"]}]},{"@type":"BreadcrumbList","@id":"https:\/\/sindromecharge.es\/index.php\/2024\/07\/30\/playa-gran-palamos-girona-primera-contar-con-sistema-que-permite-acceso-autonomo-beneficia-toda-poblacion\/#breadcrumb","itemListElement":[{"@type":"ListItem","position":1,"name":"Portada","item":"https:\/\/sindromecharge.es\/"},{"@type":"ListItem","position":2,"name":"Una playa de Girona, primera con un sistema de acceso aut\u00f3nomo en silla de ruedas: &#8220;Beneficia a todos&#8221;"}]},{"@type":"WebSite","@id":"https:\/\/sindromecharge.es\/#website","url":"https:\/\/sindromecharge.es\/","name":"Asociaci\u00f3n Espa\u00f1ola S\u00edndrome de Charge","description":"","potentialAction":[{"@type":"SearchAction","target":{"@type":"EntryPoint","urlTemplate":"https:\/\/sindromecharge.es\/?s={search_term_string}"},"query-input":{"@type":"PropertyValueSpecification","valueRequired":true,"valueName":"search_term_string"}}],"inLanguage":"es"},{"@type":"Person","@id":"https:\/\/sindromecharge.es\/#\/schema\/person\/39a60ebe0a2b4d5a11179701e336b039","name":"Charge","image":{"@type":"ImageObject","inLanguage":"es","@id":"https:\/\/secure.gravatar.com\/avatar\/c3b46e32a0fc3b093a0873fb767bf3293de856293065e84ef06b7ec7a8acfb98?s=96&d=identicon&r=x","url":"https:\/\/secure.gravatar.com\/avatar\/c3b46e32a0fc3b093a0873fb767bf3293de856293065e84ef06b7ec7a8acfb98?s=96&d=identicon&r=x","contentUrl":"https:\/\/secure.gravatar.com\/avatar\/c3b46e32a0fc3b093a0873fb767bf3293de856293065e84ef06b7ec7a8acfb98?s=96&d=identicon&r=x","caption":"Charge"},"url":"https:\/\/sindromecharge.es\/index.php\/author\/admin\/"}]}},"_links":{"self":[{"href":"https:\/\/sindromecharge.es\/index.php\/wp-json\/wp\/v2\/posts\/10210","targetHints":{"allow":["GET"]}}],"collection":[{"href":"https:\/\/sindromecharge.es\/index.php\/wp-json\/wp\/v2\/posts"}],"about":[{"href":"https:\/\/sindromecharge.es\/index.php\/wp-json\/wp\/v2\/types\/post"}],"author":[{"embeddable":true,"href":"https:\/\/sindromecharge.es\/index.php\/wp-json\/wp\/v2\/users\/1"}],"replies":[{"embeddable":true,"href":"https:\/\/sindromecharge.es\/index.php\/wp-json\/wp\/v2\/comments?post=10210"}],"version-history":[{"count":0,"href":"https:\/\/sindromecharge.es\/index.php\/wp-json\/wp\/v2\/posts\/10210\/revisions"}],"wp:attachment":[{"href":"https:\/\/sindromecharge.es\/index.php\/wp-json\/wp\/v2\/media?parent=10210"}],"wp:term":[{"taxonomy":"category","embeddable":true,"href":"https:\/\/sindromecharge.es\/index.php\/wp-json\/wp\/v2\/categories?post=10210"},{"taxonomy":"post_tag","embeddable":true,"href":"https:\/\/sindromecharge.es\/index.php\/wp-json\/wp\/v2\/tags?post=10210"}],"curies":[{"name":"wp","href":"https:\/\/api.w.org\/{rel}","templated":true}]}}