{"id":10209,"date":"2024-07-30T05:20:24","date_gmt":"2024-07-30T05:20:24","guid":{"rendered":"https:\/\/sindromecharge.es\/index.php\/2024\/07\/30\/alfonso-sobre-macu-perro-asistencia-su-hijo-con-autismo\/"},"modified":"2024-07-30T05:20:24","modified_gmt":"2024-07-30T05:20:24","slug":"alfonso-sobre-macu-perro-asistencia-su-hijo-con-autismo","status":"publish","type":"post","link":"https:\/\/sindromecharge.es\/index.php\/2024\/07\/30\/alfonso-sobre-macu-perro-asistencia-su-hijo-con-autismo\/","title":{"rendered":"Alfonso, sobre Macu, el perro de su hijo con autismo: \u00abEs parte clave de nuestra familia\u00bb"},"content":{"rendered":"<p>Leemos en Discapacidad la siguiente noticia que os reproducimos de forma \u00edntegra: <\/p>\n<div>\n<p>Con nada m\u00e1s que dos a\u00f1os, Alfonso y su mujer recibieron la noticia de que <b>Gabriel, el tercero de sus hijos, ten\u00eda <a href=\"https:\/\/www.20minutos.es\/minuteca\/autismo\/\" title=\"Autismo\">Trastorno del Espectro Autista (TEA).<\/a><\/b> Si su vida iba a cambiar con la llegada del peque\u00f1o, este diagn\u00f3stico puso todav\u00eda m\u00e1s patas arriba la vida de la familia que, sin embargo, no dud\u00f3 en recabar informaci\u00f3n sobre este trastorno y prepararse para lo que estaba llegando a sus vidas.<\/p>\n<p>\u00abCuando recibes una noticia as\u00ed lo \u00fanico que puedes hacer es ponerte a investigar sobre qu\u00e9 hacer en esta situaci\u00f3n y, de esta forma fue como <b>mi mujer encontr\u00f3 la posibilidad de tener un <a href=\"https:\/\/www.20minutos.es\/minuteca\/perros-guia\/\" title=\"Perros gu\u00eda\">perro <\/a>de asistencia<\/b> que ayudase a Gago, algo que yo creo que nadie piensa de primeras\u00bb, expresa Alfonso.<\/p>\n<p>Tras recabar informaci\u00f3n al respecto, la familia se puso en contacto con diferentes asociaciones de perros de asistencia, primero Bocal\u00e1n y despu\u00e9s con la asociaci\u00f3n Kun\u00e9, quienes fueron finalmente los que le proporcionaron a <b>Macu, el desde entonces perro de asistencia de Gago<\/b> (como llaman a Gabriel en casa).<\/p>\n<p>\u00abEn el mundo del autismo hay mucha desinformaci\u00f3n e ignorancia, as\u00ed que fue una tranquilidad encontrarnos con Roc\u00edo y Hugo (de Kun\u00e9), quienes desde el principio entendieron perfectamente <b>lo que conlleva la convivencia con un ni\u00f1o con TEA<\/b> cuando entonces no muchas personas sab\u00edan\u00bb, relata el padre. \u00abAs\u00ed nos entregaron a Macu, su primer perro de asistencia\u00bb.<\/p>\n<p>Alfonso recuerda que el proceso de conseguir a Macu fue largo pero asegura que no fue tedioso. \u00ab<b>No solo tuvieron que educar al perro, si no ense\u00f1arnos a nosotros a manejarlo y a crear un v\u00ednculo con el ni\u00f1o\u00bb,<\/b> comenta. \u00abAdem\u00e1s, hay que tener en cuenta que un ni\u00f1o con TEA de dos a\u00f1os no es lo mismo que con cinco o con siete, por lo que el perro tambi\u00e9n var\u00eda en funci\u00f3n de lo que el peque va necesitando\u00bb.<\/p>\n<h2>Macu, m\u00e1s que un perro de compa\u00f1\u00eda<\/h2>\n<p>El compa\u00f1ero de cuatro patas de Gabriel lleva en la familia desde octubre de 2019 y, seg\u00fan asegura Alfonso, se trata de un perro tranquilo y sumiso, incluso en los ratos en los que no est\u00e1 trabajando. \u00ab<b>Un trabajo habitual de Macu es el de no hacer nada\u00bb<\/b>, agrega. \u00abCuando lleva el chaleco puesto, se tumba en cualquier sitio en vez de estar haciendo cualquier cosa que har\u00eda otro perro, como olisquearlo todo\u00bb.<\/p>\n<p>No obstante, Alfonso detalla que estos comportamientos que se le ense\u00f1aron desde el principio, <b>hay que seguir reforz\u00e1ndolos y entren\u00e1ndolos a diario,<\/b> algo que no ser\u00eda estrictamente necesario con cualquier otro perro de compa\u00f1\u00eda.<\/p>\n<p>\u00ab<b>En el d\u00eda a d\u00eda, Macu ayuda a Gago de dos formas, emocional y f\u00edsica\u00bb,<\/b> afirma. \u00abY en funci\u00f3n de c\u00f3mo va creciendo, la ayuda puede ir m\u00e1s hacia un lado u otro (por lo que hemos comentado de que a cada edad las necesidades cambian)\u00bb.<\/p>\n<h1>En el d\u00eda a d\u00eda, Macu ayuda a Gago de dos formas, emocional y f\u00edsica<\/h1>\n<p>Poniendo algunos ejemplos, Alfoso explica que <b>Macu ayuda mucho a la hora de evitar las fugas de su hijo,<\/b> ya que va agarrado a \u00e9l. \u00abAs\u00ed es como lo llaman, aunque no significa que el ni\u00f1o salga corriendo, es solo que se distrae\u00bb, especifica.<\/p>\n<p>Tambi\u00e9n en el patio del colegio, a la salida, Macu resulta de gran ayuda para el peque\u00f1o de la casa, ya que con tantos alumnos saliendo a la vez, <b>Gabriel puede ponerse nervioso, algo que no ocurre en presencia del perro<\/b>. \u00abLa tranquilidad es abismal\u00bb, asegura el padre.<\/p>\n<p>No obstante, tal y como explica Alfonso, Macu no es un apoyo solo para Gago, tambi\u00e9n lo es para la familia en cuanto a lo que se refiere a nivel emocional. \u00abEvidentemente ayuda al ni\u00f1o, que est\u00e1 con \u00e9l tirado en el suelo, abrazados y le proporciona tranquilidad, pero <b>tambi\u00e9n nos ayuda a los dem\u00e1s miembros de la familia, <\/b>qui\u00e9nes tambi\u00e9n tenemos v\u00ednculo con \u00e9l, especialmente mi mujer, Blanca, qui\u00e9n se encarg\u00f3 de todo el acoplamiento de Macu a casa\u00bb, relata. \u00abNo es solo un perro de asistencia de Gago, es parte clave de nuestra familia\u00bb.<\/p>\n<p>En este sentido, Alfonso recuerda la responsabilidad que conlleva tener cualquier perro y, en especial, uno de asistencia, ya que a pesar de ser <b>los perros que m\u00e1s atributos humanos pueden llegar a tener<\/b>, siguen necesitando sus momentos de animales.<b><\/b><\/p>\n<p>\u00abCuando te das cuenta de c\u00f3mo es su trabajo m\u00e1s te percatas de lo importante que es conocerle como animal que es\u00bb, expresa. \u00abEs decir, <b>cuando se rascan o mueven la cabeza, significa algo y eso lo tienes que aprender, <\/b>como todo lo dem\u00e1s\u00bb.<\/p>\n<p>Sobre esto, el padre insiste en que <b>cuando convives con un perro de asistencia debes ser conscientes de que es una responsabilidad mayor<\/b> a tener un perro de compa\u00f1\u00eda, ya que tienes que cuidar al perro de una manera muy especial.<\/p>\n<p>\u00ab<b>Si todo el mundo cuidase a sus perros como lo intentamos los que convivimos con los de asistencia<\/b> tendr\u00edamos perros mucho m\u00e1s equilibrados\u00bb, opina. \u00abAdem\u00e1s, por supuesto, de todo lo b\u00e1sico en cuanto a alimentaci\u00f3n saludable y ejercicio\u00bb.<\/p>\n<h2>Respeto hacia los perros de asistencia y sus usuarios<\/h2>\n<p>Cuando Alfonso habla de problemas o barreras a la hora de entrar en lugares p\u00fablicos junto a Macu, reconoce que ha tenido mucha suerte porque no se ha topado con demasiados obst\u00e1culos. \u00ab<b>Como provocamos la visibilidad (siempre le colocamos el chaleco y siempre avisamos antes de ir a los sitios), no genera rechazo<\/b>\u00ab, expresa.<\/p>\n<p>\u00abPor suerte, poquito a poco las piedras del castillo se van colocando y <b>cada vez m\u00e1s te preguntan si pueden tocar al perro, <\/b>as\u00ed como vemos m\u00e1s caras de ternura que de sorpresa\u00bb, agrega Alfonso. \u00abY no solo con los perros, tambi\u00e9n en lo referente al autismo\u00bb.<\/p>\n<p>En este sentido, el padre de Gabriel explica que hay una diferencia en cuanto al diagn\u00f3stico temprano, que se est\u00e1 trabajando mucho y comenta que, al nivel que sea,<b> \u00abel espectro autista como tal es mucho m\u00e1s com\u00fan de lo que la gente cree\u00bb.<\/b><\/p>\n<p>\u00abSi formamos desde el principio a todos los estratos sociales sobre qu\u00e9 es esto vamos a encontrar a muchas personas que no sab\u00edan que lo tienen\u00bb, considera. \u00abPero en cualquier caso, <b>creo que vivimos en una situaci\u00f3n de cambio donde debemos poner el foco en educar desde arriba<\/b>, desde el Estado, para que todo el mundo sepa que existen diferentes discapacidades, como ocurre en Reino Unido\u00bb.<\/p>\n<\/div>\n<p>Fuente: Discapacidad https:\/\/www.20minutos.es\/noticia\/5533838\/0\/alfonso-sobre-macu-perro-asistencia-su-hijo-con-autismo\/<\/p>\n","protected":false},"excerpt":{"rendered":"<p>Gabriel tiene diez a\u00f1os pero lleva conviviendo junto a Macu desde los tres a\u00f1os, poco despu\u00e9s de su diagn\u00f3stico.<\/p>\n","protected":false},"author":1,"featured_media":0,"comment_status":"closed","ping_status":"closed","sticky":false,"template":"","format":"standard","meta":{"footnotes":""},"categories":[8],"tags":[],"class_list":["post-10209","post","type-post","status-publish","format-standard","hentry","category-noticias"],"yoast_head":"<!-- This site is optimized with the Yoast SEO plugin v27.5 - https:\/\/yoast.com\/product\/yoast-seo-wordpress\/ -->\n<title>Alfonso, sobre Macu, el perro de su hijo con autismo: &quot;Es parte clave de nuestra familia&quot; - Asociaci\u00f3n Espa\u00f1ola S\u00edndrome de Charge<\/title>\n<meta name=\"robots\" content=\"index, follow, max-snippet:-1, max-image-preview:large, max-video-preview:-1\" \/>\n<link rel=\"canonical\" href=\"https:\/\/sindromecharge.es\/index.php\/2024\/07\/30\/alfonso-sobre-macu-perro-asistencia-su-hijo-con-autismo\/\" \/>\n<meta property=\"og:locale\" content=\"es_ES\" \/>\n<meta property=\"og:type\" content=\"article\" \/>\n<meta property=\"og:title\" content=\"Alfonso, sobre Macu, el perro de su hijo con autismo: &quot;Es parte clave de nuestra familia&quot; - Asociaci\u00f3n Espa\u00f1ola S\u00edndrome de Charge\" \/>\n<meta property=\"og:description\" content=\"Gabriel tiene diez a\u00f1os pero lleva conviviendo junto a Macu desde los tres a\u00f1os, poco despu\u00e9s de su diagn\u00f3stico.\" \/>\n<meta property=\"og:url\" content=\"https:\/\/sindromecharge.es\/index.php\/2024\/07\/30\/alfonso-sobre-macu-perro-asistencia-su-hijo-con-autismo\/\" \/>\n<meta property=\"og:site_name\" content=\"Asociaci\u00f3n Espa\u00f1ola S\u00edndrome de Charge\" \/>\n<meta property=\"article:publisher\" content=\"https:\/\/www.facebook.com\/asociacionsindromecharge\" \/>\n<meta property=\"article:published_time\" content=\"2024-07-30T05:20:24+00:00\" \/>\n<meta property=\"og:image\" content=\"https:\/\/sindromecharge.es\/wp-content\/uploads\/2013\/09\/logodecharge300x98.png\" \/>\n\t<meta property=\"og:image:width\" content=\"300\" \/>\n\t<meta property=\"og:image:height\" content=\"98\" \/>\n\t<meta property=\"og:image:type\" content=\"image\/png\" \/>\n<meta name=\"author\" content=\"Charge\" \/>\n<meta name=\"twitter:card\" content=\"summary_large_image\" \/>\n<meta name=\"twitter:creator\" content=\"@sindromecharge\" \/>\n<meta name=\"twitter:site\" content=\"@sindromecharge\" \/>\n<meta name=\"twitter:label1\" content=\"Escrito por\" \/>\n\t<meta name=\"twitter:data1\" content=\"Charge\" \/>\n\t<meta name=\"twitter:label2\" content=\"Tiempo de lectura\" \/>\n\t<meta name=\"twitter:data2\" content=\"6 minutos\" \/>\n<script type=\"application\/ld+json\" class=\"yoast-schema-graph\">{\"@context\":\"https:\\\/\\\/schema.org\",\"@graph\":[{\"@type\":\"Article\",\"@id\":\"https:\\\/\\\/sindromecharge.es\\\/index.php\\\/2024\\\/07\\\/30\\\/alfonso-sobre-macu-perro-asistencia-su-hijo-con-autismo\\\/#article\",\"isPartOf\":{\"@id\":\"https:\\\/\\\/sindromecharge.es\\\/index.php\\\/2024\\\/07\\\/30\\\/alfonso-sobre-macu-perro-asistencia-su-hijo-con-autismo\\\/\"},\"author\":{\"name\":\"Charge\",\"@id\":\"https:\\\/\\\/sindromecharge.es\\\/#\\\/schema\\\/person\\\/39a60ebe0a2b4d5a11179701e336b039\"},\"headline\":\"Alfonso, sobre Macu, el perro de su hijo con autismo: \u00abEs parte clave de nuestra familia\u00bb\",\"datePublished\":\"2024-07-30T05:20:24+00:00\",\"mainEntityOfPage\":{\"@id\":\"https:\\\/\\\/sindromecharge.es\\\/index.php\\\/2024\\\/07\\\/30\\\/alfonso-sobre-macu-perro-asistencia-su-hijo-con-autismo\\\/\"},\"wordCount\":1166,\"articleSection\":[\"noticias\"],\"inLanguage\":\"es\"},{\"@type\":\"WebPage\",\"@id\":\"https:\\\/\\\/sindromecharge.es\\\/index.php\\\/2024\\\/07\\\/30\\\/alfonso-sobre-macu-perro-asistencia-su-hijo-con-autismo\\\/\",\"url\":\"https:\\\/\\\/sindromecharge.es\\\/index.php\\\/2024\\\/07\\\/30\\\/alfonso-sobre-macu-perro-asistencia-su-hijo-con-autismo\\\/\",\"name\":\"Alfonso, sobre Macu, el perro de su hijo con autismo: \\\"Es parte clave de nuestra familia\\\" - Asociaci\u00f3n Espa\u00f1ola S\u00edndrome de Charge\",\"isPartOf\":{\"@id\":\"https:\\\/\\\/sindromecharge.es\\\/#website\"},\"datePublished\":\"2024-07-30T05:20:24+00:00\",\"author\":{\"@id\":\"https:\\\/\\\/sindromecharge.es\\\/#\\\/schema\\\/person\\\/39a60ebe0a2b4d5a11179701e336b039\"},\"breadcrumb\":{\"@id\":\"https:\\\/\\\/sindromecharge.es\\\/index.php\\\/2024\\\/07\\\/30\\\/alfonso-sobre-macu-perro-asistencia-su-hijo-con-autismo\\\/#breadcrumb\"},\"inLanguage\":\"es\",\"potentialAction\":[{\"@type\":\"ReadAction\",\"target\":[\"https:\\\/\\\/sindromecharge.es\\\/index.php\\\/2024\\\/07\\\/30\\\/alfonso-sobre-macu-perro-asistencia-su-hijo-con-autismo\\\/\"]}]},{\"@type\":\"BreadcrumbList\",\"@id\":\"https:\\\/\\\/sindromecharge.es\\\/index.php\\\/2024\\\/07\\\/30\\\/alfonso-sobre-macu-perro-asistencia-su-hijo-con-autismo\\\/#breadcrumb\",\"itemListElement\":[{\"@type\":\"ListItem\",\"position\":1,\"name\":\"Portada\",\"item\":\"https:\\\/\\\/sindromecharge.es\\\/\"},{\"@type\":\"ListItem\",\"position\":2,\"name\":\"Alfonso, sobre Macu, el perro de su hijo con autismo: &#8220;Es parte clave de nuestra familia&#8221;\"}]},{\"@type\":\"WebSite\",\"@id\":\"https:\\\/\\\/sindromecharge.es\\\/#website\",\"url\":\"https:\\\/\\\/sindromecharge.es\\\/\",\"name\":\"Asociaci\u00f3n Espa\u00f1ola S\u00edndrome de Charge\",\"description\":\"\",\"potentialAction\":[{\"@type\":\"SearchAction\",\"target\":{\"@type\":\"EntryPoint\",\"urlTemplate\":\"https:\\\/\\\/sindromecharge.es\\\/?s={search_term_string}\"},\"query-input\":{\"@type\":\"PropertyValueSpecification\",\"valueRequired\":true,\"valueName\":\"search_term_string\"}}],\"inLanguage\":\"es\"},{\"@type\":\"Person\",\"@id\":\"https:\\\/\\\/sindromecharge.es\\\/#\\\/schema\\\/person\\\/39a60ebe0a2b4d5a11179701e336b039\",\"name\":\"Charge\",\"image\":{\"@type\":\"ImageObject\",\"inLanguage\":\"es\",\"@id\":\"https:\\\/\\\/secure.gravatar.com\\\/avatar\\\/c3b46e32a0fc3b093a0873fb767bf3293de856293065e84ef06b7ec7a8acfb98?s=96&d=identicon&r=x\",\"url\":\"https:\\\/\\\/secure.gravatar.com\\\/avatar\\\/c3b46e32a0fc3b093a0873fb767bf3293de856293065e84ef06b7ec7a8acfb98?s=96&d=identicon&r=x\",\"contentUrl\":\"https:\\\/\\\/secure.gravatar.com\\\/avatar\\\/c3b46e32a0fc3b093a0873fb767bf3293de856293065e84ef06b7ec7a8acfb98?s=96&d=identicon&r=x\",\"caption\":\"Charge\"},\"url\":\"https:\\\/\\\/sindromecharge.es\\\/index.php\\\/author\\\/admin\\\/\"}]}<\/script>\n<!-- \/ Yoast SEO plugin. -->","yoast_head_json":{"title":"Alfonso, sobre Macu, el perro de su hijo con autismo: \"Es parte clave de nuestra familia\" - Asociaci\u00f3n Espa\u00f1ola S\u00edndrome de Charge","robots":{"index":"index","follow":"follow","max-snippet":"max-snippet:-1","max-image-preview":"max-image-preview:large","max-video-preview":"max-video-preview:-1"},"canonical":"https:\/\/sindromecharge.es\/index.php\/2024\/07\/30\/alfonso-sobre-macu-perro-asistencia-su-hijo-con-autismo\/","og_locale":"es_ES","og_type":"article","og_title":"Alfonso, sobre Macu, el perro de su hijo con autismo: \"Es parte clave de nuestra familia\" - Asociaci\u00f3n Espa\u00f1ola S\u00edndrome de Charge","og_description":"Gabriel tiene diez a\u00f1os pero lleva conviviendo junto a Macu desde los tres a\u00f1os, poco despu\u00e9s de su diagn\u00f3stico.","og_url":"https:\/\/sindromecharge.es\/index.php\/2024\/07\/30\/alfonso-sobre-macu-perro-asistencia-su-hijo-con-autismo\/","og_site_name":"Asociaci\u00f3n Espa\u00f1ola S\u00edndrome de Charge","article_publisher":"https:\/\/www.facebook.com\/asociacionsindromecharge","article_published_time":"2024-07-30T05:20:24+00:00","og_image":[{"width":300,"height":98,"url":"https:\/\/sindromecharge.es\/wp-content\/uploads\/2013\/09\/logodecharge300x98.png","type":"image\/png"}],"author":"Charge","twitter_card":"summary_large_image","twitter_creator":"@sindromecharge","twitter_site":"@sindromecharge","twitter_misc":{"Escrito por":"Charge","Tiempo de lectura":"6 minutos"},"schema":{"@context":"https:\/\/schema.org","@graph":[{"@type":"Article","@id":"https:\/\/sindromecharge.es\/index.php\/2024\/07\/30\/alfonso-sobre-macu-perro-asistencia-su-hijo-con-autismo\/#article","isPartOf":{"@id":"https:\/\/sindromecharge.es\/index.php\/2024\/07\/30\/alfonso-sobre-macu-perro-asistencia-su-hijo-con-autismo\/"},"author":{"name":"Charge","@id":"https:\/\/sindromecharge.es\/#\/schema\/person\/39a60ebe0a2b4d5a11179701e336b039"},"headline":"Alfonso, sobre Macu, el perro de su hijo con autismo: \u00abEs parte clave de nuestra familia\u00bb","datePublished":"2024-07-30T05:20:24+00:00","mainEntityOfPage":{"@id":"https:\/\/sindromecharge.es\/index.php\/2024\/07\/30\/alfonso-sobre-macu-perro-asistencia-su-hijo-con-autismo\/"},"wordCount":1166,"articleSection":["noticias"],"inLanguage":"es"},{"@type":"WebPage","@id":"https:\/\/sindromecharge.es\/index.php\/2024\/07\/30\/alfonso-sobre-macu-perro-asistencia-su-hijo-con-autismo\/","url":"https:\/\/sindromecharge.es\/index.php\/2024\/07\/30\/alfonso-sobre-macu-perro-asistencia-su-hijo-con-autismo\/","name":"Alfonso, sobre Macu, el perro de su hijo con autismo: \"Es parte clave de nuestra familia\" - Asociaci\u00f3n Espa\u00f1ola S\u00edndrome de Charge","isPartOf":{"@id":"https:\/\/sindromecharge.es\/#website"},"datePublished":"2024-07-30T05:20:24+00:00","author":{"@id":"https:\/\/sindromecharge.es\/#\/schema\/person\/39a60ebe0a2b4d5a11179701e336b039"},"breadcrumb":{"@id":"https:\/\/sindromecharge.es\/index.php\/2024\/07\/30\/alfonso-sobre-macu-perro-asistencia-su-hijo-con-autismo\/#breadcrumb"},"inLanguage":"es","potentialAction":[{"@type":"ReadAction","target":["https:\/\/sindromecharge.es\/index.php\/2024\/07\/30\/alfonso-sobre-macu-perro-asistencia-su-hijo-con-autismo\/"]}]},{"@type":"BreadcrumbList","@id":"https:\/\/sindromecharge.es\/index.php\/2024\/07\/30\/alfonso-sobre-macu-perro-asistencia-su-hijo-con-autismo\/#breadcrumb","itemListElement":[{"@type":"ListItem","position":1,"name":"Portada","item":"https:\/\/sindromecharge.es\/"},{"@type":"ListItem","position":2,"name":"Alfonso, sobre Macu, el perro de su hijo con autismo: &#8220;Es parte clave de nuestra familia&#8221;"}]},{"@type":"WebSite","@id":"https:\/\/sindromecharge.es\/#website","url":"https:\/\/sindromecharge.es\/","name":"Asociaci\u00f3n Espa\u00f1ola S\u00edndrome de Charge","description":"","potentialAction":[{"@type":"SearchAction","target":{"@type":"EntryPoint","urlTemplate":"https:\/\/sindromecharge.es\/?s={search_term_string}"},"query-input":{"@type":"PropertyValueSpecification","valueRequired":true,"valueName":"search_term_string"}}],"inLanguage":"es"},{"@type":"Person","@id":"https:\/\/sindromecharge.es\/#\/schema\/person\/39a60ebe0a2b4d5a11179701e336b039","name":"Charge","image":{"@type":"ImageObject","inLanguage":"es","@id":"https:\/\/secure.gravatar.com\/avatar\/c3b46e32a0fc3b093a0873fb767bf3293de856293065e84ef06b7ec7a8acfb98?s=96&d=identicon&r=x","url":"https:\/\/secure.gravatar.com\/avatar\/c3b46e32a0fc3b093a0873fb767bf3293de856293065e84ef06b7ec7a8acfb98?s=96&d=identicon&r=x","contentUrl":"https:\/\/secure.gravatar.com\/avatar\/c3b46e32a0fc3b093a0873fb767bf3293de856293065e84ef06b7ec7a8acfb98?s=96&d=identicon&r=x","caption":"Charge"},"url":"https:\/\/sindromecharge.es\/index.php\/author\/admin\/"}]}},"_links":{"self":[{"href":"https:\/\/sindromecharge.es\/index.php\/wp-json\/wp\/v2\/posts\/10209","targetHints":{"allow":["GET"]}}],"collection":[{"href":"https:\/\/sindromecharge.es\/index.php\/wp-json\/wp\/v2\/posts"}],"about":[{"href":"https:\/\/sindromecharge.es\/index.php\/wp-json\/wp\/v2\/types\/post"}],"author":[{"embeddable":true,"href":"https:\/\/sindromecharge.es\/index.php\/wp-json\/wp\/v2\/users\/1"}],"replies":[{"embeddable":true,"href":"https:\/\/sindromecharge.es\/index.php\/wp-json\/wp\/v2\/comments?post=10209"}],"version-history":[{"count":0,"href":"https:\/\/sindromecharge.es\/index.php\/wp-json\/wp\/v2\/posts\/10209\/revisions"}],"wp:attachment":[{"href":"https:\/\/sindromecharge.es\/index.php\/wp-json\/wp\/v2\/media?parent=10209"}],"wp:term":[{"taxonomy":"category","embeddable":true,"href":"https:\/\/sindromecharge.es\/index.php\/wp-json\/wp\/v2\/categories?post=10209"},{"taxonomy":"post_tag","embeddable":true,"href":"https:\/\/sindromecharge.es\/index.php\/wp-json\/wp\/v2\/tags?post=10209"}],"curies":[{"name":"wp","href":"https:\/\/api.w.org\/{rel}","templated":true}]}}