{"id":10208,"date":"2024-07-30T07:50:41","date_gmt":"2024-07-30T07:50:41","guid":{"rendered":"https:\/\/sindromecharge.es\/index.php\/2024\/07\/30\/lambda3-celebra-su-aniversario-mas-solidario\/"},"modified":"2024-07-30T07:50:41","modified_gmt":"2024-07-30T07:50:41","slug":"lambda3-celebra-su-aniversario-mas-solidario","status":"publish","type":"post","link":"https:\/\/sindromecharge.es\/index.php\/2024\/07\/30\/lambda3-celebra-su-aniversario-mas-solidario\/","title":{"rendered":"Lambda3 celebra su aniversario m\u00e1s solidario"},"content":{"rendered":"<p>Leemos en Menudos Corazones la siguiente noticia que os reproducimos de forma \u00edntegra: <\/p>\n<div>\n<p><strong><a href=\"https:\/\/lambdatres.com\/\">Lambda3<\/a> acaba de cumplir 40 a\u00f1os<\/strong> y lo celebr\u00f3 con un emotivo acto el pasado 6 de junio, donde adem\u00e1s de reunir a todo su equipo de empleados, clientes, proveedores y colaboradores, tuvimos la oportunidad de estar presentes, y recibir la generosidad de esta empresa, con un donativo de <strong>10.000 \u20ac para los programas de Menudos Corazones. <\/strong>Una ayuda que nos permite:<\/p>\n<ul>\n<li>Seguir llevando musicoterapia a la UCI pedi\u00e1trica.<\/li>\n<li>Ofrecer atenci\u00f3n psicol\u00f3gica a peques con cardiopat\u00edas cong\u00e9nitas y a sus familias.<\/li>\n<li>Acompa\u00f1ar a familias en duelo.<\/li>\n<li>Apoyar a ni\u00f1os y ni\u00f1as con dificultades de aprendizaje.<\/li>\n<li>Ofrecer actividades l\u00fadico-educativas a peques con largas estancias en los hospitales por su cardiopat\u00eda.<\/li>\n<\/ul>\n<p><img fetchpriority=\"high\" decoding=\"async\" class=\"alignnone size-full wp-image-39859\" src=\"https:\/\/www.menudoscorazones.org\/wp-content\/uploads\/2024\/07\/IMG_8702-scaled.jpeg\" alt=\"\" width=\"2560\" height=\"1920\" srcset=\"https:\/\/www.menudoscorazones.org\/wp-content\/uploads\/2024\/07\/IMG_8702-scaled.jpeg 2560w, https:\/\/www.menudoscorazones.org\/wp-content\/uploads\/2024\/07\/IMG_8702-300x225.jpeg 300w, https:\/\/www.menudoscorazones.org\/wp-content\/uploads\/2024\/07\/IMG_8702-1024x768.jpeg 1024w, https:\/\/www.menudoscorazones.org\/wp-content\/uploads\/2024\/07\/IMG_8702-768x576.jpeg 768w, https:\/\/www.menudoscorazones.org\/wp-content\/uploads\/2024\/07\/IMG_8702-1536x1152.jpeg 1536w, https:\/\/www.menudoscorazones.org\/wp-content\/uploads\/2024\/07\/IMG_8702-2048x1536.jpeg 2048w, https:\/\/www.menudoscorazones.org\/wp-content\/uploads\/2024\/07\/IMG_8702-655x491.jpeg 655w\" sizes=\"(max-width: 2560px) 100vw, 2560px\">Gracias, <a href=\"https:\/\/www.linkedin.com\/feed\/update\/urn:li:activity:7208799246400032770\">Lambda3<\/a>, por vuestro compromiso con las personas con cardiopat\u00edas cong\u00e9nitas y por ayudarnos con este generoso donativo, adem\u00e1s de obsequiar con nuestra <strong><a href=\"https:\/\/www.menudoscorazones.org\/producto\/pulsera-tu-latido-solidario\/\" target=\"_blank\" rel=\"noopener\">pulsera \u201cTu latido solidario\u201d<\/a><\/strong> a todos los asistentes al evento. Un gesto que nos ayuda a dar<strong> visibilidad a las cardiopat\u00edas cong\u00e9nitas<\/strong> y simboliza el apoyo y la uni\u00f3n de todos los presentes en el acto.<\/p>\n<p>Nos sentimos profundamente agradecidos por el privilegio de haber podido vivir esa tarde junto a personas maravillosas que, con gran esfuerzo, trabajo e ilusi\u00f3n han conseguido sumar cuatro d\u00e9cadas de \u00e9xitos.<\/p>\n<p><img loading=\"lazy\" decoding=\"async\" class=\"alignnone wp-image-39860 size-full\" src=\"https:\/\/www.menudoscorazones.org\/wp-content\/uploads\/2024\/07\/IMG_8717-scaled-e1722251875514.jpeg\" alt=\"\" width=\"1920\" height=\"1676\" srcset=\"https:\/\/www.menudoscorazones.org\/wp-content\/uploads\/2024\/07\/IMG_8717-scaled-e1722251875514.jpeg 1920w, https:\/\/www.menudoscorazones.org\/wp-content\/uploads\/2024\/07\/IMG_8717-scaled-e1722251875514-300x262.jpeg 300w, https:\/\/www.menudoscorazones.org\/wp-content\/uploads\/2024\/07\/IMG_8717-scaled-e1722251875514-1024x894.jpeg 1024w, https:\/\/www.menudoscorazones.org\/wp-content\/uploads\/2024\/07\/IMG_8717-scaled-e1722251875514-768x670.jpeg 768w, https:\/\/www.menudoscorazones.org\/wp-content\/uploads\/2024\/07\/IMG_8717-scaled-e1722251875514-1536x1341.jpeg 1536w, https:\/\/www.menudoscorazones.org\/wp-content\/uploads\/2024\/07\/IMG_8717-scaled-e1722251875514-655x572.jpeg 655w\" sizes=\"auto, (max-width: 1920px) 100vw, 1920px\"><\/p>\n<p><strong>\u00a1Gracias Lambda3 por ser una empresa con coraz\u00f3n!<\/strong><\/p>\n<p>La entrada <a href=\"https:\/\/www.menudoscorazones.org\/2024\/lambda3-celebra-su-aniversario-mas-solidario\/\">Lambda3 celebra su aniversario m\u00e1s solidario<\/a> aparece primero en <a href=\"https:\/\/www.menudoscorazones.org\/\">Menudos Corazones<\/a>.<\/p>\n<\/div>\n<p>Fuente: Menudos Corazones https:\/\/www.menudoscorazones.org\/2024\/lambda3-celebra-su-aniversario-mas-solidario\/<\/p>\n","protected":false},"excerpt":{"rendered":"<p>Lambda3 acaba de cumplir 40 a\u00f1os y lo celebr\u00f3 con un emotivo acto el pasado 6 de junio, donde adem\u00e1s de reunir a todo su equipo de empleados, clientes, proveedores y colaboradores, tuvimos la oportunidad de estar presentes, y recibir la generosidad de esta empresa, con un donativo de 10.000 \u20ac para los programas de [&hellip;]<\/p>\n","protected":false},"author":1,"featured_media":0,"comment_status":"closed","ping_status":"closed","sticky":false,"template":"","format":"standard","meta":{"footnotes":""},"categories":[8],"tags":[],"class_list":["post-10208","post","type-post","status-publish","format-standard","hentry","category-noticias"],"yoast_head":"<!-- This site is optimized with the Yoast SEO plugin v27.5 - https:\/\/yoast.com\/product\/yoast-seo-wordpress\/ -->\n<title>Lambda3 celebra su aniversario m\u00e1s solidario - Asociaci\u00f3n Espa\u00f1ola S\u00edndrome de Charge<\/title>\n<meta name=\"robots\" content=\"index, follow, max-snippet:-1, max-image-preview:large, max-video-preview:-1\" \/>\n<link rel=\"canonical\" href=\"https:\/\/sindromecharge.es\/index.php\/2024\/07\/30\/lambda3-celebra-su-aniversario-mas-solidario\/\" \/>\n<meta property=\"og:locale\" content=\"es_ES\" \/>\n<meta property=\"og:type\" content=\"article\" \/>\n<meta property=\"og:title\" content=\"Lambda3 celebra su aniversario m\u00e1s solidario - Asociaci\u00f3n Espa\u00f1ola S\u00edndrome de Charge\" \/>\n<meta property=\"og:description\" content=\"Lambda3 acaba de cumplir 40 a\u00f1os y lo celebr\u00f3 con un emotivo acto el pasado 6 de junio, donde adem\u00e1s de reunir a todo su equipo de empleados, clientes, proveedores y colaboradores, tuvimos la oportunidad de estar presentes, y recibir la generosidad de esta empresa, con un donativo de 10.000 \u20ac para los programas de [&hellip;]\" \/>\n<meta property=\"og:url\" content=\"https:\/\/sindromecharge.es\/index.php\/2024\/07\/30\/lambda3-celebra-su-aniversario-mas-solidario\/\" \/>\n<meta property=\"og:site_name\" content=\"Asociaci\u00f3n Espa\u00f1ola S\u00edndrome de Charge\" \/>\n<meta property=\"article:publisher\" content=\"https:\/\/www.facebook.com\/asociacionsindromecharge\" \/>\n<meta property=\"article:published_time\" content=\"2024-07-30T07:50:41+00:00\" \/>\n<meta property=\"og:image\" content=\"https:\/\/www.menudoscorazones.org\/wp-content\/uploads\/2024\/07\/IMG_8702-scaled.jpeg\" \/>\n<meta name=\"author\" content=\"Charge\" \/>\n<meta name=\"twitter:card\" content=\"summary_large_image\" \/>\n<meta name=\"twitter:creator\" content=\"@sindromecharge\" \/>\n<meta name=\"twitter:site\" content=\"@sindromecharge\" \/>\n<meta name=\"twitter:label1\" content=\"Escrito por\" \/>\n\t<meta name=\"twitter:data1\" content=\"Charge\" \/>\n\t<meta name=\"twitter:label2\" content=\"Tiempo de lectura\" \/>\n\t<meta name=\"twitter:data2\" content=\"1 minuto\" \/>\n<script type=\"application\/ld+json\" class=\"yoast-schema-graph\">{\"@context\":\"https:\\\/\\\/schema.org\",\"@graph\":[{\"@type\":\"Article\",\"@id\":\"https:\\\/\\\/sindromecharge.es\\\/index.php\\\/2024\\\/07\\\/30\\\/lambda3-celebra-su-aniversario-mas-solidario\\\/#article\",\"isPartOf\":{\"@id\":\"https:\\\/\\\/sindromecharge.es\\\/index.php\\\/2024\\\/07\\\/30\\\/lambda3-celebra-su-aniversario-mas-solidario\\\/\"},\"author\":{\"name\":\"Charge\",\"@id\":\"https:\\\/\\\/sindromecharge.es\\\/#\\\/schema\\\/person\\\/39a60ebe0a2b4d5a11179701e336b039\"},\"headline\":\"Lambda3 celebra su aniversario m\u00e1s solidario\",\"datePublished\":\"2024-07-30T07:50:41+00:00\",\"mainEntityOfPage\":{\"@id\":\"https:\\\/\\\/sindromecharge.es\\\/index.php\\\/2024\\\/07\\\/30\\\/lambda3-celebra-su-aniversario-mas-solidario\\\/\"},\"wordCount\":267,\"image\":{\"@id\":\"https:\\\/\\\/sindromecharge.es\\\/index.php\\\/2024\\\/07\\\/30\\\/lambda3-celebra-su-aniversario-mas-solidario\\\/#primaryimage\"},\"thumbnailUrl\":\"https:\\\/\\\/www.menudoscorazones.org\\\/wp-content\\\/uploads\\\/2024\\\/07\\\/IMG_8702-scaled.jpeg\",\"articleSection\":[\"noticias\"],\"inLanguage\":\"es\"},{\"@type\":\"WebPage\",\"@id\":\"https:\\\/\\\/sindromecharge.es\\\/index.php\\\/2024\\\/07\\\/30\\\/lambda3-celebra-su-aniversario-mas-solidario\\\/\",\"url\":\"https:\\\/\\\/sindromecharge.es\\\/index.php\\\/2024\\\/07\\\/30\\\/lambda3-celebra-su-aniversario-mas-solidario\\\/\",\"name\":\"Lambda3 celebra su aniversario m\u00e1s solidario - Asociaci\u00f3n Espa\u00f1ola S\u00edndrome de Charge\",\"isPartOf\":{\"@id\":\"https:\\\/\\\/sindromecharge.es\\\/#website\"},\"primaryImageOfPage\":{\"@id\":\"https:\\\/\\\/sindromecharge.es\\\/index.php\\\/2024\\\/07\\\/30\\\/lambda3-celebra-su-aniversario-mas-solidario\\\/#primaryimage\"},\"image\":{\"@id\":\"https:\\\/\\\/sindromecharge.es\\\/index.php\\\/2024\\\/07\\\/30\\\/lambda3-celebra-su-aniversario-mas-solidario\\\/#primaryimage\"},\"thumbnailUrl\":\"https:\\\/\\\/www.menudoscorazones.org\\\/wp-content\\\/uploads\\\/2024\\\/07\\\/IMG_8702-scaled.jpeg\",\"datePublished\":\"2024-07-30T07:50:41+00:00\",\"author\":{\"@id\":\"https:\\\/\\\/sindromecharge.es\\\/#\\\/schema\\\/person\\\/39a60ebe0a2b4d5a11179701e336b039\"},\"breadcrumb\":{\"@id\":\"https:\\\/\\\/sindromecharge.es\\\/index.php\\\/2024\\\/07\\\/30\\\/lambda3-celebra-su-aniversario-mas-solidario\\\/#breadcrumb\"},\"inLanguage\":\"es\",\"potentialAction\":[{\"@type\":\"ReadAction\",\"target\":[\"https:\\\/\\\/sindromecharge.es\\\/index.php\\\/2024\\\/07\\\/30\\\/lambda3-celebra-su-aniversario-mas-solidario\\\/\"]}]},{\"@type\":\"ImageObject\",\"inLanguage\":\"es\",\"@id\":\"https:\\\/\\\/sindromecharge.es\\\/index.php\\\/2024\\\/07\\\/30\\\/lambda3-celebra-su-aniversario-mas-solidario\\\/#primaryimage\",\"url\":\"https:\\\/\\\/www.menudoscorazones.org\\\/wp-content\\\/uploads\\\/2024\\\/07\\\/IMG_8702-scaled.jpeg\",\"contentUrl\":\"https:\\\/\\\/www.menudoscorazones.org\\\/wp-content\\\/uploads\\\/2024\\\/07\\\/IMG_8702-scaled.jpeg\"},{\"@type\":\"BreadcrumbList\",\"@id\":\"https:\\\/\\\/sindromecharge.es\\\/index.php\\\/2024\\\/07\\\/30\\\/lambda3-celebra-su-aniversario-mas-solidario\\\/#breadcrumb\",\"itemListElement\":[{\"@type\":\"ListItem\",\"position\":1,\"name\":\"Portada\",\"item\":\"https:\\\/\\\/sindromecharge.es\\\/\"},{\"@type\":\"ListItem\",\"position\":2,\"name\":\"Lambda3 celebra su aniversario m\u00e1s solidario\"}]},{\"@type\":\"WebSite\",\"@id\":\"https:\\\/\\\/sindromecharge.es\\\/#website\",\"url\":\"https:\\\/\\\/sindromecharge.es\\\/\",\"name\":\"Asociaci\u00f3n Espa\u00f1ola S\u00edndrome de Charge\",\"description\":\"\",\"potentialAction\":[{\"@type\":\"SearchAction\",\"target\":{\"@type\":\"EntryPoint\",\"urlTemplate\":\"https:\\\/\\\/sindromecharge.es\\\/?s={search_term_string}\"},\"query-input\":{\"@type\":\"PropertyValueSpecification\",\"valueRequired\":true,\"valueName\":\"search_term_string\"}}],\"inLanguage\":\"es\"},{\"@type\":\"Person\",\"@id\":\"https:\\\/\\\/sindromecharge.es\\\/#\\\/schema\\\/person\\\/39a60ebe0a2b4d5a11179701e336b039\",\"name\":\"Charge\",\"image\":{\"@type\":\"ImageObject\",\"inLanguage\":\"es\",\"@id\":\"https:\\\/\\\/secure.gravatar.com\\\/avatar\\\/c3b46e32a0fc3b093a0873fb767bf3293de856293065e84ef06b7ec7a8acfb98?s=96&d=identicon&r=x\",\"url\":\"https:\\\/\\\/secure.gravatar.com\\\/avatar\\\/c3b46e32a0fc3b093a0873fb767bf3293de856293065e84ef06b7ec7a8acfb98?s=96&d=identicon&r=x\",\"contentUrl\":\"https:\\\/\\\/secure.gravatar.com\\\/avatar\\\/c3b46e32a0fc3b093a0873fb767bf3293de856293065e84ef06b7ec7a8acfb98?s=96&d=identicon&r=x\",\"caption\":\"Charge\"},\"url\":\"https:\\\/\\\/sindromecharge.es\\\/index.php\\\/author\\\/admin\\\/\"}]}<\/script>\n<!-- \/ Yoast SEO plugin. -->","yoast_head_json":{"title":"Lambda3 celebra su aniversario m\u00e1s solidario - Asociaci\u00f3n Espa\u00f1ola S\u00edndrome de Charge","robots":{"index":"index","follow":"follow","max-snippet":"max-snippet:-1","max-image-preview":"max-image-preview:large","max-video-preview":"max-video-preview:-1"},"canonical":"https:\/\/sindromecharge.es\/index.php\/2024\/07\/30\/lambda3-celebra-su-aniversario-mas-solidario\/","og_locale":"es_ES","og_type":"article","og_title":"Lambda3 celebra su aniversario m\u00e1s solidario - Asociaci\u00f3n Espa\u00f1ola S\u00edndrome de Charge","og_description":"Lambda3 acaba de cumplir 40 a\u00f1os y lo celebr\u00f3 con un emotivo acto el pasado 6 de junio, donde adem\u00e1s de reunir a todo su equipo de empleados, clientes, proveedores y colaboradores, tuvimos la oportunidad de estar presentes, y recibir la generosidad de esta empresa, con un donativo de 10.000 \u20ac para los programas de [&hellip;]","og_url":"https:\/\/sindromecharge.es\/index.php\/2024\/07\/30\/lambda3-celebra-su-aniversario-mas-solidario\/","og_site_name":"Asociaci\u00f3n Espa\u00f1ola S\u00edndrome de Charge","article_publisher":"https:\/\/www.facebook.com\/asociacionsindromecharge","article_published_time":"2024-07-30T07:50:41+00:00","og_image":[{"url":"https:\/\/www.menudoscorazones.org\/wp-content\/uploads\/2024\/07\/IMG_8702-scaled.jpeg","type":"","width":"","height":""}],"author":"Charge","twitter_card":"summary_large_image","twitter_creator":"@sindromecharge","twitter_site":"@sindromecharge","twitter_misc":{"Escrito por":"Charge","Tiempo de lectura":"1 minuto"},"schema":{"@context":"https:\/\/schema.org","@graph":[{"@type":"Article","@id":"https:\/\/sindromecharge.es\/index.php\/2024\/07\/30\/lambda3-celebra-su-aniversario-mas-solidario\/#article","isPartOf":{"@id":"https:\/\/sindromecharge.es\/index.php\/2024\/07\/30\/lambda3-celebra-su-aniversario-mas-solidario\/"},"author":{"name":"Charge","@id":"https:\/\/sindromecharge.es\/#\/schema\/person\/39a60ebe0a2b4d5a11179701e336b039"},"headline":"Lambda3 celebra su aniversario m\u00e1s solidario","datePublished":"2024-07-30T07:50:41+00:00","mainEntityOfPage":{"@id":"https:\/\/sindromecharge.es\/index.php\/2024\/07\/30\/lambda3-celebra-su-aniversario-mas-solidario\/"},"wordCount":267,"image":{"@id":"https:\/\/sindromecharge.es\/index.php\/2024\/07\/30\/lambda3-celebra-su-aniversario-mas-solidario\/#primaryimage"},"thumbnailUrl":"https:\/\/www.menudoscorazones.org\/wp-content\/uploads\/2024\/07\/IMG_8702-scaled.jpeg","articleSection":["noticias"],"inLanguage":"es"},{"@type":"WebPage","@id":"https:\/\/sindromecharge.es\/index.php\/2024\/07\/30\/lambda3-celebra-su-aniversario-mas-solidario\/","url":"https:\/\/sindromecharge.es\/index.php\/2024\/07\/30\/lambda3-celebra-su-aniversario-mas-solidario\/","name":"Lambda3 celebra su aniversario m\u00e1s solidario - Asociaci\u00f3n Espa\u00f1ola S\u00edndrome de Charge","isPartOf":{"@id":"https:\/\/sindromecharge.es\/#website"},"primaryImageOfPage":{"@id":"https:\/\/sindromecharge.es\/index.php\/2024\/07\/30\/lambda3-celebra-su-aniversario-mas-solidario\/#primaryimage"},"image":{"@id":"https:\/\/sindromecharge.es\/index.php\/2024\/07\/30\/lambda3-celebra-su-aniversario-mas-solidario\/#primaryimage"},"thumbnailUrl":"https:\/\/www.menudoscorazones.org\/wp-content\/uploads\/2024\/07\/IMG_8702-scaled.jpeg","datePublished":"2024-07-30T07:50:41+00:00","author":{"@id":"https:\/\/sindromecharge.es\/#\/schema\/person\/39a60ebe0a2b4d5a11179701e336b039"},"breadcrumb":{"@id":"https:\/\/sindromecharge.es\/index.php\/2024\/07\/30\/lambda3-celebra-su-aniversario-mas-solidario\/#breadcrumb"},"inLanguage":"es","potentialAction":[{"@type":"ReadAction","target":["https:\/\/sindromecharge.es\/index.php\/2024\/07\/30\/lambda3-celebra-su-aniversario-mas-solidario\/"]}]},{"@type":"ImageObject","inLanguage":"es","@id":"https:\/\/sindromecharge.es\/index.php\/2024\/07\/30\/lambda3-celebra-su-aniversario-mas-solidario\/#primaryimage","url":"https:\/\/www.menudoscorazones.org\/wp-content\/uploads\/2024\/07\/IMG_8702-scaled.jpeg","contentUrl":"https:\/\/www.menudoscorazones.org\/wp-content\/uploads\/2024\/07\/IMG_8702-scaled.jpeg"},{"@type":"BreadcrumbList","@id":"https:\/\/sindromecharge.es\/index.php\/2024\/07\/30\/lambda3-celebra-su-aniversario-mas-solidario\/#breadcrumb","itemListElement":[{"@type":"ListItem","position":1,"name":"Portada","item":"https:\/\/sindromecharge.es\/"},{"@type":"ListItem","position":2,"name":"Lambda3 celebra su aniversario m\u00e1s solidario"}]},{"@type":"WebSite","@id":"https:\/\/sindromecharge.es\/#website","url":"https:\/\/sindromecharge.es\/","name":"Asociaci\u00f3n Espa\u00f1ola S\u00edndrome de Charge","description":"","potentialAction":[{"@type":"SearchAction","target":{"@type":"EntryPoint","urlTemplate":"https:\/\/sindromecharge.es\/?s={search_term_string}"},"query-input":{"@type":"PropertyValueSpecification","valueRequired":true,"valueName":"search_term_string"}}],"inLanguage":"es"},{"@type":"Person","@id":"https:\/\/sindromecharge.es\/#\/schema\/person\/39a60ebe0a2b4d5a11179701e336b039","name":"Charge","image":{"@type":"ImageObject","inLanguage":"es","@id":"https:\/\/secure.gravatar.com\/avatar\/c3b46e32a0fc3b093a0873fb767bf3293de856293065e84ef06b7ec7a8acfb98?s=96&d=identicon&r=x","url":"https:\/\/secure.gravatar.com\/avatar\/c3b46e32a0fc3b093a0873fb767bf3293de856293065e84ef06b7ec7a8acfb98?s=96&d=identicon&r=x","contentUrl":"https:\/\/secure.gravatar.com\/avatar\/c3b46e32a0fc3b093a0873fb767bf3293de856293065e84ef06b7ec7a8acfb98?s=96&d=identicon&r=x","caption":"Charge"},"url":"https:\/\/sindromecharge.es\/index.php\/author\/admin\/"}]}},"_links":{"self":[{"href":"https:\/\/sindromecharge.es\/index.php\/wp-json\/wp\/v2\/posts\/10208","targetHints":{"allow":["GET"]}}],"collection":[{"href":"https:\/\/sindromecharge.es\/index.php\/wp-json\/wp\/v2\/posts"}],"about":[{"href":"https:\/\/sindromecharge.es\/index.php\/wp-json\/wp\/v2\/types\/post"}],"author":[{"embeddable":true,"href":"https:\/\/sindromecharge.es\/index.php\/wp-json\/wp\/v2\/users\/1"}],"replies":[{"embeddable":true,"href":"https:\/\/sindromecharge.es\/index.php\/wp-json\/wp\/v2\/comments?post=10208"}],"version-history":[{"count":0,"href":"https:\/\/sindromecharge.es\/index.php\/wp-json\/wp\/v2\/posts\/10208\/revisions"}],"wp:attachment":[{"href":"https:\/\/sindromecharge.es\/index.php\/wp-json\/wp\/v2\/media?parent=10208"}],"wp:term":[{"taxonomy":"category","embeddable":true,"href":"https:\/\/sindromecharge.es\/index.php\/wp-json\/wp\/v2\/categories?post=10208"},{"taxonomy":"post_tag","embeddable":true,"href":"https:\/\/sindromecharge.es\/index.php\/wp-json\/wp\/v2\/tags?post=10208"}],"curies":[{"name":"wp","href":"https:\/\/api.w.org\/{rel}","templated":true}]}}