{"id":10205,"date":"2024-07-28T06:18:59","date_gmt":"2024-07-28T06:18:59","guid":{"rendered":"https:\/\/sindromecharge.es\/index.php\/2024\/07\/28\/un-programa-para-conectar-familias-migrantes-con-un-hijo-con-sindrome-down-entidades-discapacidad-extranjeria\/"},"modified":"2024-07-28T06:18:59","modified_gmt":"2024-07-28T06:18:59","slug":"un-programa-para-conectar-familias-migrantes-con-un-hijo-con-sindrome-down-entidades-discapacidad-extranjeria","status":"publish","type":"post","link":"https:\/\/sindromecharge.es\/index.php\/2024\/07\/28\/un-programa-para-conectar-familias-migrantes-con-un-hijo-con-sindrome-down-entidades-discapacidad-extranjeria\/","title":{"rendered":"Las familias migrantes con un hijo con s\u00edndrome de Down cuentan con \u00abun programa que tiende puentes\u00bb"},"content":{"rendered":"<p>Leemos en Discapacidad la siguiente noticia que os reproducimos de forma \u00edntegra: <\/p>\n<div>\n<p>Una de tantas realidades (casi) invisible es la de las personas <a href=\"https:\/\/www.20minutos.es\/minuteca\/migrantes\/\" title=\"Migrantes\">migrantes<\/a> con una <a href=\"https:\/\/www.20minutos.es\/minuteca\/discapacidad\/\" title=\"Discapacidad\">discapacidad<\/a>. <b>Pocos pensar\u00e1n en alguien con discapacidad cuando evoquen a una persona migrante. <\/b>Es como si no existieran. Pero existen.<\/p>\n<p>Down <a href=\"https:\/\/www.20minutos.es\/minuteca\/li-espana\/\" title=\"Espa\u00f1a\">Espa\u00f1a<\/a> Integra se ha hecho pensando en ellas. Especialmente en las personas con <a href=\"https:\/\/www.20minutos.es\/minuteca\/sindrome-de-down\/\" title=\"S\u00edndrome de Down\">s\u00edndrome de Down<\/a>. \u201cEs un programa que tiene como objetivo tender puentes y que est\u00e1 pensado para las <b><a href=\"https:\/\/www.20minutos.es\/minuteca\/familia\/\" title=\"Familia\">familias<\/a> con un miembro con s\u00edndrome de Down que inician un proceso migratorio o que est\u00e1n transit\u00e1ndolo<\/b>. Normalmente estas familias buscan informaci\u00f3n sobre extranjer\u00eda pero tambi\u00e9n sobre discapacidad. Down Espa\u00f1a Integra conecta a las familias con entidades de discapacidad y extranjer\u00eda\u201d, explica Fernanda Albamonte, t\u00e9cnica de Proyectos de Salud e Investigaci\u00f3n en Down Espa\u00f1a. Es un abordaje interseccional a la realidad del s\u00edndrome de Down y de la migraci\u00f3n.<\/p>\n<p>Integra consta de un manual en formato libro titulado: <b><i>Primeros pasos en Espa\u00f1a: Una gu\u00eda de orientaci\u00f3n para familias migrantes con hijos con s\u00edndrome de Down<\/i>, y de un asistente virtual<\/b> \u2013alojado en la web de Down Espa\u00f1a\u2013 al que hacer preguntas relacionadas con extranjer\u00eda y con la discapacidad.<\/p>\n<p>\u201cLos motivos que te llevan a migrar son infinitos: econ\u00f3micos, sociales, religiosos, etc. En Espa\u00f1a muchas personas ven una oportunidad, una mayor calidad de vida para sus hijos con s\u00edndrome de Down\u201d, cuenta Fernanda. \u201cLlegar a un pa\u00eds que no es el tuyo te pone en situaci\u00f3n de vulnerabilidad. Las situaciones de cada familia son muy distintas pero nos hemos llegado a encontrar casos de vulnerabilidad extrema\u201d, sigue Fernanda. <b>La informaci\u00f3n sobre discapacidad y extranjer\u00eda no es f\u00e1cil de acceder ni de comprender.<\/b> La burocracia no es accesible bajo ning\u00fan punto de vista, as\u00ed que democraticemos esa informaci\u00f3n\u201d.<\/p>\n<p>Al asistente virtual se le pueden hacer preguntas por escrito o hablando, que \u00e9l responder\u00e1 tambi\u00e9n por escrito o leyendo lo que previamente ha escrito. \u201cDe lo que se trata es de<b> ofrecer una informaci\u00f3n sencilla y clara a las familias y tambi\u00e9n a las entidades de s\u00edndrome de Down<\/b> porque Integra es tambi\u00e9n una herramienta para sus profesionales, porque ellos saben de discapacidad pero no de extranjer\u00eda\u201d, explica Fernanda.<\/p>\n<p>Hacemos la prueba y le preguntamos algo al asistente que, seg\u00fan Fernanda, sale mucho: <b>\u00bfC\u00f3mo hago para escolarizar a mi hijo con s\u00edndrome de Down que tiene 7 a\u00f1os pero no tiene residencia legal?<\/b> El asistente se lo piensa un poquito y ofrece la respuesta divida en apartados como pasos para escolarizar, documentaci\u00f3n necesaria o proceso de inscripci\u00f3n. \u201cY ahora le vamos a pedir que lo traduzca al italiano\u201d, me dice Fernanda. \u201cPorque el asistente te responde en el idioma que le pidas. As\u00ed eliminamos barreras ling\u00fc\u00edsticas. El t\u00e9cnico que te atiende a lo mejor no controla tu idioma, pero el asistente s\u00ed\u201d.<\/p>\n<p><b>La educaci\u00f3n es uno de los grandes temas relacionado con discapacidad y extranjer\u00eda.<\/b> \u201cLa inserci\u00f3n en el sistema educativo, pues algunas familias vienen de un pa\u00eds donde no tienen escolarizaos a sus hijos con s\u00edndrome de Down o los tienen en centros de educaci\u00f3n especial, mientras que aqu\u00ed entran a formar parte del sistema educativo ordinario\u201d, apunta Fernanda.<\/p>\n<p>Down Espa\u00f1a Integra est\u00e1 operativo desde hace poco m\u00e1s de un mes. Naci\u00f3 tras realizar una consulta a las entidades asociadas a Down Espa\u00f1a y ver la necesidad de <b>tender puentes entre discapacidad y extranjer\u00eda<\/b>. \u201cNormalmente o es discapacidad o es extranjer\u00eda\u201d, explica Fernanda. Las propias entidades asociadas demandaban algo como Integra porque les llegaban casos que no sab\u00edan c\u00f3mo atender. \u201cDe lo que se trata es de dotar de apoyos para desarrollar una mejor calidad de vida y de que las personas conozcan tambi\u00e9n sus derechos y obligaciones, pues se est\u00e1n insertando en una cultura diferente\u201d.<\/p>\n<p>Actualmente <b>hay m\u00e1s de cien familias migrantes en toda Espa\u00f1a con alg\u00fan miembro con s\u00edndrome de Down<\/b> \u2013lo m\u00e1s habitual es que sean hijos\u2013.<\/p>\n<p>Integra se utiliza de manera an\u00f3nima, no es necesario dar ning\u00fan dato personal para consultar al asistente virtual o la gu\u00eda. Down Espa\u00f1a ha contado en este proyecto con la colaboraci\u00f3n de la Fundaci\u00f3n Inocente y la <b>Asociaci\u00f3n Guaran\u00ed. \u201cGuaran\u00ed est\u00e1 especializada en extranjer\u00eda<\/b>, ellos son los expertos en este tema y nosotros en discapacidad\u201d, concluye Fernanda. <\/p>\n<\/div>\n<p>Fuente: Discapacidad https:\/\/www.20minutos.es\/noticia\/5529652\/0\/un-programa-para-conectar-familias-migrantes-con-un-hijo-con-sindrome-down-entidades-discapacidad-extranjeria\/<\/p>\n","protected":false},"excerpt":{"rendered":"<p>Una de tantas realidades (casi) invisible es la de las personas migrantes con una discapacidad. Pocos pensar\u00e1n en alguien con discapacidad cuando evoquen a&#8230;<\/p>\n","protected":false},"author":1,"featured_media":0,"comment_status":"closed","ping_status":"closed","sticky":false,"template":"","format":"standard","meta":{"footnotes":""},"categories":[8],"tags":[],"class_list":["post-10205","post","type-post","status-publish","format-standard","hentry","category-noticias"],"yoast_head":"<!-- This site is optimized with the Yoast SEO plugin v27.5 - https:\/\/yoast.com\/product\/yoast-seo-wordpress\/ -->\n<title>Las familias migrantes con un hijo con s\u00edndrome de Down cuentan con &quot;un programa que tiende puentes&quot; - Asociaci\u00f3n Espa\u00f1ola S\u00edndrome de Charge<\/title>\n<meta name=\"robots\" content=\"index, follow, max-snippet:-1, max-image-preview:large, max-video-preview:-1\" \/>\n<link rel=\"canonical\" href=\"https:\/\/sindromecharge.es\/index.php\/2024\/07\/28\/un-programa-para-conectar-familias-migrantes-con-un-hijo-con-sindrome-down-entidades-discapacidad-extranjeria\/\" \/>\n<meta property=\"og:locale\" content=\"es_ES\" \/>\n<meta property=\"og:type\" content=\"article\" \/>\n<meta property=\"og:title\" content=\"Las familias migrantes con un hijo con s\u00edndrome de Down cuentan con &quot;un programa que tiende puentes&quot; - Asociaci\u00f3n Espa\u00f1ola S\u00edndrome de Charge\" \/>\n<meta property=\"og:description\" content=\"Una de tantas realidades (casi) invisible es la de las personas migrantes con una discapacidad. Pocos pensar\u00e1n en alguien con discapacidad cuando evoquen a&#8230;\" \/>\n<meta property=\"og:url\" content=\"https:\/\/sindromecharge.es\/index.php\/2024\/07\/28\/un-programa-para-conectar-familias-migrantes-con-un-hijo-con-sindrome-down-entidades-discapacidad-extranjeria\/\" \/>\n<meta property=\"og:site_name\" content=\"Asociaci\u00f3n Espa\u00f1ola S\u00edndrome de Charge\" \/>\n<meta property=\"article:publisher\" content=\"https:\/\/www.facebook.com\/asociacionsindromecharge\" \/>\n<meta property=\"article:published_time\" content=\"2024-07-28T06:18:59+00:00\" \/>\n<meta property=\"og:image\" content=\"https:\/\/sindromecharge.es\/wp-content\/uploads\/2013\/09\/logodecharge300x98.png\" \/>\n\t<meta property=\"og:image:width\" content=\"300\" \/>\n\t<meta property=\"og:image:height\" content=\"98\" \/>\n\t<meta property=\"og:image:type\" content=\"image\/png\" \/>\n<meta name=\"author\" content=\"Charge\" \/>\n<meta name=\"twitter:card\" content=\"summary_large_image\" \/>\n<meta name=\"twitter:creator\" content=\"@sindromecharge\" \/>\n<meta name=\"twitter:site\" content=\"@sindromecharge\" \/>\n<meta name=\"twitter:label1\" content=\"Escrito por\" \/>\n\t<meta name=\"twitter:data1\" content=\"Charge\" \/>\n\t<meta name=\"twitter:label2\" content=\"Tiempo de lectura\" \/>\n\t<meta name=\"twitter:data2\" content=\"4 minutos\" \/>\n<script type=\"application\/ld+json\" class=\"yoast-schema-graph\">{\"@context\":\"https:\\\/\\\/schema.org\",\"@graph\":[{\"@type\":\"Article\",\"@id\":\"https:\\\/\\\/sindromecharge.es\\\/index.php\\\/2024\\\/07\\\/28\\\/un-programa-para-conectar-familias-migrantes-con-un-hijo-con-sindrome-down-entidades-discapacidad-extranjeria\\\/#article\",\"isPartOf\":{\"@id\":\"https:\\\/\\\/sindromecharge.es\\\/index.php\\\/2024\\\/07\\\/28\\\/un-programa-para-conectar-familias-migrantes-con-un-hijo-con-sindrome-down-entidades-discapacidad-extranjeria\\\/\"},\"author\":{\"name\":\"Charge\",\"@id\":\"https:\\\/\\\/sindromecharge.es\\\/#\\\/schema\\\/person\\\/39a60ebe0a2b4d5a11179701e336b039\"},\"headline\":\"Las familias migrantes con un hijo con s\u00edndrome de Down cuentan con \u00abun programa que tiende puentes\u00bb\",\"datePublished\":\"2024-07-28T06:18:59+00:00\",\"mainEntityOfPage\":{\"@id\":\"https:\\\/\\\/sindromecharge.es\\\/index.php\\\/2024\\\/07\\\/28\\\/un-programa-para-conectar-familias-migrantes-con-un-hijo-con-sindrome-down-entidades-discapacidad-extranjeria\\\/\"},\"wordCount\":802,\"articleSection\":[\"noticias\"],\"inLanguage\":\"es\"},{\"@type\":\"WebPage\",\"@id\":\"https:\\\/\\\/sindromecharge.es\\\/index.php\\\/2024\\\/07\\\/28\\\/un-programa-para-conectar-familias-migrantes-con-un-hijo-con-sindrome-down-entidades-discapacidad-extranjeria\\\/\",\"url\":\"https:\\\/\\\/sindromecharge.es\\\/index.php\\\/2024\\\/07\\\/28\\\/un-programa-para-conectar-familias-migrantes-con-un-hijo-con-sindrome-down-entidades-discapacidad-extranjeria\\\/\",\"name\":\"Las familias migrantes con un hijo con s\u00edndrome de Down cuentan con \\\"un programa que tiende puentes\\\" - Asociaci\u00f3n Espa\u00f1ola S\u00edndrome de Charge\",\"isPartOf\":{\"@id\":\"https:\\\/\\\/sindromecharge.es\\\/#website\"},\"datePublished\":\"2024-07-28T06:18:59+00:00\",\"author\":{\"@id\":\"https:\\\/\\\/sindromecharge.es\\\/#\\\/schema\\\/person\\\/39a60ebe0a2b4d5a11179701e336b039\"},\"breadcrumb\":{\"@id\":\"https:\\\/\\\/sindromecharge.es\\\/index.php\\\/2024\\\/07\\\/28\\\/un-programa-para-conectar-familias-migrantes-con-un-hijo-con-sindrome-down-entidades-discapacidad-extranjeria\\\/#breadcrumb\"},\"inLanguage\":\"es\",\"potentialAction\":[{\"@type\":\"ReadAction\",\"target\":[\"https:\\\/\\\/sindromecharge.es\\\/index.php\\\/2024\\\/07\\\/28\\\/un-programa-para-conectar-familias-migrantes-con-un-hijo-con-sindrome-down-entidades-discapacidad-extranjeria\\\/\"]}]},{\"@type\":\"BreadcrumbList\",\"@id\":\"https:\\\/\\\/sindromecharge.es\\\/index.php\\\/2024\\\/07\\\/28\\\/un-programa-para-conectar-familias-migrantes-con-un-hijo-con-sindrome-down-entidades-discapacidad-extranjeria\\\/#breadcrumb\",\"itemListElement\":[{\"@type\":\"ListItem\",\"position\":1,\"name\":\"Portada\",\"item\":\"https:\\\/\\\/sindromecharge.es\\\/\"},{\"@type\":\"ListItem\",\"position\":2,\"name\":\"Las familias migrantes con un hijo con s\u00edndrome de Down cuentan con &#8220;un programa que tiende puentes&#8221;\"}]},{\"@type\":\"WebSite\",\"@id\":\"https:\\\/\\\/sindromecharge.es\\\/#website\",\"url\":\"https:\\\/\\\/sindromecharge.es\\\/\",\"name\":\"Asociaci\u00f3n Espa\u00f1ola S\u00edndrome de Charge\",\"description\":\"\",\"potentialAction\":[{\"@type\":\"SearchAction\",\"target\":{\"@type\":\"EntryPoint\",\"urlTemplate\":\"https:\\\/\\\/sindromecharge.es\\\/?s={search_term_string}\"},\"query-input\":{\"@type\":\"PropertyValueSpecification\",\"valueRequired\":true,\"valueName\":\"search_term_string\"}}],\"inLanguage\":\"es\"},{\"@type\":\"Person\",\"@id\":\"https:\\\/\\\/sindromecharge.es\\\/#\\\/schema\\\/person\\\/39a60ebe0a2b4d5a11179701e336b039\",\"name\":\"Charge\",\"image\":{\"@type\":\"ImageObject\",\"inLanguage\":\"es\",\"@id\":\"https:\\\/\\\/secure.gravatar.com\\\/avatar\\\/c3b46e32a0fc3b093a0873fb767bf3293de856293065e84ef06b7ec7a8acfb98?s=96&d=identicon&r=x\",\"url\":\"https:\\\/\\\/secure.gravatar.com\\\/avatar\\\/c3b46e32a0fc3b093a0873fb767bf3293de856293065e84ef06b7ec7a8acfb98?s=96&d=identicon&r=x\",\"contentUrl\":\"https:\\\/\\\/secure.gravatar.com\\\/avatar\\\/c3b46e32a0fc3b093a0873fb767bf3293de856293065e84ef06b7ec7a8acfb98?s=96&d=identicon&r=x\",\"caption\":\"Charge\"},\"url\":\"https:\\\/\\\/sindromecharge.es\\\/index.php\\\/author\\\/admin\\\/\"}]}<\/script>\n<!-- \/ Yoast SEO plugin. -->","yoast_head_json":{"title":"Las familias migrantes con un hijo con s\u00edndrome de Down cuentan con \"un programa que tiende puentes\" - Asociaci\u00f3n Espa\u00f1ola S\u00edndrome de Charge","robots":{"index":"index","follow":"follow","max-snippet":"max-snippet:-1","max-image-preview":"max-image-preview:large","max-video-preview":"max-video-preview:-1"},"canonical":"https:\/\/sindromecharge.es\/index.php\/2024\/07\/28\/un-programa-para-conectar-familias-migrantes-con-un-hijo-con-sindrome-down-entidades-discapacidad-extranjeria\/","og_locale":"es_ES","og_type":"article","og_title":"Las familias migrantes con un hijo con s\u00edndrome de Down cuentan con \"un programa que tiende puentes\" - Asociaci\u00f3n Espa\u00f1ola S\u00edndrome de Charge","og_description":"Una de tantas realidades (casi) invisible es la de las personas migrantes con una discapacidad. Pocos pensar\u00e1n en alguien con discapacidad cuando evoquen a&#8230;","og_url":"https:\/\/sindromecharge.es\/index.php\/2024\/07\/28\/un-programa-para-conectar-familias-migrantes-con-un-hijo-con-sindrome-down-entidades-discapacidad-extranjeria\/","og_site_name":"Asociaci\u00f3n Espa\u00f1ola S\u00edndrome de Charge","article_publisher":"https:\/\/www.facebook.com\/asociacionsindromecharge","article_published_time":"2024-07-28T06:18:59+00:00","og_image":[{"width":300,"height":98,"url":"https:\/\/sindromecharge.es\/wp-content\/uploads\/2013\/09\/logodecharge300x98.png","type":"image\/png"}],"author":"Charge","twitter_card":"summary_large_image","twitter_creator":"@sindromecharge","twitter_site":"@sindromecharge","twitter_misc":{"Escrito por":"Charge","Tiempo de lectura":"4 minutos"},"schema":{"@context":"https:\/\/schema.org","@graph":[{"@type":"Article","@id":"https:\/\/sindromecharge.es\/index.php\/2024\/07\/28\/un-programa-para-conectar-familias-migrantes-con-un-hijo-con-sindrome-down-entidades-discapacidad-extranjeria\/#article","isPartOf":{"@id":"https:\/\/sindromecharge.es\/index.php\/2024\/07\/28\/un-programa-para-conectar-familias-migrantes-con-un-hijo-con-sindrome-down-entidades-discapacidad-extranjeria\/"},"author":{"name":"Charge","@id":"https:\/\/sindromecharge.es\/#\/schema\/person\/39a60ebe0a2b4d5a11179701e336b039"},"headline":"Las familias migrantes con un hijo con s\u00edndrome de Down cuentan con \u00abun programa que tiende puentes\u00bb","datePublished":"2024-07-28T06:18:59+00:00","mainEntityOfPage":{"@id":"https:\/\/sindromecharge.es\/index.php\/2024\/07\/28\/un-programa-para-conectar-familias-migrantes-con-un-hijo-con-sindrome-down-entidades-discapacidad-extranjeria\/"},"wordCount":802,"articleSection":["noticias"],"inLanguage":"es"},{"@type":"WebPage","@id":"https:\/\/sindromecharge.es\/index.php\/2024\/07\/28\/un-programa-para-conectar-familias-migrantes-con-un-hijo-con-sindrome-down-entidades-discapacidad-extranjeria\/","url":"https:\/\/sindromecharge.es\/index.php\/2024\/07\/28\/un-programa-para-conectar-familias-migrantes-con-un-hijo-con-sindrome-down-entidades-discapacidad-extranjeria\/","name":"Las familias migrantes con un hijo con s\u00edndrome de Down cuentan con \"un programa que tiende puentes\" - Asociaci\u00f3n Espa\u00f1ola S\u00edndrome de Charge","isPartOf":{"@id":"https:\/\/sindromecharge.es\/#website"},"datePublished":"2024-07-28T06:18:59+00:00","author":{"@id":"https:\/\/sindromecharge.es\/#\/schema\/person\/39a60ebe0a2b4d5a11179701e336b039"},"breadcrumb":{"@id":"https:\/\/sindromecharge.es\/index.php\/2024\/07\/28\/un-programa-para-conectar-familias-migrantes-con-un-hijo-con-sindrome-down-entidades-discapacidad-extranjeria\/#breadcrumb"},"inLanguage":"es","potentialAction":[{"@type":"ReadAction","target":["https:\/\/sindromecharge.es\/index.php\/2024\/07\/28\/un-programa-para-conectar-familias-migrantes-con-un-hijo-con-sindrome-down-entidades-discapacidad-extranjeria\/"]}]},{"@type":"BreadcrumbList","@id":"https:\/\/sindromecharge.es\/index.php\/2024\/07\/28\/un-programa-para-conectar-familias-migrantes-con-un-hijo-con-sindrome-down-entidades-discapacidad-extranjeria\/#breadcrumb","itemListElement":[{"@type":"ListItem","position":1,"name":"Portada","item":"https:\/\/sindromecharge.es\/"},{"@type":"ListItem","position":2,"name":"Las familias migrantes con un hijo con s\u00edndrome de Down cuentan con &#8220;un programa que tiende puentes&#8221;"}]},{"@type":"WebSite","@id":"https:\/\/sindromecharge.es\/#website","url":"https:\/\/sindromecharge.es\/","name":"Asociaci\u00f3n Espa\u00f1ola S\u00edndrome de Charge","description":"","potentialAction":[{"@type":"SearchAction","target":{"@type":"EntryPoint","urlTemplate":"https:\/\/sindromecharge.es\/?s={search_term_string}"},"query-input":{"@type":"PropertyValueSpecification","valueRequired":true,"valueName":"search_term_string"}}],"inLanguage":"es"},{"@type":"Person","@id":"https:\/\/sindromecharge.es\/#\/schema\/person\/39a60ebe0a2b4d5a11179701e336b039","name":"Charge","image":{"@type":"ImageObject","inLanguage":"es","@id":"https:\/\/secure.gravatar.com\/avatar\/c3b46e32a0fc3b093a0873fb767bf3293de856293065e84ef06b7ec7a8acfb98?s=96&d=identicon&r=x","url":"https:\/\/secure.gravatar.com\/avatar\/c3b46e32a0fc3b093a0873fb767bf3293de856293065e84ef06b7ec7a8acfb98?s=96&d=identicon&r=x","contentUrl":"https:\/\/secure.gravatar.com\/avatar\/c3b46e32a0fc3b093a0873fb767bf3293de856293065e84ef06b7ec7a8acfb98?s=96&d=identicon&r=x","caption":"Charge"},"url":"https:\/\/sindromecharge.es\/index.php\/author\/admin\/"}]}},"_links":{"self":[{"href":"https:\/\/sindromecharge.es\/index.php\/wp-json\/wp\/v2\/posts\/10205","targetHints":{"allow":["GET"]}}],"collection":[{"href":"https:\/\/sindromecharge.es\/index.php\/wp-json\/wp\/v2\/posts"}],"about":[{"href":"https:\/\/sindromecharge.es\/index.php\/wp-json\/wp\/v2\/types\/post"}],"author":[{"embeddable":true,"href":"https:\/\/sindromecharge.es\/index.php\/wp-json\/wp\/v2\/users\/1"}],"replies":[{"embeddable":true,"href":"https:\/\/sindromecharge.es\/index.php\/wp-json\/wp\/v2\/comments?post=10205"}],"version-history":[{"count":0,"href":"https:\/\/sindromecharge.es\/index.php\/wp-json\/wp\/v2\/posts\/10205\/revisions"}],"wp:attachment":[{"href":"https:\/\/sindromecharge.es\/index.php\/wp-json\/wp\/v2\/media?parent=10205"}],"wp:term":[{"taxonomy":"category","embeddable":true,"href":"https:\/\/sindromecharge.es\/index.php\/wp-json\/wp\/v2\/categories?post=10205"},{"taxonomy":"post_tag","embeddable":true,"href":"https:\/\/sindromecharge.es\/index.php\/wp-json\/wp\/v2\/tags?post=10205"}],"curies":[{"name":"wp","href":"https:\/\/api.w.org\/{rel}","templated":true}]}}