{"id":10202,"date":"2024-07-26T05:16:42","date_gmt":"2024-07-26T05:16:42","guid":{"rendered":"https:\/\/sindromecharge.es\/index.php\/2024\/07\/26\/accesibilidad-una-asignatura-pendiente-mayoria-las-playas-espanolas-algunas-solo-disponen-elementos-basicos\/"},"modified":"2024-07-26T05:16:42","modified_gmt":"2024-07-26T05:16:42","slug":"accesibilidad-una-asignatura-pendiente-mayoria-las-playas-espanolas-algunas-solo-disponen-elementos-basicos","status":"publish","type":"post","link":"https:\/\/sindromecharge.es\/index.php\/2024\/07\/26\/accesibilidad-una-asignatura-pendiente-mayoria-las-playas-espanolas-algunas-solo-disponen-elementos-basicos\/","title":{"rendered":"Accesibilidad, una asignatura pendiente en la mayor\u00eda de las playas espa\u00f1olas: \u00abAlgunas solo disponen de elementos b\u00e1sicos\u00bb"},"content":{"rendered":"<p>Leemos en Discapacidad la siguiente noticia que os reproducimos de forma \u00edntegra: <\/p>\n<div>\n<p>Gracias a la <b>movilizaci\u00f3n de Marcelino Torres<\/b>, vecino de Salobre\u00f1a (Granada), este municipio tendr\u00e1 <b>playas accesibles<\/b>, una pasarela para que las personas con movilidad reducida puedan acercarse a la orilla del mar, y la diputaci\u00f3n de Granada ha prometido que el a\u00f1o que viene todos los municipios de la costa granadina tendr\u00e1n playas accesibles.<\/p>\n<p>Marcelino Torres, que se desplaza en <a href=\"https:\/\/www.20minutos.es\/minuteca\/silla-de-ruedas\/\" title=\"Silla de ruedas\" target=\"_blank\" rel=\"noopener\">silla de ruedas<\/a> a causa de la <a href=\"https:\/\/www.20minutos.es\/minuteca\/esclerosis-multiple\/\" title=\"Esclerosis m\u00faltiple\" target=\"_blank\" rel=\"noopener\">esclerosis m\u00faltiple<\/a>, est\u00e1 muy implicado con el tema de la falta de accesibilidad en el pueblo, y ha conseguido que su <a href=\"https:\/\/www.change.org\/p\/marcelino-tiene-esclerosis-m%C3%BAltiple-y-quiere-disfrutar-de-la-playa-salobre%C3%B1a-accesible-ya?source_location=search\" target=\"_blank\" rel=\"nofollow noopener\">petici\u00f3n a trav\u00e9s de Change.org<\/a> obtenga m\u00e1s de 37.000 firmas, que llamara la atenci\u00f3n de la prensa y, como consecuencia, de las autoridades, \u00absiempre he pedido que <b>se mejore la accesibilidad del pueblo<\/b>, que la gente no aparque en plazas reservadas, que se rebajen aceras, que arreglen bordillos, aceras\u2026 cosas que parecen peque\u00f1as, pero que a nosotros nos complican el d\u00eda a d\u00eda\u00bb, nos contaba.<\/p>\n<p>Sin embargo, aunque se trata de un logro enorme para los vecinos de esta provincia, en Espa\u00f1a sigue habiendo <b>much\u00edsimos municipios que ni siquiera tienen una playa accesible,<\/b> pues, aunque no hay datos oficiales, tan solo <b>unas 700 de las m\u00e1s de 3.500 playas que hay en nuestras costas pueden considerarse accesibles<\/b>. <\/p>\n<p>Esto provoca que personas con movilidad reducida, en la mayor\u00eda de los casos, se sigan encontrando numerosos obst\u00e1culos para disfrutar de estos entornos, \u00abalgunos de los problemas de accesibilidad m\u00e1s comunes en las playas pueden ser la falta de rampas y pasarelas de acceso, falta de ba\u00f1os y vestuarios adaptados, falta de personal de apoyo o, algo muy importante, la falta de informaci\u00f3n de los servicios que ofrece o su grado de accesibilidad\u00bb, asegura<b> Gonzalo Arjona, t\u00e9cnico de Accesibilidad y Vida Independiente de COCEMFE<\/b>.<\/p>\n<p>Otro factor importante es <b>que no se cumpla la cadena de <a href=\"https:\/\/www.20minutos.es\/minuteca\/accesibilidad\/\" title=\"Accesibilidad\" target=\"_blank\" rel=\"noopener\">accesibilidad<\/a><\/b>, es decir, que tenga algunos elementos accesibles, pero que, en conjunto, no lo sea, y por eso no permita <span>a la persona usuaria<\/span>, como explica Gonzalo Arjona, \u00abaproximarse, acceder, usar y salir de todo espacio con autonom\u00eda, facilidad y sin interrupciones. O sea, que el acceso a la playa desde el lugar de origen sea accesible (transportes, itinerarios peatonales, etc.). Luego tambi\u00e9n pueden existir problemas relacionados con el uso de otros servicios, como pueda ser la restauraci\u00f3n, comercios y servicios que est\u00e9n en la playa\u00bb, a\u00f1ade. <\/p>\n<h2>Qu\u00e9 se entiende por &#8216;playa accesible&#8217;<\/h2>\n<p>Que una playa sea considerada accesible no depende solo de que tenga una pasarela que permita acceder a la orilla, que es muy importante, sino de que, como explicaba Arjona, <b>permita a la persona usuaria moverse con facilidad y sin ayuda<\/b>, \u00abpor definici\u00f3n, una playa accesible es aquella que cuenta con los elementos y servicios necesarios para que cualquier persona, independientemente de su discapacidad, pueda disfrutar de la playa de forma segura y aut\u00f3noma\u00bb.<\/p>\n<p>Por este motivo en la pr\u00e1ctica, <b>es poco frecuente que una playa sea totalmente accesible para todos los tipos de discapacidad<\/b> y es com\u00fan que simplemente se facilite el acceso con una pasarela, \u00abdeber\u00edan contemplar <b>aseos y vestuarios accesibles <\/b>y que el entorno de acceso (cadena de accesibilidad) para llegar a ella tambi\u00e9n sea accesible. Sin embargo, algunas playas solo disponen de elementos b\u00e1sicos para facilitar el acceso a la arena y al agua, y en muchas es muy posible que <b>no contemplen todas las medidas necesarias para que sean accesibles<\/b>, en especial las medidas que garanticen el ba\u00f1o o el reposo en un lugar con sombra. Otras playas, en cambio, ofrecen servicios m\u00e1s completos, como <b>sillas de ruedas anfibias<\/b>, zonas de ba\u00f1o asistido y personal especializado\u00bb, explica Arjona.<\/p>\n<h1>Una playa accesible es aquella que cuenta con los elementos para que cualquier persona, independientemente de su capacidad, pueda disfrutar de forma segura y aut\u00f3noma<\/h1>\n<p>Y es que el ba\u00f1o, aunque es una parte muy importante, no lo es todo. A Marcelino, por ejemplo, que no puede exponerse mucho al sol por su enfermedad, el ba\u00f1o no le importa mucho, pero si poder acercarse a la orilla en otros momentos del d\u00eda, \u00abme gusta mucho acercarme a pescar, me encantar\u00eda ir con mi hijo, y ahora no puedo\u00bb, se lamenta, \u00abtambi\u00e9n me relaja mucho cuando tengo <a href=\"https:\/\/www.20minutos.es\/minuteca\/ansiedad\/\" title=\"Ansiedad\" target=\"_blank\" rel=\"noopener\">ansiedad<\/a>, que me suele pasar bastante, y sin pasarela es imposible. Pero yo no pido solo por m\u00ed, sino por todas las personas con <a href=\"https:\/\/www.20minutos.es\/minuteca\/discapacidad\/\" title=\"Discapacidad\" target=\"_blank\" rel=\"noopener\">discapacidad<\/a>, los ancianos con andador, unos padres con un carrito o alguien que se haya partido una pierna\u00bb. <\/p>\n<h2>\u00bfQu\u00e9 dice la legislaci\u00f3n sobre playas accesibles?<\/h2>\n<p>Con la legislaci\u00f3n en la mano, la <b>Orden TMA\/851\/2021<\/b>, de 23 de julio, establece que \u00abdeber\u00e1n existir<b> puntos accesibles<\/b> en funci\u00f3n de las caracter\u00edsticas f\u00edsicas y frecuencia de uso durante toda la temporada de ba\u00f1o, sin perjudicar las limitaciones establecidas en la ley de costas\u00bb.<\/p>\n<p>Esta Orden desarrolla, adem\u00e1s, el documento t\u00e9cnico de <b>condiciones b\u00e1sicas de accesibilidad y no discriminaci\u00f3n<\/b> para el acceso y la utilizaci\u00f3n de los espacios p\u00fablicos urbanizados, y considera como espacios p\u00fablicos urbanizados los tramos urbanos de las playas, \u00aben su art\u00edculo 9 establece<b> c\u00f3mo debe ser la accesibilidad en dichos tramos<\/b>. En \u00e9l se establece que deber\u00e1n existir puntos accesibles\u00bb. <\/p>\n<p>Adem\u00e1s, las<b> normativas auton\u00f3micas <\/b>pueden venir establecidas otros requerimientos m\u00e1s espec\u00edficos y tambi\u00e9n los propios ayuntamientos pueden disponer de <b>Planes de Playas<\/b> en el que incluyan planes espec\u00edficos de accesibilidad.<\/p>\n<p>Aun as\u00ed, lo cierto es que no todos los municipios y ni mucho menos todas las playas cumplen con los criterios de accesibilidad. De hecho,<b> no se sabe con exactitud cu\u00e1ntas playas accesibles existen en nuestro pa\u00eds<\/b>. El registro m\u00e1s fiable es, como apunta Gonzalo Arjona, el de las playas con <b>Bandera Azul<\/b>, \u00abexigen un grado alto de cumplimiento de accesibilidad, pues al menos una de las playas con Bandera Azul de los municipios (independientemente de que sea urbana) debe disponer de acceso accesible y sanitarios adaptados para personas con discapacidad\u00bb. <\/p>\n<p>Si nos dejamos guiar por estos criterios, aunque estad\u00edsticamente no exista un n\u00famero total de playas accesibles en Espa\u00f1a, podemos concluir que <b>en 2024 se han calificado 747 playas con bandera azul <\/b>que \u00abse pueden considerar accesibles bajo una certificaci\u00f3n\u00bb, explica Arjona.<\/p>\n<h1>Me relaja mucho acercarme al mar cuando tengo ansiedad, que me suele pasar bastante, pero sin pasarela es imposible<\/h1>\n<p><b>\u00bfC\u00f3mo podemos saber entonces d\u00f3nde hay playas accesibles en Espa\u00f1a?<\/b> Pues <b>tampoco hay un listado oficial <\/b>en el que esta informaci\u00f3n est\u00e9 disponible, \u00abalgunas comunidades disponen en su web de esta informaci\u00f3n, as\u00ed como algunas localidades tur\u00edsticas. Tambi\u00e9n las propias <b>entidades de personas con discapacidad elaboran gu\u00edas<\/b> actualizadas anualmente, as\u00ed como empresas privadas dedicadas al turismo. Tambi\u00e9n el listado de playas con bandera azul puede ser un punto de partida. Adem\u00e1s, en nuestras entidades, se han realizado gu\u00edas en Huelva, Almer\u00eda o Comunidad Valenciana valorando la accesibilidad de las mismas, como la \u00faltima que elaboramos, de <a href=\"https:\/\/www.cocemfe.es\/wp-content\/uploads\/2024\/07\/Gui%CC%81a-de-playas-accesibles.-Huelva-2024.pdf\" target=\"_blank\" rel=\"noopener\">Huelva<\/a>\u00ab, recomienda.<\/p>\n<p>El problema de otros listados, muchos de ellos en Internet, es que no est\u00e9n actualizados al 100%, \u00abque no incluyan posibles mejoras o impedimentos (por reformas o deterioro natural o de uso) o <b>que la accesibilidad no haya sido verificada<\/b> por personal t\u00e9cnico en <b>accesibilidad universal<\/b>\u00ab. <\/p>\n<p>Lo m\u00e1s recomendable es, antes de reservar, cerciorarnos a trav\u00e9s del ayuntamiento del lugar que vamos a visitar de que tiene playas accesibles y en las condiciones en las que las tiene. Y de no tenerlas, hacer como Marcelino,<b> \u00abpedir que se cumplan nuestros derechos\u00bb<\/b>, pues su lucha servir\u00e1 para que miles de personas, el a\u00f1o que viene, no tengan que depender de nadie para poder ver las olas de cerca. <\/p>\n<\/div>\n<p>Fuente: Discapacidad https:\/\/www.20minutos.es\/noticia\/5534120\/0\/accesibilidad-una-asignatura-pendiente-mayoria-las-playas-espanolas-algunas-solo-disponen-elementos-basicos\/<\/p>\n","protected":false},"excerpt":{"rendered":"<p>Gracias a la movilizaci\u00f3n de Marcelino P\u00e9rez, vecino de Salobre\u00f1a (Granada), este municipio tendr\u00e1 playas accesibles, una pasarela para que las personas&#8230;<\/p>\n","protected":false},"author":1,"featured_media":0,"comment_status":"closed","ping_status":"closed","sticky":false,"template":"","format":"standard","meta":{"footnotes":""},"categories":[8],"tags":[],"class_list":["post-10202","post","type-post","status-publish","format-standard","hentry","category-noticias"],"yoast_head":"<!-- This site is optimized with the Yoast SEO plugin v27.5 - https:\/\/yoast.com\/product\/yoast-seo-wordpress\/ -->\n<title>Accesibilidad, una asignatura pendiente en la mayor\u00eda de las playas espa\u00f1olas: &quot;Algunas solo disponen de elementos b\u00e1sicos&quot; - Asociaci\u00f3n Espa\u00f1ola S\u00edndrome de Charge<\/title>\n<meta name=\"robots\" content=\"index, follow, max-snippet:-1, max-image-preview:large, max-video-preview:-1\" \/>\n<link rel=\"canonical\" href=\"https:\/\/sindromecharge.es\/index.php\/2024\/07\/26\/accesibilidad-una-asignatura-pendiente-mayoria-las-playas-espanolas-algunas-solo-disponen-elementos-basicos\/\" \/>\n<meta property=\"og:locale\" content=\"es_ES\" \/>\n<meta property=\"og:type\" content=\"article\" \/>\n<meta property=\"og:title\" content=\"Accesibilidad, una asignatura pendiente en la mayor\u00eda de las playas espa\u00f1olas: &quot;Algunas solo disponen de elementos b\u00e1sicos&quot; - Asociaci\u00f3n Espa\u00f1ola S\u00edndrome de Charge\" \/>\n<meta property=\"og:description\" content=\"Gracias a la movilizaci\u00f3n de Marcelino P\u00e9rez, vecino de Salobre\u00f1a (Granada), este municipio tendr\u00e1 playas accesibles, una pasarela para que las personas&#8230;\" \/>\n<meta property=\"og:url\" content=\"https:\/\/sindromecharge.es\/index.php\/2024\/07\/26\/accesibilidad-una-asignatura-pendiente-mayoria-las-playas-espanolas-algunas-solo-disponen-elementos-basicos\/\" \/>\n<meta property=\"og:site_name\" content=\"Asociaci\u00f3n Espa\u00f1ola S\u00edndrome de Charge\" \/>\n<meta property=\"article:publisher\" content=\"https:\/\/www.facebook.com\/asociacionsindromecharge\" \/>\n<meta property=\"article:published_time\" content=\"2024-07-26T05:16:42+00:00\" \/>\n<meta property=\"og:image\" content=\"https:\/\/sindromecharge.es\/wp-content\/uploads\/2013\/09\/logodecharge300x98.png\" \/>\n\t<meta property=\"og:image:width\" content=\"300\" \/>\n\t<meta property=\"og:image:height\" content=\"98\" \/>\n\t<meta property=\"og:image:type\" content=\"image\/png\" \/>\n<meta name=\"author\" content=\"Charge\" \/>\n<meta name=\"twitter:card\" content=\"summary_large_image\" \/>\n<meta name=\"twitter:creator\" content=\"@sindromecharge\" \/>\n<meta name=\"twitter:site\" content=\"@sindromecharge\" \/>\n<meta name=\"twitter:label1\" content=\"Escrito por\" \/>\n\t<meta name=\"twitter:data1\" content=\"Charge\" \/>\n\t<meta name=\"twitter:label2\" content=\"Tiempo de lectura\" \/>\n\t<meta name=\"twitter:data2\" content=\"7 minutos\" \/>\n<script type=\"application\/ld+json\" class=\"yoast-schema-graph\">{\"@context\":\"https:\\\/\\\/schema.org\",\"@graph\":[{\"@type\":\"Article\",\"@id\":\"https:\\\/\\\/sindromecharge.es\\\/index.php\\\/2024\\\/07\\\/26\\\/accesibilidad-una-asignatura-pendiente-mayoria-las-playas-espanolas-algunas-solo-disponen-elementos-basicos\\\/#article\",\"isPartOf\":{\"@id\":\"https:\\\/\\\/sindromecharge.es\\\/index.php\\\/2024\\\/07\\\/26\\\/accesibilidad-una-asignatura-pendiente-mayoria-las-playas-espanolas-algunas-solo-disponen-elementos-basicos\\\/\"},\"author\":{\"name\":\"Charge\",\"@id\":\"https:\\\/\\\/sindromecharge.es\\\/#\\\/schema\\\/person\\\/39a60ebe0a2b4d5a11179701e336b039\"},\"headline\":\"Accesibilidad, una asignatura pendiente en la mayor\u00eda de las playas espa\u00f1olas: \u00abAlgunas solo disponen de elementos b\u00e1sicos\u00bb\",\"datePublished\":\"2024-07-26T05:16:42+00:00\",\"mainEntityOfPage\":{\"@id\":\"https:\\\/\\\/sindromecharge.es\\\/index.php\\\/2024\\\/07\\\/26\\\/accesibilidad-una-asignatura-pendiente-mayoria-las-playas-espanolas-algunas-solo-disponen-elementos-basicos\\\/\"},\"wordCount\":1366,\"articleSection\":[\"noticias\"],\"inLanguage\":\"es\"},{\"@type\":\"WebPage\",\"@id\":\"https:\\\/\\\/sindromecharge.es\\\/index.php\\\/2024\\\/07\\\/26\\\/accesibilidad-una-asignatura-pendiente-mayoria-las-playas-espanolas-algunas-solo-disponen-elementos-basicos\\\/\",\"url\":\"https:\\\/\\\/sindromecharge.es\\\/index.php\\\/2024\\\/07\\\/26\\\/accesibilidad-una-asignatura-pendiente-mayoria-las-playas-espanolas-algunas-solo-disponen-elementos-basicos\\\/\",\"name\":\"Accesibilidad, una asignatura pendiente en la mayor\u00eda de las playas espa\u00f1olas: \\\"Algunas solo disponen de elementos b\u00e1sicos\\\" - Asociaci\u00f3n Espa\u00f1ola S\u00edndrome de Charge\",\"isPartOf\":{\"@id\":\"https:\\\/\\\/sindromecharge.es\\\/#website\"},\"datePublished\":\"2024-07-26T05:16:42+00:00\",\"author\":{\"@id\":\"https:\\\/\\\/sindromecharge.es\\\/#\\\/schema\\\/person\\\/39a60ebe0a2b4d5a11179701e336b039\"},\"breadcrumb\":{\"@id\":\"https:\\\/\\\/sindromecharge.es\\\/index.php\\\/2024\\\/07\\\/26\\\/accesibilidad-una-asignatura-pendiente-mayoria-las-playas-espanolas-algunas-solo-disponen-elementos-basicos\\\/#breadcrumb\"},\"inLanguage\":\"es\",\"potentialAction\":[{\"@type\":\"ReadAction\",\"target\":[\"https:\\\/\\\/sindromecharge.es\\\/index.php\\\/2024\\\/07\\\/26\\\/accesibilidad-una-asignatura-pendiente-mayoria-las-playas-espanolas-algunas-solo-disponen-elementos-basicos\\\/\"]}]},{\"@type\":\"BreadcrumbList\",\"@id\":\"https:\\\/\\\/sindromecharge.es\\\/index.php\\\/2024\\\/07\\\/26\\\/accesibilidad-una-asignatura-pendiente-mayoria-las-playas-espanolas-algunas-solo-disponen-elementos-basicos\\\/#breadcrumb\",\"itemListElement\":[{\"@type\":\"ListItem\",\"position\":1,\"name\":\"Portada\",\"item\":\"https:\\\/\\\/sindromecharge.es\\\/\"},{\"@type\":\"ListItem\",\"position\":2,\"name\":\"Accesibilidad, una asignatura pendiente en la mayor\u00eda de las playas espa\u00f1olas: &#8220;Algunas solo disponen de elementos b\u00e1sicos&#8221;\"}]},{\"@type\":\"WebSite\",\"@id\":\"https:\\\/\\\/sindromecharge.es\\\/#website\",\"url\":\"https:\\\/\\\/sindromecharge.es\\\/\",\"name\":\"Asociaci\u00f3n Espa\u00f1ola S\u00edndrome de Charge\",\"description\":\"\",\"potentialAction\":[{\"@type\":\"SearchAction\",\"target\":{\"@type\":\"EntryPoint\",\"urlTemplate\":\"https:\\\/\\\/sindromecharge.es\\\/?s={search_term_string}\"},\"query-input\":{\"@type\":\"PropertyValueSpecification\",\"valueRequired\":true,\"valueName\":\"search_term_string\"}}],\"inLanguage\":\"es\"},{\"@type\":\"Person\",\"@id\":\"https:\\\/\\\/sindromecharge.es\\\/#\\\/schema\\\/person\\\/39a60ebe0a2b4d5a11179701e336b039\",\"name\":\"Charge\",\"image\":{\"@type\":\"ImageObject\",\"inLanguage\":\"es\",\"@id\":\"https:\\\/\\\/secure.gravatar.com\\\/avatar\\\/c3b46e32a0fc3b093a0873fb767bf3293de856293065e84ef06b7ec7a8acfb98?s=96&d=identicon&r=x\",\"url\":\"https:\\\/\\\/secure.gravatar.com\\\/avatar\\\/c3b46e32a0fc3b093a0873fb767bf3293de856293065e84ef06b7ec7a8acfb98?s=96&d=identicon&r=x\",\"contentUrl\":\"https:\\\/\\\/secure.gravatar.com\\\/avatar\\\/c3b46e32a0fc3b093a0873fb767bf3293de856293065e84ef06b7ec7a8acfb98?s=96&d=identicon&r=x\",\"caption\":\"Charge\"},\"url\":\"https:\\\/\\\/sindromecharge.es\\\/index.php\\\/author\\\/admin\\\/\"}]}<\/script>\n<!-- \/ Yoast SEO plugin. -->","yoast_head_json":{"title":"Accesibilidad, una asignatura pendiente en la mayor\u00eda de las playas espa\u00f1olas: \"Algunas solo disponen de elementos b\u00e1sicos\" - Asociaci\u00f3n Espa\u00f1ola S\u00edndrome de Charge","robots":{"index":"index","follow":"follow","max-snippet":"max-snippet:-1","max-image-preview":"max-image-preview:large","max-video-preview":"max-video-preview:-1"},"canonical":"https:\/\/sindromecharge.es\/index.php\/2024\/07\/26\/accesibilidad-una-asignatura-pendiente-mayoria-las-playas-espanolas-algunas-solo-disponen-elementos-basicos\/","og_locale":"es_ES","og_type":"article","og_title":"Accesibilidad, una asignatura pendiente en la mayor\u00eda de las playas espa\u00f1olas: \"Algunas solo disponen de elementos b\u00e1sicos\" - Asociaci\u00f3n Espa\u00f1ola S\u00edndrome de Charge","og_description":"Gracias a la movilizaci\u00f3n de Marcelino P\u00e9rez, vecino de Salobre\u00f1a (Granada), este municipio tendr\u00e1 playas accesibles, una pasarela para que las personas&#8230;","og_url":"https:\/\/sindromecharge.es\/index.php\/2024\/07\/26\/accesibilidad-una-asignatura-pendiente-mayoria-las-playas-espanolas-algunas-solo-disponen-elementos-basicos\/","og_site_name":"Asociaci\u00f3n Espa\u00f1ola S\u00edndrome de Charge","article_publisher":"https:\/\/www.facebook.com\/asociacionsindromecharge","article_published_time":"2024-07-26T05:16:42+00:00","og_image":[{"width":300,"height":98,"url":"https:\/\/sindromecharge.es\/wp-content\/uploads\/2013\/09\/logodecharge300x98.png","type":"image\/png"}],"author":"Charge","twitter_card":"summary_large_image","twitter_creator":"@sindromecharge","twitter_site":"@sindromecharge","twitter_misc":{"Escrito por":"Charge","Tiempo de lectura":"7 minutos"},"schema":{"@context":"https:\/\/schema.org","@graph":[{"@type":"Article","@id":"https:\/\/sindromecharge.es\/index.php\/2024\/07\/26\/accesibilidad-una-asignatura-pendiente-mayoria-las-playas-espanolas-algunas-solo-disponen-elementos-basicos\/#article","isPartOf":{"@id":"https:\/\/sindromecharge.es\/index.php\/2024\/07\/26\/accesibilidad-una-asignatura-pendiente-mayoria-las-playas-espanolas-algunas-solo-disponen-elementos-basicos\/"},"author":{"name":"Charge","@id":"https:\/\/sindromecharge.es\/#\/schema\/person\/39a60ebe0a2b4d5a11179701e336b039"},"headline":"Accesibilidad, una asignatura pendiente en la mayor\u00eda de las playas espa\u00f1olas: \u00abAlgunas solo disponen de elementos b\u00e1sicos\u00bb","datePublished":"2024-07-26T05:16:42+00:00","mainEntityOfPage":{"@id":"https:\/\/sindromecharge.es\/index.php\/2024\/07\/26\/accesibilidad-una-asignatura-pendiente-mayoria-las-playas-espanolas-algunas-solo-disponen-elementos-basicos\/"},"wordCount":1366,"articleSection":["noticias"],"inLanguage":"es"},{"@type":"WebPage","@id":"https:\/\/sindromecharge.es\/index.php\/2024\/07\/26\/accesibilidad-una-asignatura-pendiente-mayoria-las-playas-espanolas-algunas-solo-disponen-elementos-basicos\/","url":"https:\/\/sindromecharge.es\/index.php\/2024\/07\/26\/accesibilidad-una-asignatura-pendiente-mayoria-las-playas-espanolas-algunas-solo-disponen-elementos-basicos\/","name":"Accesibilidad, una asignatura pendiente en la mayor\u00eda de las playas espa\u00f1olas: \"Algunas solo disponen de elementos b\u00e1sicos\" - Asociaci\u00f3n Espa\u00f1ola S\u00edndrome de Charge","isPartOf":{"@id":"https:\/\/sindromecharge.es\/#website"},"datePublished":"2024-07-26T05:16:42+00:00","author":{"@id":"https:\/\/sindromecharge.es\/#\/schema\/person\/39a60ebe0a2b4d5a11179701e336b039"},"breadcrumb":{"@id":"https:\/\/sindromecharge.es\/index.php\/2024\/07\/26\/accesibilidad-una-asignatura-pendiente-mayoria-las-playas-espanolas-algunas-solo-disponen-elementos-basicos\/#breadcrumb"},"inLanguage":"es","potentialAction":[{"@type":"ReadAction","target":["https:\/\/sindromecharge.es\/index.php\/2024\/07\/26\/accesibilidad-una-asignatura-pendiente-mayoria-las-playas-espanolas-algunas-solo-disponen-elementos-basicos\/"]}]},{"@type":"BreadcrumbList","@id":"https:\/\/sindromecharge.es\/index.php\/2024\/07\/26\/accesibilidad-una-asignatura-pendiente-mayoria-las-playas-espanolas-algunas-solo-disponen-elementos-basicos\/#breadcrumb","itemListElement":[{"@type":"ListItem","position":1,"name":"Portada","item":"https:\/\/sindromecharge.es\/"},{"@type":"ListItem","position":2,"name":"Accesibilidad, una asignatura pendiente en la mayor\u00eda de las playas espa\u00f1olas: &#8220;Algunas solo disponen de elementos b\u00e1sicos&#8221;"}]},{"@type":"WebSite","@id":"https:\/\/sindromecharge.es\/#website","url":"https:\/\/sindromecharge.es\/","name":"Asociaci\u00f3n Espa\u00f1ola S\u00edndrome de Charge","description":"","potentialAction":[{"@type":"SearchAction","target":{"@type":"EntryPoint","urlTemplate":"https:\/\/sindromecharge.es\/?s={search_term_string}"},"query-input":{"@type":"PropertyValueSpecification","valueRequired":true,"valueName":"search_term_string"}}],"inLanguage":"es"},{"@type":"Person","@id":"https:\/\/sindromecharge.es\/#\/schema\/person\/39a60ebe0a2b4d5a11179701e336b039","name":"Charge","image":{"@type":"ImageObject","inLanguage":"es","@id":"https:\/\/secure.gravatar.com\/avatar\/c3b46e32a0fc3b093a0873fb767bf3293de856293065e84ef06b7ec7a8acfb98?s=96&d=identicon&r=x","url":"https:\/\/secure.gravatar.com\/avatar\/c3b46e32a0fc3b093a0873fb767bf3293de856293065e84ef06b7ec7a8acfb98?s=96&d=identicon&r=x","contentUrl":"https:\/\/secure.gravatar.com\/avatar\/c3b46e32a0fc3b093a0873fb767bf3293de856293065e84ef06b7ec7a8acfb98?s=96&d=identicon&r=x","caption":"Charge"},"url":"https:\/\/sindromecharge.es\/index.php\/author\/admin\/"}]}},"_links":{"self":[{"href":"https:\/\/sindromecharge.es\/index.php\/wp-json\/wp\/v2\/posts\/10202","targetHints":{"allow":["GET"]}}],"collection":[{"href":"https:\/\/sindromecharge.es\/index.php\/wp-json\/wp\/v2\/posts"}],"about":[{"href":"https:\/\/sindromecharge.es\/index.php\/wp-json\/wp\/v2\/types\/post"}],"author":[{"embeddable":true,"href":"https:\/\/sindromecharge.es\/index.php\/wp-json\/wp\/v2\/users\/1"}],"replies":[{"embeddable":true,"href":"https:\/\/sindromecharge.es\/index.php\/wp-json\/wp\/v2\/comments?post=10202"}],"version-history":[{"count":0,"href":"https:\/\/sindromecharge.es\/index.php\/wp-json\/wp\/v2\/posts\/10202\/revisions"}],"wp:attachment":[{"href":"https:\/\/sindromecharge.es\/index.php\/wp-json\/wp\/v2\/media?parent=10202"}],"wp:term":[{"taxonomy":"category","embeddable":true,"href":"https:\/\/sindromecharge.es\/index.php\/wp-json\/wp\/v2\/categories?post=10202"},{"taxonomy":"post_tag","embeddable":true,"href":"https:\/\/sindromecharge.es\/index.php\/wp-json\/wp\/v2\/tags?post=10202"}],"curies":[{"name":"wp","href":"https:\/\/api.w.org\/{rel}","templated":true}]}}