{"id":10199,"date":"2024-07-23T13:46:58","date_gmt":"2024-07-23T13:46:58","guid":{"rendered":"https:\/\/sindromecharge.es\/index.php\/2024\/07\/23\/gobierno-elimina-despido-automatico-por-discapacidad-empleado-decidira-si-se-queda-empresa-debe-adaptar-puesto\/"},"modified":"2024-07-23T13:46:58","modified_gmt":"2024-07-23T13:46:58","slug":"gobierno-elimina-despido-automatico-por-discapacidad-empleado-decidira-si-se-queda-empresa-debe-adaptar-puesto","status":"publish","type":"post","link":"https:\/\/sindromecharge.es\/index.php\/2024\/07\/23\/gobierno-elimina-despido-automatico-por-discapacidad-empleado-decidira-si-se-queda-empresa-debe-adaptar-puesto\/","title":{"rendered":"El Gobierno elimina el despido autom\u00e1tico por discapacidad: el empleado decidir\u00e1 si se queda y la empresa debe adaptar el puesto"},"content":{"rendered":"<p>Leemos en Discapacidad la siguiente noticia que os reproducimos de forma \u00edntegra: <\/p>\n<div>\n<p>Las empresas <b>ya no podr\u00e1n <a href=\"https:\/\/www.20minutos.es\/minuteca\/despidos\/\" title=\"Despidos\">despedir <\/a>autom\u00e1ticamente a los trabajadores que sufran una <a href=\"https:\/\/www.20minutos.es\/minuteca\/discapacidad\/\" title=\"Discapacidad\">incapacidad permanente<\/a> sobrevenida<\/b>. El Gobierno ha aprobado en segunda vuelta del Consejo de Ministros un proyecto de ley que modifica el <a href=\"https:\/\/www.boe.es\/buscar\/act.php?id=BOE-A-2015-11430#a49\" title=\"Art\u00edculo 49 del Estatuto de los Trabajadores\" target=\"_blank\" rel=\"noopener\">art\u00edculo 49.1 e) del Estatuto de los Trabajadores<\/a>. Un precepto que extingu\u00eda directamente los contratos de los trabajadores que se ven en esta situaci\u00f3n sin plantear su posible continuidad.<\/p>\n<p>La nueva norma, que todav\u00eda deber\u00e1 recibir el visto bueno del Congreso de los Diputados, establece que el empleado afectado podr\u00e1 decidir si mantiene su puesto de trabajo. Si as\u00ed lo quiere, <b>el trabajador podr\u00e1 exigir a la empresa que adapte el puesto<\/b> a su nueva situaci\u00f3n o solicitar un cambio a otra posici\u00f3n que est\u00e9 vacante, disponible y que sea acorde a su perfil profesional y compatible con su incapacidad. Eso s\u00ed, <b>las empresas seguir\u00e1n pudiendo extinguir el contrato del trabajador<\/b>, pero solo si se dan los elementos necesarios para ello. Nunca de forma autom\u00e1tica.<\/p>\n<p>La norma aprobada este martes establece tambi\u00e9n los <b>criterios para determinar si los costes de adaptaci\u00f3n del puesto son excesivos <\/b>para la empresa. Para ello, se tendr\u00e1 en cuenta si la empresa puede optar a ayudas p\u00fablicas para el proceso. El sueldo medio, el tama\u00f1o y el volumen de la empresa ser\u00e1n las tres variables que se mirar\u00e1n para determinar si el coste no es razonable para la firma en cuesti\u00f3n.<\/p>\n<p>\u00abEl objetivo es ofrecer un empleo decente para las personas con discapacidad, eliminando una discriminaci\u00f3n como la que supon\u00eda el despido autom\u00e1tico en determinadas situaciones de discapacidad, priorizando opciones como la adaptaci\u00f3n del puesto de trabajo o el pase a otras funciones\u00bb, se\u00f1ala el Ministerio de Trabajo en una nota de prensa difundida en la tarde de este martes. <\/p>\n<h2>Un mes para decidir y tres para adaptar el puesto<\/h2>\n<p>En cuanto a los plazos, <b>el trabajador dispone de un mes desde que se le reconozca la incapacidad permanente para decidir si quiere mantener su puesto<\/b> o renunciar a \u00e9l. A partir de ese momento, su empleador tiene un plazo m\u00e1ximo de tres meses para adaptar el puesto a sus necesidades o ejecutar el cambio. En el proceso de adaptaci\u00f3n colaborar\u00e1n los servicios de prevenci\u00f3n de riesgos laborales de la empresa \u2014que podr\u00e1n formar al trabajador afectado\u2014 y la representaci\u00f3n legal de los trabajadores.<\/p>\n<p>Mientras se dirime su situaci\u00f3n,<b> la persona incapacitada podr\u00e1 cobrar el subsidio de incapacidad temporal<\/b> (el que se percibe durante una enfermedad com\u00fan o un accidente no laboral) para evitar que se produzca un vac\u00edo de cobertura.<\/p>\n<\/div>\n<p>Fuente: Discapacidad https:\/\/www.20minutos.es\/noticia\/5534293\/0\/gobierno-elimina-despido-automatico-por-discapacidad-empleado-decidira-si-se-queda-empresa-debe-adaptar-puesto\/<\/p>\n","protected":false},"excerpt":{"rendered":"<p>Los trabajadores afectados podr\u00e1n solicitar un cambio a una posici\u00f3n acorde a su situaci\u00f3n y perfil profesional.<\/p>\n","protected":false},"author":1,"featured_media":0,"comment_status":"closed","ping_status":"closed","sticky":false,"template":"","format":"standard","meta":{"footnotes":""},"categories":[8],"tags":[],"class_list":["post-10199","post","type-post","status-publish","format-standard","hentry","category-noticias"],"yoast_head":"<!-- This site is optimized with the Yoast SEO plugin v27.5 - https:\/\/yoast.com\/product\/yoast-seo-wordpress\/ -->\n<title>El Gobierno elimina el despido autom\u00e1tico por discapacidad: el empleado decidir\u00e1 si se queda y la empresa debe adaptar el puesto - Asociaci\u00f3n Espa\u00f1ola S\u00edndrome de Charge<\/title>\n<meta name=\"robots\" content=\"index, follow, max-snippet:-1, max-image-preview:large, max-video-preview:-1\" \/>\n<link rel=\"canonical\" href=\"https:\/\/sindromecharge.es\/index.php\/2024\/07\/23\/gobierno-elimina-despido-automatico-por-discapacidad-empleado-decidira-si-se-queda-empresa-debe-adaptar-puesto\/\" \/>\n<meta property=\"og:locale\" content=\"es_ES\" \/>\n<meta property=\"og:type\" content=\"article\" \/>\n<meta property=\"og:title\" content=\"El Gobierno elimina el despido autom\u00e1tico por discapacidad: el empleado decidir\u00e1 si se queda y la empresa debe adaptar el puesto - Asociaci\u00f3n Espa\u00f1ola S\u00edndrome de Charge\" \/>\n<meta property=\"og:description\" content=\"Los trabajadores afectados podr\u00e1n solicitar un cambio a una posici\u00f3n acorde a su situaci\u00f3n y perfil profesional.\" \/>\n<meta property=\"og:url\" content=\"https:\/\/sindromecharge.es\/index.php\/2024\/07\/23\/gobierno-elimina-despido-automatico-por-discapacidad-empleado-decidira-si-se-queda-empresa-debe-adaptar-puesto\/\" \/>\n<meta property=\"og:site_name\" content=\"Asociaci\u00f3n Espa\u00f1ola S\u00edndrome de Charge\" \/>\n<meta property=\"article:publisher\" content=\"https:\/\/www.facebook.com\/asociacionsindromecharge\" \/>\n<meta property=\"article:published_time\" content=\"2024-07-23T13:46:58+00:00\" \/>\n<meta property=\"og:image\" content=\"https:\/\/sindromecharge.es\/wp-content\/uploads\/2013\/09\/logodecharge300x98.png\" \/>\n\t<meta property=\"og:image:width\" content=\"300\" \/>\n\t<meta property=\"og:image:height\" content=\"98\" \/>\n\t<meta property=\"og:image:type\" content=\"image\/png\" \/>\n<meta name=\"author\" content=\"Charge\" \/>\n<meta name=\"twitter:card\" content=\"summary_large_image\" \/>\n<meta name=\"twitter:creator\" content=\"@sindromecharge\" \/>\n<meta name=\"twitter:site\" content=\"@sindromecharge\" \/>\n<meta name=\"twitter:label1\" content=\"Escrito por\" \/>\n\t<meta name=\"twitter:data1\" content=\"Charge\" \/>\n\t<meta name=\"twitter:label2\" content=\"Tiempo de lectura\" \/>\n\t<meta name=\"twitter:data2\" content=\"2 minutos\" \/>\n<script type=\"application\/ld+json\" class=\"yoast-schema-graph\">{\"@context\":\"https:\\\/\\\/schema.org\",\"@graph\":[{\"@type\":\"Article\",\"@id\":\"https:\\\/\\\/sindromecharge.es\\\/index.php\\\/2024\\\/07\\\/23\\\/gobierno-elimina-despido-automatico-por-discapacidad-empleado-decidira-si-se-queda-empresa-debe-adaptar-puesto\\\/#article\",\"isPartOf\":{\"@id\":\"https:\\\/\\\/sindromecharge.es\\\/index.php\\\/2024\\\/07\\\/23\\\/gobierno-elimina-despido-automatico-por-discapacidad-empleado-decidira-si-se-queda-empresa-debe-adaptar-puesto\\\/\"},\"author\":{\"name\":\"Charge\",\"@id\":\"https:\\\/\\\/sindromecharge.es\\\/#\\\/schema\\\/person\\\/39a60ebe0a2b4d5a11179701e336b039\"},\"headline\":\"El Gobierno elimina el despido autom\u00e1tico por discapacidad: el empleado decidir\u00e1 si se queda y la empresa debe adaptar el puesto\",\"datePublished\":\"2024-07-23T13:46:58+00:00\",\"mainEntityOfPage\":{\"@id\":\"https:\\\/\\\/sindromecharge.es\\\/index.php\\\/2024\\\/07\\\/23\\\/gobierno-elimina-despido-automatico-por-discapacidad-empleado-decidira-si-se-queda-empresa-debe-adaptar-puesto\\\/\"},\"wordCount\":492,\"articleSection\":[\"noticias\"],\"inLanguage\":\"es\"},{\"@type\":\"WebPage\",\"@id\":\"https:\\\/\\\/sindromecharge.es\\\/index.php\\\/2024\\\/07\\\/23\\\/gobierno-elimina-despido-automatico-por-discapacidad-empleado-decidira-si-se-queda-empresa-debe-adaptar-puesto\\\/\",\"url\":\"https:\\\/\\\/sindromecharge.es\\\/index.php\\\/2024\\\/07\\\/23\\\/gobierno-elimina-despido-automatico-por-discapacidad-empleado-decidira-si-se-queda-empresa-debe-adaptar-puesto\\\/\",\"name\":\"El Gobierno elimina el despido autom\u00e1tico por discapacidad: el empleado decidir\u00e1 si se queda y la empresa debe adaptar el puesto - Asociaci\u00f3n Espa\u00f1ola S\u00edndrome de Charge\",\"isPartOf\":{\"@id\":\"https:\\\/\\\/sindromecharge.es\\\/#website\"},\"datePublished\":\"2024-07-23T13:46:58+00:00\",\"author\":{\"@id\":\"https:\\\/\\\/sindromecharge.es\\\/#\\\/schema\\\/person\\\/39a60ebe0a2b4d5a11179701e336b039\"},\"breadcrumb\":{\"@id\":\"https:\\\/\\\/sindromecharge.es\\\/index.php\\\/2024\\\/07\\\/23\\\/gobierno-elimina-despido-automatico-por-discapacidad-empleado-decidira-si-se-queda-empresa-debe-adaptar-puesto\\\/#breadcrumb\"},\"inLanguage\":\"es\",\"potentialAction\":[{\"@type\":\"ReadAction\",\"target\":[\"https:\\\/\\\/sindromecharge.es\\\/index.php\\\/2024\\\/07\\\/23\\\/gobierno-elimina-despido-automatico-por-discapacidad-empleado-decidira-si-se-queda-empresa-debe-adaptar-puesto\\\/\"]}]},{\"@type\":\"BreadcrumbList\",\"@id\":\"https:\\\/\\\/sindromecharge.es\\\/index.php\\\/2024\\\/07\\\/23\\\/gobierno-elimina-despido-automatico-por-discapacidad-empleado-decidira-si-se-queda-empresa-debe-adaptar-puesto\\\/#breadcrumb\",\"itemListElement\":[{\"@type\":\"ListItem\",\"position\":1,\"name\":\"Portada\",\"item\":\"https:\\\/\\\/sindromecharge.es\\\/\"},{\"@type\":\"ListItem\",\"position\":2,\"name\":\"El Gobierno elimina el despido autom\u00e1tico por discapacidad: el empleado decidir\u00e1 si se queda y la empresa debe adaptar el puesto\"}]},{\"@type\":\"WebSite\",\"@id\":\"https:\\\/\\\/sindromecharge.es\\\/#website\",\"url\":\"https:\\\/\\\/sindromecharge.es\\\/\",\"name\":\"Asociaci\u00f3n Espa\u00f1ola S\u00edndrome de Charge\",\"description\":\"\",\"potentialAction\":[{\"@type\":\"SearchAction\",\"target\":{\"@type\":\"EntryPoint\",\"urlTemplate\":\"https:\\\/\\\/sindromecharge.es\\\/?s={search_term_string}\"},\"query-input\":{\"@type\":\"PropertyValueSpecification\",\"valueRequired\":true,\"valueName\":\"search_term_string\"}}],\"inLanguage\":\"es\"},{\"@type\":\"Person\",\"@id\":\"https:\\\/\\\/sindromecharge.es\\\/#\\\/schema\\\/person\\\/39a60ebe0a2b4d5a11179701e336b039\",\"name\":\"Charge\",\"image\":{\"@type\":\"ImageObject\",\"inLanguage\":\"es\",\"@id\":\"https:\\\/\\\/secure.gravatar.com\\\/avatar\\\/c3b46e32a0fc3b093a0873fb767bf3293de856293065e84ef06b7ec7a8acfb98?s=96&d=identicon&r=x\",\"url\":\"https:\\\/\\\/secure.gravatar.com\\\/avatar\\\/c3b46e32a0fc3b093a0873fb767bf3293de856293065e84ef06b7ec7a8acfb98?s=96&d=identicon&r=x\",\"contentUrl\":\"https:\\\/\\\/secure.gravatar.com\\\/avatar\\\/c3b46e32a0fc3b093a0873fb767bf3293de856293065e84ef06b7ec7a8acfb98?s=96&d=identicon&r=x\",\"caption\":\"Charge\"},\"url\":\"https:\\\/\\\/sindromecharge.es\\\/index.php\\\/author\\\/admin\\\/\"}]}<\/script>\n<!-- \/ Yoast SEO plugin. -->","yoast_head_json":{"title":"El Gobierno elimina el despido autom\u00e1tico por discapacidad: el empleado decidir\u00e1 si se queda y la empresa debe adaptar el puesto - Asociaci\u00f3n Espa\u00f1ola S\u00edndrome de Charge","robots":{"index":"index","follow":"follow","max-snippet":"max-snippet:-1","max-image-preview":"max-image-preview:large","max-video-preview":"max-video-preview:-1"},"canonical":"https:\/\/sindromecharge.es\/index.php\/2024\/07\/23\/gobierno-elimina-despido-automatico-por-discapacidad-empleado-decidira-si-se-queda-empresa-debe-adaptar-puesto\/","og_locale":"es_ES","og_type":"article","og_title":"El Gobierno elimina el despido autom\u00e1tico por discapacidad: el empleado decidir\u00e1 si se queda y la empresa debe adaptar el puesto - Asociaci\u00f3n Espa\u00f1ola S\u00edndrome de Charge","og_description":"Los trabajadores afectados podr\u00e1n solicitar un cambio a una posici\u00f3n acorde a su situaci\u00f3n y perfil profesional.","og_url":"https:\/\/sindromecharge.es\/index.php\/2024\/07\/23\/gobierno-elimina-despido-automatico-por-discapacidad-empleado-decidira-si-se-queda-empresa-debe-adaptar-puesto\/","og_site_name":"Asociaci\u00f3n Espa\u00f1ola S\u00edndrome de Charge","article_publisher":"https:\/\/www.facebook.com\/asociacionsindromecharge","article_published_time":"2024-07-23T13:46:58+00:00","og_image":[{"width":300,"height":98,"url":"https:\/\/sindromecharge.es\/wp-content\/uploads\/2013\/09\/logodecharge300x98.png","type":"image\/png"}],"author":"Charge","twitter_card":"summary_large_image","twitter_creator":"@sindromecharge","twitter_site":"@sindromecharge","twitter_misc":{"Escrito por":"Charge","Tiempo de lectura":"2 minutos"},"schema":{"@context":"https:\/\/schema.org","@graph":[{"@type":"Article","@id":"https:\/\/sindromecharge.es\/index.php\/2024\/07\/23\/gobierno-elimina-despido-automatico-por-discapacidad-empleado-decidira-si-se-queda-empresa-debe-adaptar-puesto\/#article","isPartOf":{"@id":"https:\/\/sindromecharge.es\/index.php\/2024\/07\/23\/gobierno-elimina-despido-automatico-por-discapacidad-empleado-decidira-si-se-queda-empresa-debe-adaptar-puesto\/"},"author":{"name":"Charge","@id":"https:\/\/sindromecharge.es\/#\/schema\/person\/39a60ebe0a2b4d5a11179701e336b039"},"headline":"El Gobierno elimina el despido autom\u00e1tico por discapacidad: el empleado decidir\u00e1 si se queda y la empresa debe adaptar el puesto","datePublished":"2024-07-23T13:46:58+00:00","mainEntityOfPage":{"@id":"https:\/\/sindromecharge.es\/index.php\/2024\/07\/23\/gobierno-elimina-despido-automatico-por-discapacidad-empleado-decidira-si-se-queda-empresa-debe-adaptar-puesto\/"},"wordCount":492,"articleSection":["noticias"],"inLanguage":"es"},{"@type":"WebPage","@id":"https:\/\/sindromecharge.es\/index.php\/2024\/07\/23\/gobierno-elimina-despido-automatico-por-discapacidad-empleado-decidira-si-se-queda-empresa-debe-adaptar-puesto\/","url":"https:\/\/sindromecharge.es\/index.php\/2024\/07\/23\/gobierno-elimina-despido-automatico-por-discapacidad-empleado-decidira-si-se-queda-empresa-debe-adaptar-puesto\/","name":"El Gobierno elimina el despido autom\u00e1tico por discapacidad: el empleado decidir\u00e1 si se queda y la empresa debe adaptar el puesto - Asociaci\u00f3n Espa\u00f1ola S\u00edndrome de Charge","isPartOf":{"@id":"https:\/\/sindromecharge.es\/#website"},"datePublished":"2024-07-23T13:46:58+00:00","author":{"@id":"https:\/\/sindromecharge.es\/#\/schema\/person\/39a60ebe0a2b4d5a11179701e336b039"},"breadcrumb":{"@id":"https:\/\/sindromecharge.es\/index.php\/2024\/07\/23\/gobierno-elimina-despido-automatico-por-discapacidad-empleado-decidira-si-se-queda-empresa-debe-adaptar-puesto\/#breadcrumb"},"inLanguage":"es","potentialAction":[{"@type":"ReadAction","target":["https:\/\/sindromecharge.es\/index.php\/2024\/07\/23\/gobierno-elimina-despido-automatico-por-discapacidad-empleado-decidira-si-se-queda-empresa-debe-adaptar-puesto\/"]}]},{"@type":"BreadcrumbList","@id":"https:\/\/sindromecharge.es\/index.php\/2024\/07\/23\/gobierno-elimina-despido-automatico-por-discapacidad-empleado-decidira-si-se-queda-empresa-debe-adaptar-puesto\/#breadcrumb","itemListElement":[{"@type":"ListItem","position":1,"name":"Portada","item":"https:\/\/sindromecharge.es\/"},{"@type":"ListItem","position":2,"name":"El Gobierno elimina el despido autom\u00e1tico por discapacidad: el empleado decidir\u00e1 si se queda y la empresa debe adaptar el puesto"}]},{"@type":"WebSite","@id":"https:\/\/sindromecharge.es\/#website","url":"https:\/\/sindromecharge.es\/","name":"Asociaci\u00f3n Espa\u00f1ola S\u00edndrome de Charge","description":"","potentialAction":[{"@type":"SearchAction","target":{"@type":"EntryPoint","urlTemplate":"https:\/\/sindromecharge.es\/?s={search_term_string}"},"query-input":{"@type":"PropertyValueSpecification","valueRequired":true,"valueName":"search_term_string"}}],"inLanguage":"es"},{"@type":"Person","@id":"https:\/\/sindromecharge.es\/#\/schema\/person\/39a60ebe0a2b4d5a11179701e336b039","name":"Charge","image":{"@type":"ImageObject","inLanguage":"es","@id":"https:\/\/secure.gravatar.com\/avatar\/c3b46e32a0fc3b093a0873fb767bf3293de856293065e84ef06b7ec7a8acfb98?s=96&d=identicon&r=x","url":"https:\/\/secure.gravatar.com\/avatar\/c3b46e32a0fc3b093a0873fb767bf3293de856293065e84ef06b7ec7a8acfb98?s=96&d=identicon&r=x","contentUrl":"https:\/\/secure.gravatar.com\/avatar\/c3b46e32a0fc3b093a0873fb767bf3293de856293065e84ef06b7ec7a8acfb98?s=96&d=identicon&r=x","caption":"Charge"},"url":"https:\/\/sindromecharge.es\/index.php\/author\/admin\/"}]}},"_links":{"self":[{"href":"https:\/\/sindromecharge.es\/index.php\/wp-json\/wp\/v2\/posts\/10199","targetHints":{"allow":["GET"]}}],"collection":[{"href":"https:\/\/sindromecharge.es\/index.php\/wp-json\/wp\/v2\/posts"}],"about":[{"href":"https:\/\/sindromecharge.es\/index.php\/wp-json\/wp\/v2\/types\/post"}],"author":[{"embeddable":true,"href":"https:\/\/sindromecharge.es\/index.php\/wp-json\/wp\/v2\/users\/1"}],"replies":[{"embeddable":true,"href":"https:\/\/sindromecharge.es\/index.php\/wp-json\/wp\/v2\/comments?post=10199"}],"version-history":[{"count":0,"href":"https:\/\/sindromecharge.es\/index.php\/wp-json\/wp\/v2\/posts\/10199\/revisions"}],"wp:attachment":[{"href":"https:\/\/sindromecharge.es\/index.php\/wp-json\/wp\/v2\/media?parent=10199"}],"wp:term":[{"taxonomy":"category","embeddable":true,"href":"https:\/\/sindromecharge.es\/index.php\/wp-json\/wp\/v2\/categories?post=10199"},{"taxonomy":"post_tag","embeddable":true,"href":"https:\/\/sindromecharge.es\/index.php\/wp-json\/wp\/v2\/tags?post=10199"}],"curies":[{"name":"wp","href":"https:\/\/api.w.org\/{rel}","templated":true}]}}