{"id":10197,"date":"2024-07-23T04:04:14","date_gmt":"2024-07-23T04:04:14","guid":{"rendered":"https:\/\/sindromecharge.es\/index.php\/2024\/07\/23\/empleo-publico-discapacidad-intelectual\/"},"modified":"2024-07-23T04:04:14","modified_gmt":"2024-07-23T04:04:14","slug":"empleo-publico-discapacidad-intelectual","status":"publish","type":"post","link":"https:\/\/sindromecharge.es\/index.php\/2024\/07\/23\/empleo-publico-discapacidad-intelectual\/","title":{"rendered":"Carlos Rueda, opositor con discapacidad intelectual: \u00abNecesitamos las mismas oportunidades\u00bb"},"content":{"rendered":"<p>Leemos en Discapacidad la siguiente noticia que os reproducimos de forma \u00edntegra: <\/p>\n<div>\n<p>La nueva oferta de empleo p\u00fablico, que se present\u00f3 el pasado d\u00eda 2 de julio, establece que, por primera vez, el porcentaje de <b>plazas reservadas<\/b> para personas con discapacidad sea<b> del 10% en lugar del 7%<\/b>.<\/p>\n<p>Se trata de un aumento que celebra el mundo asociativo de la <a href=\"https:\/\/www.20minutos.es\/minuteca\/discapacidad\/\" title=\"Discapacidad\" target=\"_blank\" rel=\"noopener\">discapacidad<\/a>, aunque, como recuerdan desde <b>Plena Inclusi\u00f3n<\/b>, no se trata de una subida que afecta a todos, pues <b>la subcuota de un 2% de la reserva para personas con <a href=\"https:\/\/www.20minutos.es\/minuteca\/discapacidad-intelectual\/\" title=\"Discapacidad intelectual\" target=\"_blank\" rel=\"noopener\">discapacidad intelectual<\/a> <\/b>que ha quedado igual, \u00ablo aplaudimos porque la situaci\u00f3n del empleo de las personas con discapacidad lo requiere, pero lo cierto es que a las personas con discapacidad intelectual no les afecta porque ese 3% adicional no ha elevado el 2% de subcuota\u00bb, asegura <b>Silvia Mu\u00f1oz, Responsable de empleo inclusivo de Plena Inclusi\u00f3n<\/b>.<\/p>\n<p>No se ha dado respuesta, por tanto, a la<b> petici\u00f3n de elevar la subcuota del 2 al 3% de las personas con discapacidad intelectual<\/b>, \u00abera lo que demand\u00e1bamos, porque su tasa de empleo es del 23,8%, con lo cual todav\u00eda hay que generar un mont\u00f3n de pol\u00edticas para favorecer su acceso al empleo\u00bb, a\u00f1ade.<\/p>\n<p>Esta elevaci\u00f3n de subcuota se justificar\u00eda porque, como asegura Silvia Mu\u00f1oz, a diferencia de lo que ocurre a veces con la cuota general, en el caso de la discapacidad intelectual <b>la reserva se cubre con creces<\/b>. Se presenta mucha gente, \u00ab15-20 por cada plaza, y la mayor\u00eda aprueban\u00bb, asegura Silvia. Es decir, que<b> elevar al 3% la subcuota<\/b> s\u00ed se traducir\u00eda en m\u00e1s empleo para las personas con discapacidad intelectual.<\/p>\n<h2>Carlos, un opositor a la espera de nuevas oportunidades<\/h2>\n<p>Carlos Rueda es un buen ejemplo de ello. Tiene 39 a\u00f1os, discapacidad intelectual y trabaja de administrativo en la empresa BH, en Vitoria, desde hace 13 a\u00f1os, pero cuando su asociaci\u00f3n, Apdema, le dijo que le ayudar\u00eda a prepararse unas oposiciones, no se lo pens\u00f3, \u00ablo vi como una oportunidad para progresar, porque, aunque estoy trabajando actualmente, <b>me gustar\u00eda aspirar a algo m\u00e1s<\/b>\u00ab, cuenta.<\/p>\n<p>En cuanto se lo comunicaron, se puso manos a la obra, \u00abme descargu\u00e9 el temario, que<b> se supone que est\u00e1 en lectura f\u00e1cil<\/b>, pero a la hora de verdad no est\u00e1 tan en <a href=\"https:\/\/www.20minutos.es\/minuteca\/lectura-facil\/\" title=\"Lectura f\u00e1cil\" target=\"_blank\" rel=\"noopener\">lectura f\u00e1cil<\/a>, y lo mismo me pas\u00f3 en los ex\u00e1menes. Hay palabras que creo que mucha gente no los podr\u00eda entender. Hay que insistir en eso\u00bb, reivindica.<\/p>\n<p>Silvia confirma que es una de las barreras con las que se encuentran, \u00ab<b>algunas academias s\u00ed tienen la sensibilidad <\/b>y s\u00ed que trabajan tambi\u00e9n con temarios adaptados, pero al final lo que hacen es contratar profesionales de nuestras entidades. De hecho, lo que nosotros les decimos a las administraciones es que <b>los temarios est\u00e9n tambi\u00e9n en lectura f\u00e1cil<\/b>, porque si no, es muy dif\u00edcil prepararse una oposici\u00f3n. Y que desarrollen el contenido de los temas, no que se lo tengan que buscar los opositores por su cuenta. Si tenemos que hacernos nosotros, lo hacemos, pero que especifiquen mejor el temario, que lo desarrollen\u201d, pide Silvia.<\/p>\n<h1>Aprob\u00e9 los dos ex\u00e1menes con mucha nota, pero no obtuve plaza porque son muy limitadas, \u00e9ramos ciento y pico para cinco<\/h1>\n<p>Son tambi\u00e9n las asociaciones las que se encargan de prepararlos para las pruebas, \u00ab<b>nos han preparado durante meses <\/b>con temarios, tests, simulacros de examen\u2026 Nos daban clases 2 d\u00edas a la semana durante 3 horas, y, aparte, yo estudiaba en casa de 2 a 3 horas cada d\u00eda. Ha sido muy complicado, porque trabajar y estudiar es muy dif\u00edcil compaginar. Fue un sacrificio\u00bb, cuenta Carlos.<\/p>\n<p>Ha sido un gran esfuerzo para \u00e9l, pero no lo considera en vano, pues para ser su primera vez, no ha salido mal parado, y se siente muy orgulloso, \u00ab<b>aprob\u00e9 los dos ex\u00e1menes con mucha nota<\/b>, pero no obtuve plaza porque son muy limitadas, \u00e9ramos ciento y pico para cinco. Aun as\u00ed, la experiencia ha sido muy buena, as\u00ed que pienso insistir, porque ahora en septiembre salen 14 en el ayuntamiento y creo que ah\u00ed s\u00ed habr\u00e1 m\u00e1s oportunidades\u00bb. <\/p>\n<p>Carlos cree tambi\u00e9n, que subiendo del 2 al 3% la subcuota, personas como \u00e9l s\u00ed tendr\u00edan precisamente esas oportunidades, \u00ablas personas con discapacidad queremos ser uno m\u00e1s en la sociedad, y para eso, <b>tenemos que tener las mismas oportunidades<\/b> laborales, tambi\u00e9n en el empleo p\u00fablico. Se deber\u00eda elevar la cuota, porque somos muchas las personas con discapacidad que podemos y queremos aspirar a algo m\u00e1s en la vida\u00bb, insiste.<\/p>\n<h2>M\u00e1s adaptaciones y subcuotas<\/h2>\n<p>Desde Plena Inclusi\u00f3n tambi\u00e9n ped\u00edan una<b> reserva del 1% para las personas con <a href=\"https:\/\/www.20minutos.es\/minuteca\/autismo\/\" title=\"Autismo\" target=\"_blank\" rel=\"noopener\">autismo<\/a><\/b>, un colectivo con casi un 90% de desempleo, aunque m\u00e1s importante que la cuota consideran que son unas adaptaciones espec\u00edficas para poder acceder a al empleo p\u00fablico \u00ablas personas con autismo que no tienen asociada discapacidad intelectual <b>no tienen adaptaciones en las pruebas de acceso <\/b>y se siguen encontrando muchas barreras. Por eso pedimos que se habiliten todas las medidas de accesibilidad necesarias para que estas personas accedan sin barreras al empleo p\u00fablico\u00bb, asegura Silvia Mu\u00f1oz.<\/p>\n<p>Esas barreras son, por ejemplo, una entrevista cara a cara, \u00abpor las dificultades que encuentran en las interacciones sociales. Ah\u00ed pedir\u00edamos que los entrevistadores tuvieran<b> formaci\u00f3n en autismo<\/b> y supieran c\u00f3mo hacerles una entrevista\u00bb. Tambi\u00e9n adaptar los espacios cuando haya personas con hipersensibilidad, \u00ablas aulas en las que se realizan las pruebas est\u00e1n repletas de gente, puede haber ruido\u2026 y eso condiciona su desempe\u00f1o a la hora de realizar el examen. A lo mejor tienen todos los conocimientos que se necesitan, pero por <b>el hecho de estar en un entorno en el que est\u00e1 sufri\u00e9ndolo, se limita su acceso<\/b>. En este caso, podr\u00edan estar en salas aparte, con menos personas\u2026\u00bb, explica.<\/p>\n<h1>Las cuotas tienen que ir acompa\u00f1adas de  accesibilidad y de apoyos que permitan a la persona realizar su puesto de trabajo. Si no, no sirven<\/h1>\n<p>Por otro lado, se deber\u00eda garantizar que las <b>medidas de accesibilidad <\/b>a la hora de hacer el examen <b>se cumplieran de verdad<\/b>, algo que Carlos pone en duda, pues ha vivido en sus propias carnes temarios y ex\u00e1menes que promet\u00edan ser en lectura f\u00e1cil y, seg\u00fan \u00e9l, \u00abno lo eran tanto. Hab\u00eda gente en el examen que se puso muy nervioso con eso, aunque tambi\u00e9n tengo que reconocer que en el examen nos resolv\u00edan cualquier duda\u00bb, a\u00f1ade.<\/p>\n<p>Garantizar esa accesibilidad es, por tanto, de vital importancia para <b>garantizar la igualdad de oportunidades<\/b>. De lo contrario, elevar un porcentaje se queda en agua de borrajas, \u00abla cuota reservada a personas con discapacidad intelectual ha funcionado porque nos ha permitido meter todas las adaptaciones que consider\u00e1bamos necesarias. Si no hubi\u00e9ramos tenido estas adaptaciones, habr\u00eda dado igual que tuvi\u00e9ramos una subcuota. Por eso, <b>las cuotas siempre tienen que ir acompa\u00f1adas de medidas de accesibilidad<\/b>, y de apoyos que permitan a la persona realizar su puesto de trabajo. Si no, no sirven\u00bb, reitera Silvia Mu\u00f1oz.<\/p>\n<h2>Un mayor compromiso <\/h2>\n<p>Muchas veces, las<b> barreras son tan invisibles <\/b>que ni los propios interesados son conscientes, pero existen, por eso desde Plena Inclusi\u00f3n insisten en poner en foco en derribar esas barreras. Algo tan simple como no saber exactamente cu\u00e1ndo te tienes que apuntar a un examen, el temario exacto o que solo se puedan inscribir online son barreras para todos, pero que en el caso de las personas con discapacidad se elevan a\u00fan m\u00e1s alto, \u00aba veces, para eliminar barreras basta con hacer algo tan simple como saber cu\u00e1ndo te tienes que presentar, porque no saberlo les genera una gran incertidumbre. Yo entiendo que eso es muy complicado de gestionar, pero si todos supi\u00e9ramos que el mes X es el de las de inscripci\u00f3n a las oposiciones, se facilitar\u00edan mucho las cosas, al igual que hacer <b>procesos menos burocr\u00e1ticos <\/b>o que las oposiciones no fueran casi todas en Madrid, porque es un coste adicional. Al final son las personas con discapacidad tienen las mismas barreras que cualquier opositor, pero multiplicadas\u00bb. <\/p>\n<p>En Plena inclusi\u00f3n tienen una aplicaci\u00f3n a la que van subiendo todas las <b>convocatorias de empleo p\u00fablico accesibles<\/b> para personas con discapacidad intelectual, \u00aba ellos les llegan notificaciones y, de esa manera, lo tienen un poco m\u00e1s controlado, pero pensamos que es algo que tendr\u00eda que hacer la administraci\u00f3n, no nosotros\u00bb, insiste Silvia.<\/p>\n<h1>El empleo p\u00fablico es una oportunidad maravillosa para las personas con discapacidad intelectual y a muchas les est\u00e1 cambiando la vida<\/h1>\n<p>Las reivindicaciones no se quedan, ni mucho menos ah\u00ed, pues para <b>aumentar la presencia y la calidad del empleo de las personas con discapacidad intelectual<\/b>, desde Plena Inclusi\u00f3n tienen unas cuantas ideas m\u00e1s, como no pedir estudios superiores en las plazas reservadas para ellos, pues \u00abpr\u00e1cticamente ninguno tiene\u00bb, ni limitarse a ofrecerles puestos de limpieza o conserjer\u00eda, pues \u00abtambi\u00e9n hay muchos que han superado con \u00e9xito la ESO\u00bb.<\/p>\n<p>Por otro lado, notan que no se les da la <b>posibilidad de promocionar<\/b> una vez tienen plaza y \u00abpodr\u00eda ser una oportunidad para que las personas que entran en las categor\u00edas m\u00e1s bajas pudieran mejorar con el tiempo\u00bb. Tambien, que una vez dentro, se les proporcionaran todas las medidas de apoyo necesarias, incluida la<b> figura del preparador laboral<\/b>, que tan \u00fatil est\u00e1 siendo en la empresa privada.<\/p>\n<p>La f\u00f3rmula, como concluye Silvia Mu\u00f1oz, no es tan dif\u00edcil, \u00ab<b>el empleo p\u00fablico es una oportunidad maravillosa<\/b> para las personas con discapacidad intelectual y a muchas les est\u00e1 cambiando la vida. Y para que esta oportunidad no sea en vano, basta con tener cuenta a qu\u00e9 formaci\u00f3n est\u00e1n accediendo y que todo el proceso es accesible, as\u00ed seguro que se cubren todas las plazas\u00bb. <\/p>\n<\/div>\n<p>Fuente: Discapacidad https:\/\/www.20minutos.es\/noticia\/5530883\/0\/empleo-publico-discapacidad-intelectual\/<\/p>\n","protected":false},"excerpt":{"rendered":"<p>Del 10% de plazas reservadas para personas con discapacidad, el 2% corresponden a discapacidad intelectual.<\/p>\n","protected":false},"author":1,"featured_media":0,"comment_status":"closed","ping_status":"closed","sticky":false,"template":"","format":"standard","meta":{"footnotes":""},"categories":[8],"tags":[],"class_list":["post-10197","post","type-post","status-publish","format-standard","hentry","category-noticias"],"yoast_head":"<!-- This site is optimized with the Yoast SEO plugin v27.5 - https:\/\/yoast.com\/product\/yoast-seo-wordpress\/ -->\n<title>Carlos Rueda, opositor con discapacidad intelectual: &quot;Necesitamos las mismas oportunidades&quot; - Asociaci\u00f3n Espa\u00f1ola S\u00edndrome de Charge<\/title>\n<meta name=\"robots\" content=\"index, follow, max-snippet:-1, max-image-preview:large, max-video-preview:-1\" \/>\n<link rel=\"canonical\" href=\"https:\/\/sindromecharge.es\/index.php\/2024\/07\/23\/empleo-publico-discapacidad-intelectual\/\" \/>\n<meta property=\"og:locale\" content=\"es_ES\" \/>\n<meta property=\"og:type\" content=\"article\" \/>\n<meta property=\"og:title\" content=\"Carlos Rueda, opositor con discapacidad intelectual: &quot;Necesitamos las mismas oportunidades&quot; - Asociaci\u00f3n Espa\u00f1ola S\u00edndrome de Charge\" \/>\n<meta property=\"og:description\" content=\"Del 10% de plazas reservadas para personas con discapacidad, el 2% corresponden a discapacidad intelectual.\" \/>\n<meta property=\"og:url\" content=\"https:\/\/sindromecharge.es\/index.php\/2024\/07\/23\/empleo-publico-discapacidad-intelectual\/\" \/>\n<meta property=\"og:site_name\" content=\"Asociaci\u00f3n Espa\u00f1ola S\u00edndrome de Charge\" \/>\n<meta property=\"article:publisher\" content=\"https:\/\/www.facebook.com\/asociacionsindromecharge\" \/>\n<meta property=\"article:published_time\" content=\"2024-07-23T04:04:14+00:00\" \/>\n<meta property=\"og:image\" content=\"https:\/\/sindromecharge.es\/wp-content\/uploads\/2013\/09\/logodecharge300x98.png\" \/>\n\t<meta property=\"og:image:width\" content=\"300\" \/>\n\t<meta property=\"og:image:height\" content=\"98\" \/>\n\t<meta property=\"og:image:type\" content=\"image\/png\" \/>\n<meta name=\"author\" content=\"Charge\" \/>\n<meta name=\"twitter:card\" content=\"summary_large_image\" \/>\n<meta name=\"twitter:creator\" content=\"@sindromecharge\" \/>\n<meta name=\"twitter:site\" content=\"@sindromecharge\" \/>\n<meta name=\"twitter:label1\" content=\"Escrito por\" \/>\n\t<meta name=\"twitter:data1\" content=\"Charge\" \/>\n\t<meta name=\"twitter:label2\" content=\"Tiempo de lectura\" \/>\n\t<meta name=\"twitter:data2\" content=\"8 minutos\" \/>\n<script type=\"application\/ld+json\" class=\"yoast-schema-graph\">{\"@context\":\"https:\\\/\\\/schema.org\",\"@graph\":[{\"@type\":\"Article\",\"@id\":\"https:\\\/\\\/sindromecharge.es\\\/index.php\\\/2024\\\/07\\\/23\\\/empleo-publico-discapacidad-intelectual\\\/#article\",\"isPartOf\":{\"@id\":\"https:\\\/\\\/sindromecharge.es\\\/index.php\\\/2024\\\/07\\\/23\\\/empleo-publico-discapacidad-intelectual\\\/\"},\"author\":{\"name\":\"Charge\",\"@id\":\"https:\\\/\\\/sindromecharge.es\\\/#\\\/schema\\\/person\\\/39a60ebe0a2b4d5a11179701e336b039\"},\"headline\":\"Carlos Rueda, opositor con discapacidad intelectual: \u00abNecesitamos las mismas oportunidades\u00bb\",\"datePublished\":\"2024-07-23T04:04:14+00:00\",\"mainEntityOfPage\":{\"@id\":\"https:\\\/\\\/sindromecharge.es\\\/index.php\\\/2024\\\/07\\\/23\\\/empleo-publico-discapacidad-intelectual\\\/\"},\"wordCount\":1694,\"articleSection\":[\"noticias\"],\"inLanguage\":\"es\"},{\"@type\":\"WebPage\",\"@id\":\"https:\\\/\\\/sindromecharge.es\\\/index.php\\\/2024\\\/07\\\/23\\\/empleo-publico-discapacidad-intelectual\\\/\",\"url\":\"https:\\\/\\\/sindromecharge.es\\\/index.php\\\/2024\\\/07\\\/23\\\/empleo-publico-discapacidad-intelectual\\\/\",\"name\":\"Carlos Rueda, opositor con discapacidad intelectual: \\\"Necesitamos las mismas oportunidades\\\" - Asociaci\u00f3n Espa\u00f1ola S\u00edndrome de Charge\",\"isPartOf\":{\"@id\":\"https:\\\/\\\/sindromecharge.es\\\/#website\"},\"datePublished\":\"2024-07-23T04:04:14+00:00\",\"author\":{\"@id\":\"https:\\\/\\\/sindromecharge.es\\\/#\\\/schema\\\/person\\\/39a60ebe0a2b4d5a11179701e336b039\"},\"breadcrumb\":{\"@id\":\"https:\\\/\\\/sindromecharge.es\\\/index.php\\\/2024\\\/07\\\/23\\\/empleo-publico-discapacidad-intelectual\\\/#breadcrumb\"},\"inLanguage\":\"es\",\"potentialAction\":[{\"@type\":\"ReadAction\",\"target\":[\"https:\\\/\\\/sindromecharge.es\\\/index.php\\\/2024\\\/07\\\/23\\\/empleo-publico-discapacidad-intelectual\\\/\"]}]},{\"@type\":\"BreadcrumbList\",\"@id\":\"https:\\\/\\\/sindromecharge.es\\\/index.php\\\/2024\\\/07\\\/23\\\/empleo-publico-discapacidad-intelectual\\\/#breadcrumb\",\"itemListElement\":[{\"@type\":\"ListItem\",\"position\":1,\"name\":\"Portada\",\"item\":\"https:\\\/\\\/sindromecharge.es\\\/\"},{\"@type\":\"ListItem\",\"position\":2,\"name\":\"Carlos Rueda, opositor con discapacidad intelectual: &#8220;Necesitamos las mismas oportunidades&#8221;\"}]},{\"@type\":\"WebSite\",\"@id\":\"https:\\\/\\\/sindromecharge.es\\\/#website\",\"url\":\"https:\\\/\\\/sindromecharge.es\\\/\",\"name\":\"Asociaci\u00f3n Espa\u00f1ola S\u00edndrome de Charge\",\"description\":\"\",\"potentialAction\":[{\"@type\":\"SearchAction\",\"target\":{\"@type\":\"EntryPoint\",\"urlTemplate\":\"https:\\\/\\\/sindromecharge.es\\\/?s={search_term_string}\"},\"query-input\":{\"@type\":\"PropertyValueSpecification\",\"valueRequired\":true,\"valueName\":\"search_term_string\"}}],\"inLanguage\":\"es\"},{\"@type\":\"Person\",\"@id\":\"https:\\\/\\\/sindromecharge.es\\\/#\\\/schema\\\/person\\\/39a60ebe0a2b4d5a11179701e336b039\",\"name\":\"Charge\",\"image\":{\"@type\":\"ImageObject\",\"inLanguage\":\"es\",\"@id\":\"https:\\\/\\\/secure.gravatar.com\\\/avatar\\\/c3b46e32a0fc3b093a0873fb767bf3293de856293065e84ef06b7ec7a8acfb98?s=96&d=identicon&r=x\",\"url\":\"https:\\\/\\\/secure.gravatar.com\\\/avatar\\\/c3b46e32a0fc3b093a0873fb767bf3293de856293065e84ef06b7ec7a8acfb98?s=96&d=identicon&r=x\",\"contentUrl\":\"https:\\\/\\\/secure.gravatar.com\\\/avatar\\\/c3b46e32a0fc3b093a0873fb767bf3293de856293065e84ef06b7ec7a8acfb98?s=96&d=identicon&r=x\",\"caption\":\"Charge\"},\"url\":\"https:\\\/\\\/sindromecharge.es\\\/index.php\\\/author\\\/admin\\\/\"}]}<\/script>\n<!-- \/ Yoast SEO plugin. -->","yoast_head_json":{"title":"Carlos Rueda, opositor con discapacidad intelectual: \"Necesitamos las mismas oportunidades\" - Asociaci\u00f3n Espa\u00f1ola S\u00edndrome de Charge","robots":{"index":"index","follow":"follow","max-snippet":"max-snippet:-1","max-image-preview":"max-image-preview:large","max-video-preview":"max-video-preview:-1"},"canonical":"https:\/\/sindromecharge.es\/index.php\/2024\/07\/23\/empleo-publico-discapacidad-intelectual\/","og_locale":"es_ES","og_type":"article","og_title":"Carlos Rueda, opositor con discapacidad intelectual: \"Necesitamos las mismas oportunidades\" - Asociaci\u00f3n Espa\u00f1ola S\u00edndrome de Charge","og_description":"Del 10% de plazas reservadas para personas con discapacidad, el 2% corresponden a discapacidad intelectual.","og_url":"https:\/\/sindromecharge.es\/index.php\/2024\/07\/23\/empleo-publico-discapacidad-intelectual\/","og_site_name":"Asociaci\u00f3n Espa\u00f1ola S\u00edndrome de Charge","article_publisher":"https:\/\/www.facebook.com\/asociacionsindromecharge","article_published_time":"2024-07-23T04:04:14+00:00","og_image":[{"width":300,"height":98,"url":"https:\/\/sindromecharge.es\/wp-content\/uploads\/2013\/09\/logodecharge300x98.png","type":"image\/png"}],"author":"Charge","twitter_card":"summary_large_image","twitter_creator":"@sindromecharge","twitter_site":"@sindromecharge","twitter_misc":{"Escrito por":"Charge","Tiempo de lectura":"8 minutos"},"schema":{"@context":"https:\/\/schema.org","@graph":[{"@type":"Article","@id":"https:\/\/sindromecharge.es\/index.php\/2024\/07\/23\/empleo-publico-discapacidad-intelectual\/#article","isPartOf":{"@id":"https:\/\/sindromecharge.es\/index.php\/2024\/07\/23\/empleo-publico-discapacidad-intelectual\/"},"author":{"name":"Charge","@id":"https:\/\/sindromecharge.es\/#\/schema\/person\/39a60ebe0a2b4d5a11179701e336b039"},"headline":"Carlos Rueda, opositor con discapacidad intelectual: \u00abNecesitamos las mismas oportunidades\u00bb","datePublished":"2024-07-23T04:04:14+00:00","mainEntityOfPage":{"@id":"https:\/\/sindromecharge.es\/index.php\/2024\/07\/23\/empleo-publico-discapacidad-intelectual\/"},"wordCount":1694,"articleSection":["noticias"],"inLanguage":"es"},{"@type":"WebPage","@id":"https:\/\/sindromecharge.es\/index.php\/2024\/07\/23\/empleo-publico-discapacidad-intelectual\/","url":"https:\/\/sindromecharge.es\/index.php\/2024\/07\/23\/empleo-publico-discapacidad-intelectual\/","name":"Carlos Rueda, opositor con discapacidad intelectual: \"Necesitamos las mismas oportunidades\" - Asociaci\u00f3n Espa\u00f1ola S\u00edndrome de Charge","isPartOf":{"@id":"https:\/\/sindromecharge.es\/#website"},"datePublished":"2024-07-23T04:04:14+00:00","author":{"@id":"https:\/\/sindromecharge.es\/#\/schema\/person\/39a60ebe0a2b4d5a11179701e336b039"},"breadcrumb":{"@id":"https:\/\/sindromecharge.es\/index.php\/2024\/07\/23\/empleo-publico-discapacidad-intelectual\/#breadcrumb"},"inLanguage":"es","potentialAction":[{"@type":"ReadAction","target":["https:\/\/sindromecharge.es\/index.php\/2024\/07\/23\/empleo-publico-discapacidad-intelectual\/"]}]},{"@type":"BreadcrumbList","@id":"https:\/\/sindromecharge.es\/index.php\/2024\/07\/23\/empleo-publico-discapacidad-intelectual\/#breadcrumb","itemListElement":[{"@type":"ListItem","position":1,"name":"Portada","item":"https:\/\/sindromecharge.es\/"},{"@type":"ListItem","position":2,"name":"Carlos Rueda, opositor con discapacidad intelectual: &#8220;Necesitamos las mismas oportunidades&#8221;"}]},{"@type":"WebSite","@id":"https:\/\/sindromecharge.es\/#website","url":"https:\/\/sindromecharge.es\/","name":"Asociaci\u00f3n Espa\u00f1ola S\u00edndrome de Charge","description":"","potentialAction":[{"@type":"SearchAction","target":{"@type":"EntryPoint","urlTemplate":"https:\/\/sindromecharge.es\/?s={search_term_string}"},"query-input":{"@type":"PropertyValueSpecification","valueRequired":true,"valueName":"search_term_string"}}],"inLanguage":"es"},{"@type":"Person","@id":"https:\/\/sindromecharge.es\/#\/schema\/person\/39a60ebe0a2b4d5a11179701e336b039","name":"Charge","image":{"@type":"ImageObject","inLanguage":"es","@id":"https:\/\/secure.gravatar.com\/avatar\/c3b46e32a0fc3b093a0873fb767bf3293de856293065e84ef06b7ec7a8acfb98?s=96&d=identicon&r=x","url":"https:\/\/secure.gravatar.com\/avatar\/c3b46e32a0fc3b093a0873fb767bf3293de856293065e84ef06b7ec7a8acfb98?s=96&d=identicon&r=x","contentUrl":"https:\/\/secure.gravatar.com\/avatar\/c3b46e32a0fc3b093a0873fb767bf3293de856293065e84ef06b7ec7a8acfb98?s=96&d=identicon&r=x","caption":"Charge"},"url":"https:\/\/sindromecharge.es\/index.php\/author\/admin\/"}]}},"_links":{"self":[{"href":"https:\/\/sindromecharge.es\/index.php\/wp-json\/wp\/v2\/posts\/10197","targetHints":{"allow":["GET"]}}],"collection":[{"href":"https:\/\/sindromecharge.es\/index.php\/wp-json\/wp\/v2\/posts"}],"about":[{"href":"https:\/\/sindromecharge.es\/index.php\/wp-json\/wp\/v2\/types\/post"}],"author":[{"embeddable":true,"href":"https:\/\/sindromecharge.es\/index.php\/wp-json\/wp\/v2\/users\/1"}],"replies":[{"embeddable":true,"href":"https:\/\/sindromecharge.es\/index.php\/wp-json\/wp\/v2\/comments?post=10197"}],"version-history":[{"count":0,"href":"https:\/\/sindromecharge.es\/index.php\/wp-json\/wp\/v2\/posts\/10197\/revisions"}],"wp:attachment":[{"href":"https:\/\/sindromecharge.es\/index.php\/wp-json\/wp\/v2\/media?parent=10197"}],"wp:term":[{"taxonomy":"category","embeddable":true,"href":"https:\/\/sindromecharge.es\/index.php\/wp-json\/wp\/v2\/categories?post=10197"},{"taxonomy":"post_tag","embeddable":true,"href":"https:\/\/sindromecharge.es\/index.php\/wp-json\/wp\/v2\/tags?post=10197"}],"curies":[{"name":"wp","href":"https:\/\/api.w.org\/{rel}","templated":true}]}}