{"id":10194,"date":"2024-07-22T05:18:26","date_gmt":"2024-07-22T05:18:26","guid":{"rendered":"https:\/\/sindromecharge.es\/index.php\/2024\/07\/22\/marta-prieto-me-gustaria-que-se-abordara-diversidad-como-algo-que-enriquece-no-como-un-problema\/"},"modified":"2024-07-22T05:18:26","modified_gmt":"2024-07-22T05:18:26","slug":"marta-prieto-me-gustaria-que-se-abordara-diversidad-como-algo-que-enriquece-no-como-un-problema","status":"publish","type":"post","link":"https:\/\/sindromecharge.es\/index.php\/2024\/07\/22\/marta-prieto-me-gustaria-que-se-abordara-diversidad-como-algo-que-enriquece-no-como-un-problema\/","title":{"rendered":"Marta Prieto, PT, escritora y madre de dos chicos con X fr\u00e1gil: \u00abFalta mucha formaci\u00f3n y sensibilizaci\u00f3n\u00bb"},"content":{"rendered":"<p>Leemos en Discapacidad la siguiente noticia que os reproducimos de forma \u00edntegra: <\/p>\n<div>\n<p><b>Marta Prieto<\/b> es portadora de la mutaci\u00f3n del <b>s\u00edndrome de X fr\u00e1gil<\/b>, pero no lo supo hasta que a sus hijos, Juli\u00e1n y Enrique, los diagnosticaron. Maestra de profesi\u00f3n, al conocer el diagn\u00f3stico de sus hijos, decidi\u00f3 seguir form\u00e1ndose y, es, desde hace unos a\u00f1os, tambi\u00e9n profesora de pedagog\u00eda terap\u00e9utica. <\/p>\n<p>Su experiencia en la educaci\u00f3n de los ni\u00f1os m\u00e1s peque\u00f1os le llev\u00f3 a comprobar de primera mano el poder de la narrativa para sensibilizar y hacer entender las distintas realidades a los m\u00e1s peque\u00f1os, y decidi\u00f3 aprovecharlo para sensibilizar sobre la<a href=\"https:\/\/www.20minutos.es\/minuteca\/discapacidad\/\" title=\"Discapacidad\" target=\"_blank\" rel=\"noopener\"> discapacidad<\/a>. <\/p>\n<p>Por eso, desde hace unos a\u00f1os escribe poemas y cuentos que ayuden a educar a los ni\u00f1os en la diversidad. El \u00faltimo de ellos es <i><b>Quique y la mariposa p\u00farpura <\/b>(<\/i><i>Betweien),<\/i> un cuento para sensibilizar sobre una realidad que le toca muy de cerca: el X fr\u00e1gil.<\/p>\n<h1>Para que haya una verdadera inclusi\u00f3n, tienes que hacer primero un trabajo de sensibilizaci\u00f3n<\/h1>\n<h1>El s\u00edndrome X fr\u00e1gil est\u00e1 infradiagnosticado, se suele esconder en otros s\u00edndromes o trastornos, como el autismo<\/h1>\n<h1>Falta de formaci\u00f3n. Los profesores no saben qu\u00e9 hacer, especialmente cuando hay problemas de conducta<\/h1>\n<\/div>\n<p>Fuente: Discapacidad https:\/\/www.20minutos.es\/noticia\/5532905\/0\/marta-prieto-me-gustaria-que-se-abordara-diversidad-como-algo-que-enriquece-no-como-un-problema\/<\/p>\n","protected":false},"excerpt":{"rendered":"<p>Marta Prieto es portadora de la mutaci\u00f3n del s\u00edndrome de X fr\u00e1gil, pero no lo supo hasta que a sus hijos, Juli\u00e1n y Enrique, los diagnosticaron. Maestra&#8230;<\/p>\n","protected":false},"author":1,"featured_media":0,"comment_status":"closed","ping_status":"closed","sticky":false,"template":"","format":"standard","meta":{"footnotes":""},"categories":[8],"tags":[],"class_list":["post-10194","post","type-post","status-publish","format-standard","hentry","category-noticias"],"yoast_head":"<!-- This site is optimized with the Yoast SEO plugin v27.5 - https:\/\/yoast.com\/product\/yoast-seo-wordpress\/ -->\n<title>Marta Prieto, PT, escritora y madre de dos chicos con X fr\u00e1gil: &quot;Falta mucha formaci\u00f3n y sensibilizaci\u00f3n&quot; - Asociaci\u00f3n Espa\u00f1ola S\u00edndrome de Charge<\/title>\n<meta name=\"robots\" content=\"index, follow, max-snippet:-1, max-image-preview:large, max-video-preview:-1\" \/>\n<link rel=\"canonical\" href=\"https:\/\/sindromecharge.es\/index.php\/2024\/07\/22\/marta-prieto-me-gustaria-que-se-abordara-diversidad-como-algo-que-enriquece-no-como-un-problema\/\" \/>\n<meta property=\"og:locale\" content=\"es_ES\" \/>\n<meta property=\"og:type\" content=\"article\" \/>\n<meta property=\"og:title\" content=\"Marta Prieto, PT, escritora y madre de dos chicos con X fr\u00e1gil: &quot;Falta mucha formaci\u00f3n y sensibilizaci\u00f3n&quot; - Asociaci\u00f3n Espa\u00f1ola S\u00edndrome de Charge\" \/>\n<meta property=\"og:description\" content=\"Marta Prieto es portadora de la mutaci\u00f3n del s\u00edndrome de X fr\u00e1gil, pero no lo supo hasta que a sus hijos, Juli\u00e1n y Enrique, los diagnosticaron. Maestra&#8230;\" \/>\n<meta property=\"og:url\" content=\"https:\/\/sindromecharge.es\/index.php\/2024\/07\/22\/marta-prieto-me-gustaria-que-se-abordara-diversidad-como-algo-que-enriquece-no-como-un-problema\/\" \/>\n<meta property=\"og:site_name\" content=\"Asociaci\u00f3n Espa\u00f1ola S\u00edndrome de Charge\" \/>\n<meta property=\"article:publisher\" content=\"https:\/\/www.facebook.com\/asociacionsindromecharge\" \/>\n<meta property=\"article:published_time\" content=\"2024-07-22T05:18:26+00:00\" \/>\n<meta property=\"og:image\" content=\"https:\/\/sindromecharge.es\/wp-content\/uploads\/2013\/09\/logodecharge300x98.png\" \/>\n\t<meta property=\"og:image:width\" content=\"300\" \/>\n\t<meta property=\"og:image:height\" content=\"98\" \/>\n\t<meta property=\"og:image:type\" content=\"image\/png\" \/>\n<meta name=\"author\" content=\"Charge\" \/>\n<meta name=\"twitter:card\" content=\"summary_large_image\" \/>\n<meta name=\"twitter:creator\" content=\"@sindromecharge\" \/>\n<meta name=\"twitter:site\" content=\"@sindromecharge\" \/>\n<meta name=\"twitter:label1\" content=\"Escrito por\" \/>\n\t<meta name=\"twitter:data1\" content=\"Charge\" \/>\n\t<meta name=\"twitter:label2\" content=\"Tiempo de lectura\" \/>\n\t<meta name=\"twitter:data2\" content=\"1 minuto\" \/>\n<script type=\"application\/ld+json\" class=\"yoast-schema-graph\">{\"@context\":\"https:\\\/\\\/schema.org\",\"@graph\":[{\"@type\":\"Article\",\"@id\":\"https:\\\/\\\/sindromecharge.es\\\/index.php\\\/2024\\\/07\\\/22\\\/marta-prieto-me-gustaria-que-se-abordara-diversidad-como-algo-que-enriquece-no-como-un-problema\\\/#article\",\"isPartOf\":{\"@id\":\"https:\\\/\\\/sindromecharge.es\\\/index.php\\\/2024\\\/07\\\/22\\\/marta-prieto-me-gustaria-que-se-abordara-diversidad-como-algo-que-enriquece-no-como-un-problema\\\/\"},\"author\":{\"name\":\"Charge\",\"@id\":\"https:\\\/\\\/sindromecharge.es\\\/#\\\/schema\\\/person\\\/39a60ebe0a2b4d5a11179701e336b039\"},\"headline\":\"Marta Prieto, PT, escritora y madre de dos chicos con X fr\u00e1gil: \u00abFalta mucha formaci\u00f3n y sensibilizaci\u00f3n\u00bb\",\"datePublished\":\"2024-07-22T05:18:26+00:00\",\"mainEntityOfPage\":{\"@id\":\"https:\\\/\\\/sindromecharge.es\\\/index.php\\\/2024\\\/07\\\/22\\\/marta-prieto-me-gustaria-que-se-abordara-diversidad-como-algo-que-enriquece-no-como-un-problema\\\/\"},\"wordCount\":252,\"articleSection\":[\"noticias\"],\"inLanguage\":\"es\"},{\"@type\":\"WebPage\",\"@id\":\"https:\\\/\\\/sindromecharge.es\\\/index.php\\\/2024\\\/07\\\/22\\\/marta-prieto-me-gustaria-que-se-abordara-diversidad-como-algo-que-enriquece-no-como-un-problema\\\/\",\"url\":\"https:\\\/\\\/sindromecharge.es\\\/index.php\\\/2024\\\/07\\\/22\\\/marta-prieto-me-gustaria-que-se-abordara-diversidad-como-algo-que-enriquece-no-como-un-problema\\\/\",\"name\":\"Marta Prieto, PT, escritora y madre de dos chicos con X fr\u00e1gil: \\\"Falta mucha formaci\u00f3n y sensibilizaci\u00f3n\\\" - Asociaci\u00f3n Espa\u00f1ola S\u00edndrome de Charge\",\"isPartOf\":{\"@id\":\"https:\\\/\\\/sindromecharge.es\\\/#website\"},\"datePublished\":\"2024-07-22T05:18:26+00:00\",\"author\":{\"@id\":\"https:\\\/\\\/sindromecharge.es\\\/#\\\/schema\\\/person\\\/39a60ebe0a2b4d5a11179701e336b039\"},\"breadcrumb\":{\"@id\":\"https:\\\/\\\/sindromecharge.es\\\/index.php\\\/2024\\\/07\\\/22\\\/marta-prieto-me-gustaria-que-se-abordara-diversidad-como-algo-que-enriquece-no-como-un-problema\\\/#breadcrumb\"},\"inLanguage\":\"es\",\"potentialAction\":[{\"@type\":\"ReadAction\",\"target\":[\"https:\\\/\\\/sindromecharge.es\\\/index.php\\\/2024\\\/07\\\/22\\\/marta-prieto-me-gustaria-que-se-abordara-diversidad-como-algo-que-enriquece-no-como-un-problema\\\/\"]}]},{\"@type\":\"BreadcrumbList\",\"@id\":\"https:\\\/\\\/sindromecharge.es\\\/index.php\\\/2024\\\/07\\\/22\\\/marta-prieto-me-gustaria-que-se-abordara-diversidad-como-algo-que-enriquece-no-como-un-problema\\\/#breadcrumb\",\"itemListElement\":[{\"@type\":\"ListItem\",\"position\":1,\"name\":\"Portada\",\"item\":\"https:\\\/\\\/sindromecharge.es\\\/\"},{\"@type\":\"ListItem\",\"position\":2,\"name\":\"Marta Prieto, PT, escritora y madre de dos chicos con X fr\u00e1gil: &#8220;Falta mucha formaci\u00f3n y sensibilizaci\u00f3n&#8221;\"}]},{\"@type\":\"WebSite\",\"@id\":\"https:\\\/\\\/sindromecharge.es\\\/#website\",\"url\":\"https:\\\/\\\/sindromecharge.es\\\/\",\"name\":\"Asociaci\u00f3n Espa\u00f1ola S\u00edndrome de Charge\",\"description\":\"\",\"potentialAction\":[{\"@type\":\"SearchAction\",\"target\":{\"@type\":\"EntryPoint\",\"urlTemplate\":\"https:\\\/\\\/sindromecharge.es\\\/?s={search_term_string}\"},\"query-input\":{\"@type\":\"PropertyValueSpecification\",\"valueRequired\":true,\"valueName\":\"search_term_string\"}}],\"inLanguage\":\"es\"},{\"@type\":\"Person\",\"@id\":\"https:\\\/\\\/sindromecharge.es\\\/#\\\/schema\\\/person\\\/39a60ebe0a2b4d5a11179701e336b039\",\"name\":\"Charge\",\"image\":{\"@type\":\"ImageObject\",\"inLanguage\":\"es\",\"@id\":\"https:\\\/\\\/secure.gravatar.com\\\/avatar\\\/c3b46e32a0fc3b093a0873fb767bf3293de856293065e84ef06b7ec7a8acfb98?s=96&d=identicon&r=x\",\"url\":\"https:\\\/\\\/secure.gravatar.com\\\/avatar\\\/c3b46e32a0fc3b093a0873fb767bf3293de856293065e84ef06b7ec7a8acfb98?s=96&d=identicon&r=x\",\"contentUrl\":\"https:\\\/\\\/secure.gravatar.com\\\/avatar\\\/c3b46e32a0fc3b093a0873fb767bf3293de856293065e84ef06b7ec7a8acfb98?s=96&d=identicon&r=x\",\"caption\":\"Charge\"},\"url\":\"https:\\\/\\\/sindromecharge.es\\\/index.php\\\/author\\\/admin\\\/\"}]}<\/script>\n<!-- \/ Yoast SEO plugin. -->","yoast_head_json":{"title":"Marta Prieto, PT, escritora y madre de dos chicos con X fr\u00e1gil: \"Falta mucha formaci\u00f3n y sensibilizaci\u00f3n\" - Asociaci\u00f3n Espa\u00f1ola S\u00edndrome de Charge","robots":{"index":"index","follow":"follow","max-snippet":"max-snippet:-1","max-image-preview":"max-image-preview:large","max-video-preview":"max-video-preview:-1"},"canonical":"https:\/\/sindromecharge.es\/index.php\/2024\/07\/22\/marta-prieto-me-gustaria-que-se-abordara-diversidad-como-algo-que-enriquece-no-como-un-problema\/","og_locale":"es_ES","og_type":"article","og_title":"Marta Prieto, PT, escritora y madre de dos chicos con X fr\u00e1gil: \"Falta mucha formaci\u00f3n y sensibilizaci\u00f3n\" - Asociaci\u00f3n Espa\u00f1ola S\u00edndrome de Charge","og_description":"Marta Prieto es portadora de la mutaci\u00f3n del s\u00edndrome de X fr\u00e1gil, pero no lo supo hasta que a sus hijos, Juli\u00e1n y Enrique, los diagnosticaron. Maestra&#8230;","og_url":"https:\/\/sindromecharge.es\/index.php\/2024\/07\/22\/marta-prieto-me-gustaria-que-se-abordara-diversidad-como-algo-que-enriquece-no-como-un-problema\/","og_site_name":"Asociaci\u00f3n Espa\u00f1ola S\u00edndrome de Charge","article_publisher":"https:\/\/www.facebook.com\/asociacionsindromecharge","article_published_time":"2024-07-22T05:18:26+00:00","og_image":[{"width":300,"height":98,"url":"https:\/\/sindromecharge.es\/wp-content\/uploads\/2013\/09\/logodecharge300x98.png","type":"image\/png"}],"author":"Charge","twitter_card":"summary_large_image","twitter_creator":"@sindromecharge","twitter_site":"@sindromecharge","twitter_misc":{"Escrito por":"Charge","Tiempo de lectura":"1 minuto"},"schema":{"@context":"https:\/\/schema.org","@graph":[{"@type":"Article","@id":"https:\/\/sindromecharge.es\/index.php\/2024\/07\/22\/marta-prieto-me-gustaria-que-se-abordara-diversidad-como-algo-que-enriquece-no-como-un-problema\/#article","isPartOf":{"@id":"https:\/\/sindromecharge.es\/index.php\/2024\/07\/22\/marta-prieto-me-gustaria-que-se-abordara-diversidad-como-algo-que-enriquece-no-como-un-problema\/"},"author":{"name":"Charge","@id":"https:\/\/sindromecharge.es\/#\/schema\/person\/39a60ebe0a2b4d5a11179701e336b039"},"headline":"Marta Prieto, PT, escritora y madre de dos chicos con X fr\u00e1gil: \u00abFalta mucha formaci\u00f3n y sensibilizaci\u00f3n\u00bb","datePublished":"2024-07-22T05:18:26+00:00","mainEntityOfPage":{"@id":"https:\/\/sindromecharge.es\/index.php\/2024\/07\/22\/marta-prieto-me-gustaria-que-se-abordara-diversidad-como-algo-que-enriquece-no-como-un-problema\/"},"wordCount":252,"articleSection":["noticias"],"inLanguage":"es"},{"@type":"WebPage","@id":"https:\/\/sindromecharge.es\/index.php\/2024\/07\/22\/marta-prieto-me-gustaria-que-se-abordara-diversidad-como-algo-que-enriquece-no-como-un-problema\/","url":"https:\/\/sindromecharge.es\/index.php\/2024\/07\/22\/marta-prieto-me-gustaria-que-se-abordara-diversidad-como-algo-que-enriquece-no-como-un-problema\/","name":"Marta Prieto, PT, escritora y madre de dos chicos con X fr\u00e1gil: \"Falta mucha formaci\u00f3n y sensibilizaci\u00f3n\" - Asociaci\u00f3n Espa\u00f1ola S\u00edndrome de Charge","isPartOf":{"@id":"https:\/\/sindromecharge.es\/#website"},"datePublished":"2024-07-22T05:18:26+00:00","author":{"@id":"https:\/\/sindromecharge.es\/#\/schema\/person\/39a60ebe0a2b4d5a11179701e336b039"},"breadcrumb":{"@id":"https:\/\/sindromecharge.es\/index.php\/2024\/07\/22\/marta-prieto-me-gustaria-que-se-abordara-diversidad-como-algo-que-enriquece-no-como-un-problema\/#breadcrumb"},"inLanguage":"es","potentialAction":[{"@type":"ReadAction","target":["https:\/\/sindromecharge.es\/index.php\/2024\/07\/22\/marta-prieto-me-gustaria-que-se-abordara-diversidad-como-algo-que-enriquece-no-como-un-problema\/"]}]},{"@type":"BreadcrumbList","@id":"https:\/\/sindromecharge.es\/index.php\/2024\/07\/22\/marta-prieto-me-gustaria-que-se-abordara-diversidad-como-algo-que-enriquece-no-como-un-problema\/#breadcrumb","itemListElement":[{"@type":"ListItem","position":1,"name":"Portada","item":"https:\/\/sindromecharge.es\/"},{"@type":"ListItem","position":2,"name":"Marta Prieto, PT, escritora y madre de dos chicos con X fr\u00e1gil: &#8220;Falta mucha formaci\u00f3n y sensibilizaci\u00f3n&#8221;"}]},{"@type":"WebSite","@id":"https:\/\/sindromecharge.es\/#website","url":"https:\/\/sindromecharge.es\/","name":"Asociaci\u00f3n Espa\u00f1ola S\u00edndrome de Charge","description":"","potentialAction":[{"@type":"SearchAction","target":{"@type":"EntryPoint","urlTemplate":"https:\/\/sindromecharge.es\/?s={search_term_string}"},"query-input":{"@type":"PropertyValueSpecification","valueRequired":true,"valueName":"search_term_string"}}],"inLanguage":"es"},{"@type":"Person","@id":"https:\/\/sindromecharge.es\/#\/schema\/person\/39a60ebe0a2b4d5a11179701e336b039","name":"Charge","image":{"@type":"ImageObject","inLanguage":"es","@id":"https:\/\/secure.gravatar.com\/avatar\/c3b46e32a0fc3b093a0873fb767bf3293de856293065e84ef06b7ec7a8acfb98?s=96&d=identicon&r=x","url":"https:\/\/secure.gravatar.com\/avatar\/c3b46e32a0fc3b093a0873fb767bf3293de856293065e84ef06b7ec7a8acfb98?s=96&d=identicon&r=x","contentUrl":"https:\/\/secure.gravatar.com\/avatar\/c3b46e32a0fc3b093a0873fb767bf3293de856293065e84ef06b7ec7a8acfb98?s=96&d=identicon&r=x","caption":"Charge"},"url":"https:\/\/sindromecharge.es\/index.php\/author\/admin\/"}]}},"_links":{"self":[{"href":"https:\/\/sindromecharge.es\/index.php\/wp-json\/wp\/v2\/posts\/10194","targetHints":{"allow":["GET"]}}],"collection":[{"href":"https:\/\/sindromecharge.es\/index.php\/wp-json\/wp\/v2\/posts"}],"about":[{"href":"https:\/\/sindromecharge.es\/index.php\/wp-json\/wp\/v2\/types\/post"}],"author":[{"embeddable":true,"href":"https:\/\/sindromecharge.es\/index.php\/wp-json\/wp\/v2\/users\/1"}],"replies":[{"embeddable":true,"href":"https:\/\/sindromecharge.es\/index.php\/wp-json\/wp\/v2\/comments?post=10194"}],"version-history":[{"count":0,"href":"https:\/\/sindromecharge.es\/index.php\/wp-json\/wp\/v2\/posts\/10194\/revisions"}],"wp:attachment":[{"href":"https:\/\/sindromecharge.es\/index.php\/wp-json\/wp\/v2\/media?parent=10194"}],"wp:term":[{"taxonomy":"category","embeddable":true,"href":"https:\/\/sindromecharge.es\/index.php\/wp-json\/wp\/v2\/categories?post=10194"},{"taxonomy":"post_tag","embeddable":true,"href":"https:\/\/sindromecharge.es\/index.php\/wp-json\/wp\/v2\/tags?post=10194"}],"curies":[{"name":"wp","href":"https:\/\/api.w.org\/{rel}","templated":true}]}}