{"id":10193,"date":"2024-07-21T07:16:51","date_gmt":"2024-07-21T07:16:51","guid":{"rendered":"https:\/\/sindromecharge.es\/index.php\/2024\/07\/21\/ocho-artistas-con-discapacidad-toda-espana-galardonados-con-las-becas-superarte\/"},"modified":"2024-07-21T07:16:51","modified_gmt":"2024-07-21T07:16:51","slug":"ocho-artistas-con-discapacidad-toda-espana-galardonados-con-las-becas-superarte","status":"publish","type":"post","link":"https:\/\/sindromecharge.es\/index.php\/2024\/07\/21\/ocho-artistas-con-discapacidad-toda-espana-galardonados-con-las-becas-superarte\/","title":{"rendered":"Ocho artistas con discapacidad de toda Espa\u00f1a, galardonados con las becas SuperArte"},"content":{"rendered":"<p>Leemos en Discapacidad la siguiente noticia que os reproducimos de forma \u00edntegra: <\/p>\n<div>\n<p>Fundaci\u00f3n SIFU, entidad sin \u00e1nimo de lucro dedicada a promover la inclusi\u00f3n y la integraci\u00f3n sociolaboral de las personas con <a href=\"https:\/\/www.20minutos.es\/minuteca\/discapacidad\/\" title=\"Discapacidad\">discapacidad<\/a>, <b>ha concedido un a\u00f1o m\u00e1s sus Becas SuperArte 2024<\/b> con el objetivo de impulsar los estudios en el campo art\u00edstico entre artistas profesionales y <i>amateur <\/i>con diversidad funcional.<\/p>\n<p>En esta quinta edici\u00f3n, <b>ocho artistas de toda Espa\u00f1a recibir\u00e1n una ayuda econ\u00f3mica <\/b>que les permitir\u00e1 desarrollar su creatividad art\u00edstica e impulsar su aprendizaje en un marco de igualdad de oportunidades realizando estudios superiores o profesionales, universitarios o elementales.<\/p>\n<p>Los ganadores de este a\u00f1o pertenecen a las provincias de Murcia, Burgos, C\u00e1ceres, Barcelona, C\u00f3rdoba, Comunidad de Madrid y Tenerife. Todos ellos ser\u00e1n <b>part\u00edcipes en proyectos de arte inclusivo<\/b> que organiza la Fundaci\u00f3n SIFU con el objetivo de promover el desarrollo art\u00edstico de las personas con discapacidad.<\/p>\n<p>Esta beca musical permitir\u00e1 formar a artistas que desean dedicarse profesionalmente a la m\u00fasica <b>cursando estudios tanto de Grado Superior como Elemental.<\/b> Entre los becados est\u00e1n los barceloneses Jana Ginesta (Oboe), Iker L\u00f3pez (Piano), Eric D\u00edaz (Violoncello).<\/p>\n<p>Tambi\u00e9n han sido becados por su talento musical el cordob\u00e9s Mario Pe\u00f1a (Bater\u00eda), el cacere\u00f1o Jes\u00fas Prieto (Viol\u00edn), el tinerfe\u00f1o Ismael Tosario (Eyeharp), el burgal\u00e9s Asier Mediavilla (Violoncello) y el murciano Aar\u00f3n Morat\u00f3n (Viol\u00edn).<\/p>\n<p>El presidente de la Fundaci\u00f3n SIFU, Cristian Rovira, <b>destaca la importancia de \u201cfomentar la creatividad art\u00edstica en un marco de igualdad de oportunidades\u201d<\/b> y de \u201cimpulsar los estudios de profesionalizaci\u00f3n o especializaci\u00f3n de los artistas, independientemente de sus caracter\u00edsticas funcionales o posibilidades econ\u00f3micas\u201d.<\/p>\n<p>Esta edici\u00f3n cuenta con la colaboraci\u00f3n de Fundaci\u00f3n Banco Sabadell, Agbar, Alma Carraovejas, Fundaci\u00f3n Occident, ID Log\u00edstics, Gas N2, Fundaci\u00f3n DISA, Fundaci\u00f3n GAES Solidaria, Fundaci\u00f3 Conservatori Liceu, Escuela Superior de M\u00fasica Reina Sof\u00eda y Galicia Fidlle.<\/p>\n<p>Entre los proyectos que la Fundaci\u00f3n SIFU lleva a cabo en pro del desarrollo art\u00edstico de las personas con diversidad funcional, m\u00e1s all\u00e1 de las Becas SuperArte, destaca <b>la celebraci\u00f3n de la Gala SuperArte, el evento de arte inclusivo m\u00e1s importante de Europa<\/b>. Estas galas cuentan, entre el elenco de artistas, con becados de la fundaci\u00f3n.<\/p>\n<p>Fundaci\u00f3n SIFU, nacida en el seno del <b>centro especial de empleo SIFU<\/b>, es una entidad sin \u00e1nimo de lucro que tiene como objetivo promover y fomentar la integraci\u00f3n social y laboral de las personas con discapacidad. Para ello, se basa en tres \u00e1mbitos de actuaci\u00f3n espec\u00edficos: la sensibilizaci\u00f3n y concienciaci\u00f3n social, la integraci\u00f3n social y laboral, y el desarrollo de proyectos de Responsabilidad Social Empresarial (RSE) para empresas.<\/p>\n<p>A trav\u00e9s de diferentes acciones como testimoniales, exposiciones o su programa de becas para artistas con discapacidad, la fundaci\u00f3n<b> pretende incidir en la plena aceptaci\u00f3n del colectivo por parte de la sociedad<\/b>. Para ello, trabaja en contacto directo con el tejido asociativo desarrollando actividades con objetivos comunes y creando sinergias.<\/p>\n<\/div>\n<p>Fuente: Discapacidad https:\/\/www.20minutos.es\/noticia\/5533097\/0\/ocho-artistas-con-discapacidad-toda-espana-galardonados-con-las-becas-superarte\/<\/p>\n","protected":false},"excerpt":{"rendered":"<p>Fundaci\u00f3n SIFU celebra anualmente la Gala SuperArte, el evento de arte inclusivo m\u00e1s importante de Europa.<\/p>\n","protected":false},"author":1,"featured_media":0,"comment_status":"closed","ping_status":"closed","sticky":false,"template":"","format":"standard","meta":{"footnotes":""},"categories":[8],"tags":[],"class_list":["post-10193","post","type-post","status-publish","format-standard","hentry","category-noticias"],"yoast_head":"<!-- This site is optimized with the Yoast SEO plugin v27.5 - https:\/\/yoast.com\/product\/yoast-seo-wordpress\/ -->\n<title>Ocho artistas con discapacidad de toda Espa\u00f1a, galardonados con las becas SuperArte - Asociaci\u00f3n Espa\u00f1ola S\u00edndrome de Charge<\/title>\n<meta name=\"robots\" content=\"index, follow, max-snippet:-1, max-image-preview:large, max-video-preview:-1\" \/>\n<link rel=\"canonical\" href=\"https:\/\/sindromecharge.es\/index.php\/2024\/07\/21\/ocho-artistas-con-discapacidad-toda-espana-galardonados-con-las-becas-superarte\/\" \/>\n<meta property=\"og:locale\" content=\"es_ES\" \/>\n<meta property=\"og:type\" content=\"article\" \/>\n<meta property=\"og:title\" content=\"Ocho artistas con discapacidad de toda Espa\u00f1a, galardonados con las becas SuperArte - Asociaci\u00f3n Espa\u00f1ola S\u00edndrome de Charge\" \/>\n<meta property=\"og:description\" content=\"Fundaci\u00f3n SIFU celebra anualmente la Gala SuperArte, el evento de arte inclusivo m\u00e1s importante de Europa.\" \/>\n<meta property=\"og:url\" content=\"https:\/\/sindromecharge.es\/index.php\/2024\/07\/21\/ocho-artistas-con-discapacidad-toda-espana-galardonados-con-las-becas-superarte\/\" \/>\n<meta property=\"og:site_name\" content=\"Asociaci\u00f3n Espa\u00f1ola S\u00edndrome de Charge\" \/>\n<meta property=\"article:publisher\" content=\"https:\/\/www.facebook.com\/asociacionsindromecharge\" \/>\n<meta property=\"article:published_time\" content=\"2024-07-21T07:16:51+00:00\" \/>\n<meta property=\"og:image\" content=\"https:\/\/sindromecharge.es\/wp-content\/uploads\/2013\/09\/logodecharge300x98.png\" \/>\n\t<meta property=\"og:image:width\" content=\"300\" \/>\n\t<meta property=\"og:image:height\" content=\"98\" \/>\n\t<meta property=\"og:image:type\" content=\"image\/png\" \/>\n<meta name=\"author\" content=\"Charge\" \/>\n<meta name=\"twitter:card\" content=\"summary_large_image\" \/>\n<meta name=\"twitter:creator\" content=\"@sindromecharge\" \/>\n<meta name=\"twitter:site\" content=\"@sindromecharge\" \/>\n<meta name=\"twitter:label1\" content=\"Escrito por\" \/>\n\t<meta name=\"twitter:data1\" content=\"Charge\" \/>\n\t<meta name=\"twitter:label2\" content=\"Tiempo de lectura\" \/>\n\t<meta name=\"twitter:data2\" content=\"3 minutos\" \/>\n<script type=\"application\/ld+json\" class=\"yoast-schema-graph\">{\"@context\":\"https:\\\/\\\/schema.org\",\"@graph\":[{\"@type\":\"Article\",\"@id\":\"https:\\\/\\\/sindromecharge.es\\\/index.php\\\/2024\\\/07\\\/21\\\/ocho-artistas-con-discapacidad-toda-espana-galardonados-con-las-becas-superarte\\\/#article\",\"isPartOf\":{\"@id\":\"https:\\\/\\\/sindromecharge.es\\\/index.php\\\/2024\\\/07\\\/21\\\/ocho-artistas-con-discapacidad-toda-espana-galardonados-con-las-becas-superarte\\\/\"},\"author\":{\"name\":\"Charge\",\"@id\":\"https:\\\/\\\/sindromecharge.es\\\/#\\\/schema\\\/person\\\/39a60ebe0a2b4d5a11179701e336b039\"},\"headline\":\"Ocho artistas con discapacidad de toda Espa\u00f1a, galardonados con las becas SuperArte\",\"datePublished\":\"2024-07-21T07:16:51+00:00\",\"mainEntityOfPage\":{\"@id\":\"https:\\\/\\\/sindromecharge.es\\\/index.php\\\/2024\\\/07\\\/21\\\/ocho-artistas-con-discapacidad-toda-espana-galardonados-con-las-becas-superarte\\\/\"},\"wordCount\":556,\"articleSection\":[\"noticias\"],\"inLanguage\":\"es\"},{\"@type\":\"WebPage\",\"@id\":\"https:\\\/\\\/sindromecharge.es\\\/index.php\\\/2024\\\/07\\\/21\\\/ocho-artistas-con-discapacidad-toda-espana-galardonados-con-las-becas-superarte\\\/\",\"url\":\"https:\\\/\\\/sindromecharge.es\\\/index.php\\\/2024\\\/07\\\/21\\\/ocho-artistas-con-discapacidad-toda-espana-galardonados-con-las-becas-superarte\\\/\",\"name\":\"Ocho artistas con discapacidad de toda Espa\u00f1a, galardonados con las becas SuperArte - Asociaci\u00f3n Espa\u00f1ola S\u00edndrome de Charge\",\"isPartOf\":{\"@id\":\"https:\\\/\\\/sindromecharge.es\\\/#website\"},\"datePublished\":\"2024-07-21T07:16:51+00:00\",\"author\":{\"@id\":\"https:\\\/\\\/sindromecharge.es\\\/#\\\/schema\\\/person\\\/39a60ebe0a2b4d5a11179701e336b039\"},\"breadcrumb\":{\"@id\":\"https:\\\/\\\/sindromecharge.es\\\/index.php\\\/2024\\\/07\\\/21\\\/ocho-artistas-con-discapacidad-toda-espana-galardonados-con-las-becas-superarte\\\/#breadcrumb\"},\"inLanguage\":\"es\",\"potentialAction\":[{\"@type\":\"ReadAction\",\"target\":[\"https:\\\/\\\/sindromecharge.es\\\/index.php\\\/2024\\\/07\\\/21\\\/ocho-artistas-con-discapacidad-toda-espana-galardonados-con-las-becas-superarte\\\/\"]}]},{\"@type\":\"BreadcrumbList\",\"@id\":\"https:\\\/\\\/sindromecharge.es\\\/index.php\\\/2024\\\/07\\\/21\\\/ocho-artistas-con-discapacidad-toda-espana-galardonados-con-las-becas-superarte\\\/#breadcrumb\",\"itemListElement\":[{\"@type\":\"ListItem\",\"position\":1,\"name\":\"Portada\",\"item\":\"https:\\\/\\\/sindromecharge.es\\\/\"},{\"@type\":\"ListItem\",\"position\":2,\"name\":\"Ocho artistas con discapacidad de toda Espa\u00f1a, galardonados con las becas SuperArte\"}]},{\"@type\":\"WebSite\",\"@id\":\"https:\\\/\\\/sindromecharge.es\\\/#website\",\"url\":\"https:\\\/\\\/sindromecharge.es\\\/\",\"name\":\"Asociaci\u00f3n Espa\u00f1ola S\u00edndrome de Charge\",\"description\":\"\",\"potentialAction\":[{\"@type\":\"SearchAction\",\"target\":{\"@type\":\"EntryPoint\",\"urlTemplate\":\"https:\\\/\\\/sindromecharge.es\\\/?s={search_term_string}\"},\"query-input\":{\"@type\":\"PropertyValueSpecification\",\"valueRequired\":true,\"valueName\":\"search_term_string\"}}],\"inLanguage\":\"es\"},{\"@type\":\"Person\",\"@id\":\"https:\\\/\\\/sindromecharge.es\\\/#\\\/schema\\\/person\\\/39a60ebe0a2b4d5a11179701e336b039\",\"name\":\"Charge\",\"image\":{\"@type\":\"ImageObject\",\"inLanguage\":\"es\",\"@id\":\"https:\\\/\\\/secure.gravatar.com\\\/avatar\\\/c3b46e32a0fc3b093a0873fb767bf3293de856293065e84ef06b7ec7a8acfb98?s=96&d=identicon&r=x\",\"url\":\"https:\\\/\\\/secure.gravatar.com\\\/avatar\\\/c3b46e32a0fc3b093a0873fb767bf3293de856293065e84ef06b7ec7a8acfb98?s=96&d=identicon&r=x\",\"contentUrl\":\"https:\\\/\\\/secure.gravatar.com\\\/avatar\\\/c3b46e32a0fc3b093a0873fb767bf3293de856293065e84ef06b7ec7a8acfb98?s=96&d=identicon&r=x\",\"caption\":\"Charge\"},\"url\":\"https:\\\/\\\/sindromecharge.es\\\/index.php\\\/author\\\/admin\\\/\"}]}<\/script>\n<!-- \/ Yoast SEO plugin. -->","yoast_head_json":{"title":"Ocho artistas con discapacidad de toda Espa\u00f1a, galardonados con las becas SuperArte - Asociaci\u00f3n Espa\u00f1ola S\u00edndrome de Charge","robots":{"index":"index","follow":"follow","max-snippet":"max-snippet:-1","max-image-preview":"max-image-preview:large","max-video-preview":"max-video-preview:-1"},"canonical":"https:\/\/sindromecharge.es\/index.php\/2024\/07\/21\/ocho-artistas-con-discapacidad-toda-espana-galardonados-con-las-becas-superarte\/","og_locale":"es_ES","og_type":"article","og_title":"Ocho artistas con discapacidad de toda Espa\u00f1a, galardonados con las becas SuperArte - Asociaci\u00f3n Espa\u00f1ola S\u00edndrome de Charge","og_description":"Fundaci\u00f3n SIFU celebra anualmente la Gala SuperArte, el evento de arte inclusivo m\u00e1s importante de Europa.","og_url":"https:\/\/sindromecharge.es\/index.php\/2024\/07\/21\/ocho-artistas-con-discapacidad-toda-espana-galardonados-con-las-becas-superarte\/","og_site_name":"Asociaci\u00f3n Espa\u00f1ola S\u00edndrome de Charge","article_publisher":"https:\/\/www.facebook.com\/asociacionsindromecharge","article_published_time":"2024-07-21T07:16:51+00:00","og_image":[{"width":300,"height":98,"url":"https:\/\/sindromecharge.es\/wp-content\/uploads\/2013\/09\/logodecharge300x98.png","type":"image\/png"}],"author":"Charge","twitter_card":"summary_large_image","twitter_creator":"@sindromecharge","twitter_site":"@sindromecharge","twitter_misc":{"Escrito por":"Charge","Tiempo de lectura":"3 minutos"},"schema":{"@context":"https:\/\/schema.org","@graph":[{"@type":"Article","@id":"https:\/\/sindromecharge.es\/index.php\/2024\/07\/21\/ocho-artistas-con-discapacidad-toda-espana-galardonados-con-las-becas-superarte\/#article","isPartOf":{"@id":"https:\/\/sindromecharge.es\/index.php\/2024\/07\/21\/ocho-artistas-con-discapacidad-toda-espana-galardonados-con-las-becas-superarte\/"},"author":{"name":"Charge","@id":"https:\/\/sindromecharge.es\/#\/schema\/person\/39a60ebe0a2b4d5a11179701e336b039"},"headline":"Ocho artistas con discapacidad de toda Espa\u00f1a, galardonados con las becas SuperArte","datePublished":"2024-07-21T07:16:51+00:00","mainEntityOfPage":{"@id":"https:\/\/sindromecharge.es\/index.php\/2024\/07\/21\/ocho-artistas-con-discapacidad-toda-espana-galardonados-con-las-becas-superarte\/"},"wordCount":556,"articleSection":["noticias"],"inLanguage":"es"},{"@type":"WebPage","@id":"https:\/\/sindromecharge.es\/index.php\/2024\/07\/21\/ocho-artistas-con-discapacidad-toda-espana-galardonados-con-las-becas-superarte\/","url":"https:\/\/sindromecharge.es\/index.php\/2024\/07\/21\/ocho-artistas-con-discapacidad-toda-espana-galardonados-con-las-becas-superarte\/","name":"Ocho artistas con discapacidad de toda Espa\u00f1a, galardonados con las becas SuperArte - Asociaci\u00f3n Espa\u00f1ola S\u00edndrome de Charge","isPartOf":{"@id":"https:\/\/sindromecharge.es\/#website"},"datePublished":"2024-07-21T07:16:51+00:00","author":{"@id":"https:\/\/sindromecharge.es\/#\/schema\/person\/39a60ebe0a2b4d5a11179701e336b039"},"breadcrumb":{"@id":"https:\/\/sindromecharge.es\/index.php\/2024\/07\/21\/ocho-artistas-con-discapacidad-toda-espana-galardonados-con-las-becas-superarte\/#breadcrumb"},"inLanguage":"es","potentialAction":[{"@type":"ReadAction","target":["https:\/\/sindromecharge.es\/index.php\/2024\/07\/21\/ocho-artistas-con-discapacidad-toda-espana-galardonados-con-las-becas-superarte\/"]}]},{"@type":"BreadcrumbList","@id":"https:\/\/sindromecharge.es\/index.php\/2024\/07\/21\/ocho-artistas-con-discapacidad-toda-espana-galardonados-con-las-becas-superarte\/#breadcrumb","itemListElement":[{"@type":"ListItem","position":1,"name":"Portada","item":"https:\/\/sindromecharge.es\/"},{"@type":"ListItem","position":2,"name":"Ocho artistas con discapacidad de toda Espa\u00f1a, galardonados con las becas SuperArte"}]},{"@type":"WebSite","@id":"https:\/\/sindromecharge.es\/#website","url":"https:\/\/sindromecharge.es\/","name":"Asociaci\u00f3n Espa\u00f1ola S\u00edndrome de Charge","description":"","potentialAction":[{"@type":"SearchAction","target":{"@type":"EntryPoint","urlTemplate":"https:\/\/sindromecharge.es\/?s={search_term_string}"},"query-input":{"@type":"PropertyValueSpecification","valueRequired":true,"valueName":"search_term_string"}}],"inLanguage":"es"},{"@type":"Person","@id":"https:\/\/sindromecharge.es\/#\/schema\/person\/39a60ebe0a2b4d5a11179701e336b039","name":"Charge","image":{"@type":"ImageObject","inLanguage":"es","@id":"https:\/\/secure.gravatar.com\/avatar\/c3b46e32a0fc3b093a0873fb767bf3293de856293065e84ef06b7ec7a8acfb98?s=96&d=identicon&r=x","url":"https:\/\/secure.gravatar.com\/avatar\/c3b46e32a0fc3b093a0873fb767bf3293de856293065e84ef06b7ec7a8acfb98?s=96&d=identicon&r=x","contentUrl":"https:\/\/secure.gravatar.com\/avatar\/c3b46e32a0fc3b093a0873fb767bf3293de856293065e84ef06b7ec7a8acfb98?s=96&d=identicon&r=x","caption":"Charge"},"url":"https:\/\/sindromecharge.es\/index.php\/author\/admin\/"}]}},"_links":{"self":[{"href":"https:\/\/sindromecharge.es\/index.php\/wp-json\/wp\/v2\/posts\/10193","targetHints":{"allow":["GET"]}}],"collection":[{"href":"https:\/\/sindromecharge.es\/index.php\/wp-json\/wp\/v2\/posts"}],"about":[{"href":"https:\/\/sindromecharge.es\/index.php\/wp-json\/wp\/v2\/types\/post"}],"author":[{"embeddable":true,"href":"https:\/\/sindromecharge.es\/index.php\/wp-json\/wp\/v2\/users\/1"}],"replies":[{"embeddable":true,"href":"https:\/\/sindromecharge.es\/index.php\/wp-json\/wp\/v2\/comments?post=10193"}],"version-history":[{"count":0,"href":"https:\/\/sindromecharge.es\/index.php\/wp-json\/wp\/v2\/posts\/10193\/revisions"}],"wp:attachment":[{"href":"https:\/\/sindromecharge.es\/index.php\/wp-json\/wp\/v2\/media?parent=10193"}],"wp:term":[{"taxonomy":"category","embeddable":true,"href":"https:\/\/sindromecharge.es\/index.php\/wp-json\/wp\/v2\/categories?post=10193"},{"taxonomy":"post_tag","embeddable":true,"href":"https:\/\/sindromecharge.es\/index.php\/wp-json\/wp\/v2\/tags?post=10193"}],"curies":[{"name":"wp","href":"https:\/\/api.w.org\/{rel}","templated":true}]}}