{"id":10191,"date":"2024-07-20T07:05:17","date_gmt":"2024-07-20T07:05:17","guid":{"rendered":"https:\/\/sindromecharge.es\/index.php\/2024\/07\/20\/pepa-torres-cermi-las-propias-personas-con-discapacidad-tienen-que-ver-empleo-publico-como-una-oportunidad-real\/"},"modified":"2024-07-20T07:05:17","modified_gmt":"2024-07-20T07:05:17","slug":"pepa-torres-cermi-las-propias-personas-con-discapacidad-tienen-que-ver-empleo-publico-como-una-oportunidad-real","status":"publish","type":"post","link":"https:\/\/sindromecharge.es\/index.php\/2024\/07\/20\/pepa-torres-cermi-las-propias-personas-con-discapacidad-tienen-que-ver-empleo-publico-como-una-oportunidad-real\/","title":{"rendered":"Pepa Torres: \u00abLas personas con discapacidad tienen que ver el empleo p\u00fablico como una oportunidad real\u00bb"},"content":{"rendered":"<p>Leemos en Discapacidad la siguiente noticia que os reproducimos de forma \u00edntegra: <\/p>\n<div>\n<p>Hace unas semanas, el <a href=\"https:\/\/www.20minutos.es\/minuteca\/el-gobierno\/\" title=\"El Gobierno\" target=\"_blank\" rel=\"noopener\">Gobierno<\/a> aprob\u00f3 en Consejo de Ministros una <b>oferta p\u00fablica de empleo (OPE) de m\u00e1s de 40.000 plazas para 2024<\/b>. Como novedad, que por primera vez se<b> reserva un 10% de las plazas para las personas con discapacidad<\/b> en lugar del 7% que se reservaba hasta ahora.<\/p>\n<p>Sin duda, es una buena noticia que aplauden desde el movimiento asociativo de la <a href=\"https:\/\/www.20minutos.es\/minuteca\/discapacidad\/\" title=\"Discapacidad\" target=\"_blank\" rel=\"noopener\">discapacidad<\/a>, pero que plantea algunas dudas, sobre todo, si realmente se lograr\u00e1 aumentar la presencia de las personas con discapacidad en la administraci\u00f3n p\u00fablica cuando con el porcentaje anterior no se lograba cubrir la cuota. <b>Pepa Torres, Secretaria de la Comisi\u00f3n de Inclusi\u00f3n Laboral del <a href=\"https:\/\/www.20minutos.es\/minuteca\/cermi\/\" title=\"Cermi\" target=\"_blank\" rel=\"noopener\">CERMI<\/a><\/b>, y Secretaria general de FEACEM, <b>Federaci\u00f3n Empresarial Espa\u00f1ola de Asociaciones de Centros Especiales de Empleo<\/b>, nos responde a esta duda y plantea algunas soluciones para que esta cuota se traduzca en oportunidades reales para las personas con discapacidad. <\/p>\n<h1>Es labor del propio sector de la discapacidad difundir todas estas oportunidades de empleo, ayudarles y animarles a que se preparen las oposiciones<\/h1>\n<h1>Hay que insistir, por un lado, para que se presenten a las pruebas y, por otro, en eliminar barreras. As\u00ed se ir\u00e1n animando m\u00e1s<\/h1>\n<\/div>\n<p>Fuente: Discapacidad https:\/\/www.20minutos.es\/noticia\/5527986\/0\/pepa-torres-cermi-las-propias-personas-con-discapacidad-tienen-que-ver-empleo-publico-como-una-oportunidad-real\/<\/p>\n","protected":false},"excerpt":{"rendered":"<p>Pepa Torres es la Secretaria de la Comisi\u00f3n de Inclusi\u00f3n Laboral del CERMI.<\/p>\n","protected":false},"author":1,"featured_media":0,"comment_status":"closed","ping_status":"closed","sticky":false,"template":"","format":"standard","meta":{"footnotes":""},"categories":[8],"tags":[],"class_list":["post-10191","post","type-post","status-publish","format-standard","hentry","category-noticias"],"yoast_head":"<!-- This site is optimized with the Yoast SEO plugin v27.5 - https:\/\/yoast.com\/product\/yoast-seo-wordpress\/ -->\n<title>Pepa Torres: &quot;Las personas con discapacidad tienen que ver el empleo p\u00fablico como una oportunidad real&quot; - Asociaci\u00f3n Espa\u00f1ola S\u00edndrome de Charge<\/title>\n<meta name=\"robots\" content=\"index, follow, max-snippet:-1, max-image-preview:large, max-video-preview:-1\" \/>\n<link rel=\"canonical\" href=\"https:\/\/sindromecharge.es\/index.php\/2024\/07\/20\/pepa-torres-cermi-las-propias-personas-con-discapacidad-tienen-que-ver-empleo-publico-como-una-oportunidad-real\/\" \/>\n<meta property=\"og:locale\" content=\"es_ES\" \/>\n<meta property=\"og:type\" content=\"article\" \/>\n<meta property=\"og:title\" content=\"Pepa Torres: &quot;Las personas con discapacidad tienen que ver el empleo p\u00fablico como una oportunidad real&quot; - Asociaci\u00f3n Espa\u00f1ola S\u00edndrome de Charge\" \/>\n<meta property=\"og:description\" content=\"Pepa Torres es la Secretaria de la Comisi\u00f3n de Inclusi\u00f3n Laboral del CERMI.\" \/>\n<meta property=\"og:url\" content=\"https:\/\/sindromecharge.es\/index.php\/2024\/07\/20\/pepa-torres-cermi-las-propias-personas-con-discapacidad-tienen-que-ver-empleo-publico-como-una-oportunidad-real\/\" \/>\n<meta property=\"og:site_name\" content=\"Asociaci\u00f3n Espa\u00f1ola S\u00edndrome de Charge\" \/>\n<meta property=\"article:publisher\" content=\"https:\/\/www.facebook.com\/asociacionsindromecharge\" \/>\n<meta property=\"article:published_time\" content=\"2024-07-20T07:05:17+00:00\" \/>\n<meta property=\"og:image\" content=\"https:\/\/sindromecharge.es\/wp-content\/uploads\/2013\/09\/logodecharge300x98.png\" \/>\n\t<meta property=\"og:image:width\" content=\"300\" \/>\n\t<meta property=\"og:image:height\" content=\"98\" \/>\n\t<meta property=\"og:image:type\" content=\"image\/png\" \/>\n<meta name=\"author\" content=\"Charge\" \/>\n<meta name=\"twitter:card\" content=\"summary_large_image\" \/>\n<meta name=\"twitter:creator\" content=\"@sindromecharge\" \/>\n<meta name=\"twitter:site\" content=\"@sindromecharge\" \/>\n<meta name=\"twitter:label1\" content=\"Escrito por\" \/>\n\t<meta name=\"twitter:data1\" content=\"Charge\" \/>\n\t<meta name=\"twitter:label2\" content=\"Tiempo de lectura\" \/>\n\t<meta name=\"twitter:data2\" content=\"1 minuto\" \/>\n<script type=\"application\/ld+json\" class=\"yoast-schema-graph\">{\"@context\":\"https:\\\/\\\/schema.org\",\"@graph\":[{\"@type\":\"Article\",\"@id\":\"https:\\\/\\\/sindromecharge.es\\\/index.php\\\/2024\\\/07\\\/20\\\/pepa-torres-cermi-las-propias-personas-con-discapacidad-tienen-que-ver-empleo-publico-como-una-oportunidad-real\\\/#article\",\"isPartOf\":{\"@id\":\"https:\\\/\\\/sindromecharge.es\\\/index.php\\\/2024\\\/07\\\/20\\\/pepa-torres-cermi-las-propias-personas-con-discapacidad-tienen-que-ver-empleo-publico-como-una-oportunidad-real\\\/\"},\"author\":{\"name\":\"Charge\",\"@id\":\"https:\\\/\\\/sindromecharge.es\\\/#\\\/schema\\\/person\\\/39a60ebe0a2b4d5a11179701e336b039\"},\"headline\":\"Pepa Torres: \u00abLas personas con discapacidad tienen que ver el empleo p\u00fablico como una oportunidad real\u00bb\",\"datePublished\":\"2024-07-20T07:05:17+00:00\",\"mainEntityOfPage\":{\"@id\":\"https:\\\/\\\/sindromecharge.es\\\/index.php\\\/2024\\\/07\\\/20\\\/pepa-torres-cermi-las-propias-personas-con-discapacidad-tienen-que-ver-empleo-publico-como-una-oportunidad-real\\\/\"},\"wordCount\":238,\"articleSection\":[\"noticias\"],\"inLanguage\":\"es\"},{\"@type\":\"WebPage\",\"@id\":\"https:\\\/\\\/sindromecharge.es\\\/index.php\\\/2024\\\/07\\\/20\\\/pepa-torres-cermi-las-propias-personas-con-discapacidad-tienen-que-ver-empleo-publico-como-una-oportunidad-real\\\/\",\"url\":\"https:\\\/\\\/sindromecharge.es\\\/index.php\\\/2024\\\/07\\\/20\\\/pepa-torres-cermi-las-propias-personas-con-discapacidad-tienen-que-ver-empleo-publico-como-una-oportunidad-real\\\/\",\"name\":\"Pepa Torres: \\\"Las personas con discapacidad tienen que ver el empleo p\u00fablico como una oportunidad real\\\" - Asociaci\u00f3n Espa\u00f1ola S\u00edndrome de Charge\",\"isPartOf\":{\"@id\":\"https:\\\/\\\/sindromecharge.es\\\/#website\"},\"datePublished\":\"2024-07-20T07:05:17+00:00\",\"author\":{\"@id\":\"https:\\\/\\\/sindromecharge.es\\\/#\\\/schema\\\/person\\\/39a60ebe0a2b4d5a11179701e336b039\"},\"breadcrumb\":{\"@id\":\"https:\\\/\\\/sindromecharge.es\\\/index.php\\\/2024\\\/07\\\/20\\\/pepa-torres-cermi-las-propias-personas-con-discapacidad-tienen-que-ver-empleo-publico-como-una-oportunidad-real\\\/#breadcrumb\"},\"inLanguage\":\"es\",\"potentialAction\":[{\"@type\":\"ReadAction\",\"target\":[\"https:\\\/\\\/sindromecharge.es\\\/index.php\\\/2024\\\/07\\\/20\\\/pepa-torres-cermi-las-propias-personas-con-discapacidad-tienen-que-ver-empleo-publico-como-una-oportunidad-real\\\/\"]}]},{\"@type\":\"BreadcrumbList\",\"@id\":\"https:\\\/\\\/sindromecharge.es\\\/index.php\\\/2024\\\/07\\\/20\\\/pepa-torres-cermi-las-propias-personas-con-discapacidad-tienen-que-ver-empleo-publico-como-una-oportunidad-real\\\/#breadcrumb\",\"itemListElement\":[{\"@type\":\"ListItem\",\"position\":1,\"name\":\"Portada\",\"item\":\"https:\\\/\\\/sindromecharge.es\\\/\"},{\"@type\":\"ListItem\",\"position\":2,\"name\":\"Pepa Torres: &#8220;Las personas con discapacidad tienen que ver el empleo p\u00fablico como una oportunidad real&#8221;\"}]},{\"@type\":\"WebSite\",\"@id\":\"https:\\\/\\\/sindromecharge.es\\\/#website\",\"url\":\"https:\\\/\\\/sindromecharge.es\\\/\",\"name\":\"Asociaci\u00f3n Espa\u00f1ola S\u00edndrome de Charge\",\"description\":\"\",\"potentialAction\":[{\"@type\":\"SearchAction\",\"target\":{\"@type\":\"EntryPoint\",\"urlTemplate\":\"https:\\\/\\\/sindromecharge.es\\\/?s={search_term_string}\"},\"query-input\":{\"@type\":\"PropertyValueSpecification\",\"valueRequired\":true,\"valueName\":\"search_term_string\"}}],\"inLanguage\":\"es\"},{\"@type\":\"Person\",\"@id\":\"https:\\\/\\\/sindromecharge.es\\\/#\\\/schema\\\/person\\\/39a60ebe0a2b4d5a11179701e336b039\",\"name\":\"Charge\",\"image\":{\"@type\":\"ImageObject\",\"inLanguage\":\"es\",\"@id\":\"https:\\\/\\\/secure.gravatar.com\\\/avatar\\\/c3b46e32a0fc3b093a0873fb767bf3293de856293065e84ef06b7ec7a8acfb98?s=96&d=identicon&r=x\",\"url\":\"https:\\\/\\\/secure.gravatar.com\\\/avatar\\\/c3b46e32a0fc3b093a0873fb767bf3293de856293065e84ef06b7ec7a8acfb98?s=96&d=identicon&r=x\",\"contentUrl\":\"https:\\\/\\\/secure.gravatar.com\\\/avatar\\\/c3b46e32a0fc3b093a0873fb767bf3293de856293065e84ef06b7ec7a8acfb98?s=96&d=identicon&r=x\",\"caption\":\"Charge\"},\"url\":\"https:\\\/\\\/sindromecharge.es\\\/index.php\\\/author\\\/admin\\\/\"}]}<\/script>\n<!-- \/ Yoast SEO plugin. -->","yoast_head_json":{"title":"Pepa Torres: \"Las personas con discapacidad tienen que ver el empleo p\u00fablico como una oportunidad real\" - Asociaci\u00f3n Espa\u00f1ola S\u00edndrome de Charge","robots":{"index":"index","follow":"follow","max-snippet":"max-snippet:-1","max-image-preview":"max-image-preview:large","max-video-preview":"max-video-preview:-1"},"canonical":"https:\/\/sindromecharge.es\/index.php\/2024\/07\/20\/pepa-torres-cermi-las-propias-personas-con-discapacidad-tienen-que-ver-empleo-publico-como-una-oportunidad-real\/","og_locale":"es_ES","og_type":"article","og_title":"Pepa Torres: \"Las personas con discapacidad tienen que ver el empleo p\u00fablico como una oportunidad real\" - Asociaci\u00f3n Espa\u00f1ola S\u00edndrome de Charge","og_description":"Pepa Torres es la Secretaria de la Comisi\u00f3n de Inclusi\u00f3n Laboral del CERMI.","og_url":"https:\/\/sindromecharge.es\/index.php\/2024\/07\/20\/pepa-torres-cermi-las-propias-personas-con-discapacidad-tienen-que-ver-empleo-publico-como-una-oportunidad-real\/","og_site_name":"Asociaci\u00f3n Espa\u00f1ola S\u00edndrome de Charge","article_publisher":"https:\/\/www.facebook.com\/asociacionsindromecharge","article_published_time":"2024-07-20T07:05:17+00:00","og_image":[{"width":300,"height":98,"url":"https:\/\/sindromecharge.es\/wp-content\/uploads\/2013\/09\/logodecharge300x98.png","type":"image\/png"}],"author":"Charge","twitter_card":"summary_large_image","twitter_creator":"@sindromecharge","twitter_site":"@sindromecharge","twitter_misc":{"Escrito por":"Charge","Tiempo de lectura":"1 minuto"},"schema":{"@context":"https:\/\/schema.org","@graph":[{"@type":"Article","@id":"https:\/\/sindromecharge.es\/index.php\/2024\/07\/20\/pepa-torres-cermi-las-propias-personas-con-discapacidad-tienen-que-ver-empleo-publico-como-una-oportunidad-real\/#article","isPartOf":{"@id":"https:\/\/sindromecharge.es\/index.php\/2024\/07\/20\/pepa-torres-cermi-las-propias-personas-con-discapacidad-tienen-que-ver-empleo-publico-como-una-oportunidad-real\/"},"author":{"name":"Charge","@id":"https:\/\/sindromecharge.es\/#\/schema\/person\/39a60ebe0a2b4d5a11179701e336b039"},"headline":"Pepa Torres: \u00abLas personas con discapacidad tienen que ver el empleo p\u00fablico como una oportunidad real\u00bb","datePublished":"2024-07-20T07:05:17+00:00","mainEntityOfPage":{"@id":"https:\/\/sindromecharge.es\/index.php\/2024\/07\/20\/pepa-torres-cermi-las-propias-personas-con-discapacidad-tienen-que-ver-empleo-publico-como-una-oportunidad-real\/"},"wordCount":238,"articleSection":["noticias"],"inLanguage":"es"},{"@type":"WebPage","@id":"https:\/\/sindromecharge.es\/index.php\/2024\/07\/20\/pepa-torres-cermi-las-propias-personas-con-discapacidad-tienen-que-ver-empleo-publico-como-una-oportunidad-real\/","url":"https:\/\/sindromecharge.es\/index.php\/2024\/07\/20\/pepa-torres-cermi-las-propias-personas-con-discapacidad-tienen-que-ver-empleo-publico-como-una-oportunidad-real\/","name":"Pepa Torres: \"Las personas con discapacidad tienen que ver el empleo p\u00fablico como una oportunidad real\" - Asociaci\u00f3n Espa\u00f1ola S\u00edndrome de Charge","isPartOf":{"@id":"https:\/\/sindromecharge.es\/#website"},"datePublished":"2024-07-20T07:05:17+00:00","author":{"@id":"https:\/\/sindromecharge.es\/#\/schema\/person\/39a60ebe0a2b4d5a11179701e336b039"},"breadcrumb":{"@id":"https:\/\/sindromecharge.es\/index.php\/2024\/07\/20\/pepa-torres-cermi-las-propias-personas-con-discapacidad-tienen-que-ver-empleo-publico-como-una-oportunidad-real\/#breadcrumb"},"inLanguage":"es","potentialAction":[{"@type":"ReadAction","target":["https:\/\/sindromecharge.es\/index.php\/2024\/07\/20\/pepa-torres-cermi-las-propias-personas-con-discapacidad-tienen-que-ver-empleo-publico-como-una-oportunidad-real\/"]}]},{"@type":"BreadcrumbList","@id":"https:\/\/sindromecharge.es\/index.php\/2024\/07\/20\/pepa-torres-cermi-las-propias-personas-con-discapacidad-tienen-que-ver-empleo-publico-como-una-oportunidad-real\/#breadcrumb","itemListElement":[{"@type":"ListItem","position":1,"name":"Portada","item":"https:\/\/sindromecharge.es\/"},{"@type":"ListItem","position":2,"name":"Pepa Torres: &#8220;Las personas con discapacidad tienen que ver el empleo p\u00fablico como una oportunidad real&#8221;"}]},{"@type":"WebSite","@id":"https:\/\/sindromecharge.es\/#website","url":"https:\/\/sindromecharge.es\/","name":"Asociaci\u00f3n Espa\u00f1ola S\u00edndrome de Charge","description":"","potentialAction":[{"@type":"SearchAction","target":{"@type":"EntryPoint","urlTemplate":"https:\/\/sindromecharge.es\/?s={search_term_string}"},"query-input":{"@type":"PropertyValueSpecification","valueRequired":true,"valueName":"search_term_string"}}],"inLanguage":"es"},{"@type":"Person","@id":"https:\/\/sindromecharge.es\/#\/schema\/person\/39a60ebe0a2b4d5a11179701e336b039","name":"Charge","image":{"@type":"ImageObject","inLanguage":"es","@id":"https:\/\/secure.gravatar.com\/avatar\/c3b46e32a0fc3b093a0873fb767bf3293de856293065e84ef06b7ec7a8acfb98?s=96&d=identicon&r=x","url":"https:\/\/secure.gravatar.com\/avatar\/c3b46e32a0fc3b093a0873fb767bf3293de856293065e84ef06b7ec7a8acfb98?s=96&d=identicon&r=x","contentUrl":"https:\/\/secure.gravatar.com\/avatar\/c3b46e32a0fc3b093a0873fb767bf3293de856293065e84ef06b7ec7a8acfb98?s=96&d=identicon&r=x","caption":"Charge"},"url":"https:\/\/sindromecharge.es\/index.php\/author\/admin\/"}]}},"_links":{"self":[{"href":"https:\/\/sindromecharge.es\/index.php\/wp-json\/wp\/v2\/posts\/10191","targetHints":{"allow":["GET"]}}],"collection":[{"href":"https:\/\/sindromecharge.es\/index.php\/wp-json\/wp\/v2\/posts"}],"about":[{"href":"https:\/\/sindromecharge.es\/index.php\/wp-json\/wp\/v2\/types\/post"}],"author":[{"embeddable":true,"href":"https:\/\/sindromecharge.es\/index.php\/wp-json\/wp\/v2\/users\/1"}],"replies":[{"embeddable":true,"href":"https:\/\/sindromecharge.es\/index.php\/wp-json\/wp\/v2\/comments?post=10191"}],"version-history":[{"count":0,"href":"https:\/\/sindromecharge.es\/index.php\/wp-json\/wp\/v2\/posts\/10191\/revisions"}],"wp:attachment":[{"href":"https:\/\/sindromecharge.es\/index.php\/wp-json\/wp\/v2\/media?parent=10191"}],"wp:term":[{"taxonomy":"category","embeddable":true,"href":"https:\/\/sindromecharge.es\/index.php\/wp-json\/wp\/v2\/categories?post=10191"},{"taxonomy":"post_tag","embeddable":true,"href":"https:\/\/sindromecharge.es\/index.php\/wp-json\/wp\/v2\/tags?post=10191"}],"curies":[{"name":"wp","href":"https:\/\/api.w.org\/{rel}","templated":true}]}}