{"id":10190,"date":"2024-07-20T07:04:39","date_gmt":"2024-07-20T07:04:39","guid":{"rendered":"https:\/\/sindromecharge.es\/index.php\/2024\/07\/20\/empleo-publico-discapacidad-mucho-mas-que-una-cuota-tiene-que-acompanarse-medidas-que-permitan-acceder\/"},"modified":"2024-07-20T07:04:39","modified_gmt":"2024-07-20T07:04:39","slug":"empleo-publico-discapacidad-mucho-mas-que-una-cuota-tiene-que-acompanarse-medidas-que-permitan-acceder","status":"publish","type":"post","link":"https:\/\/sindromecharge.es\/index.php\/2024\/07\/20\/empleo-publico-discapacidad-mucho-mas-que-una-cuota-tiene-que-acompanarse-medidas-que-permitan-acceder\/","title":{"rendered":"Cuotas de empleo p\u00fablico y discapacidad: \u00abHay que favorecer pruebas en igualdad de condiciones\u00bb"},"content":{"rendered":"<p>Leemos en Discapacidad la siguiente noticia que os reproducimos de forma \u00edntegra: <\/p>\n<div>\n<p>A principios del mes de julio se aprob\u00f3 una<b> oferta p\u00fablica de empleo (OPE) de m\u00e1s de 40.000 plazas<\/b>, la primera en la que se <b><a href=\"https:\/\/www.20minutos.es\/noticia\/5526991\/0\/empleo-publico-10-de-plazas-para-personas-discapacidad-historia-como-por-que\/\" title=\"Qu\u00e9 hay detr\u00e1s de la oferta de empleo p\u00fablico con una reserva hist\u00f3rica del 10% de plazas para personas con discapacidad\" target=\"_blank\" rel=\"noopener\">reserva un 10% de estas plazas para las personas con discapacidad<\/a><\/b>. Se trata de un aumento del 3% con relaci\u00f3n al porcentaje de reserva anterior, y una subida, aunque bien recibida, pues est\u00e1 destinada a favorecer la inclusi\u00f3n laboral de las personas con discapacidad, no est\u00e1 exenta de cierta pol\u00e9mica, ya que, con anterior porcentaje del 7% <b>no se llegaban a cubrir todas las plazas<\/b>. De hecho, en la \u00faltima convocatoria s\u00f3lo se cubrieron el 56% de las plazas reservadas para las personas con <a href=\"https:\/\/www.20minutos.es\/minuteca\/discapacidad\/\" title=\"Discapacidad\" target=\"_blank\" rel=\"noopener\">discapacidad<\/a>.<\/p>\n<p>\u00bfServir\u00e1 entonces este aumento de reserva para aumentar la presencia de las personas con discapacidad en la administraci\u00f3n p\u00fablica? Desde <b><a href=\"https:\/\/www.20minutos.es\/minuteca\/cermi\/\" title=\"Cermi\" target=\"_blank\" rel=\"noopener\">Cermi<\/a>, Plena Inclusi\u00f3n Espa\u00f1a y la Fundaci\u00f3n Adecco <\/b>coinciden en que, para que as\u00ed sea, este aumento de cuota de reserva deber\u00eda ir acompa\u00f1ada de <b>medidas que favorezcan la participaci\u00f3n<\/b> de estas personas en los procesos de selecci\u00f3n, de mayores medidas de <a href=\"https:\/\/www.20minutos.es\/minuteca\/accesibilidad\/\" title=\"Accesibilidad\" target=\"_blank\" rel=\"noopener\">accesibilidad <\/a>o de otras cuestiones menos tangibles, como un cambio de mentalidad.<\/p>\n<h2>Una medida bien recibida, pero que no afecta a todos<\/h2>\n<p>Es dif\u00edcil manifestarse en contra de una medida destinada a fomentar el empleo de las personas con discapacidad, por eso, desde el tercer sector mostraron, ya desde su aprobaci\u00f3n hace unos meses, su conformidad con la medida, \u00abla valoramos muy positivamente, porque en los \u00faltimos a\u00f1os se est\u00e1 avanzando mucho en la parte del empleo p\u00fablico, y la subida del 7 al 10% era una demanda que ten\u00eda el sector. Creemos que medidas como esta har\u00e1n que, <b>poco a poco, se incremente la participaci\u00f3n<\/b> de las personas con discapacidad en Administraci\u00f3n p\u00fablica\u201d, asegura Pepa Torres, Secretaria de la Comisi\u00f3n de Inclusi\u00f3n Laboral del CERMI.<\/p>\n<p>Desde Plena Inclusi\u00f3n, como declara Silvia Mu\u00f1oz Responsable de empleo inclusivo, tambi\u00e9n la valoran positivamente, pero recuerda que esta subida en concreto no afecta a todos por igual, pues se ha dejado como estaba la reserva espec\u00edfica para personas con<a href=\"https:\/\/www.20minutos.es\/minuteca\/discapacidad-intelectual\/\" title=\"Discapacidad intelectual\" target=\"_blank\" rel=\"noopener\"> discapacidad intelectual<\/a>, que es del 2%, \u00abnos parece que es una oportunidad muy importante, lo aplaudimos porque<b> la situaci\u00f3n del empleo de las personas con discapacidad lo requiere<\/b>, pero lo cierto es que a las personas con discapacidad intelectual no les afecta, porque<b> no se ha elevado del 2 al 3% la subcouta<\/b> para las personas con discapacidad intelectual, que era lo que ped\u00edamos, porque su tasa de empleo es del 23,8%, con lo cual todav\u00eda hay que generar un mont\u00f3n de pol\u00edticas para favorecer su acceso al empleo\u00bb, asegura.<\/p>\n<p>Desde el sector privado, en concreto desde la<b> Fundaci\u00f3n Adecco<\/b>, tambi\u00e9n lo valoran positivamente por ser \u00abun signo del compromiso cada vez mayor de las Administraciones con la plena inclusi\u00f3n de personas con discapacidad, y un reflejo de c\u00f3mo la sociedad demanda un <b>mercado laboral m\u00e1s diverso e inclusivo<\/b>\u00ab. <\/p>\n<p>Sin embargo, en palabras de su director general, <b>Francisco Mesonero<\/b>, se trata de un porcentaje demasiado ambicioso teniendo en cuenta, por un lado, las dificultades que ya exist\u00edan dificultades para llegar al 7% y comparando esta cuota con la existente en otros pa\u00edses como <a href=\"https:\/\/www.20minutos.es\/minuteca\/francia\/\" title=\"Francia\">Francia<\/a> (6%) o <a href=\"https:\/\/www.20minutos.es\/minuteca\/alemania\/\" title=\"Alemania\">Alemania<\/a> (5%), \u00abhay que preguntarse si este 10% est\u00e1 al alcance de los recursos, tiempo y capacidad de las instituciones, y, en todo caso, adoptar una perspectiva realista y pragm\u00e1tica\u00bb. <\/p>\n<h1>Hay que preguntarse si este 10% est\u00e1 al alcance de los recursos, tiempo y capacidad de las instituciones, y, en todo caso, adoptar una perspectiva realista y pragm\u00e1tica<\/h1>\n<h2>Elevar cuotas vs. eliminar barreras<\/h2>\n<p>Reservar un porcentaje de las plazas para que las personas con discapacidad accedan al empleo, tanto el p\u00fablico como el privado, funciona y crea oportunidades, pero todos los expertos coinciden en que <b>por s\u00ed solas, las cuotas no son ni mucho menos suficiente<\/b>, porque la realidad es que las personas con discapacidad<b> se siguen encontrando con innumerables barreras<\/b> para acceder al empleo p\u00fablico, \u00abla cuota de discapacidad intelectual ha funcionado porque nos ha permitido incluir las adaptaciones que consider\u00e1bamos necesarias. Sin ellas, habr\u00eda dado igual que tuvi\u00e9ramos su cuota, por eso las cuotas siempre tienen que ir acompa\u00f1adas de medidas que permitan que la persona pueda acceder al puesto de trabajo, porque si no, no sirve para todos, y la idea es que todos tengan las mismas oportunidades\u00bb, recuerda Silvia Mu\u00f1oz.<\/p>\n<p>Eliminando barreras, se mejorar\u00eda el acceso, el n\u00famero de personas con discapacidad que aprobar\u00eda las pruebas y, lo que es a\u00fan m\u00e1s importante, el n\u00famero de personas con discapacidad que se presentar\u00eda a las pruebas de acceso porque lo ver\u00eda una posibilidad real. Para ello,<b> todav\u00eda habr\u00eda que cambiar muchas cosas, como la legislaci\u00f3n<\/b>, \u00abconcretamente la Orden Ministerial de medios y tiempos para que de verdad favoreciera que las pruebas se hagan en igualdad de condiciones. Desde Cermi pensamos que deber\u00eda contemplar adaptaciones y tiempos extra en algunas circunstancias, tener en cuenta las dificultades que entra\u00f1an determinadas discapacidades, contemplar en los medios discapacidades y patolog\u00edas que antes no estaban\u2026\u00bb, asegura Pepa Torres.<\/p>\n<p>Desde Cermi reconocen que hay muchas problem\u00e1ticas que a\u00fan se siguen produciendo y que se convierten en barreras, muchas veces infranqueables, como \u00abel tema de los aud\u00edfonos -no deja utilizarlos en algunas pruebas-, que aprueben tras mucho esfuerzo y no logren plaza porque se considere que no podr\u00e1n realizar el trabajo, el miedo a que los procesos no sean accesibles, la<b> falta de becas espec\u00edficas<\/b>, la falta de accesibilidad de la mayor\u00eda de academias\u2026 todo eso crea mucha frustraci\u00f3n y provoca que las personas con discapacidad no vean el empleo p\u00fablico como una posibilidad real y no se presenten\u00bb, asegura Torres. Para solucionar esto, adem\u00e1s de garantizar el acceso, cree que adem\u00e1s hay que animarles, \u00ab<b>tenemos que decirles que el esfuerzo va a merecer la pena<\/b>, que el empleo publico es una oportunidad real para ellos\u00bb, asegura.<\/p>\n<p>Silvia Mu\u00f1oz asegura que, en el caso de las personas con discapacidad intelectual, las barreras tambi\u00e9n siguen siendo muchas. Algunas de ellas, pueden parecer nimias desde fuera, pero influyen mucho a la hora de crear barreras, como \u00abno saber las fechas del examen ni las plazas reservadas hasta poco tiempo antes, tener poco tiempo para inscribirse, que <b>el proceso sea muy burocr\u00e1tico<\/b>, que solo se pueda hacer on line, no tener expl\u00edcitamente el temario\u2026 Al final son las mismas barreras que cualquier opositor, pero multiplicadas por que tenga una discapacidad\u00bb, insiste.<\/p>\n<h1>Las cuotas siempre tienen que ir acompa\u00f1adas de medidas que permitan que la persona pueda acceder al puesto de trabajo, si no, no sirven<\/h1>\n<p>La prueba de que la falta de accesibilidad y otras barreras son el principal escoyo es que, <b>cuando se eliminan estas barreras, las personas con discapacidad acceden<\/b> y, se cubren las plazas, algo que ocurre en la mayor\u00eda de las convocatorias para personas con discapacidad. Pero muchas de estas barreras se derriban porque<b> las entidades est\u00e1n detr\u00e1s<\/b>, \u00abdesde las entidades, nos encargamos en muchos casos de informarles de las convocatorias -tenemos una app-, de prepararlos, darles clase, ayudares con la inscripci\u00f3n, de adaptar temarios a <a href=\"https:\/\/www.20minutos.es\/minuteca\/lectura-facil\/\" title=\"Lectura f\u00e1cil\" target=\"_blank\" rel=\"noopener\">lectura f\u00e1cil<\/a>. Gracias a esto -a\u00f1ade Mu\u00f1oz- las plazas reservadas para intelectual se cubren, se presentan muchos -15 o 20 por plaza- y aprueban\u00bb. <\/p>\n<p>Las pocas veces que no se cubren es, creen desde Plena Inclusi\u00f3n, porque piden una formaci\u00f3n a la que muy poca gente con discapacidad intelectual puede acceder, como la superior, \u00absi se tiene en cuenta a<b> qu\u00e9 formaci\u00f3n est\u00e1 accediendo a las personas con discapacidad<\/b> intelectual, y todo el proceso es accesible, pues normalmente s\u00ed que se est\u00e1n cubriendo las plazas\u00bb, a\u00f1ade.<\/p>\n<h2>Que no se olviden del empleo privado<\/h2>\n<p>Desde Fundaci\u00f3n Adecco, tambien creen que hay otros escoyos que dificultan el acceso de las personas con discapacidad al empleo p\u00fablico, como la<b> falta de sensibilizaci\u00f3n<\/b>, por ello, como plantea su presidente, \u00abresulta fundamental acompa\u00f1ar la cuota de un trabajo de sensibilizaci\u00f3n que conduzca al<b> cambio de mentalidad<\/b>. En otras palabras, la obligaci\u00f3n legal debe complementarse con f\u00f3rmulas que flexibilicen y favorezcan su cumplimiento, preparando a las instituciones para dar respuesta a ese 10% desde el convencimiento y no desde la imposici\u00f3n. La colaboraci\u00f3n p\u00fablico-privada es un instrumento esencial para abordar este reto con diligencia\u00bb. <\/p>\n<p>En este sentido, considera que es vital que se cuente con la empresa privada, \u00ablas pol\u00edticas de Diversidad, Equidad e <a href=\"https:\/\/www.20minutos.es\/minuteca\/inclusion\/\" title=\"Inclusi\u00f3n\" target=\"_blank\" rel=\"noopener\">Inclusi\u00f3n<\/a> que se est\u00e1n desarrollando en el \u00e1mbito privado pueden inspirar mucho los modelos que se implementen en la Administraci\u00f3n P\u00fablica\u00bb.<\/p>\n<h1>Las pol\u00edticas de Diversidad e Inclusi\u00f3n que se est\u00e1n desarrollando en el \u00e1mbito privado pueden inspirar  los modelos que se implementen en la Administraci\u00f3n P\u00fablica<\/h1>\n<p>Algunas ideas que ser\u00edan de gran ayuda y que ya se llevan a cabo en la empresa privada son, por ejemplo, \u00abprogramas de sensibilizaci\u00f3n, formando para desarrollar<b> procesos de selecci\u00f3n inclusivos<\/b> o un seguimiento y una evaluaci\u00f3n continua para asegurar, no solo que se cumple el porcentaje, sino que las personas con discapacidad<b> pueden desarrollar carreras sostenibles en el tiempo<\/b>, en empleos en los que aporten su talento\u00bb, asegura.<\/p>\n<p>En este sentido, como recuerda Francisco Mesonero, \u00abse ha hablado de la creaci\u00f3n de <b>unidades de inclusi\u00f3n de personas con discapacidad en los departamentos ministeriales<\/b>, una figura que va a ser clara y decisiva para que la cuota no quede en una acci\u00f3n simb\u00f3lica o fracase en el proceso de inclusi\u00f3n\u00bb. Tambi\u00e9n, como a\u00f1ade Silvia Mu\u00f1oz, ser\u00eda de gran ayuda la figura del <b>preparador laboral<\/b> en la administraci\u00f3n p\u00fablica, \u00abuna figura que est\u00e1 dando muy buenos resultados en la privada\u00bb. <\/p>\n<p>Francisco Mesonero pide tambi\u00e9n que la elevaci\u00f3n de la reserva de empleo para personas con discapacidad <b>no se convierta en un \u2018desincentivo\u2019 de la inclusi\u00f3n laboral en la empresa privada<\/b>, necesaria para lograr una inclusi\u00f3n real, \u00abes importante garantizar la presencia de profesionales con discapacidad en la esfera empresarial, puesto que visibilizan realidades diferentes que tienen que estar representadas en todos los \u00e1mbitos\u00bb, concluye.<\/p>\n<p>En la actualidad, lo que se exige a las empresas privadas de m\u00e1s de 50 trabajadores es el 2%, precisamente el porcentaje al que esperan llegar en la administraci\u00f3n p\u00fablica con la subida de esta reserva. Que se llegue o no y cu\u00e1ndo depender\u00e1, como recuerda Pepa Torres, de muchos factores, \u00abde la cuota, de la sensibilizaci\u00f3n, de las adaptaciones&#8230; pero, sobre todo, de que salgan plazas, porque si no salen, da igual el porcentaje que se reserve\u00bb. <\/p>\n<\/div>\n<p>Fuente: Discapacidad https:\/\/www.20minutos.es\/noticia\/5531388\/0\/empleo-publico-discapacidad-mucho-mas-que-una-cuota-tiene-que-acompanarse-medidas-que-permitan-acceder\/<\/p>\n","protected":false},"excerpt":{"rendered":"<p>Tanto el tercer sector como la empresa privada creen que una cuota, por s\u00ed sola, no es suficiente.<\/p>\n","protected":false},"author":1,"featured_media":0,"comment_status":"closed","ping_status":"closed","sticky":false,"template":"","format":"standard","meta":{"footnotes":""},"categories":[8],"tags":[],"class_list":["post-10190","post","type-post","status-publish","format-standard","hentry","category-noticias"],"yoast_head":"<!-- This site is optimized with the Yoast SEO plugin v27.5 - https:\/\/yoast.com\/product\/yoast-seo-wordpress\/ -->\n<title>Cuotas de empleo p\u00fablico y discapacidad: &quot;Hay que favorecer pruebas en igualdad de condiciones&quot; - Asociaci\u00f3n Espa\u00f1ola S\u00edndrome de Charge<\/title>\n<meta name=\"robots\" content=\"index, follow, max-snippet:-1, max-image-preview:large, max-video-preview:-1\" \/>\n<link rel=\"canonical\" href=\"https:\/\/sindromecharge.es\/index.php\/2024\/07\/20\/empleo-publico-discapacidad-mucho-mas-que-una-cuota-tiene-que-acompanarse-medidas-que-permitan-acceder\/\" \/>\n<meta property=\"og:locale\" content=\"es_ES\" \/>\n<meta property=\"og:type\" content=\"article\" \/>\n<meta property=\"og:title\" content=\"Cuotas de empleo p\u00fablico y discapacidad: &quot;Hay que favorecer pruebas en igualdad de condiciones&quot; - Asociaci\u00f3n Espa\u00f1ola S\u00edndrome de Charge\" \/>\n<meta property=\"og:description\" content=\"Tanto el tercer sector como la empresa privada creen que una cuota, por s\u00ed sola, no es suficiente.\" \/>\n<meta property=\"og:url\" content=\"https:\/\/sindromecharge.es\/index.php\/2024\/07\/20\/empleo-publico-discapacidad-mucho-mas-que-una-cuota-tiene-que-acompanarse-medidas-que-permitan-acceder\/\" \/>\n<meta property=\"og:site_name\" content=\"Asociaci\u00f3n Espa\u00f1ola S\u00edndrome de Charge\" \/>\n<meta property=\"article:publisher\" content=\"https:\/\/www.facebook.com\/asociacionsindromecharge\" \/>\n<meta property=\"article:published_time\" content=\"2024-07-20T07:04:39+00:00\" \/>\n<meta property=\"og:image\" content=\"https:\/\/sindromecharge.es\/wp-content\/uploads\/2013\/09\/logodecharge300x98.png\" \/>\n\t<meta property=\"og:image:width\" content=\"300\" \/>\n\t<meta property=\"og:image:height\" content=\"98\" \/>\n\t<meta property=\"og:image:type\" content=\"image\/png\" \/>\n<meta name=\"author\" content=\"Charge\" \/>\n<meta name=\"twitter:card\" content=\"summary_large_image\" \/>\n<meta name=\"twitter:creator\" content=\"@sindromecharge\" \/>\n<meta name=\"twitter:site\" content=\"@sindromecharge\" \/>\n<meta name=\"twitter:label1\" content=\"Escrito por\" \/>\n\t<meta name=\"twitter:data1\" content=\"Charge\" \/>\n\t<meta name=\"twitter:label2\" content=\"Tiempo de lectura\" \/>\n\t<meta name=\"twitter:data2\" content=\"9 minutos\" \/>\n<script type=\"application\/ld+json\" class=\"yoast-schema-graph\">{\"@context\":\"https:\\\/\\\/schema.org\",\"@graph\":[{\"@type\":\"Article\",\"@id\":\"https:\\\/\\\/sindromecharge.es\\\/index.php\\\/2024\\\/07\\\/20\\\/empleo-publico-discapacidad-mucho-mas-que-una-cuota-tiene-que-acompanarse-medidas-que-permitan-acceder\\\/#article\",\"isPartOf\":{\"@id\":\"https:\\\/\\\/sindromecharge.es\\\/index.php\\\/2024\\\/07\\\/20\\\/empleo-publico-discapacidad-mucho-mas-que-una-cuota-tiene-que-acompanarse-medidas-que-permitan-acceder\\\/\"},\"author\":{\"name\":\"Charge\",\"@id\":\"https:\\\/\\\/sindromecharge.es\\\/#\\\/schema\\\/person\\\/39a60ebe0a2b4d5a11179701e336b039\"},\"headline\":\"Cuotas de empleo p\u00fablico y discapacidad: \u00abHay que favorecer pruebas en igualdad de condiciones\u00bb\",\"datePublished\":\"2024-07-20T07:04:39+00:00\",\"mainEntityOfPage\":{\"@id\":\"https:\\\/\\\/sindromecharge.es\\\/index.php\\\/2024\\\/07\\\/20\\\/empleo-publico-discapacidad-mucho-mas-que-una-cuota-tiene-que-acompanarse-medidas-que-permitan-acceder\\\/\"},\"wordCount\":1863,\"articleSection\":[\"noticias\"],\"inLanguage\":\"es\"},{\"@type\":\"WebPage\",\"@id\":\"https:\\\/\\\/sindromecharge.es\\\/index.php\\\/2024\\\/07\\\/20\\\/empleo-publico-discapacidad-mucho-mas-que-una-cuota-tiene-que-acompanarse-medidas-que-permitan-acceder\\\/\",\"url\":\"https:\\\/\\\/sindromecharge.es\\\/index.php\\\/2024\\\/07\\\/20\\\/empleo-publico-discapacidad-mucho-mas-que-una-cuota-tiene-que-acompanarse-medidas-que-permitan-acceder\\\/\",\"name\":\"Cuotas de empleo p\u00fablico y discapacidad: \\\"Hay que favorecer pruebas en igualdad de condiciones\\\" - Asociaci\u00f3n Espa\u00f1ola S\u00edndrome de Charge\",\"isPartOf\":{\"@id\":\"https:\\\/\\\/sindromecharge.es\\\/#website\"},\"datePublished\":\"2024-07-20T07:04:39+00:00\",\"author\":{\"@id\":\"https:\\\/\\\/sindromecharge.es\\\/#\\\/schema\\\/person\\\/39a60ebe0a2b4d5a11179701e336b039\"},\"breadcrumb\":{\"@id\":\"https:\\\/\\\/sindromecharge.es\\\/index.php\\\/2024\\\/07\\\/20\\\/empleo-publico-discapacidad-mucho-mas-que-una-cuota-tiene-que-acompanarse-medidas-que-permitan-acceder\\\/#breadcrumb\"},\"inLanguage\":\"es\",\"potentialAction\":[{\"@type\":\"ReadAction\",\"target\":[\"https:\\\/\\\/sindromecharge.es\\\/index.php\\\/2024\\\/07\\\/20\\\/empleo-publico-discapacidad-mucho-mas-que-una-cuota-tiene-que-acompanarse-medidas-que-permitan-acceder\\\/\"]}]},{\"@type\":\"BreadcrumbList\",\"@id\":\"https:\\\/\\\/sindromecharge.es\\\/index.php\\\/2024\\\/07\\\/20\\\/empleo-publico-discapacidad-mucho-mas-que-una-cuota-tiene-que-acompanarse-medidas-que-permitan-acceder\\\/#breadcrumb\",\"itemListElement\":[{\"@type\":\"ListItem\",\"position\":1,\"name\":\"Portada\",\"item\":\"https:\\\/\\\/sindromecharge.es\\\/\"},{\"@type\":\"ListItem\",\"position\":2,\"name\":\"Cuotas de empleo p\u00fablico y discapacidad: &#8220;Hay que favorecer pruebas en igualdad de condiciones&#8221;\"}]},{\"@type\":\"WebSite\",\"@id\":\"https:\\\/\\\/sindromecharge.es\\\/#website\",\"url\":\"https:\\\/\\\/sindromecharge.es\\\/\",\"name\":\"Asociaci\u00f3n Espa\u00f1ola S\u00edndrome de Charge\",\"description\":\"\",\"potentialAction\":[{\"@type\":\"SearchAction\",\"target\":{\"@type\":\"EntryPoint\",\"urlTemplate\":\"https:\\\/\\\/sindromecharge.es\\\/?s={search_term_string}\"},\"query-input\":{\"@type\":\"PropertyValueSpecification\",\"valueRequired\":true,\"valueName\":\"search_term_string\"}}],\"inLanguage\":\"es\"},{\"@type\":\"Person\",\"@id\":\"https:\\\/\\\/sindromecharge.es\\\/#\\\/schema\\\/person\\\/39a60ebe0a2b4d5a11179701e336b039\",\"name\":\"Charge\",\"image\":{\"@type\":\"ImageObject\",\"inLanguage\":\"es\",\"@id\":\"https:\\\/\\\/secure.gravatar.com\\\/avatar\\\/c3b46e32a0fc3b093a0873fb767bf3293de856293065e84ef06b7ec7a8acfb98?s=96&d=identicon&r=x\",\"url\":\"https:\\\/\\\/secure.gravatar.com\\\/avatar\\\/c3b46e32a0fc3b093a0873fb767bf3293de856293065e84ef06b7ec7a8acfb98?s=96&d=identicon&r=x\",\"contentUrl\":\"https:\\\/\\\/secure.gravatar.com\\\/avatar\\\/c3b46e32a0fc3b093a0873fb767bf3293de856293065e84ef06b7ec7a8acfb98?s=96&d=identicon&r=x\",\"caption\":\"Charge\"},\"url\":\"https:\\\/\\\/sindromecharge.es\\\/index.php\\\/author\\\/admin\\\/\"}]}<\/script>\n<!-- \/ Yoast SEO plugin. -->","yoast_head_json":{"title":"Cuotas de empleo p\u00fablico y discapacidad: \"Hay que favorecer pruebas en igualdad de condiciones\" - Asociaci\u00f3n Espa\u00f1ola S\u00edndrome de Charge","robots":{"index":"index","follow":"follow","max-snippet":"max-snippet:-1","max-image-preview":"max-image-preview:large","max-video-preview":"max-video-preview:-1"},"canonical":"https:\/\/sindromecharge.es\/index.php\/2024\/07\/20\/empleo-publico-discapacidad-mucho-mas-que-una-cuota-tiene-que-acompanarse-medidas-que-permitan-acceder\/","og_locale":"es_ES","og_type":"article","og_title":"Cuotas de empleo p\u00fablico y discapacidad: \"Hay que favorecer pruebas en igualdad de condiciones\" - Asociaci\u00f3n Espa\u00f1ola S\u00edndrome de Charge","og_description":"Tanto el tercer sector como la empresa privada creen que una cuota, por s\u00ed sola, no es suficiente.","og_url":"https:\/\/sindromecharge.es\/index.php\/2024\/07\/20\/empleo-publico-discapacidad-mucho-mas-que-una-cuota-tiene-que-acompanarse-medidas-que-permitan-acceder\/","og_site_name":"Asociaci\u00f3n Espa\u00f1ola S\u00edndrome de Charge","article_publisher":"https:\/\/www.facebook.com\/asociacionsindromecharge","article_published_time":"2024-07-20T07:04:39+00:00","og_image":[{"width":300,"height":98,"url":"https:\/\/sindromecharge.es\/wp-content\/uploads\/2013\/09\/logodecharge300x98.png","type":"image\/png"}],"author":"Charge","twitter_card":"summary_large_image","twitter_creator":"@sindromecharge","twitter_site":"@sindromecharge","twitter_misc":{"Escrito por":"Charge","Tiempo de lectura":"9 minutos"},"schema":{"@context":"https:\/\/schema.org","@graph":[{"@type":"Article","@id":"https:\/\/sindromecharge.es\/index.php\/2024\/07\/20\/empleo-publico-discapacidad-mucho-mas-que-una-cuota-tiene-que-acompanarse-medidas-que-permitan-acceder\/#article","isPartOf":{"@id":"https:\/\/sindromecharge.es\/index.php\/2024\/07\/20\/empleo-publico-discapacidad-mucho-mas-que-una-cuota-tiene-que-acompanarse-medidas-que-permitan-acceder\/"},"author":{"name":"Charge","@id":"https:\/\/sindromecharge.es\/#\/schema\/person\/39a60ebe0a2b4d5a11179701e336b039"},"headline":"Cuotas de empleo p\u00fablico y discapacidad: \u00abHay que favorecer pruebas en igualdad de condiciones\u00bb","datePublished":"2024-07-20T07:04:39+00:00","mainEntityOfPage":{"@id":"https:\/\/sindromecharge.es\/index.php\/2024\/07\/20\/empleo-publico-discapacidad-mucho-mas-que-una-cuota-tiene-que-acompanarse-medidas-que-permitan-acceder\/"},"wordCount":1863,"articleSection":["noticias"],"inLanguage":"es"},{"@type":"WebPage","@id":"https:\/\/sindromecharge.es\/index.php\/2024\/07\/20\/empleo-publico-discapacidad-mucho-mas-que-una-cuota-tiene-que-acompanarse-medidas-que-permitan-acceder\/","url":"https:\/\/sindromecharge.es\/index.php\/2024\/07\/20\/empleo-publico-discapacidad-mucho-mas-que-una-cuota-tiene-que-acompanarse-medidas-que-permitan-acceder\/","name":"Cuotas de empleo p\u00fablico y discapacidad: \"Hay que favorecer pruebas en igualdad de condiciones\" - Asociaci\u00f3n Espa\u00f1ola S\u00edndrome de Charge","isPartOf":{"@id":"https:\/\/sindromecharge.es\/#website"},"datePublished":"2024-07-20T07:04:39+00:00","author":{"@id":"https:\/\/sindromecharge.es\/#\/schema\/person\/39a60ebe0a2b4d5a11179701e336b039"},"breadcrumb":{"@id":"https:\/\/sindromecharge.es\/index.php\/2024\/07\/20\/empleo-publico-discapacidad-mucho-mas-que-una-cuota-tiene-que-acompanarse-medidas-que-permitan-acceder\/#breadcrumb"},"inLanguage":"es","potentialAction":[{"@type":"ReadAction","target":["https:\/\/sindromecharge.es\/index.php\/2024\/07\/20\/empleo-publico-discapacidad-mucho-mas-que-una-cuota-tiene-que-acompanarse-medidas-que-permitan-acceder\/"]}]},{"@type":"BreadcrumbList","@id":"https:\/\/sindromecharge.es\/index.php\/2024\/07\/20\/empleo-publico-discapacidad-mucho-mas-que-una-cuota-tiene-que-acompanarse-medidas-que-permitan-acceder\/#breadcrumb","itemListElement":[{"@type":"ListItem","position":1,"name":"Portada","item":"https:\/\/sindromecharge.es\/"},{"@type":"ListItem","position":2,"name":"Cuotas de empleo p\u00fablico y discapacidad: &#8220;Hay que favorecer pruebas en igualdad de condiciones&#8221;"}]},{"@type":"WebSite","@id":"https:\/\/sindromecharge.es\/#website","url":"https:\/\/sindromecharge.es\/","name":"Asociaci\u00f3n Espa\u00f1ola S\u00edndrome de Charge","description":"","potentialAction":[{"@type":"SearchAction","target":{"@type":"EntryPoint","urlTemplate":"https:\/\/sindromecharge.es\/?s={search_term_string}"},"query-input":{"@type":"PropertyValueSpecification","valueRequired":true,"valueName":"search_term_string"}}],"inLanguage":"es"},{"@type":"Person","@id":"https:\/\/sindromecharge.es\/#\/schema\/person\/39a60ebe0a2b4d5a11179701e336b039","name":"Charge","image":{"@type":"ImageObject","inLanguage":"es","@id":"https:\/\/secure.gravatar.com\/avatar\/c3b46e32a0fc3b093a0873fb767bf3293de856293065e84ef06b7ec7a8acfb98?s=96&d=identicon&r=x","url":"https:\/\/secure.gravatar.com\/avatar\/c3b46e32a0fc3b093a0873fb767bf3293de856293065e84ef06b7ec7a8acfb98?s=96&d=identicon&r=x","contentUrl":"https:\/\/secure.gravatar.com\/avatar\/c3b46e32a0fc3b093a0873fb767bf3293de856293065e84ef06b7ec7a8acfb98?s=96&d=identicon&r=x","caption":"Charge"},"url":"https:\/\/sindromecharge.es\/index.php\/author\/admin\/"}]}},"_links":{"self":[{"href":"https:\/\/sindromecharge.es\/index.php\/wp-json\/wp\/v2\/posts\/10190","targetHints":{"allow":["GET"]}}],"collection":[{"href":"https:\/\/sindromecharge.es\/index.php\/wp-json\/wp\/v2\/posts"}],"about":[{"href":"https:\/\/sindromecharge.es\/index.php\/wp-json\/wp\/v2\/types\/post"}],"author":[{"embeddable":true,"href":"https:\/\/sindromecharge.es\/index.php\/wp-json\/wp\/v2\/users\/1"}],"replies":[{"embeddable":true,"href":"https:\/\/sindromecharge.es\/index.php\/wp-json\/wp\/v2\/comments?post=10190"}],"version-history":[{"count":0,"href":"https:\/\/sindromecharge.es\/index.php\/wp-json\/wp\/v2\/posts\/10190\/revisions"}],"wp:attachment":[{"href":"https:\/\/sindromecharge.es\/index.php\/wp-json\/wp\/v2\/media?parent=10190"}],"wp:term":[{"taxonomy":"category","embeddable":true,"href":"https:\/\/sindromecharge.es\/index.php\/wp-json\/wp\/v2\/categories?post=10190"},{"taxonomy":"post_tag","embeddable":true,"href":"https:\/\/sindromecharge.es\/index.php\/wp-json\/wp\/v2\/tags?post=10190"}],"curies":[{"name":"wp","href":"https:\/\/api.w.org\/{rel}","templated":true}]}}