{"id":10189,"date":"2024-07-19T12:37:46","date_gmt":"2024-07-19T12:37:46","guid":{"rendered":"https:\/\/sindromecharge.es\/index.php\/2024\/07\/19\/participamos-en-el-campamento-juvenil-europeo-en-islandia-para-adolescentes-con-cardiopatias-congenitas\/"},"modified":"2024-07-19T12:37:46","modified_gmt":"2024-07-19T12:37:46","slug":"participamos-en-el-campamento-juvenil-europeo-en-islandia-para-adolescentes-con-cardiopatias-congenitas","status":"publish","type":"post","link":"https:\/\/sindromecharge.es\/index.php\/2024\/07\/19\/participamos-en-el-campamento-juvenil-europeo-en-islandia-para-adolescentes-con-cardiopatias-congenitas\/","title":{"rendered":"Participamos en el Campamento Juvenil Europeo en Islandia, para adolescentes con cardiopat\u00edas cong\u00e9nitas"},"content":{"rendered":"<p>Leemos en Menudos Corazones la siguiente noticia que os reproducimos de forma \u00edntegra: <\/p>\n<div>\n<p>El pasado 16 de julio pusimos rumbo a <strong>Islandia<\/strong> para unirnos al <strong>Campamento Juvenil Europeo<\/strong> de 2024 (European Youth Camp o EYC). <strong>Diez adolescentes de Menudos Corazones<\/strong> entre 14 y 18 a\u00f1os compartieron all\u00ed una semana inolvidable con m\u00e1s chicos y chicas con cardiopat\u00edas cong\u00e9nitas de otros <strong>pa\u00edses como Finlandia, Irlanda y Reino Unido.<\/strong><\/p>\n<figure id=\"attachment_39795\" aria-describedby=\"caption-attachment-39795\" style=\"width: 702px\" class=\"wp-caption aligncenter\"><img fetchpriority=\"high\" decoding=\"async\" class=\"size-large wp-image-39795\" src=\"https:\/\/www.menudoscorazones.org\/wp-content\/uploads\/2024\/07\/Campamento-europeo-en-Islandia_aeropuerto-1024x768.jpeg\" alt=\"\" width=\"702\" height=\"527\" srcset=\"https:\/\/www.menudoscorazones.org\/wp-content\/uploads\/2024\/07\/Campamento-europeo-en-Islandia_aeropuerto-1024x768.jpeg 1024w, https:\/\/www.menudoscorazones.org\/wp-content\/uploads\/2024\/07\/Campamento-europeo-en-Islandia_aeropuerto-300x225.jpeg 300w, https:\/\/www.menudoscorazones.org\/wp-content\/uploads\/2024\/07\/Campamento-europeo-en-Islandia_aeropuerto-768x576.jpeg 768w, https:\/\/www.menudoscorazones.org\/wp-content\/uploads\/2024\/07\/Campamento-europeo-en-Islandia_aeropuerto-1536x1152.jpeg 1536w, https:\/\/www.menudoscorazones.org\/wp-content\/uploads\/2024\/07\/Campamento-europeo-en-Islandia_aeropuerto-655x491.jpeg 655w, https:\/\/www.menudoscorazones.org\/wp-content\/uploads\/2024\/07\/Campamento-europeo-en-Islandia_aeropuerto.jpeg 1824w\" sizes=\"(max-width: 702px) 100vw, 702px\"><figcaption id=\"caption-attachment-39795\" class=\"wp-caption-text\">El grupo de chicos y chicas de Menudos Corazones, antes de despegar.<\/figcaption><\/figure>\n<p>La entidad islandesa, <a href=\"https:\/\/neistinn.is\/\">Neistinn<\/a>, fue la organizadora de esta iniciativa. <strong>Tras acoger el primero de estos encuentros internacionales<\/strong> en Mallorca (2010) y participar en la <a href=\"https:\/\/www.menudoscorazones.org\/2019\/de-campamento-a-finlandia\/\">edici\u00f3n de 2019 en Finlandia,<\/a> nos embarcamos en esta aventura con entusiasmo y la seguridad de que ser\u00eda una oportunidad de <strong>crecimiento personal, apertura, nuevos aprendizajes y amistades sinigual<\/strong> para los j\u00f3venes campistas.<\/p>\n<p>Junto a Cayetana, Eder, Claudia, Erika, \u00c1ngela, Clara, Marta, Violeta, Alejandra y Claudia, de la delegaci\u00f3n espa\u00f1ola tambi\u00e9n formaron parte <strong>Julia del Corral,<\/strong> <a href=\"https:\/\/www.menudoscorazones.org\/quienes\/equipo\/\">trabajadora social de la Fundaci\u00f3n<\/a>; y <strong>Nacho Barrio,<\/strong> voluntario y monitor de nuestros <a href=\"https:\/\/www.menudoscorazones.org\/quienes\/que-hacemos\/campamentos-de-verano\/\">campas de integraci\u00f3n<\/a> durante muchos a\u00f1os.<\/p>\n<p>A las <strong>actividades y charlas en Bor\u00f0eyri,<\/strong> donde se alojaban, se sumaron <strong>tirolinas, rutas a caballo<\/strong> por los espectaculares parajes de la isla, <strong>rafting y excursiones<\/strong> en un completo programa, entre otras propuestas. Lo que se entretej\u00eda en ellas serv\u00eda para reforzar la <strong>confianza y autoestima<\/strong> de los adolescentes, trabajar sus <strong>habilidades sociales, mejorar su autonom\u00eda, superar miedos e incertidumbres<\/strong> fuera su entorno habitual\u2026 y disfrutar, \u00a1disfrutar de un modo \u00fanico!<\/p>\n<p>La siguiente galer\u00eda nos acerca a lo que han vivido.<\/p>\n<p><a href=\"https:\/\/www.menudoscorazones.org\/2024\/participamos-en-el-campamento-juvenil-europeo-en-islandia-para-adolescentes-con-cardiopatias-congenitas\/campamento-europeo-en-islandia-1\/\"><img loading=\"lazy\" decoding=\"async\" width=\"300\" height=\"225\" src=\"https:\/\/www.menudoscorazones.org\/wp-content\/uploads\/2024\/07\/Campamento-europeo-en-Islandia-1-300x225.jpg\" class=\"attachment-medium size-medium\" alt=\"\" srcset=\"https:\/\/www.menudoscorazones.org\/wp-content\/uploads\/2024\/07\/Campamento-europeo-en-Islandia-1-300x225.jpg 300w, https:\/\/www.menudoscorazones.org\/wp-content\/uploads\/2024\/07\/Campamento-europeo-en-Islandia-1-1024x768.jpg 1024w, https:\/\/www.menudoscorazones.org\/wp-content\/uploads\/2024\/07\/Campamento-europeo-en-Islandia-1-768x576.jpg 768w, https:\/\/www.menudoscorazones.org\/wp-content\/uploads\/2024\/07\/Campamento-europeo-en-Islandia-1-1536x1152.jpg 1536w, https:\/\/www.menudoscorazones.org\/wp-content\/uploads\/2024\/07\/Campamento-europeo-en-Islandia-1-2048x1536.jpg 2048w, https:\/\/www.menudoscorazones.org\/wp-content\/uploads\/2024\/07\/Campamento-europeo-en-Islandia-1-655x491.jpg 655w\" sizes=\"auto, (max-width: 300px) 100vw, 300px\"><\/a><br \/>\n<a href=\"https:\/\/www.menudoscorazones.org\/2024\/participamos-en-el-campamento-juvenil-europeo-en-islandia-para-adolescentes-con-cardiopatias-congenitas\/campamento-europeo-en-islandia-5\/\"><img loading=\"lazy\" decoding=\"async\" width=\"300\" height=\"225\" src=\"https:\/\/www.menudoscorazones.org\/wp-content\/uploads\/2024\/07\/Campamento-europeo-en-Islandia-5-300x225.jpg\" class=\"attachment-medium size-medium\" alt=\"\" srcset=\"https:\/\/www.menudoscorazones.org\/wp-content\/uploads\/2024\/07\/Campamento-europeo-en-Islandia-5-300x225.jpg 300w, https:\/\/www.menudoscorazones.org\/wp-content\/uploads\/2024\/07\/Campamento-europeo-en-Islandia-5-1024x768.jpg 1024w, https:\/\/www.menudoscorazones.org\/wp-content\/uploads\/2024\/07\/Campamento-europeo-en-Islandia-5-768x576.jpg 768w, https:\/\/www.menudoscorazones.org\/wp-content\/uploads\/2024\/07\/Campamento-europeo-en-Islandia-5-1536x1152.jpg 1536w, https:\/\/www.menudoscorazones.org\/wp-content\/uploads\/2024\/07\/Campamento-europeo-en-Islandia-5-655x491.jpg 655w, https:\/\/www.menudoscorazones.org\/wp-content\/uploads\/2024\/07\/Campamento-europeo-en-Islandia-5.jpg 1600w\" sizes=\"auto, (max-width: 300px) 100vw, 300px\"><\/a><br \/>\n<a href=\"https:\/\/www.menudoscorazones.org\/2024\/participamos-en-el-campamento-juvenil-europeo-en-islandia-para-adolescentes-con-cardiopatias-congenitas\/campamento-europeo-en-islandia-2\/\"><img loading=\"lazy\" decoding=\"async\" width=\"300\" height=\"225\" src=\"https:\/\/www.menudoscorazones.org\/wp-content\/uploads\/2024\/07\/Campamento-europeo-en-Islandia-2-300x225.jpg\" class=\"attachment-medium size-medium\" alt=\"\" srcset=\"https:\/\/www.menudoscorazones.org\/wp-content\/uploads\/2024\/07\/Campamento-europeo-en-Islandia-2-300x225.jpg 300w, https:\/\/www.menudoscorazones.org\/wp-content\/uploads\/2024\/07\/Campamento-europeo-en-Islandia-2-1024x768.jpg 1024w, https:\/\/www.menudoscorazones.org\/wp-content\/uploads\/2024\/07\/Campamento-europeo-en-Islandia-2-768x576.jpg 768w, https:\/\/www.menudoscorazones.org\/wp-content\/uploads\/2024\/07\/Campamento-europeo-en-Islandia-2-1536x1152.jpg 1536w, https:\/\/www.menudoscorazones.org\/wp-content\/uploads\/2024\/07\/Campamento-europeo-en-Islandia-2-2048x1536.jpg 2048w, https:\/\/www.menudoscorazones.org\/wp-content\/uploads\/2024\/07\/Campamento-europeo-en-Islandia-2-655x491.jpg 655w\" sizes=\"auto, (max-width: 300px) 100vw, 300px\"><\/a><br \/>\n<a href=\"https:\/\/www.menudoscorazones.org\/2024\/participamos-en-el-campamento-juvenil-europeo-en-islandia-para-adolescentes-con-cardiopatias-congenitas\/campamento-europeo-en-islandia-3\/\"><img loading=\"lazy\" decoding=\"async\" width=\"225\" height=\"300\" src=\"https:\/\/www.menudoscorazones.org\/wp-content\/uploads\/2024\/07\/Campamento-europeo-en-Islandia-3-225x300.jpg\" class=\"attachment-medium size-medium\" alt=\"\" srcset=\"https:\/\/www.menudoscorazones.org\/wp-content\/uploads\/2024\/07\/Campamento-europeo-en-Islandia-3-225x300.jpg 225w, https:\/\/www.menudoscorazones.org\/wp-content\/uploads\/2024\/07\/Campamento-europeo-en-Islandia-3-768x1024.jpg 768w, https:\/\/www.menudoscorazones.org\/wp-content\/uploads\/2024\/07\/Campamento-europeo-en-Islandia-3-1152x1536.jpg 1152w, https:\/\/www.menudoscorazones.org\/wp-content\/uploads\/2024\/07\/Campamento-europeo-en-Islandia-3-1536x2048.jpg 1536w, https:\/\/www.menudoscorazones.org\/wp-content\/uploads\/2024\/07\/Campamento-europeo-en-Islandia-3-655x873.jpg 655w, https:\/\/www.menudoscorazones.org\/wp-content\/uploads\/2024\/07\/Campamento-europeo-en-Islandia-3-scaled.jpg 1920w\" sizes=\"auto, (max-width: 225px) 100vw, 225px\"><\/a><br \/>\n<a href=\"https:\/\/www.menudoscorazones.org\/2024\/participamos-en-el-campamento-juvenil-europeo-en-islandia-para-adolescentes-con-cardiopatias-congenitas\/campamento-europeo-en-islandia-4\/\"><img loading=\"lazy\" decoding=\"async\" width=\"225\" height=\"300\" src=\"https:\/\/www.menudoscorazones.org\/wp-content\/uploads\/2024\/07\/Campamento-europeo-en-Islandia-4-225x300.jpg\" class=\"attachment-medium size-medium\" alt=\"\" srcset=\"https:\/\/www.menudoscorazones.org\/wp-content\/uploads\/2024\/07\/Campamento-europeo-en-Islandia-4-225x300.jpg 225w, https:\/\/www.menudoscorazones.org\/wp-content\/uploads\/2024\/07\/Campamento-europeo-en-Islandia-4-768x1024.jpg 768w, https:\/\/www.menudoscorazones.org\/wp-content\/uploads\/2024\/07\/Campamento-europeo-en-Islandia-4-1152x1536.jpg 1152w, https:\/\/www.menudoscorazones.org\/wp-content\/uploads\/2024\/07\/Campamento-europeo-en-Islandia-4-1536x2048.jpg 1536w, https:\/\/www.menudoscorazones.org\/wp-content\/uploads\/2024\/07\/Campamento-europeo-en-Islandia-4-655x873.jpg 655w, https:\/\/www.menudoscorazones.org\/wp-content\/uploads\/2024\/07\/Campamento-europeo-en-Islandia-4-scaled.jpg 1920w\" sizes=\"auto, (max-width: 225px) 100vw, 225px\"><\/a><br \/>\n<a href=\"https:\/\/www.menudoscorazones.org\/2024\/participamos-en-el-campamento-juvenil-europeo-en-islandia-para-adolescentes-con-cardiopatias-congenitas\/campamento-europeo-en-islandia-5-2\/\"><img loading=\"lazy\" decoding=\"async\" width=\"225\" height=\"300\" src=\"https:\/\/www.menudoscorazones.org\/wp-content\/uploads\/2024\/07\/Campamento-europeo-en-Islandia-5-225x300.jpeg\" class=\"attachment-medium size-medium\" alt=\"\" srcset=\"https:\/\/www.menudoscorazones.org\/wp-content\/uploads\/2024\/07\/Campamento-europeo-en-Islandia-5-225x300.jpeg 225w, https:\/\/www.menudoscorazones.org\/wp-content\/uploads\/2024\/07\/Campamento-europeo-en-Islandia-5-768x1024.jpeg 768w, https:\/\/www.menudoscorazones.org\/wp-content\/uploads\/2024\/07\/Campamento-europeo-en-Islandia-5-1152x1536.jpeg 1152w, https:\/\/www.menudoscorazones.org\/wp-content\/uploads\/2024\/07\/Campamento-europeo-en-Islandia-5-1536x2048.jpeg 1536w, https:\/\/www.menudoscorazones.org\/wp-content\/uploads\/2024\/07\/Campamento-europeo-en-Islandia-5-655x873.jpeg 655w, https:\/\/www.menudoscorazones.org\/wp-content\/uploads\/2024\/07\/Campamento-europeo-en-Islandia-5-scaled.jpeg 1920w\" sizes=\"auto, (max-width: 225px) 100vw, 225px\"><\/a><br \/>\n<a href=\"https:\/\/www.menudoscorazones.org\/2024\/participamos-en-el-campamento-juvenil-europeo-en-islandia-para-adolescentes-con-cardiopatias-congenitas\/campamento-europeo-en-islandia-11\/\"><img loading=\"lazy\" decoding=\"async\" width=\"300\" height=\"225\" src=\"https:\/\/www.menudoscorazones.org\/wp-content\/uploads\/2024\/07\/Campamento-europeo-en-Islandia-11-300x225.jpeg\" class=\"attachment-medium size-medium\" alt=\"\" srcset=\"https:\/\/www.menudoscorazones.org\/wp-content\/uploads\/2024\/07\/Campamento-europeo-en-Islandia-11-300x225.jpeg 300w, https:\/\/www.menudoscorazones.org\/wp-content\/uploads\/2024\/07\/Campamento-europeo-en-Islandia-11-1024x768.jpeg 1024w, https:\/\/www.menudoscorazones.org\/wp-content\/uploads\/2024\/07\/Campamento-europeo-en-Islandia-11-768x576.jpeg 768w, https:\/\/www.menudoscorazones.org\/wp-content\/uploads\/2024\/07\/Campamento-europeo-en-Islandia-11-1536x1152.jpeg 1536w, https:\/\/www.menudoscorazones.org\/wp-content\/uploads\/2024\/07\/Campamento-europeo-en-Islandia-11-2048x1536.jpeg 2048w, https:\/\/www.menudoscorazones.org\/wp-content\/uploads\/2024\/07\/Campamento-europeo-en-Islandia-11-655x491.jpeg 655w\" sizes=\"auto, (max-width: 300px) 100vw, 300px\"><\/a><br \/>\n<a href=\"https:\/\/www.menudoscorazones.org\/2024\/participamos-en-el-campamento-juvenil-europeo-en-islandia-para-adolescentes-con-cardiopatias-congenitas\/campamento-europeo-en-islandia-2-2\/\"><img loading=\"lazy\" decoding=\"async\" width=\"300\" height=\"225\" src=\"https:\/\/www.menudoscorazones.org\/wp-content\/uploads\/2024\/07\/Campamento-europeo-en-Islandia-2-300x225.jpeg\" class=\"attachment-medium size-medium\" alt=\"\" srcset=\"https:\/\/www.menudoscorazones.org\/wp-content\/uploads\/2024\/07\/Campamento-europeo-en-Islandia-2-300x225.jpeg 300w, https:\/\/www.menudoscorazones.org\/wp-content\/uploads\/2024\/07\/Campamento-europeo-en-Islandia-2-1024x768.jpeg 1024w, https:\/\/www.menudoscorazones.org\/wp-content\/uploads\/2024\/07\/Campamento-europeo-en-Islandia-2-768x576.jpeg 768w, https:\/\/www.menudoscorazones.org\/wp-content\/uploads\/2024\/07\/Campamento-europeo-en-Islandia-2-1536x1152.jpeg 1536w, https:\/\/www.menudoscorazones.org\/wp-content\/uploads\/2024\/07\/Campamento-europeo-en-Islandia-2-655x491.jpeg 655w, https:\/\/www.menudoscorazones.org\/wp-content\/uploads\/2024\/07\/Campamento-europeo-en-Islandia-2.jpeg 2048w\" sizes=\"auto, (max-width: 300px) 100vw, 300px\"><\/a><br \/>\n<a href=\"https:\/\/www.menudoscorazones.org\/2024\/participamos-en-el-campamento-juvenil-europeo-en-islandia-para-adolescentes-con-cardiopatias-congenitas\/campamento-europeo-en-islandia-4-2\/\"><img loading=\"lazy\" decoding=\"async\" width=\"300\" height=\"225\" src=\"https:\/\/www.menudoscorazones.org\/wp-content\/uploads\/2024\/07\/Campamento-europeo-en-Islandia-4-300x225.jpeg\" class=\"attachment-medium size-medium\" alt=\"\" srcset=\"https:\/\/www.menudoscorazones.org\/wp-content\/uploads\/2024\/07\/Campamento-europeo-en-Islandia-4-300x225.jpeg 300w, https:\/\/www.menudoscorazones.org\/wp-content\/uploads\/2024\/07\/Campamento-europeo-en-Islandia-4-1024x768.jpeg 1024w, https:\/\/www.menudoscorazones.org\/wp-content\/uploads\/2024\/07\/Campamento-europeo-en-Islandia-4-768x576.jpeg 768w, https:\/\/www.menudoscorazones.org\/wp-content\/uploads\/2024\/07\/Campamento-europeo-en-Islandia-4-1536x1152.jpeg 1536w, https:\/\/www.menudoscorazones.org\/wp-content\/uploads\/2024\/07\/Campamento-europeo-en-Islandia-4-2048x1536.jpeg 2048w, https:\/\/www.menudoscorazones.org\/wp-content\/uploads\/2024\/07\/Campamento-europeo-en-Islandia-4-655x491.jpeg 655w\" sizes=\"auto, (max-width: 300px) 100vw, 300px\"><\/a><\/p>\n<p>Gracias a <strong>Neistinn<\/strong> por ser tan maravillosa anfitriona y a <a href=\"https:\/\/sydanlapsetjaaikuiset.fi\/\">Finnish Association for Heart Cildren and Adult<\/a>, <a href=\"https:\/\/www.heartchildren.ie\/\">Heart Children Ireland<\/a> y <a href=\"https:\/\/chfed.org.uk\/\">Children\u2019s Heart Federation<\/a> por hacer de estos d\u00edas una experiencia tan enriquecedora. \u00a1Hasta el pr\u00f3ximo EYC!<\/p>\n<p>La entrada <a href=\"https:\/\/www.menudoscorazones.org\/2024\/participamos-en-el-campamento-juvenil-europeo-en-islandia-para-adolescentes-con-cardiopatias-congenitas\/\">Participamos en el Campamento Juvenil Europeo en Islandia, para adolescentes con cardiopat\u00edas cong\u00e9nitas<\/a> aparece primero en <a href=\"https:\/\/www.menudoscorazones.org\/\">Menudos Corazones<\/a>.<\/p>\n<\/div>\n<p>Fuente: Menudos Corazones https:\/\/www.menudoscorazones.org\/2024\/participamos-en-el-campamento-juvenil-europeo-en-islandia-para-adolescentes-con-cardiopatias-congenitas\/<\/p>\n","protected":false},"excerpt":{"rendered":"<p>Diez adolescentes de Menudos Corazones participan en el campamento europeo junto a j\u00f3venes con cardiopat\u00edas cong\u00e9nitas de otros pa\u00edses. La entrada Participamos en el Campamento Juvenil Europeo en Islandia, para adolescentes con cardiopat\u00edas cong\u00e9nitas aparece primero en Menudos Corazones.<\/p>\n","protected":false},"author":1,"featured_media":0,"comment_status":"closed","ping_status":"closed","sticky":false,"template":"","format":"standard","meta":{"footnotes":""},"categories":[8],"tags":[],"class_list":["post-10189","post","type-post","status-publish","format-standard","hentry","category-noticias"],"yoast_head":"<!-- This site is optimized with the Yoast SEO plugin v27.5 - https:\/\/yoast.com\/product\/yoast-seo-wordpress\/ -->\n<title>Participamos en el Campamento Juvenil Europeo en Islandia, para adolescentes con cardiopat\u00edas cong\u00e9nitas - Asociaci\u00f3n Espa\u00f1ola S\u00edndrome de Charge<\/title>\n<meta name=\"robots\" content=\"index, follow, max-snippet:-1, max-image-preview:large, max-video-preview:-1\" \/>\n<link rel=\"canonical\" href=\"https:\/\/sindromecharge.es\/index.php\/2024\/07\/19\/participamos-en-el-campamento-juvenil-europeo-en-islandia-para-adolescentes-con-cardiopatias-congenitas\/\" \/>\n<meta property=\"og:locale\" content=\"es_ES\" \/>\n<meta property=\"og:type\" content=\"article\" \/>\n<meta property=\"og:title\" content=\"Participamos en el Campamento Juvenil Europeo en Islandia, para adolescentes con cardiopat\u00edas cong\u00e9nitas - Asociaci\u00f3n Espa\u00f1ola S\u00edndrome de Charge\" \/>\n<meta property=\"og:description\" content=\"Diez adolescentes de Menudos Corazones participan en el campamento europeo junto a j\u00f3venes con cardiopat\u00edas cong\u00e9nitas de otros pa\u00edses. La entrada Participamos en el Campamento Juvenil Europeo en Islandia, para adolescentes con cardiopat\u00edas cong\u00e9nitas aparece primero en Menudos Corazones.\" \/>\n<meta property=\"og:url\" content=\"https:\/\/sindromecharge.es\/index.php\/2024\/07\/19\/participamos-en-el-campamento-juvenil-europeo-en-islandia-para-adolescentes-con-cardiopatias-congenitas\/\" \/>\n<meta property=\"og:site_name\" content=\"Asociaci\u00f3n Espa\u00f1ola S\u00edndrome de Charge\" \/>\n<meta property=\"article:publisher\" content=\"https:\/\/www.facebook.com\/asociacionsindromecharge\" \/>\n<meta property=\"article:published_time\" content=\"2024-07-19T12:37:46+00:00\" \/>\n<meta property=\"og:image\" content=\"https:\/\/www.menudoscorazones.org\/wp-content\/uploads\/2024\/07\/Campamento-europeo-en-Islandia_aeropuerto-1024x768.jpeg\" \/>\n<meta name=\"author\" content=\"Charge\" \/>\n<meta name=\"twitter:card\" content=\"summary_large_image\" \/>\n<meta name=\"twitter:creator\" content=\"@sindromecharge\" \/>\n<meta name=\"twitter:site\" content=\"@sindromecharge\" \/>\n<meta name=\"twitter:label1\" content=\"Escrito por\" \/>\n\t<meta name=\"twitter:data1\" content=\"Charge\" \/>\n\t<meta name=\"twitter:label2\" content=\"Tiempo de lectura\" \/>\n\t<meta name=\"twitter:data2\" content=\"2 minutos\" \/>\n<script type=\"application\/ld+json\" class=\"yoast-schema-graph\">{\"@context\":\"https:\\\/\\\/schema.org\",\"@graph\":[{\"@type\":\"Article\",\"@id\":\"https:\\\/\\\/sindromecharge.es\\\/index.php\\\/2024\\\/07\\\/19\\\/participamos-en-el-campamento-juvenil-europeo-en-islandia-para-adolescentes-con-cardiopatias-congenitas\\\/#article\",\"isPartOf\":{\"@id\":\"https:\\\/\\\/sindromecharge.es\\\/index.php\\\/2024\\\/07\\\/19\\\/participamos-en-el-campamento-juvenil-europeo-en-islandia-para-adolescentes-con-cardiopatias-congenitas\\\/\"},\"author\":{\"name\":\"Charge\",\"@id\":\"https:\\\/\\\/sindromecharge.es\\\/#\\\/schema\\\/person\\\/39a60ebe0a2b4d5a11179701e336b039\"},\"headline\":\"Participamos en el Campamento Juvenil Europeo en Islandia, para adolescentes con cardiopat\u00edas cong\u00e9nitas\",\"datePublished\":\"2024-07-19T12:37:46+00:00\",\"mainEntityOfPage\":{\"@id\":\"https:\\\/\\\/sindromecharge.es\\\/index.php\\\/2024\\\/07\\\/19\\\/participamos-en-el-campamento-juvenil-europeo-en-islandia-para-adolescentes-con-cardiopatias-congenitas\\\/\"},\"wordCount\":358,\"image\":{\"@id\":\"https:\\\/\\\/sindromecharge.es\\\/index.php\\\/2024\\\/07\\\/19\\\/participamos-en-el-campamento-juvenil-europeo-en-islandia-para-adolescentes-con-cardiopatias-congenitas\\\/#primaryimage\"},\"thumbnailUrl\":\"https:\\\/\\\/www.menudoscorazones.org\\\/wp-content\\\/uploads\\\/2024\\\/07\\\/Campamento-europeo-en-Islandia_aeropuerto-1024x768.jpeg\",\"articleSection\":[\"noticias\"],\"inLanguage\":\"es\"},{\"@type\":\"WebPage\",\"@id\":\"https:\\\/\\\/sindromecharge.es\\\/index.php\\\/2024\\\/07\\\/19\\\/participamos-en-el-campamento-juvenil-europeo-en-islandia-para-adolescentes-con-cardiopatias-congenitas\\\/\",\"url\":\"https:\\\/\\\/sindromecharge.es\\\/index.php\\\/2024\\\/07\\\/19\\\/participamos-en-el-campamento-juvenil-europeo-en-islandia-para-adolescentes-con-cardiopatias-congenitas\\\/\",\"name\":\"Participamos en el Campamento Juvenil Europeo en Islandia, para adolescentes con cardiopat\u00edas cong\u00e9nitas - Asociaci\u00f3n Espa\u00f1ola S\u00edndrome de Charge\",\"isPartOf\":{\"@id\":\"https:\\\/\\\/sindromecharge.es\\\/#website\"},\"primaryImageOfPage\":{\"@id\":\"https:\\\/\\\/sindromecharge.es\\\/index.php\\\/2024\\\/07\\\/19\\\/participamos-en-el-campamento-juvenil-europeo-en-islandia-para-adolescentes-con-cardiopatias-congenitas\\\/#primaryimage\"},\"image\":{\"@id\":\"https:\\\/\\\/sindromecharge.es\\\/index.php\\\/2024\\\/07\\\/19\\\/participamos-en-el-campamento-juvenil-europeo-en-islandia-para-adolescentes-con-cardiopatias-congenitas\\\/#primaryimage\"},\"thumbnailUrl\":\"https:\\\/\\\/www.menudoscorazones.org\\\/wp-content\\\/uploads\\\/2024\\\/07\\\/Campamento-europeo-en-Islandia_aeropuerto-1024x768.jpeg\",\"datePublished\":\"2024-07-19T12:37:46+00:00\",\"author\":{\"@id\":\"https:\\\/\\\/sindromecharge.es\\\/#\\\/schema\\\/person\\\/39a60ebe0a2b4d5a11179701e336b039\"},\"breadcrumb\":{\"@id\":\"https:\\\/\\\/sindromecharge.es\\\/index.php\\\/2024\\\/07\\\/19\\\/participamos-en-el-campamento-juvenil-europeo-en-islandia-para-adolescentes-con-cardiopatias-congenitas\\\/#breadcrumb\"},\"inLanguage\":\"es\",\"potentialAction\":[{\"@type\":\"ReadAction\",\"target\":[\"https:\\\/\\\/sindromecharge.es\\\/index.php\\\/2024\\\/07\\\/19\\\/participamos-en-el-campamento-juvenil-europeo-en-islandia-para-adolescentes-con-cardiopatias-congenitas\\\/\"]}]},{\"@type\":\"ImageObject\",\"inLanguage\":\"es\",\"@id\":\"https:\\\/\\\/sindromecharge.es\\\/index.php\\\/2024\\\/07\\\/19\\\/participamos-en-el-campamento-juvenil-europeo-en-islandia-para-adolescentes-con-cardiopatias-congenitas\\\/#primaryimage\",\"url\":\"https:\\\/\\\/www.menudoscorazones.org\\\/wp-content\\\/uploads\\\/2024\\\/07\\\/Campamento-europeo-en-Islandia_aeropuerto-1024x768.jpeg\",\"contentUrl\":\"https:\\\/\\\/www.menudoscorazones.org\\\/wp-content\\\/uploads\\\/2024\\\/07\\\/Campamento-europeo-en-Islandia_aeropuerto-1024x768.jpeg\"},{\"@type\":\"BreadcrumbList\",\"@id\":\"https:\\\/\\\/sindromecharge.es\\\/index.php\\\/2024\\\/07\\\/19\\\/participamos-en-el-campamento-juvenil-europeo-en-islandia-para-adolescentes-con-cardiopatias-congenitas\\\/#breadcrumb\",\"itemListElement\":[{\"@type\":\"ListItem\",\"position\":1,\"name\":\"Portada\",\"item\":\"https:\\\/\\\/sindromecharge.es\\\/\"},{\"@type\":\"ListItem\",\"position\":2,\"name\":\"Participamos en el Campamento Juvenil Europeo en Islandia, para adolescentes con cardiopat\u00edas cong\u00e9nitas\"}]},{\"@type\":\"WebSite\",\"@id\":\"https:\\\/\\\/sindromecharge.es\\\/#website\",\"url\":\"https:\\\/\\\/sindromecharge.es\\\/\",\"name\":\"Asociaci\u00f3n Espa\u00f1ola S\u00edndrome de Charge\",\"description\":\"\",\"potentialAction\":[{\"@type\":\"SearchAction\",\"target\":{\"@type\":\"EntryPoint\",\"urlTemplate\":\"https:\\\/\\\/sindromecharge.es\\\/?s={search_term_string}\"},\"query-input\":{\"@type\":\"PropertyValueSpecification\",\"valueRequired\":true,\"valueName\":\"search_term_string\"}}],\"inLanguage\":\"es\"},{\"@type\":\"Person\",\"@id\":\"https:\\\/\\\/sindromecharge.es\\\/#\\\/schema\\\/person\\\/39a60ebe0a2b4d5a11179701e336b039\",\"name\":\"Charge\",\"image\":{\"@type\":\"ImageObject\",\"inLanguage\":\"es\",\"@id\":\"https:\\\/\\\/secure.gravatar.com\\\/avatar\\\/c3b46e32a0fc3b093a0873fb767bf3293de856293065e84ef06b7ec7a8acfb98?s=96&d=identicon&r=x\",\"url\":\"https:\\\/\\\/secure.gravatar.com\\\/avatar\\\/c3b46e32a0fc3b093a0873fb767bf3293de856293065e84ef06b7ec7a8acfb98?s=96&d=identicon&r=x\",\"contentUrl\":\"https:\\\/\\\/secure.gravatar.com\\\/avatar\\\/c3b46e32a0fc3b093a0873fb767bf3293de856293065e84ef06b7ec7a8acfb98?s=96&d=identicon&r=x\",\"caption\":\"Charge\"},\"url\":\"https:\\\/\\\/sindromecharge.es\\\/index.php\\\/author\\\/admin\\\/\"}]}<\/script>\n<!-- \/ Yoast SEO plugin. -->","yoast_head_json":{"title":"Participamos en el Campamento Juvenil Europeo en Islandia, para adolescentes con cardiopat\u00edas cong\u00e9nitas - Asociaci\u00f3n Espa\u00f1ola S\u00edndrome de Charge","robots":{"index":"index","follow":"follow","max-snippet":"max-snippet:-1","max-image-preview":"max-image-preview:large","max-video-preview":"max-video-preview:-1"},"canonical":"https:\/\/sindromecharge.es\/index.php\/2024\/07\/19\/participamos-en-el-campamento-juvenil-europeo-en-islandia-para-adolescentes-con-cardiopatias-congenitas\/","og_locale":"es_ES","og_type":"article","og_title":"Participamos en el Campamento Juvenil Europeo en Islandia, para adolescentes con cardiopat\u00edas cong\u00e9nitas - Asociaci\u00f3n Espa\u00f1ola S\u00edndrome de Charge","og_description":"Diez adolescentes de Menudos Corazones participan en el campamento europeo junto a j\u00f3venes con cardiopat\u00edas cong\u00e9nitas de otros pa\u00edses. La entrada Participamos en el Campamento Juvenil Europeo en Islandia, para adolescentes con cardiopat\u00edas cong\u00e9nitas aparece primero en Menudos Corazones.","og_url":"https:\/\/sindromecharge.es\/index.php\/2024\/07\/19\/participamos-en-el-campamento-juvenil-europeo-en-islandia-para-adolescentes-con-cardiopatias-congenitas\/","og_site_name":"Asociaci\u00f3n Espa\u00f1ola S\u00edndrome de Charge","article_publisher":"https:\/\/www.facebook.com\/asociacionsindromecharge","article_published_time":"2024-07-19T12:37:46+00:00","og_image":[{"url":"https:\/\/www.menudoscorazones.org\/wp-content\/uploads\/2024\/07\/Campamento-europeo-en-Islandia_aeropuerto-1024x768.jpeg","type":"","width":"","height":""}],"author":"Charge","twitter_card":"summary_large_image","twitter_creator":"@sindromecharge","twitter_site":"@sindromecharge","twitter_misc":{"Escrito por":"Charge","Tiempo de lectura":"2 minutos"},"schema":{"@context":"https:\/\/schema.org","@graph":[{"@type":"Article","@id":"https:\/\/sindromecharge.es\/index.php\/2024\/07\/19\/participamos-en-el-campamento-juvenil-europeo-en-islandia-para-adolescentes-con-cardiopatias-congenitas\/#article","isPartOf":{"@id":"https:\/\/sindromecharge.es\/index.php\/2024\/07\/19\/participamos-en-el-campamento-juvenil-europeo-en-islandia-para-adolescentes-con-cardiopatias-congenitas\/"},"author":{"name":"Charge","@id":"https:\/\/sindromecharge.es\/#\/schema\/person\/39a60ebe0a2b4d5a11179701e336b039"},"headline":"Participamos en el Campamento Juvenil Europeo en Islandia, para adolescentes con cardiopat\u00edas cong\u00e9nitas","datePublished":"2024-07-19T12:37:46+00:00","mainEntityOfPage":{"@id":"https:\/\/sindromecharge.es\/index.php\/2024\/07\/19\/participamos-en-el-campamento-juvenil-europeo-en-islandia-para-adolescentes-con-cardiopatias-congenitas\/"},"wordCount":358,"image":{"@id":"https:\/\/sindromecharge.es\/index.php\/2024\/07\/19\/participamos-en-el-campamento-juvenil-europeo-en-islandia-para-adolescentes-con-cardiopatias-congenitas\/#primaryimage"},"thumbnailUrl":"https:\/\/www.menudoscorazones.org\/wp-content\/uploads\/2024\/07\/Campamento-europeo-en-Islandia_aeropuerto-1024x768.jpeg","articleSection":["noticias"],"inLanguage":"es"},{"@type":"WebPage","@id":"https:\/\/sindromecharge.es\/index.php\/2024\/07\/19\/participamos-en-el-campamento-juvenil-europeo-en-islandia-para-adolescentes-con-cardiopatias-congenitas\/","url":"https:\/\/sindromecharge.es\/index.php\/2024\/07\/19\/participamos-en-el-campamento-juvenil-europeo-en-islandia-para-adolescentes-con-cardiopatias-congenitas\/","name":"Participamos en el Campamento Juvenil Europeo en Islandia, para adolescentes con cardiopat\u00edas cong\u00e9nitas - Asociaci\u00f3n Espa\u00f1ola S\u00edndrome de Charge","isPartOf":{"@id":"https:\/\/sindromecharge.es\/#website"},"primaryImageOfPage":{"@id":"https:\/\/sindromecharge.es\/index.php\/2024\/07\/19\/participamos-en-el-campamento-juvenil-europeo-en-islandia-para-adolescentes-con-cardiopatias-congenitas\/#primaryimage"},"image":{"@id":"https:\/\/sindromecharge.es\/index.php\/2024\/07\/19\/participamos-en-el-campamento-juvenil-europeo-en-islandia-para-adolescentes-con-cardiopatias-congenitas\/#primaryimage"},"thumbnailUrl":"https:\/\/www.menudoscorazones.org\/wp-content\/uploads\/2024\/07\/Campamento-europeo-en-Islandia_aeropuerto-1024x768.jpeg","datePublished":"2024-07-19T12:37:46+00:00","author":{"@id":"https:\/\/sindromecharge.es\/#\/schema\/person\/39a60ebe0a2b4d5a11179701e336b039"},"breadcrumb":{"@id":"https:\/\/sindromecharge.es\/index.php\/2024\/07\/19\/participamos-en-el-campamento-juvenil-europeo-en-islandia-para-adolescentes-con-cardiopatias-congenitas\/#breadcrumb"},"inLanguage":"es","potentialAction":[{"@type":"ReadAction","target":["https:\/\/sindromecharge.es\/index.php\/2024\/07\/19\/participamos-en-el-campamento-juvenil-europeo-en-islandia-para-adolescentes-con-cardiopatias-congenitas\/"]}]},{"@type":"ImageObject","inLanguage":"es","@id":"https:\/\/sindromecharge.es\/index.php\/2024\/07\/19\/participamos-en-el-campamento-juvenil-europeo-en-islandia-para-adolescentes-con-cardiopatias-congenitas\/#primaryimage","url":"https:\/\/www.menudoscorazones.org\/wp-content\/uploads\/2024\/07\/Campamento-europeo-en-Islandia_aeropuerto-1024x768.jpeg","contentUrl":"https:\/\/www.menudoscorazones.org\/wp-content\/uploads\/2024\/07\/Campamento-europeo-en-Islandia_aeropuerto-1024x768.jpeg"},{"@type":"BreadcrumbList","@id":"https:\/\/sindromecharge.es\/index.php\/2024\/07\/19\/participamos-en-el-campamento-juvenil-europeo-en-islandia-para-adolescentes-con-cardiopatias-congenitas\/#breadcrumb","itemListElement":[{"@type":"ListItem","position":1,"name":"Portada","item":"https:\/\/sindromecharge.es\/"},{"@type":"ListItem","position":2,"name":"Participamos en el Campamento Juvenil Europeo en Islandia, para adolescentes con cardiopat\u00edas cong\u00e9nitas"}]},{"@type":"WebSite","@id":"https:\/\/sindromecharge.es\/#website","url":"https:\/\/sindromecharge.es\/","name":"Asociaci\u00f3n Espa\u00f1ola S\u00edndrome de Charge","description":"","potentialAction":[{"@type":"SearchAction","target":{"@type":"EntryPoint","urlTemplate":"https:\/\/sindromecharge.es\/?s={search_term_string}"},"query-input":{"@type":"PropertyValueSpecification","valueRequired":true,"valueName":"search_term_string"}}],"inLanguage":"es"},{"@type":"Person","@id":"https:\/\/sindromecharge.es\/#\/schema\/person\/39a60ebe0a2b4d5a11179701e336b039","name":"Charge","image":{"@type":"ImageObject","inLanguage":"es","@id":"https:\/\/secure.gravatar.com\/avatar\/c3b46e32a0fc3b093a0873fb767bf3293de856293065e84ef06b7ec7a8acfb98?s=96&d=identicon&r=x","url":"https:\/\/secure.gravatar.com\/avatar\/c3b46e32a0fc3b093a0873fb767bf3293de856293065e84ef06b7ec7a8acfb98?s=96&d=identicon&r=x","contentUrl":"https:\/\/secure.gravatar.com\/avatar\/c3b46e32a0fc3b093a0873fb767bf3293de856293065e84ef06b7ec7a8acfb98?s=96&d=identicon&r=x","caption":"Charge"},"url":"https:\/\/sindromecharge.es\/index.php\/author\/admin\/"}]}},"_links":{"self":[{"href":"https:\/\/sindromecharge.es\/index.php\/wp-json\/wp\/v2\/posts\/10189","targetHints":{"allow":["GET"]}}],"collection":[{"href":"https:\/\/sindromecharge.es\/index.php\/wp-json\/wp\/v2\/posts"}],"about":[{"href":"https:\/\/sindromecharge.es\/index.php\/wp-json\/wp\/v2\/types\/post"}],"author":[{"embeddable":true,"href":"https:\/\/sindromecharge.es\/index.php\/wp-json\/wp\/v2\/users\/1"}],"replies":[{"embeddable":true,"href":"https:\/\/sindromecharge.es\/index.php\/wp-json\/wp\/v2\/comments?post=10189"}],"version-history":[{"count":0,"href":"https:\/\/sindromecharge.es\/index.php\/wp-json\/wp\/v2\/posts\/10189\/revisions"}],"wp:attachment":[{"href":"https:\/\/sindromecharge.es\/index.php\/wp-json\/wp\/v2\/media?parent=10189"}],"wp:term":[{"taxonomy":"category","embeddable":true,"href":"https:\/\/sindromecharge.es\/index.php\/wp-json\/wp\/v2\/categories?post=10189"},{"taxonomy":"post_tag","embeddable":true,"href":"https:\/\/sindromecharge.es\/index.php\/wp-json\/wp\/v2\/tags?post=10189"}],"curies":[{"name":"wp","href":"https:\/\/api.w.org\/{rel}","templated":true}]}}