{"id":10187,"date":"2024-07-19T05:22:03","date_gmt":"2024-07-19T05:22:03","guid":{"rendered":"https:\/\/sindromecharge.es\/index.php\/2024\/07\/19\/mexico-moda-disenadoras-mexicanas-crean-ropa-para-personas-con-discapacidad-visual-auditiva\/"},"modified":"2024-07-19T05:22:03","modified_gmt":"2024-07-19T05:22:03","slug":"mexico-moda-disenadoras-mexicanas-crean-ropa-para-personas-con-discapacidad-visual-auditiva","status":"publish","type":"post","link":"https:\/\/sindromecharge.es\/index.php\/2024\/07\/19\/mexico-moda-disenadoras-mexicanas-crean-ropa-para-personas-con-discapacidad-visual-auditiva\/","title":{"rendered":"Dos dise\u00f1adoras mexicanas crean ropa para personas con discapacidad sensorial: \u00abPodr\u00eda ser un mercado potencial\u00bb"},"content":{"rendered":"<p>Leemos en Discapacidad la siguiente noticia que os reproducimos de forma \u00edntegra: <\/p>\n<div>\n<p>Las dise\u00f1adoras mexicanas Jehsel Lau y Valeria Guzm\u00e1n han creado ropa con mensajes en sistema Braille para que las personas con discapacidad sensorial <b>puedan conocer los colores y telas y se sientan incluidas <\/b>en el mundo de la moda.<\/p>\n<p>Jehsel Lau, dise\u00f1adora de la marca Haute a Porter, que participa en la plataforma Intermoda que se desarrolla en Guadalajara (oeste de M\u00e9xico), explic\u00f3 que esta iniciativa surgi\u00f3 luego de que <b>una mujer con capacidad visual disminuida se acerc\u00f3 a ellas <\/b>y les pidi\u00f3 que le describieran las prendas que venden.<\/p>\n<p>\u201cEntender que existen muchas mujeres tambi\u00e9n en <a href=\"https:\/\/www.20minutos.es\/minuteca\/mexico\/\" title=\"M\u00e9xico\">M\u00e9xico<\/a> que tienen esta discapacidad y que son parte del mundo, como marca tenemos el fin de empoderar a la mujer por medio de frases, por medio del color, <b>darles esta posibilidad de tener algo personal<\/b> que les recordara que siguen siendo hermosas y <b>siguen siendo parte de nosotros como comunidad<\/b>\u201d, dijo.<\/p>\n<p>En blusas, chalecos, cinturones y piezas deportivas las dise\u00f1adoras bordaron a mano frases del libro &#8216;El Principito&#8217; resaltadas en sistema Braille como la c\u00e9lebre <b>\u201cNo se puede ver sino, con el coraz\u00f3n. Lo esencial es invisible a los ojos\u201d, <\/b>adem\u00e1s de realizar ciertas adecuaciones de dise\u00f1o para que sean m\u00e1s f\u00e1cil ponerlas en el cuerpo.<\/p>\n<p>Valeria Guzm\u00e1n, que tiene una discapacidad visual y colabora con la marca, detall\u00f3 que para este proyecto <b>contaron con ayuda de la organizaci\u00f3n &#8216;Segunda mirada&#8217;, <\/b>que les asesor\u00f3 la manera en que las frases ten\u00edan que estar ubicadas para que tuvieran sentido para las <b>personas con discapacidad sensorial, ciegas y sordociegas.<\/b><\/p>\n<p>\u201cLas personas con <a href=\"https:\/\/www.20minutos.es\/minuteca\/discapacidad\/\" title=\"Discapacidad\">discapacidad<\/a> tenemos una brecha de desigualdad muy grande, es verdad, pero tambi\u00e9n hablando en t\u00e9rminos mercantiles podr\u00edamos ser un mercado potencial al que poco se voltea a ver y deber\u00edan, pues <b>somos usuarios de todo tipo de cosas, de objetos y de prendas<\/b>\u201d, consider\u00f3.<\/p>\n<p>La marca fue m\u00e1s all\u00e1, pues adem\u00e1s de las prendas realiz\u00f3 el v\u00eddeo de promoci\u00f3n con <b>una persona sorda que hizo todas las descripciones en lengua de se\u00f1as mexicana.<\/b><\/p>\n<p>Este v\u00eddeo fue tambi\u00e9n parte del pabell\u00f3n que la marca mont\u00f3 en Intermoda y que fue adaptado para todo tipo de personas con discapacidad con paneles transparentes, carteles en Braille con informaci\u00f3n referente a la marca y a las prendas.<\/p>\n<p>Las dise\u00f1adoras<b> esperan que otras empresas enfocadas en la moda tomen medidas <\/b>para incluir a las personas con discapacidad pues es parte del sentido social y sostenible que los consumidores esperan de esta industria.<\/p>\n<p>\u201cCreo que a partir de este stand (pabell\u00f3n) vamos a ver muchas otras marcas.<b> La sustentabilidad no tiene solo que ver con material ecol\u00f3gico<\/b>, (sino) con el sentido humano, con entender el valor del tiempo de la gente y qu\u00e9 hay detr\u00e1s de la etiqueta, (hacerlo) con \u00e9tica y responsabilidad\u201d, concluy\u00f3.<\/p>\n<p>Del 16 al 19 de julio la edici\u00f3n 81 re\u00fane a m\u00e1s de 1.150 marcas expositoras, m\u00e1s de 24.000 compradores, en 49.000 metros cuadrados de piso de exhibici\u00f3n en la Expo Guadalajara. <\/p>\n<\/div>\n<p>Fuente: Discapacidad https:\/\/www.20minutos.es\/noticia\/5533015\/0\/mexico-moda-disenadoras-mexicanas-crean-ropa-para-personas-con-discapacidad-visual-auditiva\/<\/p>\n","protected":false},"excerpt":{"rendered":"<p>Las dise\u00f1adoras mexicanas Jehsel Lau y Valeria Guzm\u00e1n han creado ropa con mensajes en sistema Braille para que las personas con discapacidad sensorial puedan conocer los colores y telas y se sientan incluidas en el mundo de la moda.<\/p>\n","protected":false},"author":1,"featured_media":0,"comment_status":"closed","ping_status":"closed","sticky":false,"template":"","format":"standard","meta":{"footnotes":""},"categories":[8],"tags":[],"class_list":["post-10187","post","type-post","status-publish","format-standard","hentry","category-noticias"],"yoast_head":"<!-- This site is optimized with the Yoast SEO plugin v27.5 - https:\/\/yoast.com\/product\/yoast-seo-wordpress\/ -->\n<title>Dos dise\u00f1adoras mexicanas crean ropa para personas con discapacidad sensorial: &quot;Podr\u00eda ser un mercado potencial&quot; - Asociaci\u00f3n Espa\u00f1ola S\u00edndrome de Charge<\/title>\n<meta name=\"robots\" content=\"index, follow, max-snippet:-1, max-image-preview:large, max-video-preview:-1\" \/>\n<link rel=\"canonical\" href=\"https:\/\/sindromecharge.es\/index.php\/2024\/07\/19\/mexico-moda-disenadoras-mexicanas-crean-ropa-para-personas-con-discapacidad-visual-auditiva\/\" \/>\n<meta property=\"og:locale\" content=\"es_ES\" \/>\n<meta property=\"og:type\" content=\"article\" \/>\n<meta property=\"og:title\" content=\"Dos dise\u00f1adoras mexicanas crean ropa para personas con discapacidad sensorial: &quot;Podr\u00eda ser un mercado potencial&quot; - Asociaci\u00f3n Espa\u00f1ola S\u00edndrome de Charge\" \/>\n<meta property=\"og:description\" content=\"Las dise\u00f1adoras mexicanas Jehsel Lau y Valeria Guzm\u00e1n han creado ropa con mensajes en sistema Braille para que las personas con discapacidad sensorial puedan conocer los colores y telas y se sientan incluidas en el mundo de la moda.\" \/>\n<meta property=\"og:url\" content=\"https:\/\/sindromecharge.es\/index.php\/2024\/07\/19\/mexico-moda-disenadoras-mexicanas-crean-ropa-para-personas-con-discapacidad-visual-auditiva\/\" \/>\n<meta property=\"og:site_name\" content=\"Asociaci\u00f3n Espa\u00f1ola S\u00edndrome de Charge\" \/>\n<meta property=\"article:publisher\" content=\"https:\/\/www.facebook.com\/asociacionsindromecharge\" \/>\n<meta property=\"article:published_time\" content=\"2024-07-19T05:22:03+00:00\" \/>\n<meta property=\"og:image\" content=\"https:\/\/sindromecharge.es\/wp-content\/uploads\/2013\/09\/logodecharge300x98.png\" \/>\n\t<meta property=\"og:image:width\" content=\"300\" \/>\n\t<meta property=\"og:image:height\" content=\"98\" \/>\n\t<meta property=\"og:image:type\" content=\"image\/png\" \/>\n<meta name=\"author\" content=\"Charge\" \/>\n<meta name=\"twitter:card\" content=\"summary_large_image\" \/>\n<meta name=\"twitter:creator\" content=\"@sindromecharge\" \/>\n<meta name=\"twitter:site\" content=\"@sindromecharge\" \/>\n<meta name=\"twitter:label1\" content=\"Escrito por\" \/>\n\t<meta name=\"twitter:data1\" content=\"Charge\" \/>\n\t<meta name=\"twitter:label2\" content=\"Tiempo de lectura\" \/>\n\t<meta name=\"twitter:data2\" content=\"3 minutos\" \/>\n<script type=\"application\/ld+json\" class=\"yoast-schema-graph\">{\"@context\":\"https:\\\/\\\/schema.org\",\"@graph\":[{\"@type\":\"Article\",\"@id\":\"https:\\\/\\\/sindromecharge.es\\\/index.php\\\/2024\\\/07\\\/19\\\/mexico-moda-disenadoras-mexicanas-crean-ropa-para-personas-con-discapacidad-visual-auditiva\\\/#article\",\"isPartOf\":{\"@id\":\"https:\\\/\\\/sindromecharge.es\\\/index.php\\\/2024\\\/07\\\/19\\\/mexico-moda-disenadoras-mexicanas-crean-ropa-para-personas-con-discapacidad-visual-auditiva\\\/\"},\"author\":{\"name\":\"Charge\",\"@id\":\"https:\\\/\\\/sindromecharge.es\\\/#\\\/schema\\\/person\\\/39a60ebe0a2b4d5a11179701e336b039\"},\"headline\":\"Dos dise\u00f1adoras mexicanas crean ropa para personas con discapacidad sensorial: \u00abPodr\u00eda ser un mercado potencial\u00bb\",\"datePublished\":\"2024-07-19T05:22:03+00:00\",\"mainEntityOfPage\":{\"@id\":\"https:\\\/\\\/sindromecharge.es\\\/index.php\\\/2024\\\/07\\\/19\\\/mexico-moda-disenadoras-mexicanas-crean-ropa-para-personas-con-discapacidad-visual-auditiva\\\/\"},\"wordCount\":557,\"articleSection\":[\"noticias\"],\"inLanguage\":\"es\"},{\"@type\":\"WebPage\",\"@id\":\"https:\\\/\\\/sindromecharge.es\\\/index.php\\\/2024\\\/07\\\/19\\\/mexico-moda-disenadoras-mexicanas-crean-ropa-para-personas-con-discapacidad-visual-auditiva\\\/\",\"url\":\"https:\\\/\\\/sindromecharge.es\\\/index.php\\\/2024\\\/07\\\/19\\\/mexico-moda-disenadoras-mexicanas-crean-ropa-para-personas-con-discapacidad-visual-auditiva\\\/\",\"name\":\"Dos dise\u00f1adoras mexicanas crean ropa para personas con discapacidad sensorial: \\\"Podr\u00eda ser un mercado potencial\\\" - Asociaci\u00f3n Espa\u00f1ola S\u00edndrome de Charge\",\"isPartOf\":{\"@id\":\"https:\\\/\\\/sindromecharge.es\\\/#website\"},\"datePublished\":\"2024-07-19T05:22:03+00:00\",\"author\":{\"@id\":\"https:\\\/\\\/sindromecharge.es\\\/#\\\/schema\\\/person\\\/39a60ebe0a2b4d5a11179701e336b039\"},\"breadcrumb\":{\"@id\":\"https:\\\/\\\/sindromecharge.es\\\/index.php\\\/2024\\\/07\\\/19\\\/mexico-moda-disenadoras-mexicanas-crean-ropa-para-personas-con-discapacidad-visual-auditiva\\\/#breadcrumb\"},\"inLanguage\":\"es\",\"potentialAction\":[{\"@type\":\"ReadAction\",\"target\":[\"https:\\\/\\\/sindromecharge.es\\\/index.php\\\/2024\\\/07\\\/19\\\/mexico-moda-disenadoras-mexicanas-crean-ropa-para-personas-con-discapacidad-visual-auditiva\\\/\"]}]},{\"@type\":\"BreadcrumbList\",\"@id\":\"https:\\\/\\\/sindromecharge.es\\\/index.php\\\/2024\\\/07\\\/19\\\/mexico-moda-disenadoras-mexicanas-crean-ropa-para-personas-con-discapacidad-visual-auditiva\\\/#breadcrumb\",\"itemListElement\":[{\"@type\":\"ListItem\",\"position\":1,\"name\":\"Portada\",\"item\":\"https:\\\/\\\/sindromecharge.es\\\/\"},{\"@type\":\"ListItem\",\"position\":2,\"name\":\"Dos dise\u00f1adoras mexicanas crean ropa para personas con discapacidad sensorial: &#8220;Podr\u00eda ser un mercado potencial&#8221;\"}]},{\"@type\":\"WebSite\",\"@id\":\"https:\\\/\\\/sindromecharge.es\\\/#website\",\"url\":\"https:\\\/\\\/sindromecharge.es\\\/\",\"name\":\"Asociaci\u00f3n Espa\u00f1ola S\u00edndrome de Charge\",\"description\":\"\",\"potentialAction\":[{\"@type\":\"SearchAction\",\"target\":{\"@type\":\"EntryPoint\",\"urlTemplate\":\"https:\\\/\\\/sindromecharge.es\\\/?s={search_term_string}\"},\"query-input\":{\"@type\":\"PropertyValueSpecification\",\"valueRequired\":true,\"valueName\":\"search_term_string\"}}],\"inLanguage\":\"es\"},{\"@type\":\"Person\",\"@id\":\"https:\\\/\\\/sindromecharge.es\\\/#\\\/schema\\\/person\\\/39a60ebe0a2b4d5a11179701e336b039\",\"name\":\"Charge\",\"image\":{\"@type\":\"ImageObject\",\"inLanguage\":\"es\",\"@id\":\"https:\\\/\\\/secure.gravatar.com\\\/avatar\\\/c3b46e32a0fc3b093a0873fb767bf3293de856293065e84ef06b7ec7a8acfb98?s=96&d=identicon&r=x\",\"url\":\"https:\\\/\\\/secure.gravatar.com\\\/avatar\\\/c3b46e32a0fc3b093a0873fb767bf3293de856293065e84ef06b7ec7a8acfb98?s=96&d=identicon&r=x\",\"contentUrl\":\"https:\\\/\\\/secure.gravatar.com\\\/avatar\\\/c3b46e32a0fc3b093a0873fb767bf3293de856293065e84ef06b7ec7a8acfb98?s=96&d=identicon&r=x\",\"caption\":\"Charge\"},\"url\":\"https:\\\/\\\/sindromecharge.es\\\/index.php\\\/author\\\/admin\\\/\"}]}<\/script>\n<!-- \/ Yoast SEO plugin. -->","yoast_head_json":{"title":"Dos dise\u00f1adoras mexicanas crean ropa para personas con discapacidad sensorial: \"Podr\u00eda ser un mercado potencial\" - Asociaci\u00f3n Espa\u00f1ola S\u00edndrome de Charge","robots":{"index":"index","follow":"follow","max-snippet":"max-snippet:-1","max-image-preview":"max-image-preview:large","max-video-preview":"max-video-preview:-1"},"canonical":"https:\/\/sindromecharge.es\/index.php\/2024\/07\/19\/mexico-moda-disenadoras-mexicanas-crean-ropa-para-personas-con-discapacidad-visual-auditiva\/","og_locale":"es_ES","og_type":"article","og_title":"Dos dise\u00f1adoras mexicanas crean ropa para personas con discapacidad sensorial: \"Podr\u00eda ser un mercado potencial\" - Asociaci\u00f3n Espa\u00f1ola S\u00edndrome de Charge","og_description":"Las dise\u00f1adoras mexicanas Jehsel Lau y Valeria Guzm\u00e1n han creado ropa con mensajes en sistema Braille para que las personas con discapacidad sensorial puedan conocer los colores y telas y se sientan incluidas en el mundo de la moda.","og_url":"https:\/\/sindromecharge.es\/index.php\/2024\/07\/19\/mexico-moda-disenadoras-mexicanas-crean-ropa-para-personas-con-discapacidad-visual-auditiva\/","og_site_name":"Asociaci\u00f3n Espa\u00f1ola S\u00edndrome de Charge","article_publisher":"https:\/\/www.facebook.com\/asociacionsindromecharge","article_published_time":"2024-07-19T05:22:03+00:00","og_image":[{"width":300,"height":98,"url":"https:\/\/sindromecharge.es\/wp-content\/uploads\/2013\/09\/logodecharge300x98.png","type":"image\/png"}],"author":"Charge","twitter_card":"summary_large_image","twitter_creator":"@sindromecharge","twitter_site":"@sindromecharge","twitter_misc":{"Escrito por":"Charge","Tiempo de lectura":"3 minutos"},"schema":{"@context":"https:\/\/schema.org","@graph":[{"@type":"Article","@id":"https:\/\/sindromecharge.es\/index.php\/2024\/07\/19\/mexico-moda-disenadoras-mexicanas-crean-ropa-para-personas-con-discapacidad-visual-auditiva\/#article","isPartOf":{"@id":"https:\/\/sindromecharge.es\/index.php\/2024\/07\/19\/mexico-moda-disenadoras-mexicanas-crean-ropa-para-personas-con-discapacidad-visual-auditiva\/"},"author":{"name":"Charge","@id":"https:\/\/sindromecharge.es\/#\/schema\/person\/39a60ebe0a2b4d5a11179701e336b039"},"headline":"Dos dise\u00f1adoras mexicanas crean ropa para personas con discapacidad sensorial: \u00abPodr\u00eda ser un mercado potencial\u00bb","datePublished":"2024-07-19T05:22:03+00:00","mainEntityOfPage":{"@id":"https:\/\/sindromecharge.es\/index.php\/2024\/07\/19\/mexico-moda-disenadoras-mexicanas-crean-ropa-para-personas-con-discapacidad-visual-auditiva\/"},"wordCount":557,"articleSection":["noticias"],"inLanguage":"es"},{"@type":"WebPage","@id":"https:\/\/sindromecharge.es\/index.php\/2024\/07\/19\/mexico-moda-disenadoras-mexicanas-crean-ropa-para-personas-con-discapacidad-visual-auditiva\/","url":"https:\/\/sindromecharge.es\/index.php\/2024\/07\/19\/mexico-moda-disenadoras-mexicanas-crean-ropa-para-personas-con-discapacidad-visual-auditiva\/","name":"Dos dise\u00f1adoras mexicanas crean ropa para personas con discapacidad sensorial: \"Podr\u00eda ser un mercado potencial\" - Asociaci\u00f3n Espa\u00f1ola S\u00edndrome de Charge","isPartOf":{"@id":"https:\/\/sindromecharge.es\/#website"},"datePublished":"2024-07-19T05:22:03+00:00","author":{"@id":"https:\/\/sindromecharge.es\/#\/schema\/person\/39a60ebe0a2b4d5a11179701e336b039"},"breadcrumb":{"@id":"https:\/\/sindromecharge.es\/index.php\/2024\/07\/19\/mexico-moda-disenadoras-mexicanas-crean-ropa-para-personas-con-discapacidad-visual-auditiva\/#breadcrumb"},"inLanguage":"es","potentialAction":[{"@type":"ReadAction","target":["https:\/\/sindromecharge.es\/index.php\/2024\/07\/19\/mexico-moda-disenadoras-mexicanas-crean-ropa-para-personas-con-discapacidad-visual-auditiva\/"]}]},{"@type":"BreadcrumbList","@id":"https:\/\/sindromecharge.es\/index.php\/2024\/07\/19\/mexico-moda-disenadoras-mexicanas-crean-ropa-para-personas-con-discapacidad-visual-auditiva\/#breadcrumb","itemListElement":[{"@type":"ListItem","position":1,"name":"Portada","item":"https:\/\/sindromecharge.es\/"},{"@type":"ListItem","position":2,"name":"Dos dise\u00f1adoras mexicanas crean ropa para personas con discapacidad sensorial: &#8220;Podr\u00eda ser un mercado potencial&#8221;"}]},{"@type":"WebSite","@id":"https:\/\/sindromecharge.es\/#website","url":"https:\/\/sindromecharge.es\/","name":"Asociaci\u00f3n Espa\u00f1ola S\u00edndrome de Charge","description":"","potentialAction":[{"@type":"SearchAction","target":{"@type":"EntryPoint","urlTemplate":"https:\/\/sindromecharge.es\/?s={search_term_string}"},"query-input":{"@type":"PropertyValueSpecification","valueRequired":true,"valueName":"search_term_string"}}],"inLanguage":"es"},{"@type":"Person","@id":"https:\/\/sindromecharge.es\/#\/schema\/person\/39a60ebe0a2b4d5a11179701e336b039","name":"Charge","image":{"@type":"ImageObject","inLanguage":"es","@id":"https:\/\/secure.gravatar.com\/avatar\/c3b46e32a0fc3b093a0873fb767bf3293de856293065e84ef06b7ec7a8acfb98?s=96&d=identicon&r=x","url":"https:\/\/secure.gravatar.com\/avatar\/c3b46e32a0fc3b093a0873fb767bf3293de856293065e84ef06b7ec7a8acfb98?s=96&d=identicon&r=x","contentUrl":"https:\/\/secure.gravatar.com\/avatar\/c3b46e32a0fc3b093a0873fb767bf3293de856293065e84ef06b7ec7a8acfb98?s=96&d=identicon&r=x","caption":"Charge"},"url":"https:\/\/sindromecharge.es\/index.php\/author\/admin\/"}]}},"_links":{"self":[{"href":"https:\/\/sindromecharge.es\/index.php\/wp-json\/wp\/v2\/posts\/10187","targetHints":{"allow":["GET"]}}],"collection":[{"href":"https:\/\/sindromecharge.es\/index.php\/wp-json\/wp\/v2\/posts"}],"about":[{"href":"https:\/\/sindromecharge.es\/index.php\/wp-json\/wp\/v2\/types\/post"}],"author":[{"embeddable":true,"href":"https:\/\/sindromecharge.es\/index.php\/wp-json\/wp\/v2\/users\/1"}],"replies":[{"embeddable":true,"href":"https:\/\/sindromecharge.es\/index.php\/wp-json\/wp\/v2\/comments?post=10187"}],"version-history":[{"count":0,"href":"https:\/\/sindromecharge.es\/index.php\/wp-json\/wp\/v2\/posts\/10187\/revisions"}],"wp:attachment":[{"href":"https:\/\/sindromecharge.es\/index.php\/wp-json\/wp\/v2\/media?parent=10187"}],"wp:term":[{"taxonomy":"category","embeddable":true,"href":"https:\/\/sindromecharge.es\/index.php\/wp-json\/wp\/v2\/categories?post=10187"},{"taxonomy":"post_tag","embeddable":true,"href":"https:\/\/sindromecharge.es\/index.php\/wp-json\/wp\/v2\/tags?post=10187"}],"curies":[{"name":"wp","href":"https:\/\/api.w.org\/{rel}","templated":true}]}}