{"id":10185,"date":"2024-07-18T10:58:13","date_gmt":"2024-07-18T10:58:13","guid":{"rendered":"https:\/\/sindromecharge.es\/index.php\/2024\/07\/18\/jovenes-y-personas-adultas-con-cardiopatias-congenitas-cuentan-con-representacion-en-menudos-corazones\/"},"modified":"2024-07-18T10:58:13","modified_gmt":"2024-07-18T10:58:13","slug":"jovenes-y-personas-adultas-con-cardiopatias-congenitas-cuentan-con-representacion-en-menudos-corazones","status":"publish","type":"post","link":"https:\/\/sindromecharge.es\/index.php\/2024\/07\/18\/jovenes-y-personas-adultas-con-cardiopatias-congenitas-cuentan-con-representacion-en-menudos-corazones\/","title":{"rendered":"J\u00f3venes y personas adultas con cardiopat\u00edas cong\u00e9nitas cuentan con representaci\u00f3n en Menudos Corazones"},"content":{"rendered":"<p>Leemos en Menudos Corazones la siguiente noticia que os reproducimos de forma \u00edntegra: <\/p>\n<div>\n<p>Una de las prioridades de la Fundaci\u00f3n Menudos Corazones es <strong>apoyar al cada vez m\u00e1s numeroso colectivo de personas con cardiopat\u00edas cong\u00e9nitas mayores de edad.<\/strong><\/p>\n<p>En nuestro <a href=\"https:\/\/www.menudoscorazones.org\/wp-content\/uploads\/2023\/02\/Plan-Estrategico-MMCC-2023-2025.pdf\" target=\"_blank\" rel=\"noopener\">Plan Estrat\u00e9gico 2023-2025,<\/a> de hecho, existe una l\u00ednea espec\u00edfica de empoderamiento que contempla la puesta en marcha de un comit\u00e9 de j\u00f3venes y personas adultas nacidas con cardiopat\u00edas que <strong>represente a estos pacientes, promueva su participaci\u00f3n dentro de la entidad y aporte ideas para mejorar los servicios que les brinda Menudos Corazones.<\/strong><\/p>\n<p>En la <a href=\"https:\/\/www.menudoscorazones.org\/2023\/celebramos-20-anos-contigo-en-nuestra-jornada-sobre-cardiopatias-congenitas\/\">XX Jornada sobre Cardiopat\u00edas Cong\u00e9nitas,<\/a> celebrada en noviembre pasado, se configur\u00f3 este <strong>Comit\u00e9 de J\u00f3venes y Personas Adultas con Cardiopat\u00edas Cong\u00e9nitas,<\/strong> que ha quedado conformado por <strong>Mar\u00eda L\u00f3pez,<\/strong> de Palencia;\u00a0<strong>Marta Fern\u00e1ndez,<\/strong> de\u00a0Pamplona;\u00a0<strong>Lourdes Pav\u00f3n,<\/strong> de\u00a0Puerto L\u00e1pice (Ciudad Real);\u00a0<strong>Carlos Chac\u00f3n,<\/strong> de Manzanares (Ciudad Real); y\u00a0<strong>Patricia Colina,<\/strong> de Salou (Tarragona).<\/p>\n<p>\u00a0<\/p>\n<p><a href=\"https:\/\/www.menudoscorazones.org\/2024\/jovenes-y-personas-adultas-con-cardiopatias-congenitas-cuentan-con-representacion-en-menudos-corazones\/maria-2\/\"><img fetchpriority=\"high\" decoding=\"async\" width=\"225\" height=\"300\" src=\"https:\/\/www.menudoscorazones.org\/wp-content\/uploads\/2024\/07\/Maria-225x300.png\" class=\"attachment-medium size-medium\" alt=\"\" srcset=\"https:\/\/www.menudoscorazones.org\/wp-content\/uploads\/2024\/07\/Maria-225x300.png 225w, https:\/\/www.menudoscorazones.org\/wp-content\/uploads\/2024\/07\/Maria-768x1023.png 768w, https:\/\/www.menudoscorazones.org\/wp-content\/uploads\/2024\/07\/Maria-655x873.png 655w, https:\/\/www.menudoscorazones.org\/wp-content\/uploads\/2024\/07\/Maria.png 938w\" sizes=\"(max-width: 225px) 100vw, 225px\"><\/a><br \/>\n<a href=\"https:\/\/www.menudoscorazones.org\/2024\/jovenes-y-personas-adultas-con-cardiopatias-congenitas-cuentan-con-representacion-en-menudos-corazones\/marta\/\"><img loading=\"lazy\" decoding=\"async\" width=\"225\" height=\"300\" src=\"https:\/\/www.menudoscorazones.org\/wp-content\/uploads\/2024\/07\/Marta-225x300.png\" class=\"attachment-medium size-medium\" alt=\"\" srcset=\"https:\/\/www.menudoscorazones.org\/wp-content\/uploads\/2024\/07\/Marta-225x300.png 225w, https:\/\/www.menudoscorazones.org\/wp-content\/uploads\/2024\/07\/Marta-768x1023.png 768w, https:\/\/www.menudoscorazones.org\/wp-content\/uploads\/2024\/07\/Marta-655x873.png 655w, https:\/\/www.menudoscorazones.org\/wp-content\/uploads\/2024\/07\/Marta.png 938w\" sizes=\"auto, (max-width: 225px) 100vw, 225px\"><\/a><br \/>\n<a href=\"https:\/\/www.menudoscorazones.org\/2024\/jovenes-y-personas-adultas-con-cardiopatias-congenitas-cuentan-con-representacion-en-menudos-corazones\/5-13\/\"><img loading=\"lazy\" decoding=\"async\" width=\"225\" height=\"300\" src=\"https:\/\/www.menudoscorazones.org\/wp-content\/uploads\/2024\/07\/5-225x300.png\" class=\"attachment-medium size-medium\" alt=\"\" srcset=\"https:\/\/www.menudoscorazones.org\/wp-content\/uploads\/2024\/07\/5-225x300.png 225w, https:\/\/www.menudoscorazones.org\/wp-content\/uploads\/2024\/07\/5-768x1023.png 768w, https:\/\/www.menudoscorazones.org\/wp-content\/uploads\/2024\/07\/5-655x873.png 655w, https:\/\/www.menudoscorazones.org\/wp-content\/uploads\/2024\/07\/5.png 938w\" sizes=\"auto, (max-width: 225px) 100vw, 225px\"><\/a><br \/>\n<a href=\"https:\/\/www.menudoscorazones.org\/2024\/jovenes-y-personas-adultas-con-cardiopatias-congenitas-cuentan-con-representacion-en-menudos-corazones\/carlos-2\/\"><img loading=\"lazy\" decoding=\"async\" width=\"225\" height=\"300\" src=\"https:\/\/www.menudoscorazones.org\/wp-content\/uploads\/2024\/07\/Carlos-225x300.png\" class=\"attachment-medium size-medium\" alt=\"\" srcset=\"https:\/\/www.menudoscorazones.org\/wp-content\/uploads\/2024\/07\/Carlos-225x300.png 225w, https:\/\/www.menudoscorazones.org\/wp-content\/uploads\/2024\/07\/Carlos-768x1023.png 768w, https:\/\/www.menudoscorazones.org\/wp-content\/uploads\/2024\/07\/Carlos-655x873.png 655w, https:\/\/www.menudoscorazones.org\/wp-content\/uploads\/2024\/07\/Carlos.png 938w\" sizes=\"auto, (max-width: 225px) 100vw, 225px\"><\/a><br \/>\n<a href=\"https:\/\/www.menudoscorazones.org\/2024\/jovenes-y-personas-adultas-con-cardiopatias-congenitas-cuentan-con-representacion-en-menudos-corazones\/patricia-2\/\"><img loading=\"lazy\" decoding=\"async\" width=\"225\" height=\"300\" src=\"https:\/\/www.menudoscorazones.org\/wp-content\/uploads\/2024\/07\/Patricia-225x300.png\" class=\"attachment-medium size-medium\" alt=\"\" srcset=\"https:\/\/www.menudoscorazones.org\/wp-content\/uploads\/2024\/07\/Patricia-225x300.png 225w, https:\/\/www.menudoscorazones.org\/wp-content\/uploads\/2024\/07\/Patricia-768x1023.png 768w, https:\/\/www.menudoscorazones.org\/wp-content\/uploads\/2024\/07\/Patricia-655x873.png 655w, https:\/\/www.menudoscorazones.org\/wp-content\/uploads\/2024\/07\/Patricia.png 938w\" sizes=\"auto, (max-width: 225px) 100vw, 225px\"><\/a><\/p>\n<p>El comit\u00e9, presentado en la <a href=\"https:\/\/www.menudoscorazones.org\/2024\/asi-fue-nuestra-ii-jornada-para-personas-adultas-con-cardiopatias-congenitas\/\">II Jornada para Personas Adultas con Cardiopat\u00edas Cong\u00e9nitas,<\/a> cuenta con un <a href=\"https:\/\/www.menudoscorazones.org\/wp-content\/uploads\/2024\/07\/Reglamento-Comite-Adultos-Menudos-Corazones.pdf\" target=\"_blank\" rel=\"noopener\">Reglamento interno<\/a> y un correo electr\u00f3nico propio para gestionar las consultas relacionadas con sus fines: <a href=\"mailto:comite.adultos@menudoscorazones.org\">comite.adultos@menudoscorazones.org.<\/a><\/p>\n<p>Desde Menudos Corazones damos las gracias a <strong>Mar\u00eda, Marta, Lourdes, Carlos y Patricia<\/strong> por dar este paso al frente que tanto puede ayudar a quienes como ellos nacieron con una cardiopat\u00eda cong\u00e9nita y hoy se enfrentan a los retos de la vida adulta.<\/p>\n<p>La entrada <a href=\"https:\/\/www.menudoscorazones.org\/2024\/jovenes-y-personas-adultas-con-cardiopatias-congenitas-cuentan-con-representacion-en-menudos-corazones\/\">J\u00f3venes y personas adultas con cardiopat\u00edas cong\u00e9nitas cuentan con representaci\u00f3n en Menudos Corazones<\/a> aparece primero en <a href=\"https:\/\/www.menudoscorazones.org\/\">Menudos Corazones<\/a>.<\/p>\n<\/div>\n<p>Fuente: Menudos Corazones https:\/\/www.menudoscorazones.org\/2024\/jovenes-y-personas-adultas-con-cardiopatias-congenitas-cuentan-con-representacion-en-menudos-corazones\/<\/p>\n","protected":false},"excerpt":{"rendered":"<p>El Comit\u00e9 de J\u00f3venes y Personas Adultas con Cardiopat\u00edas Cong\u00e9nitas busca representar a estos pacientes, promover su participaci\u00f3n dentro de Menudos Corazones y aportar ideas para mejorar los servicios que les brinda la entidad. La entrada J\u00f3venes y personas adultas con cardiopat\u00edas cong\u00e9nitas cuentan con representaci\u00f3n en Menudos Corazones aparece primero en Menudos Corazones.<\/p>\n","protected":false},"author":1,"featured_media":0,"comment_status":"closed","ping_status":"closed","sticky":false,"template":"","format":"standard","meta":{"footnotes":""},"categories":[8],"tags":[],"class_list":["post-10185","post","type-post","status-publish","format-standard","hentry","category-noticias"],"yoast_head":"<!-- This site is optimized with the Yoast SEO plugin v27.5 - https:\/\/yoast.com\/product\/yoast-seo-wordpress\/ -->\n<title>J\u00f3venes y personas adultas con cardiopat\u00edas cong\u00e9nitas cuentan con representaci\u00f3n en Menudos Corazones - Asociaci\u00f3n Espa\u00f1ola S\u00edndrome de Charge<\/title>\n<meta name=\"robots\" content=\"index, follow, max-snippet:-1, max-image-preview:large, max-video-preview:-1\" \/>\n<link rel=\"canonical\" href=\"https:\/\/sindromecharge.es\/index.php\/2024\/07\/18\/jovenes-y-personas-adultas-con-cardiopatias-congenitas-cuentan-con-representacion-en-menudos-corazones\/\" \/>\n<meta property=\"og:locale\" content=\"es_ES\" \/>\n<meta property=\"og:type\" content=\"article\" \/>\n<meta property=\"og:title\" content=\"J\u00f3venes y personas adultas con cardiopat\u00edas cong\u00e9nitas cuentan con representaci\u00f3n en Menudos Corazones - Asociaci\u00f3n Espa\u00f1ola S\u00edndrome de Charge\" \/>\n<meta property=\"og:description\" content=\"El Comit\u00e9 de J\u00f3venes y Personas Adultas con Cardiopat\u00edas Cong\u00e9nitas busca representar a estos pacientes, promover su participaci\u00f3n dentro de Menudos Corazones y aportar ideas para mejorar los servicios que les brinda la entidad. La entrada J\u00f3venes y personas adultas con cardiopat\u00edas cong\u00e9nitas cuentan con representaci\u00f3n en Menudos Corazones aparece primero en Menudos Corazones.\" \/>\n<meta property=\"og:url\" content=\"https:\/\/sindromecharge.es\/index.php\/2024\/07\/18\/jovenes-y-personas-adultas-con-cardiopatias-congenitas-cuentan-con-representacion-en-menudos-corazones\/\" \/>\n<meta property=\"og:site_name\" content=\"Asociaci\u00f3n Espa\u00f1ola S\u00edndrome de Charge\" \/>\n<meta property=\"article:publisher\" content=\"https:\/\/www.facebook.com\/asociacionsindromecharge\" \/>\n<meta property=\"article:published_time\" content=\"2024-07-18T10:58:13+00:00\" \/>\n<meta property=\"og:image\" content=\"https:\/\/www.menudoscorazones.org\/wp-content\/uploads\/2024\/07\/Maria-225x300.png\" \/>\n<meta name=\"author\" content=\"Charge\" \/>\n<meta name=\"twitter:card\" content=\"summary_large_image\" \/>\n<meta name=\"twitter:creator\" content=\"@sindromecharge\" \/>\n<meta name=\"twitter:site\" content=\"@sindromecharge\" \/>\n<meta name=\"twitter:label1\" content=\"Escrito por\" \/>\n\t<meta name=\"twitter:data1\" content=\"Charge\" \/>\n\t<meta name=\"twitter:label2\" content=\"Tiempo de lectura\" \/>\n\t<meta name=\"twitter:data2\" content=\"1 minuto\" \/>\n<script type=\"application\/ld+json\" class=\"yoast-schema-graph\">{\"@context\":\"https:\\\/\\\/schema.org\",\"@graph\":[{\"@type\":\"Article\",\"@id\":\"https:\\\/\\\/sindromecharge.es\\\/index.php\\\/2024\\\/07\\\/18\\\/jovenes-y-personas-adultas-con-cardiopatias-congenitas-cuentan-con-representacion-en-menudos-corazones\\\/#article\",\"isPartOf\":{\"@id\":\"https:\\\/\\\/sindromecharge.es\\\/index.php\\\/2024\\\/07\\\/18\\\/jovenes-y-personas-adultas-con-cardiopatias-congenitas-cuentan-con-representacion-en-menudos-corazones\\\/\"},\"author\":{\"name\":\"Charge\",\"@id\":\"https:\\\/\\\/sindromecharge.es\\\/#\\\/schema\\\/person\\\/39a60ebe0a2b4d5a11179701e336b039\"},\"headline\":\"J\u00f3venes y personas adultas con cardiopat\u00edas cong\u00e9nitas cuentan con representaci\u00f3n en Menudos Corazones\",\"datePublished\":\"2024-07-18T10:58:13+00:00\",\"mainEntityOfPage\":{\"@id\":\"https:\\\/\\\/sindromecharge.es\\\/index.php\\\/2024\\\/07\\\/18\\\/jovenes-y-personas-adultas-con-cardiopatias-congenitas-cuentan-con-representacion-en-menudos-corazones\\\/\"},\"wordCount\":301,\"image\":{\"@id\":\"https:\\\/\\\/sindromecharge.es\\\/index.php\\\/2024\\\/07\\\/18\\\/jovenes-y-personas-adultas-con-cardiopatias-congenitas-cuentan-con-representacion-en-menudos-corazones\\\/#primaryimage\"},\"thumbnailUrl\":\"https:\\\/\\\/www.menudoscorazones.org\\\/wp-content\\\/uploads\\\/2024\\\/07\\\/Maria-225x300.png\",\"articleSection\":[\"noticias\"],\"inLanguage\":\"es\"},{\"@type\":\"WebPage\",\"@id\":\"https:\\\/\\\/sindromecharge.es\\\/index.php\\\/2024\\\/07\\\/18\\\/jovenes-y-personas-adultas-con-cardiopatias-congenitas-cuentan-con-representacion-en-menudos-corazones\\\/\",\"url\":\"https:\\\/\\\/sindromecharge.es\\\/index.php\\\/2024\\\/07\\\/18\\\/jovenes-y-personas-adultas-con-cardiopatias-congenitas-cuentan-con-representacion-en-menudos-corazones\\\/\",\"name\":\"J\u00f3venes y personas adultas con cardiopat\u00edas cong\u00e9nitas cuentan con representaci\u00f3n en Menudos Corazones - Asociaci\u00f3n Espa\u00f1ola S\u00edndrome de Charge\",\"isPartOf\":{\"@id\":\"https:\\\/\\\/sindromecharge.es\\\/#website\"},\"primaryImageOfPage\":{\"@id\":\"https:\\\/\\\/sindromecharge.es\\\/index.php\\\/2024\\\/07\\\/18\\\/jovenes-y-personas-adultas-con-cardiopatias-congenitas-cuentan-con-representacion-en-menudos-corazones\\\/#primaryimage\"},\"image\":{\"@id\":\"https:\\\/\\\/sindromecharge.es\\\/index.php\\\/2024\\\/07\\\/18\\\/jovenes-y-personas-adultas-con-cardiopatias-congenitas-cuentan-con-representacion-en-menudos-corazones\\\/#primaryimage\"},\"thumbnailUrl\":\"https:\\\/\\\/www.menudoscorazones.org\\\/wp-content\\\/uploads\\\/2024\\\/07\\\/Maria-225x300.png\",\"datePublished\":\"2024-07-18T10:58:13+00:00\",\"author\":{\"@id\":\"https:\\\/\\\/sindromecharge.es\\\/#\\\/schema\\\/person\\\/39a60ebe0a2b4d5a11179701e336b039\"},\"breadcrumb\":{\"@id\":\"https:\\\/\\\/sindromecharge.es\\\/index.php\\\/2024\\\/07\\\/18\\\/jovenes-y-personas-adultas-con-cardiopatias-congenitas-cuentan-con-representacion-en-menudos-corazones\\\/#breadcrumb\"},\"inLanguage\":\"es\",\"potentialAction\":[{\"@type\":\"ReadAction\",\"target\":[\"https:\\\/\\\/sindromecharge.es\\\/index.php\\\/2024\\\/07\\\/18\\\/jovenes-y-personas-adultas-con-cardiopatias-congenitas-cuentan-con-representacion-en-menudos-corazones\\\/\"]}]},{\"@type\":\"ImageObject\",\"inLanguage\":\"es\",\"@id\":\"https:\\\/\\\/sindromecharge.es\\\/index.php\\\/2024\\\/07\\\/18\\\/jovenes-y-personas-adultas-con-cardiopatias-congenitas-cuentan-con-representacion-en-menudos-corazones\\\/#primaryimage\",\"url\":\"https:\\\/\\\/www.menudoscorazones.org\\\/wp-content\\\/uploads\\\/2024\\\/07\\\/Maria-225x300.png\",\"contentUrl\":\"https:\\\/\\\/www.menudoscorazones.org\\\/wp-content\\\/uploads\\\/2024\\\/07\\\/Maria-225x300.png\"},{\"@type\":\"BreadcrumbList\",\"@id\":\"https:\\\/\\\/sindromecharge.es\\\/index.php\\\/2024\\\/07\\\/18\\\/jovenes-y-personas-adultas-con-cardiopatias-congenitas-cuentan-con-representacion-en-menudos-corazones\\\/#breadcrumb\",\"itemListElement\":[{\"@type\":\"ListItem\",\"position\":1,\"name\":\"Portada\",\"item\":\"https:\\\/\\\/sindromecharge.es\\\/\"},{\"@type\":\"ListItem\",\"position\":2,\"name\":\"J\u00f3venes y personas adultas con cardiopat\u00edas cong\u00e9nitas cuentan con representaci\u00f3n en Menudos Corazones\"}]},{\"@type\":\"WebSite\",\"@id\":\"https:\\\/\\\/sindromecharge.es\\\/#website\",\"url\":\"https:\\\/\\\/sindromecharge.es\\\/\",\"name\":\"Asociaci\u00f3n Espa\u00f1ola S\u00edndrome de Charge\",\"description\":\"\",\"potentialAction\":[{\"@type\":\"SearchAction\",\"target\":{\"@type\":\"EntryPoint\",\"urlTemplate\":\"https:\\\/\\\/sindromecharge.es\\\/?s={search_term_string}\"},\"query-input\":{\"@type\":\"PropertyValueSpecification\",\"valueRequired\":true,\"valueName\":\"search_term_string\"}}],\"inLanguage\":\"es\"},{\"@type\":\"Person\",\"@id\":\"https:\\\/\\\/sindromecharge.es\\\/#\\\/schema\\\/person\\\/39a60ebe0a2b4d5a11179701e336b039\",\"name\":\"Charge\",\"image\":{\"@type\":\"ImageObject\",\"inLanguage\":\"es\",\"@id\":\"https:\\\/\\\/secure.gravatar.com\\\/avatar\\\/c3b46e32a0fc3b093a0873fb767bf3293de856293065e84ef06b7ec7a8acfb98?s=96&d=identicon&r=x\",\"url\":\"https:\\\/\\\/secure.gravatar.com\\\/avatar\\\/c3b46e32a0fc3b093a0873fb767bf3293de856293065e84ef06b7ec7a8acfb98?s=96&d=identicon&r=x\",\"contentUrl\":\"https:\\\/\\\/secure.gravatar.com\\\/avatar\\\/c3b46e32a0fc3b093a0873fb767bf3293de856293065e84ef06b7ec7a8acfb98?s=96&d=identicon&r=x\",\"caption\":\"Charge\"},\"url\":\"https:\\\/\\\/sindromecharge.es\\\/index.php\\\/author\\\/admin\\\/\"}]}<\/script>\n<!-- \/ Yoast SEO plugin. -->","yoast_head_json":{"title":"J\u00f3venes y personas adultas con cardiopat\u00edas cong\u00e9nitas cuentan con representaci\u00f3n en Menudos Corazones - Asociaci\u00f3n Espa\u00f1ola S\u00edndrome de Charge","robots":{"index":"index","follow":"follow","max-snippet":"max-snippet:-1","max-image-preview":"max-image-preview:large","max-video-preview":"max-video-preview:-1"},"canonical":"https:\/\/sindromecharge.es\/index.php\/2024\/07\/18\/jovenes-y-personas-adultas-con-cardiopatias-congenitas-cuentan-con-representacion-en-menudos-corazones\/","og_locale":"es_ES","og_type":"article","og_title":"J\u00f3venes y personas adultas con cardiopat\u00edas cong\u00e9nitas cuentan con representaci\u00f3n en Menudos Corazones - Asociaci\u00f3n Espa\u00f1ola S\u00edndrome de Charge","og_description":"El Comit\u00e9 de J\u00f3venes y Personas Adultas con Cardiopat\u00edas Cong\u00e9nitas busca representar a estos pacientes, promover su participaci\u00f3n dentro de Menudos Corazones y aportar ideas para mejorar los servicios que les brinda la entidad. La entrada J\u00f3venes y personas adultas con cardiopat\u00edas cong\u00e9nitas cuentan con representaci\u00f3n en Menudos Corazones aparece primero en Menudos Corazones.","og_url":"https:\/\/sindromecharge.es\/index.php\/2024\/07\/18\/jovenes-y-personas-adultas-con-cardiopatias-congenitas-cuentan-con-representacion-en-menudos-corazones\/","og_site_name":"Asociaci\u00f3n Espa\u00f1ola S\u00edndrome de Charge","article_publisher":"https:\/\/www.facebook.com\/asociacionsindromecharge","article_published_time":"2024-07-18T10:58:13+00:00","og_image":[{"url":"https:\/\/www.menudoscorazones.org\/wp-content\/uploads\/2024\/07\/Maria-225x300.png","type":"","width":"","height":""}],"author":"Charge","twitter_card":"summary_large_image","twitter_creator":"@sindromecharge","twitter_site":"@sindromecharge","twitter_misc":{"Escrito por":"Charge","Tiempo de lectura":"1 minuto"},"schema":{"@context":"https:\/\/schema.org","@graph":[{"@type":"Article","@id":"https:\/\/sindromecharge.es\/index.php\/2024\/07\/18\/jovenes-y-personas-adultas-con-cardiopatias-congenitas-cuentan-con-representacion-en-menudos-corazones\/#article","isPartOf":{"@id":"https:\/\/sindromecharge.es\/index.php\/2024\/07\/18\/jovenes-y-personas-adultas-con-cardiopatias-congenitas-cuentan-con-representacion-en-menudos-corazones\/"},"author":{"name":"Charge","@id":"https:\/\/sindromecharge.es\/#\/schema\/person\/39a60ebe0a2b4d5a11179701e336b039"},"headline":"J\u00f3venes y personas adultas con cardiopat\u00edas cong\u00e9nitas cuentan con representaci\u00f3n en Menudos Corazones","datePublished":"2024-07-18T10:58:13+00:00","mainEntityOfPage":{"@id":"https:\/\/sindromecharge.es\/index.php\/2024\/07\/18\/jovenes-y-personas-adultas-con-cardiopatias-congenitas-cuentan-con-representacion-en-menudos-corazones\/"},"wordCount":301,"image":{"@id":"https:\/\/sindromecharge.es\/index.php\/2024\/07\/18\/jovenes-y-personas-adultas-con-cardiopatias-congenitas-cuentan-con-representacion-en-menudos-corazones\/#primaryimage"},"thumbnailUrl":"https:\/\/www.menudoscorazones.org\/wp-content\/uploads\/2024\/07\/Maria-225x300.png","articleSection":["noticias"],"inLanguage":"es"},{"@type":"WebPage","@id":"https:\/\/sindromecharge.es\/index.php\/2024\/07\/18\/jovenes-y-personas-adultas-con-cardiopatias-congenitas-cuentan-con-representacion-en-menudos-corazones\/","url":"https:\/\/sindromecharge.es\/index.php\/2024\/07\/18\/jovenes-y-personas-adultas-con-cardiopatias-congenitas-cuentan-con-representacion-en-menudos-corazones\/","name":"J\u00f3venes y personas adultas con cardiopat\u00edas cong\u00e9nitas cuentan con representaci\u00f3n en Menudos Corazones - Asociaci\u00f3n Espa\u00f1ola S\u00edndrome de Charge","isPartOf":{"@id":"https:\/\/sindromecharge.es\/#website"},"primaryImageOfPage":{"@id":"https:\/\/sindromecharge.es\/index.php\/2024\/07\/18\/jovenes-y-personas-adultas-con-cardiopatias-congenitas-cuentan-con-representacion-en-menudos-corazones\/#primaryimage"},"image":{"@id":"https:\/\/sindromecharge.es\/index.php\/2024\/07\/18\/jovenes-y-personas-adultas-con-cardiopatias-congenitas-cuentan-con-representacion-en-menudos-corazones\/#primaryimage"},"thumbnailUrl":"https:\/\/www.menudoscorazones.org\/wp-content\/uploads\/2024\/07\/Maria-225x300.png","datePublished":"2024-07-18T10:58:13+00:00","author":{"@id":"https:\/\/sindromecharge.es\/#\/schema\/person\/39a60ebe0a2b4d5a11179701e336b039"},"breadcrumb":{"@id":"https:\/\/sindromecharge.es\/index.php\/2024\/07\/18\/jovenes-y-personas-adultas-con-cardiopatias-congenitas-cuentan-con-representacion-en-menudos-corazones\/#breadcrumb"},"inLanguage":"es","potentialAction":[{"@type":"ReadAction","target":["https:\/\/sindromecharge.es\/index.php\/2024\/07\/18\/jovenes-y-personas-adultas-con-cardiopatias-congenitas-cuentan-con-representacion-en-menudos-corazones\/"]}]},{"@type":"ImageObject","inLanguage":"es","@id":"https:\/\/sindromecharge.es\/index.php\/2024\/07\/18\/jovenes-y-personas-adultas-con-cardiopatias-congenitas-cuentan-con-representacion-en-menudos-corazones\/#primaryimage","url":"https:\/\/www.menudoscorazones.org\/wp-content\/uploads\/2024\/07\/Maria-225x300.png","contentUrl":"https:\/\/www.menudoscorazones.org\/wp-content\/uploads\/2024\/07\/Maria-225x300.png"},{"@type":"BreadcrumbList","@id":"https:\/\/sindromecharge.es\/index.php\/2024\/07\/18\/jovenes-y-personas-adultas-con-cardiopatias-congenitas-cuentan-con-representacion-en-menudos-corazones\/#breadcrumb","itemListElement":[{"@type":"ListItem","position":1,"name":"Portada","item":"https:\/\/sindromecharge.es\/"},{"@type":"ListItem","position":2,"name":"J\u00f3venes y personas adultas con cardiopat\u00edas cong\u00e9nitas cuentan con representaci\u00f3n en Menudos Corazones"}]},{"@type":"WebSite","@id":"https:\/\/sindromecharge.es\/#website","url":"https:\/\/sindromecharge.es\/","name":"Asociaci\u00f3n Espa\u00f1ola S\u00edndrome de Charge","description":"","potentialAction":[{"@type":"SearchAction","target":{"@type":"EntryPoint","urlTemplate":"https:\/\/sindromecharge.es\/?s={search_term_string}"},"query-input":{"@type":"PropertyValueSpecification","valueRequired":true,"valueName":"search_term_string"}}],"inLanguage":"es"},{"@type":"Person","@id":"https:\/\/sindromecharge.es\/#\/schema\/person\/39a60ebe0a2b4d5a11179701e336b039","name":"Charge","image":{"@type":"ImageObject","inLanguage":"es","@id":"https:\/\/secure.gravatar.com\/avatar\/c3b46e32a0fc3b093a0873fb767bf3293de856293065e84ef06b7ec7a8acfb98?s=96&d=identicon&r=x","url":"https:\/\/secure.gravatar.com\/avatar\/c3b46e32a0fc3b093a0873fb767bf3293de856293065e84ef06b7ec7a8acfb98?s=96&d=identicon&r=x","contentUrl":"https:\/\/secure.gravatar.com\/avatar\/c3b46e32a0fc3b093a0873fb767bf3293de856293065e84ef06b7ec7a8acfb98?s=96&d=identicon&r=x","caption":"Charge"},"url":"https:\/\/sindromecharge.es\/index.php\/author\/admin\/"}]}},"_links":{"self":[{"href":"https:\/\/sindromecharge.es\/index.php\/wp-json\/wp\/v2\/posts\/10185","targetHints":{"allow":["GET"]}}],"collection":[{"href":"https:\/\/sindromecharge.es\/index.php\/wp-json\/wp\/v2\/posts"}],"about":[{"href":"https:\/\/sindromecharge.es\/index.php\/wp-json\/wp\/v2\/types\/post"}],"author":[{"embeddable":true,"href":"https:\/\/sindromecharge.es\/index.php\/wp-json\/wp\/v2\/users\/1"}],"replies":[{"embeddable":true,"href":"https:\/\/sindromecharge.es\/index.php\/wp-json\/wp\/v2\/comments?post=10185"}],"version-history":[{"count":0,"href":"https:\/\/sindromecharge.es\/index.php\/wp-json\/wp\/v2\/posts\/10185\/revisions"}],"wp:attachment":[{"href":"https:\/\/sindromecharge.es\/index.php\/wp-json\/wp\/v2\/media?parent=10185"}],"wp:term":[{"taxonomy":"category","embeddable":true,"href":"https:\/\/sindromecharge.es\/index.php\/wp-json\/wp\/v2\/categories?post=10185"},{"taxonomy":"post_tag","embeddable":true,"href":"https:\/\/sindromecharge.es\/index.php\/wp-json\/wp\/v2\/tags?post=10185"}],"curies":[{"name":"wp","href":"https:\/\/api.w.org\/{rel}","templated":true}]}}