{"id":10182,"date":"2024-07-18T10:11:42","date_gmt":"2024-07-18T10:11:42","guid":{"rendered":"https:\/\/sindromecharge.es\/index.php\/2024\/07\/18\/la-fundacion-nando-y-elsa-peretti-renueva-la-colaboracion-por-tres-anos-mas\/"},"modified":"2024-07-18T10:11:42","modified_gmt":"2024-07-18T10:11:42","slug":"la-fundacion-nando-y-elsa-peretti-renueva-la-colaboracion-por-tres-anos-mas","status":"publish","type":"post","link":"https:\/\/sindromecharge.es\/index.php\/2024\/07\/18\/la-fundacion-nando-y-elsa-peretti-renueva-la-colaboracion-por-tres-anos-mas\/","title":{"rendered":"La Fundaci\u00f3n Nando y Elsa Peretti renueva la colaboraci\u00f3n por tres a\u00f1os m\u00e1s"},"content":{"rendered":"<p>Leemos en Menudos Corazones la siguiente noticia que os reproducimos de forma \u00edntegra: <\/p>\n<div>\n<p>La fidelidad de la <a href=\"http:\/\/www.perettifoundations.org\/\" target=\"_blank\" rel=\"noopener noreferrer\">Fundaci\u00f3n Nando y Elsa Peretti<\/a> es indiscutible. Son m\u00e1s de 10 a\u00f1os apoyando las actividades de Menudos Corazones. Y, por tres a\u00f1os m\u00e1s, seguir\u00e1 estando al lado de los ni\u00f1os, ni\u00f1as, adolescentes, j\u00f3venes y personas adultas con cardiopat\u00edas cong\u00e9nitas y sus familias, colaborando en el programa de Apoyo Emocional en el hospital. Su <strong>implicaci\u00f3n y compromiso a lo largo del tiempo,<\/strong> nos permite trabajar de manera eficaz y sostenible.<strong> \u00a1Gracias!<\/strong><\/p>\n<p><img fetchpriority=\"high\" decoding=\"async\" class=\"aligncenter wp-image-13808 size-large\" src=\"https:\/\/www.menudoscorazones.org\/wp-content\/uploads\/2018\/07\/Apoyo-psicol%C3%B3gico-en-el-hospital-1024x683.jpg\" alt=\"\" width=\"702\" height=\"468\" srcset=\"https:\/\/www.menudoscorazones.org\/wp-content\/uploads\/2018\/07\/Apoyo-psicol\u00f3gico-en-el-hospital-1024x683.jpg 1024w, https:\/\/www.menudoscorazones.org\/wp-content\/uploads\/2018\/07\/Apoyo-psicol\u00f3gico-en-el-hospital-scaled-655x437.jpg 655w, https:\/\/www.menudoscorazones.org\/wp-content\/uploads\/2018\/07\/Apoyo-psicol\u00f3gico-en-el-hospital-300x200.jpg 300w, https:\/\/www.menudoscorazones.org\/wp-content\/uploads\/2018\/07\/Apoyo-psicol\u00f3gico-en-el-hospital-768x512.jpg 768w, https:\/\/www.menudoscorazones.org\/wp-content\/uploads\/2018\/07\/Apoyo-psicol\u00f3gico-en-el-hospital-150x100.jpg 150w\" sizes=\"(max-width: 702px) 100vw, 702px\"><\/p>\n<p>\u00a0<\/p>\n<p>\u00a0<\/p>\n<p><img loading=\"lazy\" decoding=\"async\" class=\"aligncenter size-medium wp-image-22569\" src=\"https:\/\/www.menudoscorazones.org\/wp-content\/uploads\/2019\/04\/Nando-Peretti-Catalunya-marzo-2019-212x300.jpg\" alt=\"\" width=\"212\" height=\"300\"><\/p>\n<p>La entrada <a href=\"https:\/\/www.menudoscorazones.org\/2024\/la-fundacion-nando-y-elsa-peretti-renueva-la-colaboracion-por-tres-anos-mas\/\">La Fundaci\u00f3n Nando y Elsa Peretti renueva la colaboraci\u00f3n por tres a\u00f1os m\u00e1s<\/a> aparece primero en <a href=\"https:\/\/www.menudoscorazones.org\/\">Menudos Corazones<\/a>.<\/p>\n<\/div>\n<p>Fuente: Menudos Corazones https:\/\/www.menudoscorazones.org\/2024\/la-fundacion-nando-y-elsa-peretti-renueva-la-colaboracion-por-tres-anos-mas\/<\/p>\n","protected":false},"excerpt":{"rendered":"<p>La fidelidad de la Fundaci\u00f3n Nando y Elsa Peretti es indiscutible. Son m\u00e1s de 10 a\u00f1os apoyando las actividades de Menudos Corazones. Y, por tres a\u00f1os m\u00e1s, seguir\u00e1 estando al lado de los ni\u00f1os, ni\u00f1as, adolescentes, j\u00f3venes y personas adultas con cardiopat\u00edas cong\u00e9nitas y sus familias, colaborando en el programa de Apoyo Emocional en el [&hellip;]<\/p>\n","protected":false},"author":1,"featured_media":0,"comment_status":"closed","ping_status":"closed","sticky":false,"template":"","format":"standard","meta":{"footnotes":""},"categories":[8],"tags":[],"class_list":["post-10182","post","type-post","status-publish","format-standard","hentry","category-noticias"],"yoast_head":"<!-- This site is optimized with the Yoast SEO plugin v27.5 - https:\/\/yoast.com\/product\/yoast-seo-wordpress\/ -->\n<title>La Fundaci\u00f3n Nando y Elsa Peretti renueva la colaboraci\u00f3n por tres a\u00f1os m\u00e1s - Asociaci\u00f3n Espa\u00f1ola S\u00edndrome de Charge<\/title>\n<meta name=\"robots\" content=\"index, follow, max-snippet:-1, max-image-preview:large, max-video-preview:-1\" \/>\n<link rel=\"canonical\" href=\"https:\/\/sindromecharge.es\/index.php\/2024\/07\/18\/la-fundacion-nando-y-elsa-peretti-renueva-la-colaboracion-por-tres-anos-mas\/\" \/>\n<meta property=\"og:locale\" content=\"es_ES\" \/>\n<meta property=\"og:type\" content=\"article\" \/>\n<meta property=\"og:title\" content=\"La Fundaci\u00f3n Nando y Elsa Peretti renueva la colaboraci\u00f3n por tres a\u00f1os m\u00e1s - Asociaci\u00f3n Espa\u00f1ola S\u00edndrome de Charge\" \/>\n<meta property=\"og:description\" content=\"La fidelidad de la Fundaci\u00f3n Nando y Elsa Peretti es indiscutible. Son m\u00e1s de 10 a\u00f1os apoyando las actividades de Menudos Corazones. Y, por tres a\u00f1os m\u00e1s, seguir\u00e1 estando al lado de los ni\u00f1os, ni\u00f1as, adolescentes, j\u00f3venes y personas adultas con cardiopat\u00edas cong\u00e9nitas y sus familias, colaborando en el programa de Apoyo Emocional en el [&hellip;]\" \/>\n<meta property=\"og:url\" content=\"https:\/\/sindromecharge.es\/index.php\/2024\/07\/18\/la-fundacion-nando-y-elsa-peretti-renueva-la-colaboracion-por-tres-anos-mas\/\" \/>\n<meta property=\"og:site_name\" content=\"Asociaci\u00f3n Espa\u00f1ola S\u00edndrome de Charge\" \/>\n<meta property=\"article:publisher\" content=\"https:\/\/www.facebook.com\/asociacionsindromecharge\" \/>\n<meta property=\"article:published_time\" content=\"2024-07-18T10:11:42+00:00\" \/>\n<meta property=\"og:image\" content=\"https:\/\/www.menudoscorazones.org\/wp-content\/uploads\/2018\/07\/Apoyo-psicol%C3%B3gico-en-el-hospital-1024x683.jpg\" \/>\n<meta name=\"author\" content=\"Charge\" \/>\n<meta name=\"twitter:card\" content=\"summary_large_image\" \/>\n<meta name=\"twitter:creator\" content=\"@sindromecharge\" \/>\n<meta name=\"twitter:site\" content=\"@sindromecharge\" \/>\n<meta name=\"twitter:label1\" content=\"Escrito por\" \/>\n\t<meta name=\"twitter:data1\" content=\"Charge\" \/>\n\t<meta name=\"twitter:label2\" content=\"Tiempo de lectura\" \/>\n\t<meta name=\"twitter:data2\" content=\"1 minuto\" \/>\n<script type=\"application\/ld+json\" class=\"yoast-schema-graph\">{\"@context\":\"https:\\\/\\\/schema.org\",\"@graph\":[{\"@type\":\"Article\",\"@id\":\"https:\\\/\\\/sindromecharge.es\\\/index.php\\\/2024\\\/07\\\/18\\\/la-fundacion-nando-y-elsa-peretti-renueva-la-colaboracion-por-tres-anos-mas\\\/#article\",\"isPartOf\":{\"@id\":\"https:\\\/\\\/sindromecharge.es\\\/index.php\\\/2024\\\/07\\\/18\\\/la-fundacion-nando-y-elsa-peretti-renueva-la-colaboracion-por-tres-anos-mas\\\/\"},\"author\":{\"name\":\"Charge\",\"@id\":\"https:\\\/\\\/sindromecharge.es\\\/#\\\/schema\\\/person\\\/39a60ebe0a2b4d5a11179701e336b039\"},\"headline\":\"La Fundaci\u00f3n Nando y Elsa Peretti renueva la colaboraci\u00f3n por tres a\u00f1os m\u00e1s\",\"datePublished\":\"2024-07-18T10:11:42+00:00\",\"mainEntityOfPage\":{\"@id\":\"https:\\\/\\\/sindromecharge.es\\\/index.php\\\/2024\\\/07\\\/18\\\/la-fundacion-nando-y-elsa-peretti-renueva-la-colaboracion-por-tres-anos-mas\\\/\"},\"wordCount\":146,\"image\":{\"@id\":\"https:\\\/\\\/sindromecharge.es\\\/index.php\\\/2024\\\/07\\\/18\\\/la-fundacion-nando-y-elsa-peretti-renueva-la-colaboracion-por-tres-anos-mas\\\/#primaryimage\"},\"thumbnailUrl\":\"https:\\\/\\\/www.menudoscorazones.org\\\/wp-content\\\/uploads\\\/2018\\\/07\\\/Apoyo-psicol%C3%B3gico-en-el-hospital-1024x683.jpg\",\"articleSection\":[\"noticias\"],\"inLanguage\":\"es\"},{\"@type\":\"WebPage\",\"@id\":\"https:\\\/\\\/sindromecharge.es\\\/index.php\\\/2024\\\/07\\\/18\\\/la-fundacion-nando-y-elsa-peretti-renueva-la-colaboracion-por-tres-anos-mas\\\/\",\"url\":\"https:\\\/\\\/sindromecharge.es\\\/index.php\\\/2024\\\/07\\\/18\\\/la-fundacion-nando-y-elsa-peretti-renueva-la-colaboracion-por-tres-anos-mas\\\/\",\"name\":\"La Fundaci\u00f3n Nando y Elsa Peretti renueva la colaboraci\u00f3n por tres a\u00f1os m\u00e1s - Asociaci\u00f3n Espa\u00f1ola S\u00edndrome de Charge\",\"isPartOf\":{\"@id\":\"https:\\\/\\\/sindromecharge.es\\\/#website\"},\"primaryImageOfPage\":{\"@id\":\"https:\\\/\\\/sindromecharge.es\\\/index.php\\\/2024\\\/07\\\/18\\\/la-fundacion-nando-y-elsa-peretti-renueva-la-colaboracion-por-tres-anos-mas\\\/#primaryimage\"},\"image\":{\"@id\":\"https:\\\/\\\/sindromecharge.es\\\/index.php\\\/2024\\\/07\\\/18\\\/la-fundacion-nando-y-elsa-peretti-renueva-la-colaboracion-por-tres-anos-mas\\\/#primaryimage\"},\"thumbnailUrl\":\"https:\\\/\\\/www.menudoscorazones.org\\\/wp-content\\\/uploads\\\/2018\\\/07\\\/Apoyo-psicol%C3%B3gico-en-el-hospital-1024x683.jpg\",\"datePublished\":\"2024-07-18T10:11:42+00:00\",\"author\":{\"@id\":\"https:\\\/\\\/sindromecharge.es\\\/#\\\/schema\\\/person\\\/39a60ebe0a2b4d5a11179701e336b039\"},\"breadcrumb\":{\"@id\":\"https:\\\/\\\/sindromecharge.es\\\/index.php\\\/2024\\\/07\\\/18\\\/la-fundacion-nando-y-elsa-peretti-renueva-la-colaboracion-por-tres-anos-mas\\\/#breadcrumb\"},\"inLanguage\":\"es\",\"potentialAction\":[{\"@type\":\"ReadAction\",\"target\":[\"https:\\\/\\\/sindromecharge.es\\\/index.php\\\/2024\\\/07\\\/18\\\/la-fundacion-nando-y-elsa-peretti-renueva-la-colaboracion-por-tres-anos-mas\\\/\"]}]},{\"@type\":\"ImageObject\",\"inLanguage\":\"es\",\"@id\":\"https:\\\/\\\/sindromecharge.es\\\/index.php\\\/2024\\\/07\\\/18\\\/la-fundacion-nando-y-elsa-peretti-renueva-la-colaboracion-por-tres-anos-mas\\\/#primaryimage\",\"url\":\"https:\\\/\\\/www.menudoscorazones.org\\\/wp-content\\\/uploads\\\/2018\\\/07\\\/Apoyo-psicol%C3%B3gico-en-el-hospital-1024x683.jpg\",\"contentUrl\":\"https:\\\/\\\/www.menudoscorazones.org\\\/wp-content\\\/uploads\\\/2018\\\/07\\\/Apoyo-psicol%C3%B3gico-en-el-hospital-1024x683.jpg\"},{\"@type\":\"BreadcrumbList\",\"@id\":\"https:\\\/\\\/sindromecharge.es\\\/index.php\\\/2024\\\/07\\\/18\\\/la-fundacion-nando-y-elsa-peretti-renueva-la-colaboracion-por-tres-anos-mas\\\/#breadcrumb\",\"itemListElement\":[{\"@type\":\"ListItem\",\"position\":1,\"name\":\"Portada\",\"item\":\"https:\\\/\\\/sindromecharge.es\\\/\"},{\"@type\":\"ListItem\",\"position\":2,\"name\":\"La Fundaci\u00f3n Nando y Elsa Peretti renueva la colaboraci\u00f3n por tres a\u00f1os m\u00e1s\"}]},{\"@type\":\"WebSite\",\"@id\":\"https:\\\/\\\/sindromecharge.es\\\/#website\",\"url\":\"https:\\\/\\\/sindromecharge.es\\\/\",\"name\":\"Asociaci\u00f3n Espa\u00f1ola S\u00edndrome de Charge\",\"description\":\"\",\"potentialAction\":[{\"@type\":\"SearchAction\",\"target\":{\"@type\":\"EntryPoint\",\"urlTemplate\":\"https:\\\/\\\/sindromecharge.es\\\/?s={search_term_string}\"},\"query-input\":{\"@type\":\"PropertyValueSpecification\",\"valueRequired\":true,\"valueName\":\"search_term_string\"}}],\"inLanguage\":\"es\"},{\"@type\":\"Person\",\"@id\":\"https:\\\/\\\/sindromecharge.es\\\/#\\\/schema\\\/person\\\/39a60ebe0a2b4d5a11179701e336b039\",\"name\":\"Charge\",\"image\":{\"@type\":\"ImageObject\",\"inLanguage\":\"es\",\"@id\":\"https:\\\/\\\/secure.gravatar.com\\\/avatar\\\/c3b46e32a0fc3b093a0873fb767bf3293de856293065e84ef06b7ec7a8acfb98?s=96&d=identicon&r=x\",\"url\":\"https:\\\/\\\/secure.gravatar.com\\\/avatar\\\/c3b46e32a0fc3b093a0873fb767bf3293de856293065e84ef06b7ec7a8acfb98?s=96&d=identicon&r=x\",\"contentUrl\":\"https:\\\/\\\/secure.gravatar.com\\\/avatar\\\/c3b46e32a0fc3b093a0873fb767bf3293de856293065e84ef06b7ec7a8acfb98?s=96&d=identicon&r=x\",\"caption\":\"Charge\"},\"url\":\"https:\\\/\\\/sindromecharge.es\\\/index.php\\\/author\\\/admin\\\/\"}]}<\/script>\n<!-- \/ Yoast SEO plugin. -->","yoast_head_json":{"title":"La Fundaci\u00f3n Nando y Elsa Peretti renueva la colaboraci\u00f3n por tres a\u00f1os m\u00e1s - Asociaci\u00f3n Espa\u00f1ola S\u00edndrome de Charge","robots":{"index":"index","follow":"follow","max-snippet":"max-snippet:-1","max-image-preview":"max-image-preview:large","max-video-preview":"max-video-preview:-1"},"canonical":"https:\/\/sindromecharge.es\/index.php\/2024\/07\/18\/la-fundacion-nando-y-elsa-peretti-renueva-la-colaboracion-por-tres-anos-mas\/","og_locale":"es_ES","og_type":"article","og_title":"La Fundaci\u00f3n Nando y Elsa Peretti renueva la colaboraci\u00f3n por tres a\u00f1os m\u00e1s - Asociaci\u00f3n Espa\u00f1ola S\u00edndrome de Charge","og_description":"La fidelidad de la Fundaci\u00f3n Nando y Elsa Peretti es indiscutible. Son m\u00e1s de 10 a\u00f1os apoyando las actividades de Menudos Corazones. Y, por tres a\u00f1os m\u00e1s, seguir\u00e1 estando al lado de los ni\u00f1os, ni\u00f1as, adolescentes, j\u00f3venes y personas adultas con cardiopat\u00edas cong\u00e9nitas y sus familias, colaborando en el programa de Apoyo Emocional en el [&hellip;]","og_url":"https:\/\/sindromecharge.es\/index.php\/2024\/07\/18\/la-fundacion-nando-y-elsa-peretti-renueva-la-colaboracion-por-tres-anos-mas\/","og_site_name":"Asociaci\u00f3n Espa\u00f1ola S\u00edndrome de Charge","article_publisher":"https:\/\/www.facebook.com\/asociacionsindromecharge","article_published_time":"2024-07-18T10:11:42+00:00","og_image":[{"url":"https:\/\/www.menudoscorazones.org\/wp-content\/uploads\/2018\/07\/Apoyo-psicol%C3%B3gico-en-el-hospital-1024x683.jpg","type":"","width":"","height":""}],"author":"Charge","twitter_card":"summary_large_image","twitter_creator":"@sindromecharge","twitter_site":"@sindromecharge","twitter_misc":{"Escrito por":"Charge","Tiempo de lectura":"1 minuto"},"schema":{"@context":"https:\/\/schema.org","@graph":[{"@type":"Article","@id":"https:\/\/sindromecharge.es\/index.php\/2024\/07\/18\/la-fundacion-nando-y-elsa-peretti-renueva-la-colaboracion-por-tres-anos-mas\/#article","isPartOf":{"@id":"https:\/\/sindromecharge.es\/index.php\/2024\/07\/18\/la-fundacion-nando-y-elsa-peretti-renueva-la-colaboracion-por-tres-anos-mas\/"},"author":{"name":"Charge","@id":"https:\/\/sindromecharge.es\/#\/schema\/person\/39a60ebe0a2b4d5a11179701e336b039"},"headline":"La Fundaci\u00f3n Nando y Elsa Peretti renueva la colaboraci\u00f3n por tres a\u00f1os m\u00e1s","datePublished":"2024-07-18T10:11:42+00:00","mainEntityOfPage":{"@id":"https:\/\/sindromecharge.es\/index.php\/2024\/07\/18\/la-fundacion-nando-y-elsa-peretti-renueva-la-colaboracion-por-tres-anos-mas\/"},"wordCount":146,"image":{"@id":"https:\/\/sindromecharge.es\/index.php\/2024\/07\/18\/la-fundacion-nando-y-elsa-peretti-renueva-la-colaboracion-por-tres-anos-mas\/#primaryimage"},"thumbnailUrl":"https:\/\/www.menudoscorazones.org\/wp-content\/uploads\/2018\/07\/Apoyo-psicol%C3%B3gico-en-el-hospital-1024x683.jpg","articleSection":["noticias"],"inLanguage":"es"},{"@type":"WebPage","@id":"https:\/\/sindromecharge.es\/index.php\/2024\/07\/18\/la-fundacion-nando-y-elsa-peretti-renueva-la-colaboracion-por-tres-anos-mas\/","url":"https:\/\/sindromecharge.es\/index.php\/2024\/07\/18\/la-fundacion-nando-y-elsa-peretti-renueva-la-colaboracion-por-tres-anos-mas\/","name":"La Fundaci\u00f3n Nando y Elsa Peretti renueva la colaboraci\u00f3n por tres a\u00f1os m\u00e1s - Asociaci\u00f3n Espa\u00f1ola S\u00edndrome de Charge","isPartOf":{"@id":"https:\/\/sindromecharge.es\/#website"},"primaryImageOfPage":{"@id":"https:\/\/sindromecharge.es\/index.php\/2024\/07\/18\/la-fundacion-nando-y-elsa-peretti-renueva-la-colaboracion-por-tres-anos-mas\/#primaryimage"},"image":{"@id":"https:\/\/sindromecharge.es\/index.php\/2024\/07\/18\/la-fundacion-nando-y-elsa-peretti-renueva-la-colaboracion-por-tres-anos-mas\/#primaryimage"},"thumbnailUrl":"https:\/\/www.menudoscorazones.org\/wp-content\/uploads\/2018\/07\/Apoyo-psicol%C3%B3gico-en-el-hospital-1024x683.jpg","datePublished":"2024-07-18T10:11:42+00:00","author":{"@id":"https:\/\/sindromecharge.es\/#\/schema\/person\/39a60ebe0a2b4d5a11179701e336b039"},"breadcrumb":{"@id":"https:\/\/sindromecharge.es\/index.php\/2024\/07\/18\/la-fundacion-nando-y-elsa-peretti-renueva-la-colaboracion-por-tres-anos-mas\/#breadcrumb"},"inLanguage":"es","potentialAction":[{"@type":"ReadAction","target":["https:\/\/sindromecharge.es\/index.php\/2024\/07\/18\/la-fundacion-nando-y-elsa-peretti-renueva-la-colaboracion-por-tres-anos-mas\/"]}]},{"@type":"ImageObject","inLanguage":"es","@id":"https:\/\/sindromecharge.es\/index.php\/2024\/07\/18\/la-fundacion-nando-y-elsa-peretti-renueva-la-colaboracion-por-tres-anos-mas\/#primaryimage","url":"https:\/\/www.menudoscorazones.org\/wp-content\/uploads\/2018\/07\/Apoyo-psicol%C3%B3gico-en-el-hospital-1024x683.jpg","contentUrl":"https:\/\/www.menudoscorazones.org\/wp-content\/uploads\/2018\/07\/Apoyo-psicol%C3%B3gico-en-el-hospital-1024x683.jpg"},{"@type":"BreadcrumbList","@id":"https:\/\/sindromecharge.es\/index.php\/2024\/07\/18\/la-fundacion-nando-y-elsa-peretti-renueva-la-colaboracion-por-tres-anos-mas\/#breadcrumb","itemListElement":[{"@type":"ListItem","position":1,"name":"Portada","item":"https:\/\/sindromecharge.es\/"},{"@type":"ListItem","position":2,"name":"La Fundaci\u00f3n Nando y Elsa Peretti renueva la colaboraci\u00f3n por tres a\u00f1os m\u00e1s"}]},{"@type":"WebSite","@id":"https:\/\/sindromecharge.es\/#website","url":"https:\/\/sindromecharge.es\/","name":"Asociaci\u00f3n Espa\u00f1ola S\u00edndrome de Charge","description":"","potentialAction":[{"@type":"SearchAction","target":{"@type":"EntryPoint","urlTemplate":"https:\/\/sindromecharge.es\/?s={search_term_string}"},"query-input":{"@type":"PropertyValueSpecification","valueRequired":true,"valueName":"search_term_string"}}],"inLanguage":"es"},{"@type":"Person","@id":"https:\/\/sindromecharge.es\/#\/schema\/person\/39a60ebe0a2b4d5a11179701e336b039","name":"Charge","image":{"@type":"ImageObject","inLanguage":"es","@id":"https:\/\/secure.gravatar.com\/avatar\/c3b46e32a0fc3b093a0873fb767bf3293de856293065e84ef06b7ec7a8acfb98?s=96&d=identicon&r=x","url":"https:\/\/secure.gravatar.com\/avatar\/c3b46e32a0fc3b093a0873fb767bf3293de856293065e84ef06b7ec7a8acfb98?s=96&d=identicon&r=x","contentUrl":"https:\/\/secure.gravatar.com\/avatar\/c3b46e32a0fc3b093a0873fb767bf3293de856293065e84ef06b7ec7a8acfb98?s=96&d=identicon&r=x","caption":"Charge"},"url":"https:\/\/sindromecharge.es\/index.php\/author\/admin\/"}]}},"_links":{"self":[{"href":"https:\/\/sindromecharge.es\/index.php\/wp-json\/wp\/v2\/posts\/10182","targetHints":{"allow":["GET"]}}],"collection":[{"href":"https:\/\/sindromecharge.es\/index.php\/wp-json\/wp\/v2\/posts"}],"about":[{"href":"https:\/\/sindromecharge.es\/index.php\/wp-json\/wp\/v2\/types\/post"}],"author":[{"embeddable":true,"href":"https:\/\/sindromecharge.es\/index.php\/wp-json\/wp\/v2\/users\/1"}],"replies":[{"embeddable":true,"href":"https:\/\/sindromecharge.es\/index.php\/wp-json\/wp\/v2\/comments?post=10182"}],"version-history":[{"count":0,"href":"https:\/\/sindromecharge.es\/index.php\/wp-json\/wp\/v2\/posts\/10182\/revisions"}],"wp:attachment":[{"href":"https:\/\/sindromecharge.es\/index.php\/wp-json\/wp\/v2\/media?parent=10182"}],"wp:term":[{"taxonomy":"category","embeddable":true,"href":"https:\/\/sindromecharge.es\/index.php\/wp-json\/wp\/v2\/categories?post=10182"},{"taxonomy":"post_tag","embeddable":true,"href":"https:\/\/sindromecharge.es\/index.php\/wp-json\/wp\/v2\/tags?post=10182"}],"curies":[{"name":"wp","href":"https:\/\/api.w.org\/{rel}","templated":true}]}}