{"id":10017,"date":"2024-05-17T06:01:19","date_gmt":"2024-05-17T06:01:19","guid":{"rendered":"https:\/\/sindromecharge.es\/index.php\/2024\/05\/17\/festival-cannes-simon-montana-filme-argentino-cannes-sobre-discapacidad-que-trata-normal\/"},"modified":"2024-05-17T06:01:19","modified_gmt":"2024-05-17T06:01:19","slug":"festival-cannes-simon-montana-filme-argentino-cannes-sobre-discapacidad-que-trata-normal","status":"publish","type":"post","link":"https:\/\/sindromecharge.es\/index.php\/2024\/05\/17\/festival-cannes-simon-montana-filme-argentino-cannes-sobre-discapacidad-que-trata-normal\/","title":{"rendered":"&#8216;Sim\u00f3n de la monta\u00f1a&#8217;, el filme argentino sobre discapacidad que cuestiona \u00ablo que los humanos pueden hacer\u00bb"},"content":{"rendered":"<p>Leemos en Discapacidad la siguiente noticia que os reproducimos de forma \u00edntegra: <\/p>\n<div>\n<p>Tras haber participado en <a href=\"https:\/\/www.20minutos.es\/cinemania\/minuteca\/festival-de-cannes\/\" title=\"Festival de Cannes\">Cannes<\/a> en 2009 con su corto &#8216;La siesta&#8217;, el realizador argentino Federico Luis ha presentado en la Semana de la Cr\u00edtica su primer largometraje, &#8216;<b>Sim\u00f3n de la monta\u00f1a&#8217;<\/b>, en la que junto al actor Lorenzo Ferro<b> exploran el mundo de las personas con <a href=\"https:\/\/www.20minutos.es\/minuteca\/discapacidad-intelectual\/\" title=\"Discapacidad intelectual\" target=\"_blank\" rel=\"noopener\">discapacidad intelectual<\/a><\/b>.<\/p>\n<p>\u00abEs un intento de viajar hacia la otredad y un intento de<b> cuestionar las ideas m\u00e1s comunes y corrientes<\/b> sobre lo que los humanos pueden hacer o no\u00bb, explica Luis (Buenos Aires, 1990), en una entrevista con EFE el jueves 16, un d\u00eda despu\u00e9s de haber estrenado &#8216;Sim\u00f3n de la monta\u00f1a&#8217; en la Croisette.<\/p>\n<p>La pel\u00edcula, coproducida con Chile y Uruguay, cuenta la historia de Sim\u00f3n (Lorenzo Ferro), un chico que se integra en un grupo de personas con <b><a href=\"https:\/\/www.20minutos.es\/minuteca\/discapacidad\/\" title=\"Discapacidad\" target=\"_blank\" rel=\"noopener\">discapacidad<\/a> cognitiva<\/b>, fingiendo ser uno de ellos y a espaldas de sus padres.<\/p>\n<p>\u00abPensalo dos veces porque <b>me est\u00e1s pidiendo algo muy delirante<\/b>\u00ab, recuerda Ferro que le dijo al director, amigo suyo desde hace tiempo, cuando le propuso el reto.<\/p>\n<p>De hecho, Ferro -quien salt\u00f3 a la fama con &#8216;El \u00e1ngel&#8217; (Luis Ortega, 2018), estrenada tambi\u00e9n en Cannes- inicialmente le dijo que no, pero \u00abde a poco\u00bb Federico Luis le fue convenciendo.<\/p>\n<h1>Sim\u00f3n de la monta\u00f1a cuenta c\u00f3mo un chico que se integra en un grupo de personas con discapacidad intelectual, fingiendo ser uno de ellos<\/h1>\n<p>El actor solo puso una condici\u00f3n, la de ensayarlo mucho \u00abcomo un &#8216;show&#8217; de m\u00fasica\u00bb, antes de<b> lanzarse \u00abal vac\u00edo\u00bb<\/b> de este singular personaje con un tipo de interpretaci\u00f3n, explica, que es dif\u00edcil de racionalizar.<\/p>\n<p>Para pasar por una persona por <a href=\"https:\/\/www.20minutos.es\/minuteca\/discapacidad\/\" title=\"Discapacidad\" target=\"_blank\" rel=\"noopener\">discapacidad<\/a>, el personaje de Sim\u00f3n <b>se fija sobre todo en el m\u00e1s carism\u00e1tico de la pandilla <\/b>de personajes que componen el coraz\u00f3n de la pel\u00edcula -la mayor\u00eda de ellos actuando por primer\u00edsima vez ante la c\u00e1mara-, llamado Pehu\u00e9n Pedre (que tambi\u00e9n es el nombre real del actor que lo interpreta).<\/p>\n<p>Y para Ferro, es la propia pel\u00edcula la que va creando a su Sim\u00f3n como si fuera \u00ab<b>una construcci\u00f3n fant\u00e1stica\u00bb alrededor de una serie de \u00abpreguntas, inquietudes,<\/b> disconformidades y conformidades sobre lo que es posible que uno sea y lo que no, y lo que uno deber\u00eda hacer seg\u00fan las dem\u00e1s personas\u00bb.<\/p>\n<h2>Una buena noticia en un velorio<\/h2>\n<p>El desembarco de esta pel\u00edcula en Cannes y de otros t\u00edtulos argentinos (&#8216;Algo viejo, algo nuevo, algo prestado&#8217; de Hern\u00e1n Rosselli en la Quincena de Cineastas y Transmitzvah de Daniel Burman en la selecci\u00f3n oficial del Festival, fuera de competici\u00f3n) es<b> una gran noticia para el s\u00e9ptimo arte<\/b> del pa\u00eds latinoamericano, muy apreciado en Cannes.<\/p>\n<p>Pero a la vez, este a\u00f1o llega en uno de los peores contextos de crisis de su historia debido a los<b> recortes del Gobierno del ultraliberal Javier Milei<\/b>.<\/p>\n<p>\u00abEs como una buena noticia en un velorio. No deja de ser supertriste\u00bb, considera Luis, que apunta, adem\u00e1s, que el cine que dejar\u00e1 de hacerse en su pa\u00eds ser\u00e1 precisamente el de creadores independientes como \u00e9l, motivo por el cual no sabe si podr\u00e1 continuar con su carrera en <a href=\"https:\/\/www.20minutos.es\/minuteca\/argentina\/\" title=\"Argentina\">Argentina<\/a>.<\/p>\n<p>De hecho, &#8216;Sim\u00f3n de la monta\u00f1a&#8217; es, seg\u00fan apunta el realizador porte\u00f1o, una de las \u00faltimas pel\u00edculas producidas con el auspicio del <b>Instituto Nacional de Cine y Artes Audiovisuales (INCAA)<\/b> argentino antes de quedar suspendida su actividad con un recorte dr\u00e1stico de la financiaci\u00f3n estatal.<\/p>\n<h1>&#8216;Sim\u00f3n de la monta\u00f1a&#8217; es un intento de cuestionar las ideas m\u00e1s comunes y corrientes sobre lo que los humanos pueden hacer o no<\/h1>\n<p>El viaje hasta <a href=\"https:\/\/www.20minutos.es\/minuteca\/francia\/\" title=\"Francia\">Francia<\/a> para defender la pel\u00edcula en persona, por culpa de la dura situaci\u00f3n econ\u00f3mica en Argentina, tambi\u00e9n sido complicado para el equipo, pero les \u00abte enorgullece venir\u00bb a Cannes y \u00abque incluso <b>en los momentos m\u00e1s dif\u00edciles uno pueda pararse<\/b> y decir &#8216;todav\u00eda estamos ac\u00e1, vivos\u00bb, subraya Ferro.<\/p>\n<p>\u00abSiento que en este <b>momento tan cr\u00edtico <\/b>-razona- es importante para remarcarle a esta gente que est\u00e1 tan en contra de la cultura y del cine argentino que las cosas que se hacen en Argentina tienen un valor\u00bb.<\/p>\n<p>\u00abNadie quiere bajar la cabeza\u00bb, asevera el actor de 25 a\u00f1os. <\/p>\n<\/div>\n<p>Fuente: Discapacidad https:\/\/www.20minutos.es\/noticia\/5246209\/0\/festival-cannes-simon-montana-filme-argentino-cannes-sobre-discapacidad-que-trata-normal\/<\/p>\n","protected":false},"excerpt":{"rendered":"<p>&#8216;Sim\u00f3n de la monta\u00f1a&#8217;, presentado en Cannes, explora el mundo de las personas con discapacidad intelectual.<\/p>\n","protected":false},"author":1,"featured_media":0,"comment_status":"closed","ping_status":"closed","sticky":false,"template":"","format":"standard","meta":{"footnotes":"","_members_access_role":[],"_members_access_error":""},"categories":[8],"tags":[],"class_list":["post-10017","post","type-post","status-publish","format-standard","hentry","category-noticias"],"yoast_head":"<!-- This site is optimized with the Yoast SEO plugin v28.2 - https:\/\/yoast.com\/product\/yoast-seo-wordpress\/ -->\n<title>&#039;Sim\u00f3n de la monta\u00f1a&#039;, el filme argentino sobre discapacidad que cuestiona &quot;lo que los humanos pueden hacer&quot; - Asociaci\u00f3n Espa\u00f1ola S\u00edndrome de Charge<\/title>\n<meta name=\"robots\" content=\"index, follow, max-snippet:-1, max-image-preview:large, max-video-preview:-1\" \/>\n<link rel=\"canonical\" href=\"https:\/\/sindromecharge.es\/index.php\/2024\/05\/17\/festival-cannes-simon-montana-filme-argentino-cannes-sobre-discapacidad-que-trata-normal\/\" \/>\n<meta property=\"og:locale\" content=\"es_ES\" \/>\n<meta property=\"og:type\" content=\"article\" \/>\n<meta property=\"og:title\" content=\"&#039;Sim\u00f3n de la monta\u00f1a&#039;, el filme argentino sobre discapacidad que cuestiona &quot;lo que los humanos pueden hacer&quot; - Asociaci\u00f3n Espa\u00f1ola S\u00edndrome de Charge\" \/>\n<meta property=\"og:description\" content=\"&#8216;Sim\u00f3n de la monta\u00f1a&#8217;, presentado en Cannes, explora el mundo de las personas con discapacidad intelectual.\" \/>\n<meta property=\"og:url\" content=\"https:\/\/sindromecharge.es\/index.php\/2024\/05\/17\/festival-cannes-simon-montana-filme-argentino-cannes-sobre-discapacidad-que-trata-normal\/\" \/>\n<meta property=\"og:site_name\" content=\"Asociaci\u00f3n Espa\u00f1ola S\u00edndrome de Charge\" \/>\n<meta property=\"article:publisher\" content=\"https:\/\/www.facebook.com\/asociacionsindromecharge\" \/>\n<meta property=\"article:published_time\" content=\"2024-05-17T06:01:19+00:00\" \/>\n<meta property=\"og:image\" content=\"https:\/\/sindromecharge.es\/wp-content\/uploads\/2013\/09\/logodecharge300x98.png\" \/>\n\t<meta property=\"og:image:width\" content=\"300\" \/>\n\t<meta property=\"og:image:height\" content=\"98\" \/>\n\t<meta property=\"og:image:type\" content=\"image\/png\" \/>\n<meta name=\"author\" content=\"Charge\" \/>\n<meta name=\"twitter:card\" content=\"summary_large_image\" \/>\n<meta name=\"twitter:creator\" content=\"@sindromecharge\" \/>\n<meta name=\"twitter:site\" content=\"@sindromecharge\" \/>\n<meta name=\"twitter:label1\" content=\"Escrito por\" \/>\n\t<meta name=\"twitter:data1\" content=\"Charge\" \/>\n\t<meta name=\"twitter:label2\" content=\"Tiempo de lectura\" \/>\n\t<meta name=\"twitter:data2\" content=\"4 minutos\" \/>\n<script type=\"application\/ld+json\" class=\"yoast-schema-graph\">{\"@context\":\"https:\\\/\\\/schema.org\",\"@graph\":[{\"@type\":\"Article\",\"@id\":\"https:\\\/\\\/sindromecharge.es\\\/index.php\\\/2024\\\/05\\\/17\\\/festival-cannes-simon-montana-filme-argentino-cannes-sobre-discapacidad-que-trata-normal\\\/#article\",\"isPartOf\":{\"@id\":\"https:\\\/\\\/sindromecharge.es\\\/index.php\\\/2024\\\/05\\\/17\\\/festival-cannes-simon-montana-filme-argentino-cannes-sobre-discapacidad-que-trata-normal\\\/\"},\"author\":{\"name\":\"Charge\",\"@id\":\"https:\\\/\\\/sindromecharge.es\\\/#\\\/schema\\\/person\\\/39a60ebe0a2b4d5a11179701e336b039\"},\"headline\":\"&#8216;Sim\u00f3n de la monta\u00f1a&#8217;, el filme argentino sobre discapacidad que cuestiona \u00ablo que los humanos pueden hacer\u00bb\",\"datePublished\":\"2024-05-17T06:01:19+00:00\",\"mainEntityOfPage\":{\"@id\":\"https:\\\/\\\/sindromecharge.es\\\/index.php\\\/2024\\\/05\\\/17\\\/festival-cannes-simon-montana-filme-argentino-cannes-sobre-discapacidad-que-trata-normal\\\/\"},\"wordCount\":775,\"articleSection\":[\"noticias\"],\"inLanguage\":\"es\"},{\"@type\":\"WebPage\",\"@id\":\"https:\\\/\\\/sindromecharge.es\\\/index.php\\\/2024\\\/05\\\/17\\\/festival-cannes-simon-montana-filme-argentino-cannes-sobre-discapacidad-que-trata-normal\\\/\",\"url\":\"https:\\\/\\\/sindromecharge.es\\\/index.php\\\/2024\\\/05\\\/17\\\/festival-cannes-simon-montana-filme-argentino-cannes-sobre-discapacidad-que-trata-normal\\\/\",\"name\":\"'Sim\u00f3n de la monta\u00f1a', el filme argentino sobre discapacidad que cuestiona \\\"lo que los humanos pueden hacer\\\" - Asociaci\u00f3n Espa\u00f1ola S\u00edndrome de Charge\",\"isPartOf\":{\"@id\":\"https:\\\/\\\/sindromecharge.es\\\/#website\"},\"datePublished\":\"2024-05-17T06:01:19+00:00\",\"author\":{\"@id\":\"https:\\\/\\\/sindromecharge.es\\\/#\\\/schema\\\/person\\\/39a60ebe0a2b4d5a11179701e336b039\"},\"breadcrumb\":{\"@id\":\"https:\\\/\\\/sindromecharge.es\\\/index.php\\\/2024\\\/05\\\/17\\\/festival-cannes-simon-montana-filme-argentino-cannes-sobre-discapacidad-que-trata-normal\\\/#breadcrumb\"},\"inLanguage\":\"es\",\"potentialAction\":[{\"@type\":\"ReadAction\",\"target\":[\"https:\\\/\\\/sindromecharge.es\\\/index.php\\\/2024\\\/05\\\/17\\\/festival-cannes-simon-montana-filme-argentino-cannes-sobre-discapacidad-que-trata-normal\\\/\"]}]},{\"@type\":\"BreadcrumbList\",\"@id\":\"https:\\\/\\\/sindromecharge.es\\\/index.php\\\/2024\\\/05\\\/17\\\/festival-cannes-simon-montana-filme-argentino-cannes-sobre-discapacidad-que-trata-normal\\\/#breadcrumb\",\"itemListElement\":[{\"@type\":\"ListItem\",\"position\":1,\"name\":\"Portada\",\"item\":\"https:\\\/\\\/sindromecharge.es\\\/\"},{\"@type\":\"ListItem\",\"position\":2,\"name\":\"&#8216;Sim\u00f3n de la monta\u00f1a&#8217;, el filme argentino sobre discapacidad que cuestiona &#8220;lo que los humanos pueden hacer&#8221;\"}]},{\"@type\":\"WebSite\",\"@id\":\"https:\\\/\\\/sindromecharge.es\\\/#website\",\"url\":\"https:\\\/\\\/sindromecharge.es\\\/\",\"name\":\"Asociaci\u00f3n Espa\u00f1ola S\u00edndrome de Charge\",\"description\":\"\",\"potentialAction\":[{\"@type\":\"SearchAction\",\"target\":{\"@type\":\"EntryPoint\",\"urlTemplate\":\"https:\\\/\\\/sindromecharge.es\\\/?s={search_term_string}\"},\"query-input\":{\"@type\":\"PropertyValueSpecification\",\"valueRequired\":true,\"valueName\":\"search_term_string\"}}],\"inLanguage\":\"es\"},{\"@type\":\"Person\",\"@id\":\"https:\\\/\\\/sindromecharge.es\\\/#\\\/schema\\\/person\\\/39a60ebe0a2b4d5a11179701e336b039\",\"name\":\"Charge\",\"image\":{\"@type\":\"ImageObject\",\"inLanguage\":\"es\",\"@id\":\"https:\\\/\\\/secure.gravatar.com\\\/avatar\\\/c3b46e32a0fc3b093a0873fb767bf3293de856293065e84ef06b7ec7a8acfb98?s=96&d=identicon&r=x\",\"url\":\"https:\\\/\\\/secure.gravatar.com\\\/avatar\\\/c3b46e32a0fc3b093a0873fb767bf3293de856293065e84ef06b7ec7a8acfb98?s=96&d=identicon&r=x\",\"contentUrl\":\"https:\\\/\\\/secure.gravatar.com\\\/avatar\\\/c3b46e32a0fc3b093a0873fb767bf3293de856293065e84ef06b7ec7a8acfb98?s=96&d=identicon&r=x\",\"caption\":\"Charge\"},\"url\":\"https:\\\/\\\/sindromecharge.es\\\/index.php\\\/author\\\/admin\\\/\"}]}<\/script>\n<!-- \/ Yoast SEO plugin. -->","yoast_head_json":{"title":"'Sim\u00f3n de la monta\u00f1a', el filme argentino sobre discapacidad que cuestiona \"lo que los humanos pueden hacer\" - Asociaci\u00f3n Espa\u00f1ola S\u00edndrome de Charge","robots":{"index":"index","follow":"follow","max-snippet":"max-snippet:-1","max-image-preview":"max-image-preview:large","max-video-preview":"max-video-preview:-1"},"canonical":"https:\/\/sindromecharge.es\/index.php\/2024\/05\/17\/festival-cannes-simon-montana-filme-argentino-cannes-sobre-discapacidad-que-trata-normal\/","og_locale":"es_ES","og_type":"article","og_title":"'Sim\u00f3n de la monta\u00f1a', el filme argentino sobre discapacidad que cuestiona \"lo que los humanos pueden hacer\" - Asociaci\u00f3n Espa\u00f1ola S\u00edndrome de Charge","og_description":"&#8216;Sim\u00f3n de la monta\u00f1a&#8217;, presentado en Cannes, explora el mundo de las personas con discapacidad intelectual.","og_url":"https:\/\/sindromecharge.es\/index.php\/2024\/05\/17\/festival-cannes-simon-montana-filme-argentino-cannes-sobre-discapacidad-que-trata-normal\/","og_site_name":"Asociaci\u00f3n Espa\u00f1ola S\u00edndrome de Charge","article_publisher":"https:\/\/www.facebook.com\/asociacionsindromecharge","article_published_time":"2024-05-17T06:01:19+00:00","og_image":[{"width":300,"height":98,"url":"https:\/\/sindromecharge.es\/wp-content\/uploads\/2013\/09\/logodecharge300x98.png","type":"image\/png"}],"author":"Charge","twitter_card":"summary_large_image","twitter_creator":"@sindromecharge","twitter_site":"@sindromecharge","twitter_misc":{"Escrito por":"Charge","Tiempo de lectura":"4 minutos"},"schema":{"@context":"https:\/\/schema.org","@graph":[{"@type":"Article","@id":"https:\/\/sindromecharge.es\/index.php\/2024\/05\/17\/festival-cannes-simon-montana-filme-argentino-cannes-sobre-discapacidad-que-trata-normal\/#article","isPartOf":{"@id":"https:\/\/sindromecharge.es\/index.php\/2024\/05\/17\/festival-cannes-simon-montana-filme-argentino-cannes-sobre-discapacidad-que-trata-normal\/"},"author":{"name":"Charge","@id":"https:\/\/sindromecharge.es\/#\/schema\/person\/39a60ebe0a2b4d5a11179701e336b039"},"headline":"&#8216;Sim\u00f3n de la monta\u00f1a&#8217;, el filme argentino sobre discapacidad que cuestiona \u00ablo que los humanos pueden hacer\u00bb","datePublished":"2024-05-17T06:01:19+00:00","mainEntityOfPage":{"@id":"https:\/\/sindromecharge.es\/index.php\/2024\/05\/17\/festival-cannes-simon-montana-filme-argentino-cannes-sobre-discapacidad-que-trata-normal\/"},"wordCount":775,"articleSection":["noticias"],"inLanguage":"es"},{"@type":"WebPage","@id":"https:\/\/sindromecharge.es\/index.php\/2024\/05\/17\/festival-cannes-simon-montana-filme-argentino-cannes-sobre-discapacidad-que-trata-normal\/","url":"https:\/\/sindromecharge.es\/index.php\/2024\/05\/17\/festival-cannes-simon-montana-filme-argentino-cannes-sobre-discapacidad-que-trata-normal\/","name":"'Sim\u00f3n de la monta\u00f1a', el filme argentino sobre discapacidad que cuestiona \"lo que los humanos pueden hacer\" - Asociaci\u00f3n Espa\u00f1ola S\u00edndrome de Charge","isPartOf":{"@id":"https:\/\/sindromecharge.es\/#website"},"datePublished":"2024-05-17T06:01:19+00:00","author":{"@id":"https:\/\/sindromecharge.es\/#\/schema\/person\/39a60ebe0a2b4d5a11179701e336b039"},"breadcrumb":{"@id":"https:\/\/sindromecharge.es\/index.php\/2024\/05\/17\/festival-cannes-simon-montana-filme-argentino-cannes-sobre-discapacidad-que-trata-normal\/#breadcrumb"},"inLanguage":"es","potentialAction":[{"@type":"ReadAction","target":["https:\/\/sindromecharge.es\/index.php\/2024\/05\/17\/festival-cannes-simon-montana-filme-argentino-cannes-sobre-discapacidad-que-trata-normal\/"]}]},{"@type":"BreadcrumbList","@id":"https:\/\/sindromecharge.es\/index.php\/2024\/05\/17\/festival-cannes-simon-montana-filme-argentino-cannes-sobre-discapacidad-que-trata-normal\/#breadcrumb","itemListElement":[{"@type":"ListItem","position":1,"name":"Portada","item":"https:\/\/sindromecharge.es\/"},{"@type":"ListItem","position":2,"name":"&#8216;Sim\u00f3n de la monta\u00f1a&#8217;, el filme argentino sobre discapacidad que cuestiona &#8220;lo que los humanos pueden hacer&#8221;"}]},{"@type":"WebSite","@id":"https:\/\/sindromecharge.es\/#website","url":"https:\/\/sindromecharge.es\/","name":"Asociaci\u00f3n Espa\u00f1ola S\u00edndrome de Charge","description":"","potentialAction":[{"@type":"SearchAction","target":{"@type":"EntryPoint","urlTemplate":"https:\/\/sindromecharge.es\/?s={search_term_string}"},"query-input":{"@type":"PropertyValueSpecification","valueRequired":true,"valueName":"search_term_string"}}],"inLanguage":"es"},{"@type":"Person","@id":"https:\/\/sindromecharge.es\/#\/schema\/person\/39a60ebe0a2b4d5a11179701e336b039","name":"Charge","image":{"@type":"ImageObject","inLanguage":"es","@id":"https:\/\/secure.gravatar.com\/avatar\/c3b46e32a0fc3b093a0873fb767bf3293de856293065e84ef06b7ec7a8acfb98?s=96&d=identicon&r=x","url":"https:\/\/secure.gravatar.com\/avatar\/c3b46e32a0fc3b093a0873fb767bf3293de856293065e84ef06b7ec7a8acfb98?s=96&d=identicon&r=x","contentUrl":"https:\/\/secure.gravatar.com\/avatar\/c3b46e32a0fc3b093a0873fb767bf3293de856293065e84ef06b7ec7a8acfb98?s=96&d=identicon&r=x","caption":"Charge"},"url":"https:\/\/sindromecharge.es\/index.php\/author\/admin\/"}]}},"_links":{"self":[{"href":"https:\/\/sindromecharge.es\/index.php\/wp-json\/wp\/v2\/posts\/10017","targetHints":{"allow":["GET"]}}],"collection":[{"href":"https:\/\/sindromecharge.es\/index.php\/wp-json\/wp\/v2\/posts"}],"about":[{"href":"https:\/\/sindromecharge.es\/index.php\/wp-json\/wp\/v2\/types\/post"}],"author":[{"embeddable":true,"href":"https:\/\/sindromecharge.es\/index.php\/wp-json\/wp\/v2\/users\/1"}],"replies":[{"embeddable":true,"href":"https:\/\/sindromecharge.es\/index.php\/wp-json\/wp\/v2\/comments?post=10017"}],"version-history":[{"count":0,"href":"https:\/\/sindromecharge.es\/index.php\/wp-json\/wp\/v2\/posts\/10017\/revisions"}],"wp:attachment":[{"href":"https:\/\/sindromecharge.es\/index.php\/wp-json\/wp\/v2\/media?parent=10017"}],"wp:term":[{"taxonomy":"category","embeddable":true,"href":"https:\/\/sindromecharge.es\/index.php\/wp-json\/wp\/v2\/categories?post=10017"},{"taxonomy":"post_tag","embeddable":true,"href":"https:\/\/sindromecharge.es\/index.php\/wp-json\/wp\/v2\/tags?post=10017"}],"curies":[{"name":"wp","href":"https:\/\/api.w.org\/{rel}","templated":true}]}}