{"id":10014,"date":"2024-05-16T05:22:14","date_gmt":"2024-05-16T05:22:14","guid":{"rendered":"https:\/\/sindromecharge.es\/index.php\/2024\/05\/16\/ceddd-lleva-congreso-situacion-educacion-espana-para-personas-con-discapacidad\/"},"modified":"2024-05-16T05:22:14","modified_gmt":"2024-05-16T05:22:14","slug":"ceddd-lleva-congreso-situacion-educacion-espana-para-personas-con-discapacidad","status":"publish","type":"post","link":"https:\/\/sindromecharge.es\/index.php\/2024\/05\/16\/ceddd-lleva-congreso-situacion-educacion-espana-para-personas-con-discapacidad\/","title":{"rendered":"CEDDD lleva al Congreso la situaci\u00f3n de la educaci\u00f3n en Espa\u00f1a para las personas con discapacidad"},"content":{"rendered":"<p>Leemos en Discapacidad la siguiente noticia que os reproducimos de forma \u00edntegra: <\/p>\n<div>\n<p>Un total de <b>966.924 estudiantes con necesidad espec\u00edfica de apoyo educativo <\/b>recibieron alg\u00fan tipo de refuerzo durante el curso 2022-2023, seg\u00fan la seg\u00fan la \u00faltima \u2018Estad\u00edstica de las Ense\u00f1anzas no universitarias. Alumnado con Necesidad Espec\u00edfica de Apoyo Educativo curso 2022-2023\u2019 publicada por el Ministerio de Educaci\u00f3n, Formaci\u00f3n Profesional y Deportes.<\/p>\n<p>Esta cifra representa <b>el 12% del total de estudiantes del pa\u00eds <\/b>y supone un incremento de un 2% respecto al curso anterior. Atendiendo a la misma fuente, el 27,2% (262.732) recibi\u00f3 apoyo por necesidades educativas especiales asociadas a discapacidad o trastornos graves. El 72,8% restante, m\u00e1s de 704.000, lo recibi\u00f3 por otras necesidades espec\u00edficas.<\/p>\n<p>Para conocer mejor cu\u00e1les son las necesidades de este colectivo en el \u00e1mbito educativo, qu\u00e9 servicios se est\u00e1n facilitando, cuales son necesarios y c\u00f3mo se puede garantizar su derecho de permanencia dentro del sistema educativo, el<b> Consejo Espa\u00f1ol para la Defensa de la Discapacidad y la Dependencia (CEDDD)<\/b> organiza una<b> jornada informativa en el Congreso de los Diputados<\/b> en la que participar\u00e1n representantes de toda la comunidad educativa.<\/p>\n<p>La jornada, titulada<b> \u2018La educaci\u00f3n para las personas con discapacidad en Espa\u00f1a\u2019, tendr\u00e1 lugar el d\u00eda 5 de junio de 2024<\/b> en la Sala Constitucional, a partir de las 10.00 horas. <\/p>\n<h2>Cuatro mesas con diversos expertos del sector<br \/><\/h2>\n<p>La jornada \u2018La educaci\u00f3n para las personas con discapacidad en Espa\u00f1a\u2019 contar\u00e1 con cuatro mesas que tendr\u00e1n lugar a lo largo de la ma\u00f1ana. La primera de ellas, la <b>Mesa de<\/b> <b>bienvenida institucional<\/b>, tendr\u00e1 lugar a las 10:30 h. y contar\u00e1 con la presencia de <b><\/b>D. Alberto Catal\u00e1n, diputado por Navarra (UPN), y D.<b> Albert Campabadal, presidente del CEDDD<\/b>. <\/p>\n<p>Seguidamente, a las 10:00, dar\u00e1 comienzo la segunda mesa, <b>Modelos educativos en Espa\u00f1a: Implementaci\u00f3n de la LOMLOE y legislaci\u00f3n vigente<\/b>.<b> <\/b><\/p>\n<p>En ella intervendr\u00e1n <a href=\"https:\/\/www.20minutos.es\/minuteca\/carlos-valiente\/\" title=\"Carlos Valiente\" target=\"_blank\" rel=\"noopener\">Carlos Valiente<\/a>, presidente de ANCEE; Francisco Venzal\u00e1, presidente de ANPE; Santiago Garc\u00eda, secretario general de CECE y experto en FP; D\/D\u00f1a. <b>representante de educaci\u00f3n ordinaria<\/b>. La moderaci\u00f3n correr\u00e1 a cargo de Ignacio Mart\u00edn Blasco, experto en educaci\u00f3n y exviceconsejero de Pol\u00edticas Educativas de la Comunidad de Madrid.<\/p>\n<p>A las 12:30 est\u00e1 programada la charla <b>Profesionales para la educaci\u00f3n: Necesidades, recursos y formaci\u00f3n <\/b>en la que van a intervenir <b>Pilar Calvo<\/b>, Coordinadora divisi\u00f3n de psicolog\u00eda educativa del Consejo General de la Psicolog\u00eda (COP); <b><a href=\"https:\/\/www.20minutos.es\/minuteca\/berta-brusilovsky-filer\/\" title=\"Berta Brusilovsky Filer\" target=\"_blank\" rel=\"noopener\">Berta Brusilovsky<\/a><\/b>, experta en <a href=\"https:\/\/www.20minutos.es\/minuteca\/accesibilidad\/\" title=\"Accesibilidad\" target=\"_blank\" rel=\"noopener\">accesibilidad <\/a>en el \u00e1mbito educativo; <b>Pedro Caballero<\/b>, expresidente de CONCAPA; y <b>Natividad L\u00f3pez<\/b>, presidenta de AMECE y representante del Colegio Oficial de Enfermer\u00eda. Moderar\u00e1 la mesa <a href=\"https:\/\/www.20minutos.es\/minuteca\/melisa-tuya\/\" title=\"Melisa Tuya\" target=\"_blank\" rel=\"noopener\"><b>Melisa Tuya<\/b><\/a>, redactora jefa de 20minutos y coordinadora de &#8216;Capaces&#8217;.<\/p>\n<p>En el acto de Clausura, a partir de las 14:00 h. intervendr\u00e1n Alberto Catal\u00e1n, diputado por Navarra (UPN), y <a href=\"https:\/\/www.20minutos.es\/minuteca\/mar-ugarte\/\" title=\"Mar Ugarte\" target=\"_blank\" rel=\"noopener\">Mar Ugarte<\/a>, vicepresidenta del CEDDD, y a continuaci\u00f3n se proceder\u00e1 a la Lectura de la <b>&#8216;Declaraci\u00f3n institucional CEDDD desde el Congreso de los Diputados&#8217;. <\/b><\/p>\n<p>La asistencia es libre hasta completar aforo, previa <a href=\"https:\/\/docs.google.com\/forms\/d\/e\/1FAIpQLScB6M3kULqT0uVP7BHKXcKqUvcdKhw7LC6uzO6MGThDQP64tQ\/viewform\" target=\"_blank\" rel=\"nofollow noopener\">inscripci\u00f3n en este enlace<\/a>.<\/p>\n<p>M\u00e1s informaci\u00f3n en la p\u00e1gina web del <a href=\"https:\/\/ceddd.org\/\" rel=\"nofollow noopener\" target=\"_blank\">Consejo Espa\u00f1ol para la Defensa de la Discapacidad y la Dependencia (CEDDD)<\/a> y en sus perfiles en redes sociales.<\/p>\n<\/div>\n<p>Fuente: Discapacidad https:\/\/www.20minutos.es\/noticia\/5243810\/0\/ceddd-lleva-congreso-situacion-educacion-espana-para-personas-con-discapacidad\/<\/p>\n","protected":false},"excerpt":{"rendered":"<p>La jornada \u2018La educaci\u00f3n para las personas con discapacidad en Espa\u00f1a\u2019, tendr\u00e1 lugar el d\u00eda 5 de junio.<\/p>\n","protected":false},"author":1,"featured_media":0,"comment_status":"closed","ping_status":"closed","sticky":false,"template":"","format":"standard","meta":{"footnotes":"","_members_access_role":[],"_members_access_error":""},"categories":[8],"tags":[],"class_list":["post-10014","post","type-post","status-publish","format-standard","hentry","category-noticias"],"yoast_head":"<!-- This site is optimized with the Yoast SEO plugin v28.2 - https:\/\/yoast.com\/product\/yoast-seo-wordpress\/ -->\n<title>CEDDD lleva al Congreso la situaci\u00f3n de la educaci\u00f3n en Espa\u00f1a para las personas con discapacidad - Asociaci\u00f3n Espa\u00f1ola S\u00edndrome de Charge<\/title>\n<meta name=\"robots\" content=\"index, follow, max-snippet:-1, max-image-preview:large, max-video-preview:-1\" \/>\n<link rel=\"canonical\" href=\"https:\/\/sindromecharge.es\/index.php\/2024\/05\/16\/ceddd-lleva-congreso-situacion-educacion-espana-para-personas-con-discapacidad\/\" \/>\n<meta property=\"og:locale\" content=\"es_ES\" \/>\n<meta property=\"og:type\" content=\"article\" \/>\n<meta property=\"og:title\" content=\"CEDDD lleva al Congreso la situaci\u00f3n de la educaci\u00f3n en Espa\u00f1a para las personas con discapacidad - Asociaci\u00f3n Espa\u00f1ola S\u00edndrome de Charge\" \/>\n<meta property=\"og:description\" content=\"La jornada \u2018La educaci\u00f3n para las personas con discapacidad en Espa\u00f1a\u2019, tendr\u00e1 lugar el d\u00eda 5 de junio.\" \/>\n<meta property=\"og:url\" content=\"https:\/\/sindromecharge.es\/index.php\/2024\/05\/16\/ceddd-lleva-congreso-situacion-educacion-espana-para-personas-con-discapacidad\/\" \/>\n<meta property=\"og:site_name\" content=\"Asociaci\u00f3n Espa\u00f1ola S\u00edndrome de Charge\" \/>\n<meta property=\"article:publisher\" content=\"https:\/\/www.facebook.com\/asociacionsindromecharge\" \/>\n<meta property=\"article:published_time\" content=\"2024-05-16T05:22:14+00:00\" \/>\n<meta property=\"og:image\" content=\"https:\/\/sindromecharge.es\/wp-content\/uploads\/2013\/09\/logodecharge300x98.png\" \/>\n\t<meta property=\"og:image:width\" content=\"300\" \/>\n\t<meta property=\"og:image:height\" content=\"98\" \/>\n\t<meta property=\"og:image:type\" content=\"image\/png\" \/>\n<meta name=\"author\" content=\"Charge\" \/>\n<meta name=\"twitter:card\" content=\"summary_large_image\" \/>\n<meta name=\"twitter:creator\" content=\"@sindromecharge\" \/>\n<meta name=\"twitter:site\" content=\"@sindromecharge\" \/>\n<meta name=\"twitter:label1\" content=\"Escrito por\" \/>\n\t<meta name=\"twitter:data1\" content=\"Charge\" \/>\n\t<meta name=\"twitter:label2\" content=\"Tiempo de lectura\" \/>\n\t<meta name=\"twitter:data2\" content=\"3 minutos\" \/>\n<script type=\"application\/ld+json\" class=\"yoast-schema-graph\">{\"@context\":\"https:\\\/\\\/schema.org\",\"@graph\":[{\"@type\":\"Article\",\"@id\":\"https:\\\/\\\/sindromecharge.es\\\/index.php\\\/2024\\\/05\\\/16\\\/ceddd-lleva-congreso-situacion-educacion-espana-para-personas-con-discapacidad\\\/#article\",\"isPartOf\":{\"@id\":\"https:\\\/\\\/sindromecharge.es\\\/index.php\\\/2024\\\/05\\\/16\\\/ceddd-lleva-congreso-situacion-educacion-espana-para-personas-con-discapacidad\\\/\"},\"author\":{\"name\":\"Charge\",\"@id\":\"https:\\\/\\\/sindromecharge.es\\\/#\\\/schema\\\/person\\\/39a60ebe0a2b4d5a11179701e336b039\"},\"headline\":\"CEDDD lleva al Congreso la situaci\u00f3n de la educaci\u00f3n en Espa\u00f1a para las personas con discapacidad\",\"datePublished\":\"2024-05-16T05:22:14+00:00\",\"mainEntityOfPage\":{\"@id\":\"https:\\\/\\\/sindromecharge.es\\\/index.php\\\/2024\\\/05\\\/16\\\/ceddd-lleva-congreso-situacion-educacion-espana-para-personas-con-discapacidad\\\/\"},\"wordCount\":573,\"articleSection\":[\"noticias\"],\"inLanguage\":\"es\"},{\"@type\":\"WebPage\",\"@id\":\"https:\\\/\\\/sindromecharge.es\\\/index.php\\\/2024\\\/05\\\/16\\\/ceddd-lleva-congreso-situacion-educacion-espana-para-personas-con-discapacidad\\\/\",\"url\":\"https:\\\/\\\/sindromecharge.es\\\/index.php\\\/2024\\\/05\\\/16\\\/ceddd-lleva-congreso-situacion-educacion-espana-para-personas-con-discapacidad\\\/\",\"name\":\"CEDDD lleva al Congreso la situaci\u00f3n de la educaci\u00f3n en Espa\u00f1a para las personas con discapacidad - Asociaci\u00f3n Espa\u00f1ola S\u00edndrome de Charge\",\"isPartOf\":{\"@id\":\"https:\\\/\\\/sindromecharge.es\\\/#website\"},\"datePublished\":\"2024-05-16T05:22:14+00:00\",\"author\":{\"@id\":\"https:\\\/\\\/sindromecharge.es\\\/#\\\/schema\\\/person\\\/39a60ebe0a2b4d5a11179701e336b039\"},\"breadcrumb\":{\"@id\":\"https:\\\/\\\/sindromecharge.es\\\/index.php\\\/2024\\\/05\\\/16\\\/ceddd-lleva-congreso-situacion-educacion-espana-para-personas-con-discapacidad\\\/#breadcrumb\"},\"inLanguage\":\"es\",\"potentialAction\":[{\"@type\":\"ReadAction\",\"target\":[\"https:\\\/\\\/sindromecharge.es\\\/index.php\\\/2024\\\/05\\\/16\\\/ceddd-lleva-congreso-situacion-educacion-espana-para-personas-con-discapacidad\\\/\"]}]},{\"@type\":\"BreadcrumbList\",\"@id\":\"https:\\\/\\\/sindromecharge.es\\\/index.php\\\/2024\\\/05\\\/16\\\/ceddd-lleva-congreso-situacion-educacion-espana-para-personas-con-discapacidad\\\/#breadcrumb\",\"itemListElement\":[{\"@type\":\"ListItem\",\"position\":1,\"name\":\"Portada\",\"item\":\"https:\\\/\\\/sindromecharge.es\\\/\"},{\"@type\":\"ListItem\",\"position\":2,\"name\":\"CEDDD lleva al Congreso la situaci\u00f3n de la educaci\u00f3n en Espa\u00f1a para las personas con discapacidad\"}]},{\"@type\":\"WebSite\",\"@id\":\"https:\\\/\\\/sindromecharge.es\\\/#website\",\"url\":\"https:\\\/\\\/sindromecharge.es\\\/\",\"name\":\"Asociaci\u00f3n Espa\u00f1ola S\u00edndrome de Charge\",\"description\":\"\",\"potentialAction\":[{\"@type\":\"SearchAction\",\"target\":{\"@type\":\"EntryPoint\",\"urlTemplate\":\"https:\\\/\\\/sindromecharge.es\\\/?s={search_term_string}\"},\"query-input\":{\"@type\":\"PropertyValueSpecification\",\"valueRequired\":true,\"valueName\":\"search_term_string\"}}],\"inLanguage\":\"es\"},{\"@type\":\"Person\",\"@id\":\"https:\\\/\\\/sindromecharge.es\\\/#\\\/schema\\\/person\\\/39a60ebe0a2b4d5a11179701e336b039\",\"name\":\"Charge\",\"image\":{\"@type\":\"ImageObject\",\"inLanguage\":\"es\",\"@id\":\"https:\\\/\\\/secure.gravatar.com\\\/avatar\\\/c3b46e32a0fc3b093a0873fb767bf3293de856293065e84ef06b7ec7a8acfb98?s=96&d=identicon&r=x\",\"url\":\"https:\\\/\\\/secure.gravatar.com\\\/avatar\\\/c3b46e32a0fc3b093a0873fb767bf3293de856293065e84ef06b7ec7a8acfb98?s=96&d=identicon&r=x\",\"contentUrl\":\"https:\\\/\\\/secure.gravatar.com\\\/avatar\\\/c3b46e32a0fc3b093a0873fb767bf3293de856293065e84ef06b7ec7a8acfb98?s=96&d=identicon&r=x\",\"caption\":\"Charge\"},\"url\":\"https:\\\/\\\/sindromecharge.es\\\/index.php\\\/author\\\/admin\\\/\"}]}<\/script>\n<!-- \/ Yoast SEO plugin. -->","yoast_head_json":{"title":"CEDDD lleva al Congreso la situaci\u00f3n de la educaci\u00f3n en Espa\u00f1a para las personas con discapacidad - Asociaci\u00f3n Espa\u00f1ola S\u00edndrome de Charge","robots":{"index":"index","follow":"follow","max-snippet":"max-snippet:-1","max-image-preview":"max-image-preview:large","max-video-preview":"max-video-preview:-1"},"canonical":"https:\/\/sindromecharge.es\/index.php\/2024\/05\/16\/ceddd-lleva-congreso-situacion-educacion-espana-para-personas-con-discapacidad\/","og_locale":"es_ES","og_type":"article","og_title":"CEDDD lleva al Congreso la situaci\u00f3n de la educaci\u00f3n en Espa\u00f1a para las personas con discapacidad - Asociaci\u00f3n Espa\u00f1ola S\u00edndrome de Charge","og_description":"La jornada \u2018La educaci\u00f3n para las personas con discapacidad en Espa\u00f1a\u2019, tendr\u00e1 lugar el d\u00eda 5 de junio.","og_url":"https:\/\/sindromecharge.es\/index.php\/2024\/05\/16\/ceddd-lleva-congreso-situacion-educacion-espana-para-personas-con-discapacidad\/","og_site_name":"Asociaci\u00f3n Espa\u00f1ola S\u00edndrome de Charge","article_publisher":"https:\/\/www.facebook.com\/asociacionsindromecharge","article_published_time":"2024-05-16T05:22:14+00:00","og_image":[{"width":300,"height":98,"url":"https:\/\/sindromecharge.es\/wp-content\/uploads\/2013\/09\/logodecharge300x98.png","type":"image\/png"}],"author":"Charge","twitter_card":"summary_large_image","twitter_creator":"@sindromecharge","twitter_site":"@sindromecharge","twitter_misc":{"Escrito por":"Charge","Tiempo de lectura":"3 minutos"},"schema":{"@context":"https:\/\/schema.org","@graph":[{"@type":"Article","@id":"https:\/\/sindromecharge.es\/index.php\/2024\/05\/16\/ceddd-lleva-congreso-situacion-educacion-espana-para-personas-con-discapacidad\/#article","isPartOf":{"@id":"https:\/\/sindromecharge.es\/index.php\/2024\/05\/16\/ceddd-lleva-congreso-situacion-educacion-espana-para-personas-con-discapacidad\/"},"author":{"name":"Charge","@id":"https:\/\/sindromecharge.es\/#\/schema\/person\/39a60ebe0a2b4d5a11179701e336b039"},"headline":"CEDDD lleva al Congreso la situaci\u00f3n de la educaci\u00f3n en Espa\u00f1a para las personas con discapacidad","datePublished":"2024-05-16T05:22:14+00:00","mainEntityOfPage":{"@id":"https:\/\/sindromecharge.es\/index.php\/2024\/05\/16\/ceddd-lleva-congreso-situacion-educacion-espana-para-personas-con-discapacidad\/"},"wordCount":573,"articleSection":["noticias"],"inLanguage":"es"},{"@type":"WebPage","@id":"https:\/\/sindromecharge.es\/index.php\/2024\/05\/16\/ceddd-lleva-congreso-situacion-educacion-espana-para-personas-con-discapacidad\/","url":"https:\/\/sindromecharge.es\/index.php\/2024\/05\/16\/ceddd-lleva-congreso-situacion-educacion-espana-para-personas-con-discapacidad\/","name":"CEDDD lleva al Congreso la situaci\u00f3n de la educaci\u00f3n en Espa\u00f1a para las personas con discapacidad - Asociaci\u00f3n Espa\u00f1ola S\u00edndrome de Charge","isPartOf":{"@id":"https:\/\/sindromecharge.es\/#website"},"datePublished":"2024-05-16T05:22:14+00:00","author":{"@id":"https:\/\/sindromecharge.es\/#\/schema\/person\/39a60ebe0a2b4d5a11179701e336b039"},"breadcrumb":{"@id":"https:\/\/sindromecharge.es\/index.php\/2024\/05\/16\/ceddd-lleva-congreso-situacion-educacion-espana-para-personas-con-discapacidad\/#breadcrumb"},"inLanguage":"es","potentialAction":[{"@type":"ReadAction","target":["https:\/\/sindromecharge.es\/index.php\/2024\/05\/16\/ceddd-lleva-congreso-situacion-educacion-espana-para-personas-con-discapacidad\/"]}]},{"@type":"BreadcrumbList","@id":"https:\/\/sindromecharge.es\/index.php\/2024\/05\/16\/ceddd-lleva-congreso-situacion-educacion-espana-para-personas-con-discapacidad\/#breadcrumb","itemListElement":[{"@type":"ListItem","position":1,"name":"Portada","item":"https:\/\/sindromecharge.es\/"},{"@type":"ListItem","position":2,"name":"CEDDD lleva al Congreso la situaci\u00f3n de la educaci\u00f3n en Espa\u00f1a para las personas con discapacidad"}]},{"@type":"WebSite","@id":"https:\/\/sindromecharge.es\/#website","url":"https:\/\/sindromecharge.es\/","name":"Asociaci\u00f3n Espa\u00f1ola S\u00edndrome de Charge","description":"","potentialAction":[{"@type":"SearchAction","target":{"@type":"EntryPoint","urlTemplate":"https:\/\/sindromecharge.es\/?s={search_term_string}"},"query-input":{"@type":"PropertyValueSpecification","valueRequired":true,"valueName":"search_term_string"}}],"inLanguage":"es"},{"@type":"Person","@id":"https:\/\/sindromecharge.es\/#\/schema\/person\/39a60ebe0a2b4d5a11179701e336b039","name":"Charge","image":{"@type":"ImageObject","inLanguage":"es","@id":"https:\/\/secure.gravatar.com\/avatar\/c3b46e32a0fc3b093a0873fb767bf3293de856293065e84ef06b7ec7a8acfb98?s=96&d=identicon&r=x","url":"https:\/\/secure.gravatar.com\/avatar\/c3b46e32a0fc3b093a0873fb767bf3293de856293065e84ef06b7ec7a8acfb98?s=96&d=identicon&r=x","contentUrl":"https:\/\/secure.gravatar.com\/avatar\/c3b46e32a0fc3b093a0873fb767bf3293de856293065e84ef06b7ec7a8acfb98?s=96&d=identicon&r=x","caption":"Charge"},"url":"https:\/\/sindromecharge.es\/index.php\/author\/admin\/"}]}},"_links":{"self":[{"href":"https:\/\/sindromecharge.es\/index.php\/wp-json\/wp\/v2\/posts\/10014","targetHints":{"allow":["GET"]}}],"collection":[{"href":"https:\/\/sindromecharge.es\/index.php\/wp-json\/wp\/v2\/posts"}],"about":[{"href":"https:\/\/sindromecharge.es\/index.php\/wp-json\/wp\/v2\/types\/post"}],"author":[{"embeddable":true,"href":"https:\/\/sindromecharge.es\/index.php\/wp-json\/wp\/v2\/users\/1"}],"replies":[{"embeddable":true,"href":"https:\/\/sindromecharge.es\/index.php\/wp-json\/wp\/v2\/comments?post=10014"}],"version-history":[{"count":0,"href":"https:\/\/sindromecharge.es\/index.php\/wp-json\/wp\/v2\/posts\/10014\/revisions"}],"wp:attachment":[{"href":"https:\/\/sindromecharge.es\/index.php\/wp-json\/wp\/v2\/media?parent=10014"}],"wp:term":[{"taxonomy":"category","embeddable":true,"href":"https:\/\/sindromecharge.es\/index.php\/wp-json\/wp\/v2\/categories?post=10014"},{"taxonomy":"post_tag","embeddable":true,"href":"https:\/\/sindromecharge.es\/index.php\/wp-json\/wp\/v2\/tags?post=10014"}],"curies":[{"name":"wp","href":"https:\/\/api.w.org\/{rel}","templated":true}]}}